{"id":10161,"date":"2016-05-11T10:50:15","date_gmt":"2016-05-11T10:50:15","guid":{"rendered":"http:\/\/blogs.funiber.org\/pt\/?p=10161"},"modified":"2016-05-11T10:50:25","modified_gmt":"2016-05-11T10:50:25","slug":"funiber-educacao-pedagogia-congresso","status":"publish","type":"post","link":"https:\/\/www.funiber.blog\/pt\/formacao-professores\/2016\/05\/11\/funiber-educacao-pedagogia-congresso","title":{"rendered":"Congresso Ibero-Americano de Pedagogia &#8211; SEP 2016"},"content":{"rendered":"<h2>Congresso re\u00fane educadores, pesquisadores e alunos da \u00e1rea de Pedagogia da Pen\u00ednsula Ib\u00e9rica e Am\u00e9rica Latina para debater sobre a educa\u00e7\u00e3o no s\u00e9culo XXI, em Madri, na Espanha<\/h2>\n<p>Um grande encontro de pesquisadores, docentes, profissionais e estudantes da \u00e1rea de Pedagogia e Educa\u00e7\u00e3o. Este \u00e9 o prop\u00f3sito do SEP 2016 que celebra o XVI Congresso Nacional e o<strong> VII Congresso Ibero-americano de Pedagogia em Madri (Espanha), entre os dias 28 e 30 de junho<\/strong>. Com o t\u00edtulo \u201cDemocracia e Educa\u00e7\u00e3o no s\u00e9culo XXI\u201d, o SEP 2016 espera reunir profissionais de mais de 30 pa\u00edses em 26 linhas tem\u00e1ticas.<!--more--><\/p>\n<p>Organizado pela <a href=\"http:\/\/sips-es.blogspot.com.es\/\" target=\"_blank\">Sociedade Espanhola de Pedagogia<\/a> e a Universidade Complutense de Madri, o encontro ter\u00e1 na programa\u00e7\u00e3o al\u00e9m de confer\u00eancias, comunica\u00e7\u00f5es e oficinas, uma visita guiada com os participantes do Congresso ao <a href=\"http:\/\/educacion.ucm.es\/museo-manuel-bartolome-cossio\" target=\"_blank\">Museu \u201cManuel Bartolom\u00e9 Coss\u00edo<\/a>\u201d, localizado na Faculdade de Educa\u00e7\u00e3o da Universidade Complutense. O espa\u00e7o foi criado pelo Departamento de Teoria e Hist\u00f3ria da Educa\u00e7\u00e3o como fruto de um trabalho de 20 anos de colaboradores da \u00e1rea.<\/p>\n<p>Al\u00e9m disso, <strong>com a acredita\u00e7\u00e3o fornecida pelo Minist\u00e9rio da Educa\u00e7\u00e3o, da Cultura e do Esporte espanhol, os professores de n\u00edvel n\u00e3o universit\u00e1rio ter\u00e3o o reconhecimento da participa\u00e7\u00e3o no Congresso como cr\u00e9ditos referentes a 23 horas de forma\u00e7\u00e3o.<\/strong> Os professores interessados em obter o certificado de assist\u00eancia com a acredita\u00e7\u00e3o, dever\u00e3o solicitar antes do in\u00edcio do Congresso.<\/p>\n<p>Para os\u00a0interessados que n\u00e3o podem assistir de forma presencial ao Congresso, haver\u00e1 a possibilidade de se inscrever e apresentar contribui\u00e7\u00f5es de forma virtual. A op\u00e7\u00e3o virtual de participa\u00e7\u00e3o oferece confer\u00eancias e apresenta\u00e7\u00f5es ao vivo e gravadas. O pre\u00e7o de inscri\u00e7\u00e3o nesta modalidade \u00e9 de 90\u20ac.<\/p>\n<p>Os congressos se configuram como oportunidades para ampliar o conhecimento ao ter acesso a\u00a0experi\u00eancias inovadoras e recentes na \u00e1rea, al\u00e9m de promover o contato entre pesquisadores, docentes e alunos. Os estudantes da <strong><a href=\"http:\/\/www.funiber.org.br\">FUNIBER<\/a><\/strong> na \u00e1rea de <a href=\"http:\/\/www.funiber.org.br\/areas-de-conhecimento\/formacao-de-professores\/\" target=\"_blank\">Educa\u00e7\u00e3o<\/a> podem, tamb\u00e9m, aproveitar estes espa\u00e7os de encontro para difundir os pr\u00f3prios estudos e pesquisas.<\/p>\n<p>Para saber mais sobre o Congresso, acesse: <a href=\"http:\/\/www.congresodepedagogia.com\/\">http:\/\/www.congresodepedagogia.com\/<\/a><\/p>\n","protected":false},"excerpt":{"rendered":"<p>Congresso re\u00fane educadores, pesquisadores e alunos da \u00e1rea de Pedagogia da Pen\u00ednsula Ib\u00e9rica e Am\u00e9rica Latina para debater sobre a educa\u00e7\u00e3o no s\u00e9culo XXI, em Madri, na Espanha Um grande encontro de pesquisadores, docentes, profissionais e estudantes da \u00e1rea de Pedagogia e Educa\u00e7\u00e3o. Este \u00e9 o prop\u00f3sito do SEP 2016 que celebra o XVI Congresso [&hellip;]<\/p>\n","protected":false},"author":10,"featured_media":10162,"comment_status":"closed","ping_status":"closed","sticky":false,"template":"","format":"standard","meta":{"jetpack_post_was_ever_published":false,"_jetpack_newsletter_access":"","_jetpack_newsletter_tier_id":0,"footnotes":"","jetpack_publicize_message":"","jetpack_is_tweetstorm":false,"jetpack_publicize_feature_enabled":true,"jetpack_social_post_already_shared":true,"jetpack_social_options":{"image_generator_settings":{"template":"highway","enabled":false}}},"categories":[5],"tags":[251,285,408,918,119,686,248,911,671,641,255,602,642],"jetpack_publicize_connections":[],"yoast_head":"<!-- This site is optimized with the Yoast SEO plugin v21.7 - https:\/\/yoast.com\/wordpress\/plugins\/seo\/ -->\n<title>Congresso Ibero-Americano de Pedagogia - SEP 2016<\/title>\n<meta name=\"description\" content=\"Congresso re\u00fane educadores, pesquisadores e alunos da \u00e1rea de Pedagogia da Pen\u00ednsula Ib\u00e9rica e Am\u00e9rica Latina, em Madri, na Espanha\" \/>\n<meta name=\"robots\" content=\"index, follow, max-snippet:-1, max-image-preview:large, max-video-preview:-1\" \/>\n<link rel=\"canonical\" href=\"https:\/\/blogs.funiber.org\/pt\/formacao-professores\/2016\/05\/11\/funiber-educacao-pedagogia-congresso\" \/>\n<meta property=\"og:locale\" content=\"pt_BR\" \/>\n<meta property=\"og:type\" content=\"article\" \/>\n<meta property=\"og:title\" content=\"Congresso Ibero-Americano de Pedagogia - SEP 2016\" \/>\n<meta property=\"og:description\" content=\"Congresso re\u00fane educadores, pesquisadores e alunos da \u00e1rea de Pedagogia da Pen\u00ednsula Ib\u00e9rica e Am\u00e9rica Latina, em Madri, na Espanha\" \/>\n<meta property=\"og:url\" content=\"https:\/\/blogs.funiber.org\/pt\/formacao-professores\/2016\/05\/11\/funiber-educacao-pedagogia-congresso\" \/>\n<meta property=\"og:site_name\" content=\"FuniBlogs - FUNIBER\" \/>\n<meta property=\"article:publisher\" content=\"https:\/\/www.facebook.com\/funiber\" \/>\n<meta property=\"article:published_time\" content=\"2016-05-11T10:50:15+00:00\" \/>\n<meta property=\"article:modified_time\" content=\"2016-05-11T10:50:25+00:00\" \/>\n<meta property=\"og:image\" content=\"https:\/\/blogs.funiber.org\/pt\/wp-content\/uploads\/2016\/05\/iStock_000042873286_pequeno.jpg\" \/>\n\t<meta property=\"og:image:width\" content=\"700\" \/>\n\t<meta property=\"og:image:height\" content=\"467\" \/>\n\t<meta property=\"og:image:type\" content=\"image\/jpeg\" \/>\n<meta name=\"author\" content=\"Michelle\" \/>\n<meta name=\"twitter:card\" content=\"summary_large_image\" \/>\n<meta name=\"twitter:creator\" content=\"@FUNIBER\" \/>\n<meta name=\"twitter:site\" content=\"@FUNIBER\" \/>\n<meta name=\"twitter:label1\" content=\"Escrito por\" \/>\n\t<meta name=\"twitter:data1\" content=\"Michelle\" \/>\n\t<meta name=\"twitter:label2\" content=\"Est. tempo de leitura\" \/>\n\t<meta name=\"twitter:data2\" content=\"2 minutos\" \/>\n<script type=\"application\/ld+json\" class=\"yoast-schema-graph\">{\"@context\":\"https:\/\/schema.org\",\"@graph\":[{\"@type\":\"Article\",\"@id\":\"https:\/\/blogs.funiber.org\/pt\/formacao-professores\/2016\/05\/11\/funiber-educacao-pedagogia-congresso#article\",\"isPartOf\":{\"@id\":\"https:\/\/blogs.funiber.org\/pt\/formacao-professores\/2016\/05\/11\/funiber-educacao-pedagogia-congresso\"},\"author\":{\"name\":\"Michelle\",\"@id\":\"https:\/\/blogs.funiber.org\/pt\/#\/schema\/person\/a1eaaa5e57eac866a8c5946946bcf80d\"},\"headline\":\"Congresso Ibero-Americano de Pedagogia &#8211; SEP 2016\",\"datePublished\":\"2016-05-11T10:50:15+00:00\",\"dateModified\":\"2016-05-11T10:50:25+00:00\",\"mainEntityOfPage\":{\"@id\":\"https:\/\/blogs.funiber.org\/pt\/formacao-professores\/2016\/05\/11\/funiber-educacao-pedagogia-congresso\"},\"wordCount\":377,\"publisher\":{\"@id\":\"https:\/\/blogs.funiber.org\/pt\/#organization\"},\"keywords\":[\"Congresso\",\"Educa\u00e7\u00e3o\",\"Educa\u00e7\u00e3o a Dist\u00e2ncia\",\"Encontro\",\"Estudos\",\"Forma\u00e7\u00e3o de Professores\",\"Funiber\",\"FUNIBER Opini\u00f5es\",\"mestrado\",\"Opini\u00e3o FUNIBER\",\"Opini\u00f5es Funiber\",\"Pedagogia\",\"Professores\"],\"articleSection\":[\"Educa\u00e7\u00e3o,\u00a0Forma\u00e7\u00e3o Professores\"],\"inLanguage\":\"pt-BR\"},{\"@type\":\"WebPage\",\"@id\":\"https:\/\/blogs.funiber.org\/pt\/formacao-professores\/2016\/05\/11\/funiber-educacao-pedagogia-congresso\",\"url\":\"https:\/\/blogs.funiber.org\/pt\/formacao-professores\/2016\/05\/11\/funiber-educacao-pedagogia-congresso\",\"name\":\"Congresso Ibero-Americano de Pedagogia - SEP 2016\",\"isPartOf\":{\"@id\":\"https:\/\/blogs.funiber.org\/pt\/#website\"},\"datePublished\":\"2016-05-11T10:50:15+00:00\",\"dateModified\":\"2016-05-11T10:50:25+00:00\",\"description\":\"Congresso re\u00fane educadores, pesquisadores e alunos da \u00e1rea de Pedagogia da Pen\u00ednsula Ib\u00e9rica e Am\u00e9rica Latina, em Madri, na Espanha\",\"breadcrumb\":{\"@id\":\"https:\/\/blogs.funiber.org\/pt\/formacao-professores\/2016\/05\/11\/funiber-educacao-pedagogia-congresso#breadcrumb\"},\"inLanguage\":\"pt-BR\",\"potentialAction\":[{\"@type\":\"ReadAction\",\"target\":[\"https:\/\/blogs.funiber.org\/pt\/formacao-professores\/2016\/05\/11\/funiber-educacao-pedagogia-congresso\"]}]},{\"@type\":\"BreadcrumbList\",\"@id\":\"https:\/\/blogs.funiber.org\/pt\/formacao-professores\/2016\/05\/11\/funiber-educacao-pedagogia-congresso#breadcrumb\",\"itemListElement\":[{\"@type\":\"ListItem\",\"position\":1,\"name\":\"In\u00edcio\",\"item\":\"https:\/\/blogs.funiber.org\/pt\"},{\"@type\":\"ListItem\",\"position\":2,\"name\":\"Congresso Ibero-Americano de Pedagogia &#8211; SEP 2016\"}]},{\"@type\":\"WebSite\",\"@id\":\"https:\/\/blogs.funiber.org\/pt\/#website\",\"url\":\"https:\/\/blogs.funiber.org\/pt\/\",\"name\":\"FuniBlogs - FUNIBER\",\"description\":\"\",\"publisher\":{\"@id\":\"https:\/\/blogs.funiber.org\/pt\/#organization\"},\"potentialAction\":[{\"@type\":\"SearchAction\",\"target\":{\"@type\":\"EntryPoint\",\"urlTemplate\":\"https:\/\/blogs.funiber.org\/pt\/?s={search_term_string}\"},\"query-input\":\"required name=search_term_string\"}],\"inLanguage\":\"pt-BR\"},{\"@type\":\"Organization\",\"@id\":\"https:\/\/blogs.funiber.org\/pt\/#organization\",\"name\":\"FuniBlogs - FUNIBER\",\"url\":\"https:\/\/blogs.funiber.org\/pt\/\",\"logo\":{\"@type\":\"ImageObject\",\"inLanguage\":\"pt-BR\",\"@id\":\"https:\/\/blogs.funiber.org\/pt\/#\/schema\/logo\/image\/\",\"url\":\"https:\/\/www.funiber.blog\/pt\/wp-content\/uploads\/2022\/02\/logo-funiber-pt-br-v-dos.svg\",\"contentUrl\":\"https:\/\/www.funiber.blog\/pt\/wp-content\/uploads\/2022\/02\/logo-funiber-pt-br-v-dos.svg\",\"width\":1,\"height\":1,\"caption\":\"FuniBlogs - FUNIBER\"},\"image\":{\"@id\":\"https:\/\/blogs.funiber.org\/pt\/#\/schema\/logo\/image\/\"},\"sameAs\":[\"https:\/\/www.facebook.com\/funiber\",\"https:\/\/twitter.com\/FUNIBER\",\"https:\/\/www.instagram.com\/funiber_becas\",\"https:\/\/www.youtube.com\/user\/funiber\",\"https:\/\/www.linkedin.com\/company\/funiber\"]},{\"@type\":\"Person\",\"@id\":\"https:\/\/blogs.funiber.org\/pt\/#\/schema\/person\/a1eaaa5e57eac866a8c5946946bcf80d\",\"name\":\"Michelle\",\"image\":{\"@type\":\"ImageObject\",\"inLanguage\":\"pt-BR\",\"@id\":\"https:\/\/blogs.funiber.org\/pt\/#\/schema\/person\/image\/\",\"url\":\"https:\/\/secure.gravatar.com\/avatar\/5e87041f7609dc50493cf216754fece1?s=96&d=mm&r=g\",\"contentUrl\":\"https:\/\/secure.gravatar.com\/avatar\/5e87041f7609dc50493cf216754fece1?s=96&d=mm&r=g\",\"caption\":\"Michelle\"},\"url\":\"https:\/\/www.funiber.blog\/pt\/author\/michelle-moreira\"}]}<\/script>\n<!-- \/ Yoast SEO plugin. -->","yoast_head_json":{"title":"Congresso Ibero-Americano de Pedagogia - SEP 2016","description":"Congresso re\u00fane educadores, pesquisadores e alunos da \u00e1rea de Pedagogia da Pen\u00ednsula Ib\u00e9rica e Am\u00e9rica Latina, em Madri, na Espanha","robots":{"index":"index","follow":"follow","max-snippet":"max-snippet:-1","max-image-preview":"max-image-preview:large","max-video-preview":"max-video-preview:-1"},"canonical":"https:\/\/blogs.funiber.org\/pt\/formacao-professores\/2016\/05\/11\/funiber-educacao-pedagogia-congresso","og_locale":"pt_BR","og_type":"article","og_title":"Congresso Ibero-Americano de Pedagogia - SEP 2016","og_description":"Congresso re\u00fane educadores, pesquisadores e alunos da \u00e1rea de Pedagogia da Pen\u00ednsula Ib\u00e9rica e Am\u00e9rica Latina, em Madri, na Espanha","og_url":"https:\/\/blogs.funiber.org\/pt\/formacao-professores\/2016\/05\/11\/funiber-educacao-pedagogia-congresso","og_site_name":"FuniBlogs - FUNIBER","article_publisher":"https:\/\/www.facebook.com\/funiber","article_published_time":"2016-05-11T10:50:15+00:00","article_modified_time":"2016-05-11T10:50:25+00:00","og_image":[{"width":700,"height":467,"url":"https:\/\/blogs.funiber.org\/pt\/wp-content\/uploads\/2016\/05\/iStock_000042873286_pequeno.jpg","type":"image\/jpeg"}],"author":"Michelle","twitter_card":"summary_large_image","twitter_creator":"@FUNIBER","twitter_site":"@FUNIBER","twitter_misc":{"Escrito por":"Michelle","Est. tempo de leitura":"2 minutos"},"schema":{"@context":"https:\/\/schema.org","@graph":[{"@type":"Article","@id":"https:\/\/blogs.funiber.org\/pt\/formacao-professores\/2016\/05\/11\/funiber-educacao-pedagogia-congresso#article","isPartOf":{"@id":"https:\/\/blogs.funiber.org\/pt\/formacao-professores\/2016\/05\/11\/funiber-educacao-pedagogia-congresso"},"author":{"name":"Michelle","@id":"https:\/\/blogs.funiber.org\/pt\/#\/schema\/person\/a1eaaa5e57eac866a8c5946946bcf80d"},"headline":"Congresso Ibero-Americano de Pedagogia &#8211; SEP 2016","datePublished":"2016-05-11T10:50:15+00:00","dateModified":"2016-05-11T10:50:25+00:00","mainEntityOfPage":{"@id":"https:\/\/blogs.funiber.org\/pt\/formacao-professores\/2016\/05\/11\/funiber-educacao-pedagogia-congresso"},"wordCount":377,"publisher":{"@id":"https:\/\/blogs.funiber.org\/pt\/#organization"},"keywords":["Congresso","Educa\u00e7\u00e3o","Educa\u00e7\u00e3o a Dist\u00e2ncia","Encontro","Estudos","Forma\u00e7\u00e3o de Professores","Funiber","FUNIBER Opini\u00f5es","mestrado","Opini\u00e3o FUNIBER","Opini\u00f5es Funiber","Pedagogia","Professores"],"articleSection":["Educa\u00e7\u00e3o,\u00a0Forma\u00e7\u00e3o Professores"],"inLanguage":"pt-BR"},{"@type":"WebPage","@id":"https:\/\/blogs.funiber.org\/pt\/formacao-professores\/2016\/05\/11\/funiber-educacao-pedagogia-congresso","url":"https:\/\/blogs.funiber.org\/pt\/formacao-professores\/2016\/05\/11\/funiber-educacao-pedagogia-congresso","name":"Congresso Ibero-Americano de Pedagogia - SEP 2016","isPartOf":{"@id":"https:\/\/blogs.funiber.org\/pt\/#website"},"datePublished":"2016-05-11T10:50:15+00:00","dateModified":"2016-05-11T10:50:25+00:00","description":"Congresso re\u00fane educadores, pesquisadores e alunos da \u00e1rea de Pedagogia da Pen\u00ednsula Ib\u00e9rica e Am\u00e9rica Latina, em Madri, na Espanha","breadcrumb":{"@id":"https:\/\/blogs.funiber.org\/pt\/formacao-professores\/2016\/05\/11\/funiber-educacao-pedagogia-congresso#breadcrumb"},"inLanguage":"pt-BR","potentialAction":[{"@type":"ReadAction","target":["https:\/\/blogs.funiber.org\/pt\/formacao-professores\/2016\/05\/11\/funiber-educacao-pedagogia-congresso"]}]},{"@type":"BreadcrumbList","@id":"https:\/\/blogs.funiber.org\/pt\/formacao-professores\/2016\/05\/11\/funiber-educacao-pedagogia-congresso#breadcrumb","itemListElement":[{"@type":"ListItem","position":1,"name":"In\u00edcio","item":"https:\/\/blogs.funiber.org\/pt"},{"@type":"ListItem","position":2,"name":"Congresso Ibero-Americano de Pedagogia &#8211; SEP 2016"}]},{"@type":"WebSite","@id":"https:\/\/blogs.funiber.org\/pt\/#website","url":"https:\/\/blogs.funiber.org\/pt\/","name":"FuniBlogs - FUNIBER","description":"","publisher":{"@id":"https:\/\/blogs.funiber.org\/pt\/#organization"},"potentialAction":[{"@type":"SearchAction","target":{"@type":"EntryPoint","urlTemplate":"https:\/\/blogs.funiber.org\/pt\/?s={search_term_string}"},"query-input":"required name=search_term_string"}],"inLanguage":"pt-BR"},{"@type":"Organization","@id":"https:\/\/blogs.funiber.org\/pt\/#organization","name":"FuniBlogs - FUNIBER","url":"https:\/\/blogs.funiber.org\/pt\/","logo":{"@type":"ImageObject","inLanguage":"pt-BR","@id":"https:\/\/blogs.funiber.org\/pt\/#\/schema\/logo\/image\/","url":"https:\/\/www.funiber.blog\/pt\/wp-content\/uploads\/2022\/02\/logo-funiber-pt-br-v-dos.svg","contentUrl":"https:\/\/www.funiber.blog\/pt\/wp-content\/uploads\/2022\/02\/logo-funiber-pt-br-v-dos.svg","width":1,"height":1,"caption":"FuniBlogs - FUNIBER"},"image":{"@id":"https:\/\/blogs.funiber.org\/pt\/#\/schema\/logo\/image\/"},"sameAs":["https:\/\/www.facebook.com\/funiber","https:\/\/twitter.com\/FUNIBER","https:\/\/www.instagram.com\/funiber_becas","https:\/\/www.youtube.com\/user\/funiber","https:\/\/www.linkedin.com\/company\/funiber"]},{"@type":"Person","@id":"https:\/\/blogs.funiber.org\/pt\/#\/schema\/person\/a1eaaa5e57eac866a8c5946946bcf80d","name":"Michelle","image":{"@type":"ImageObject","inLanguage":"pt-BR","@id":"https:\/\/blogs.funiber.org\/pt\/#\/schema\/person\/image\/","url":"https:\/\/secure.gravatar.com\/avatar\/5e87041f7609dc50493cf216754fece1?s=96&d=mm&r=g","contentUrl":"https:\/\/secure.gravatar.com\/avatar\/5e87041f7609dc50493cf216754fece1?s=96&d=mm&r=g","caption":"Michelle"},"url":"https:\/\/www.funiber.blog\/pt\/author\/michelle-moreira"}]}},"jetpack_featured_media_url":"https:\/\/www.funiber.blog\/pt\/wp-content\/uploads\/2016\/05\/iStock_000042873286_pequeno.jpg","jetpack_shortlink":"https:\/\/wp.me\/p7ee1t-2DT","jetpack_sharing_enabled":true,"_links":{"self":[{"href":"https:\/\/www.funiber.blog\/pt\/wp-json\/wp\/v2\/posts\/10161"}],"collection":[{"href":"https:\/\/www.funiber.blog\/pt\/wp-json\/wp\/v2\/posts"}],"about":[{"href":"https:\/\/www.funiber.blog\/pt\/wp-json\/wp\/v2\/types\/post"}],"author":[{"embeddable":true,"href":"https:\/\/www.funiber.blog\/pt\/wp-json\/wp\/v2\/users\/10"}],"replies":[{"embeddable":true,"href":"https:\/\/www.funiber.blog\/pt\/wp-json\/wp\/v2\/comments?post=10161"}],"version-history":[{"count":2,"href":"https:\/\/www.funiber.blog\/pt\/wp-json\/wp\/v2\/posts\/10161\/revisions"}],"predecessor-version":[{"id":10164,"href":"https:\/\/www.funiber.blog\/pt\/wp-json\/wp\/v2\/posts\/10161\/revisions\/10164"}],"wp:featuredmedia":[{"embeddable":true,"href":"https:\/\/www.funiber.blog\/pt\/wp-json\/wp\/v2\/media\/10162"}],"wp:attachment":[{"href":"https:\/\/www.funiber.blog\/pt\/wp-json\/wp\/v2\/media?parent=10161"}],"wp:term":[{"taxonomy":"category","embeddable":true,"href":"https:\/\/www.funiber.blog\/pt\/wp-json\/wp\/v2\/categories?post=10161"},{"taxonomy":"post_tag","embeddable":true,"href":"https:\/\/www.funiber.blog\/pt\/wp-json\/wp\/v2\/tags?post=10161"}],"curies":[{"name":"wp","href":"https:\/\/api.w.org\/{rel}","templated":true}]}}