{"id":10252,"date":"2016-04-28T10:54:24","date_gmt":"2016-04-28T10:54:24","guid":{"rendered":"http:\/\/blogs.funiber.org\/pt\/?p=10252"},"modified":"2016-05-18T11:03:43","modified_gmt":"2016-05-18T11:03:43","slug":"funiber-reducao-pensoes-afeta-idosos","status":"publish","type":"post","link":"https:\/\/www.funiber.blog\/pt\/gerontologia\/2016\/04\/28\/funiber-reducao-pensoes-afeta-idosos","title":{"rendered":"Redu\u00e7\u00e3o de pens\u00f5es afeta os idosos"},"content":{"rendered":"<h2>Estudo indica que as redu\u00e7\u00f5es em pens\u00f5es e cuidado social influenciam na mortalidade de pessoas da terceira idade.<\/h2>\n<p>Um estudo realizado na Inglaterra, entre 2007 e 2013, indica que as medidas de austeridade impactam de forma negativa na sa\u00fade de pensionistas com mais de 85 anos. As redu\u00e7\u00f5es de gastos nas pens\u00f5es destinadas a ajudar pessoas pobres e em assist\u00eancia social afetaram \u00e0s pessoas da terceira idade. A pesquisa identificou uma rela\u00e7\u00e3o entre o aumento da mortalidade entre pensionistas com mais de 85 anos e a redu\u00e7\u00e3o de gastos.<!--more--><\/p>\n<p>O estudo indica que <strong>uma redu\u00e7\u00e3o de 1% no gasto em cr\u00e9dito de pens\u00f5es destinado a ajudar os idosos com baixos ganhos tem rela\u00e7\u00e3o com um aumento de 0,68% na mortalidade das pessoas de maior idade.<\/strong> Cada redu\u00e7\u00e3o de 1% em assist\u00eancia social esteve associada com um aumento significativo na taxa de mortes de pessoas idosas. Deve-se indicar que se observou uma associa\u00e7\u00e3o mais fraca destes fatores ao estudar as pessoas de idade compreendida entre 75 a 84 anos e aquelas entre 65 e 74 anos.<\/p>\n<p>Os pesquisadores indicaram que <strong>ao considerar a redu\u00e7\u00e3o de gastos em categorias de servi\u00e7os que poderiam n\u00e3o afetar \u00e0s pessoas idosas, como no caso do transporte, n\u00e3o se identificou uma rela\u00e7\u00e3o com a mortalidade das pessoas.<\/strong><\/p>\n<p>At\u00e9 2010, observava-se uma tend\u00eancia de redu\u00e7\u00e3o na mortalidade em pessoas com mais de 85 anos, mas a tend\u00eancia mudou desde a aplica\u00e7\u00e3o de medidas de austeridade. De acordo com o estudo, identificou-se um aumento de 4% de mortes em 2013, em compara\u00e7\u00e3o com os n\u00fameros de 2010, enquanto que entre as mulheres a porcentagem \u00e9 6,1% maior. Observou-se tamb\u00e9m que entre as pessoas de 65 a 74 anos, a tend\u00eancia de redu\u00e7\u00e3o da mortalidade era mantida.<\/p>\n<p>Em uma pesquisa aplicada entre m\u00e9dicos, 68% indicou que tinha observado que a sa\u00fade de seus pacientes foi afetada pela redu\u00e7\u00e3o de seus benef\u00edcios.<\/p>\n<p>O estudo dirigido por Rachel Loopstra, do Departamento de Sociologia da <a href=\"http:\/\/www.ox.ac.uk\/\">Universidade de Oxford<\/a>, concluiu que <strong>as medidas de austeridade aplicadas na Inglaterra afetaram as pessoas da terceira idade mais vulner\u00e1veis no pa\u00eds.<\/strong><\/p>\n<p>O estudo foi publicado na revista da Real Sociedade de Medicina, da Inglaterra.<\/p>\n<p>Os estudantes da \u00e1rea de\u00a0<a href=\"http:\/\/www.funiber.org\/areas-de-conocimiento\/salud-y-nutricion\/gerontologia\/\">Gerontologia<\/a>\u00a0da\u00a0<a href=\"http:\/\/www.funiber.org.br\/\" target=\"_blank\">FUNIBER<\/a>\u00a0permanecem atentos \u00e0s mudan\u00e7as nas pol\u00edticas sociais para proporcionar aos idosos estrat\u00e9gias para melhorar sua qualidade de vida.<\/p>\n<p>Fonte:\u00a0<a href=\"http:\/\/jrs.sagepub.com\/content\/109\/3\/109.full\">JRSM<\/a><\/p>\n<p>Foto Creative Commons:\u00a0<a href=\"https:\/\/www.flickr.com\/photos\/jessiejacobson\/4735022086\/sizes\/m\/\">JessieJacobson<\/a><\/p>\n","protected":false},"excerpt":{"rendered":"<p>Estudo indica que as redu\u00e7\u00f5es em pens\u00f5es e cuidado social influenciam na mortalidade de pessoas da terceira idade. Um estudo realizado na Inglaterra, entre 2007 e 2013, indica que as medidas de austeridade impactam de forma negativa na sa\u00fade de pensionistas com mais de 85 anos. As redu\u00e7\u00f5es de gastos nas pens\u00f5es destinadas a ajudar [&hellip;]<\/p>\n","protected":false},"author":10,"featured_media":10253,"comment_status":"closed","ping_status":"closed","sticky":false,"template":"","format":"standard","meta":{"jetpack_post_was_ever_published":false,"_jetpack_newsletter_access":"","_jetpack_newsletter_tier_id":0,"footnotes":"","jetpack_publicize_message":"","jetpack_is_tweetstorm":false,"jetpack_publicize_feature_enabled":true,"jetpack_social_post_already_shared":true,"jetpack_social_options":{"image_generator_settings":{"template":"highway","enabled":false}}},"categories":[1],"tags":[285,408,100,248,911,739,267,671,641,255,1432,113,217],"jetpack_publicize_connections":[],"yoast_head":"<!-- This site is optimized with the Yoast SEO plugin v21.7 - https:\/\/yoast.com\/wordpress\/plugins\/seo\/ -->\n<title>Redu\u00e7\u00e3o de pens\u00f5es afeta os idosos, indica estudo<\/title>\n<meta name=\"description\" content=\"Estudo indica que as redu\u00e7\u00f5es em pens\u00f5es e os cuidados sociais influenciam na mortalidade de pessoas da terceira idade, na Inglaterra.\" \/>\n<meta name=\"robots\" content=\"index, follow, max-snippet:-1, max-image-preview:large, max-video-preview:-1\" \/>\n<link rel=\"canonical\" href=\"https:\/\/blogs.funiber.org\/pt\/gerontologia\/2016\/04\/28\/funiber-reducao-pensoes-afeta-idosos\" \/>\n<meta property=\"og:locale\" content=\"pt_BR\" \/>\n<meta property=\"og:type\" content=\"article\" \/>\n<meta property=\"og:title\" content=\"Redu\u00e7\u00e3o de pens\u00f5es afeta os idosos, indica estudo\" \/>\n<meta property=\"og:description\" content=\"Estudo indica que as redu\u00e7\u00f5es em pens\u00f5es e os cuidados sociais influenciam na mortalidade de pessoas da terceira idade, na Inglaterra.\" \/>\n<meta property=\"og:url\" content=\"https:\/\/blogs.funiber.org\/pt\/gerontologia\/2016\/04\/28\/funiber-reducao-pensoes-afeta-idosos\" \/>\n<meta property=\"og:site_name\" content=\"FuniBlogs - FUNIBER\" \/>\n<meta property=\"article:publisher\" content=\"https:\/\/www.facebook.com\/funiber\" \/>\n<meta property=\"article:published_time\" content=\"2016-04-28T10:54:24+00:00\" \/>\n<meta property=\"article:modified_time\" content=\"2016-05-18T11:03:43+00:00\" \/>\n<meta property=\"og:image\" content=\"https:\/\/blogs.funiber.org\/pt\/wp-content\/uploads\/2016\/05\/funiber-pensiones-tercera-edad.jpg\" \/>\n\t<meta property=\"og:image:width\" content=\"500\" \/>\n\t<meta property=\"og:image:height\" content=\"333\" \/>\n\t<meta property=\"og:image:type\" content=\"image\/jpeg\" \/>\n<meta name=\"author\" content=\"Michelle\" \/>\n<meta name=\"twitter:card\" content=\"summary_large_image\" \/>\n<meta name=\"twitter:creator\" content=\"@FUNIBER\" \/>\n<meta name=\"twitter:site\" content=\"@FUNIBER\" \/>\n<meta name=\"twitter:label1\" content=\"Escrito por\" \/>\n\t<meta name=\"twitter:data1\" content=\"Michelle\" \/>\n\t<meta name=\"twitter:label2\" content=\"Est. tempo de leitura\" \/>\n\t<meta name=\"twitter:data2\" content=\"2 minutos\" \/>\n<script type=\"application\/ld+json\" class=\"yoast-schema-graph\">{\"@context\":\"https:\/\/schema.org\",\"@graph\":[{\"@type\":\"Article\",\"@id\":\"https:\/\/blogs.funiber.org\/pt\/gerontologia\/2016\/04\/28\/funiber-reducao-pensoes-afeta-idosos#article\",\"isPartOf\":{\"@id\":\"https:\/\/blogs.funiber.org\/pt\/gerontologia\/2016\/04\/28\/funiber-reducao-pensoes-afeta-idosos\"},\"author\":{\"name\":\"Michelle\",\"@id\":\"https:\/\/blogs.funiber.org\/pt\/#\/schema\/person\/a1eaaa5e57eac866a8c5946946bcf80d\"},\"headline\":\"Redu\u00e7\u00e3o de pens\u00f5es afeta os idosos\",\"datePublished\":\"2016-04-28T10:54:24+00:00\",\"dateModified\":\"2016-05-18T11:03:43+00:00\",\"mainEntityOfPage\":{\"@id\":\"https:\/\/blogs.funiber.org\/pt\/gerontologia\/2016\/04\/28\/funiber-reducao-pensoes-afeta-idosos\"},\"wordCount\":415,\"publisher\":{\"@id\":\"https:\/\/blogs.funiber.org\/pt\/#organization\"},\"keywords\":[\"Educa\u00e7\u00e3o\",\"Educa\u00e7\u00e3o a Dist\u00e2ncia\",\"Envelhecimento\",\"Funiber\",\"FUNIBER Opini\u00f5es\",\"gerontologia\",\"Idosos\",\"mestrado\",\"Opini\u00e3o FUNIBER\",\"Opini\u00f5es Funiber\",\"Pens\u00f5es\",\"Sa\u00fade\",\"Terceira idade\"],\"articleSection\":[\"Gerontologia\"],\"inLanguage\":\"pt-BR\"},{\"@type\":\"WebPage\",\"@id\":\"https:\/\/blogs.funiber.org\/pt\/gerontologia\/2016\/04\/28\/funiber-reducao-pensoes-afeta-idosos\",\"url\":\"https:\/\/blogs.funiber.org\/pt\/gerontologia\/2016\/04\/28\/funiber-reducao-pensoes-afeta-idosos\",\"name\":\"Redu\u00e7\u00e3o de pens\u00f5es afeta os idosos, indica estudo\",\"isPartOf\":{\"@id\":\"https:\/\/blogs.funiber.org\/pt\/#website\"},\"datePublished\":\"2016-04-28T10:54:24+00:00\",\"dateModified\":\"2016-05-18T11:03:43+00:00\",\"description\":\"Estudo indica que as redu\u00e7\u00f5es em pens\u00f5es e os cuidados sociais influenciam na mortalidade de pessoas da terceira idade, na Inglaterra.\",\"breadcrumb\":{\"@id\":\"https:\/\/blogs.funiber.org\/pt\/gerontologia\/2016\/04\/28\/funiber-reducao-pensoes-afeta-idosos#breadcrumb\"},\"inLanguage\":\"pt-BR\",\"potentialAction\":[{\"@type\":\"ReadAction\",\"target\":[\"https:\/\/blogs.funiber.org\/pt\/gerontologia\/2016\/04\/28\/funiber-reducao-pensoes-afeta-idosos\"]}]},{\"@type\":\"BreadcrumbList\",\"@id\":\"https:\/\/blogs.funiber.org\/pt\/gerontologia\/2016\/04\/28\/funiber-reducao-pensoes-afeta-idosos#breadcrumb\",\"itemListElement\":[{\"@type\":\"ListItem\",\"position\":1,\"name\":\"In\u00edcio\",\"item\":\"https:\/\/blogs.funiber.org\/pt\"},{\"@type\":\"ListItem\",\"position\":2,\"name\":\"Redu\u00e7\u00e3o de pens\u00f5es afeta os idosos\"}]},{\"@type\":\"WebSite\",\"@id\":\"https:\/\/blogs.funiber.org\/pt\/#website\",\"url\":\"https:\/\/blogs.funiber.org\/pt\/\",\"name\":\"FuniBlogs - FUNIBER\",\"description\":\"\",\"publisher\":{\"@id\":\"https:\/\/blogs.funiber.org\/pt\/#organization\"},\"potentialAction\":[{\"@type\":\"SearchAction\",\"target\":{\"@type\":\"EntryPoint\",\"urlTemplate\":\"https:\/\/blogs.funiber.org\/pt\/?s={search_term_string}\"},\"query-input\":\"required name=search_term_string\"}],\"inLanguage\":\"pt-BR\"},{\"@type\":\"Organization\",\"@id\":\"https:\/\/blogs.funiber.org\/pt\/#organization\",\"name\":\"FuniBlogs - FUNIBER\",\"url\":\"https:\/\/blogs.funiber.org\/pt\/\",\"logo\":{\"@type\":\"ImageObject\",\"inLanguage\":\"pt-BR\",\"@id\":\"https:\/\/blogs.funiber.org\/pt\/#\/schema\/logo\/image\/\",\"url\":\"https:\/\/www.funiber.blog\/pt\/wp-content\/uploads\/2022\/02\/logo-funiber-pt-br-v-dos.svg\",\"contentUrl\":\"https:\/\/www.funiber.blog\/pt\/wp-content\/uploads\/2022\/02\/logo-funiber-pt-br-v-dos.svg\",\"width\":1,\"height\":1,\"caption\":\"FuniBlogs - FUNIBER\"},\"image\":{\"@id\":\"https:\/\/blogs.funiber.org\/pt\/#\/schema\/logo\/image\/\"},\"sameAs\":[\"https:\/\/www.facebook.com\/funiber\",\"https:\/\/twitter.com\/FUNIBER\",\"https:\/\/www.instagram.com\/funiber_becas\",\"https:\/\/www.youtube.com\/user\/funiber\",\"https:\/\/www.linkedin.com\/company\/funiber\"]},{\"@type\":\"Person\",\"@id\":\"https:\/\/blogs.funiber.org\/pt\/#\/schema\/person\/a1eaaa5e57eac866a8c5946946bcf80d\",\"name\":\"Michelle\",\"image\":{\"@type\":\"ImageObject\",\"inLanguage\":\"pt-BR\",\"@id\":\"https:\/\/blogs.funiber.org\/pt\/#\/schema\/person\/image\/\",\"url\":\"https:\/\/secure.gravatar.com\/avatar\/5e87041f7609dc50493cf216754fece1?s=96&d=mm&r=g\",\"contentUrl\":\"https:\/\/secure.gravatar.com\/avatar\/5e87041f7609dc50493cf216754fece1?s=96&d=mm&r=g\",\"caption\":\"Michelle\"},\"url\":\"https:\/\/www.funiber.blog\/pt\/author\/michelle-moreira\"}]}<\/script>\n<!-- \/ Yoast SEO plugin. -->","yoast_head_json":{"title":"Redu\u00e7\u00e3o de pens\u00f5es afeta os idosos, indica estudo","description":"Estudo indica que as redu\u00e7\u00f5es em pens\u00f5es e os cuidados sociais influenciam na mortalidade de pessoas da terceira idade, na Inglaterra.","robots":{"index":"index","follow":"follow","max-snippet":"max-snippet:-1","max-image-preview":"max-image-preview:large","max-video-preview":"max-video-preview:-1"},"canonical":"https:\/\/blogs.funiber.org\/pt\/gerontologia\/2016\/04\/28\/funiber-reducao-pensoes-afeta-idosos","og_locale":"pt_BR","og_type":"article","og_title":"Redu\u00e7\u00e3o de pens\u00f5es afeta os idosos, indica estudo","og_description":"Estudo indica que as redu\u00e7\u00f5es em pens\u00f5es e os cuidados sociais influenciam na mortalidade de pessoas da terceira idade, na Inglaterra.","og_url":"https:\/\/blogs.funiber.org\/pt\/gerontologia\/2016\/04\/28\/funiber-reducao-pensoes-afeta-idosos","og_site_name":"FuniBlogs - FUNIBER","article_publisher":"https:\/\/www.facebook.com\/funiber","article_published_time":"2016-04-28T10:54:24+00:00","article_modified_time":"2016-05-18T11:03:43+00:00","og_image":[{"width":500,"height":333,"url":"https:\/\/blogs.funiber.org\/pt\/wp-content\/uploads\/2016\/05\/funiber-pensiones-tercera-edad.jpg","type":"image\/jpeg"}],"author":"Michelle","twitter_card":"summary_large_image","twitter_creator":"@FUNIBER","twitter_site":"@FUNIBER","twitter_misc":{"Escrito por":"Michelle","Est. tempo de leitura":"2 minutos"},"schema":{"@context":"https:\/\/schema.org","@graph":[{"@type":"Article","@id":"https:\/\/blogs.funiber.org\/pt\/gerontologia\/2016\/04\/28\/funiber-reducao-pensoes-afeta-idosos#article","isPartOf":{"@id":"https:\/\/blogs.funiber.org\/pt\/gerontologia\/2016\/04\/28\/funiber-reducao-pensoes-afeta-idosos"},"author":{"name":"Michelle","@id":"https:\/\/blogs.funiber.org\/pt\/#\/schema\/person\/a1eaaa5e57eac866a8c5946946bcf80d"},"headline":"Redu\u00e7\u00e3o de pens\u00f5es afeta os idosos","datePublished":"2016-04-28T10:54:24+00:00","dateModified":"2016-05-18T11:03:43+00:00","mainEntityOfPage":{"@id":"https:\/\/blogs.funiber.org\/pt\/gerontologia\/2016\/04\/28\/funiber-reducao-pensoes-afeta-idosos"},"wordCount":415,"publisher":{"@id":"https:\/\/blogs.funiber.org\/pt\/#organization"},"keywords":["Educa\u00e7\u00e3o","Educa\u00e7\u00e3o a Dist\u00e2ncia","Envelhecimento","Funiber","FUNIBER Opini\u00f5es","gerontologia","Idosos","mestrado","Opini\u00e3o FUNIBER","Opini\u00f5es Funiber","Pens\u00f5es","Sa\u00fade","Terceira idade"],"articleSection":["Gerontologia"],"inLanguage":"pt-BR"},{"@type":"WebPage","@id":"https:\/\/blogs.funiber.org\/pt\/gerontologia\/2016\/04\/28\/funiber-reducao-pensoes-afeta-idosos","url":"https:\/\/blogs.funiber.org\/pt\/gerontologia\/2016\/04\/28\/funiber-reducao-pensoes-afeta-idosos","name":"Redu\u00e7\u00e3o de pens\u00f5es afeta os idosos, indica estudo","isPartOf":{"@id":"https:\/\/blogs.funiber.org\/pt\/#website"},"datePublished":"2016-04-28T10:54:24+00:00","dateModified":"2016-05-18T11:03:43+00:00","description":"Estudo indica que as redu\u00e7\u00f5es em pens\u00f5es e os cuidados sociais influenciam na mortalidade de pessoas da terceira idade, na Inglaterra.","breadcrumb":{"@id":"https:\/\/blogs.funiber.org\/pt\/gerontologia\/2016\/04\/28\/funiber-reducao-pensoes-afeta-idosos#breadcrumb"},"inLanguage":"pt-BR","potentialAction":[{"@type":"ReadAction","target":["https:\/\/blogs.funiber.org\/pt\/gerontologia\/2016\/04\/28\/funiber-reducao-pensoes-afeta-idosos"]}]},{"@type":"BreadcrumbList","@id":"https:\/\/blogs.funiber.org\/pt\/gerontologia\/2016\/04\/28\/funiber-reducao-pensoes-afeta-idosos#breadcrumb","itemListElement":[{"@type":"ListItem","position":1,"name":"In\u00edcio","item":"https:\/\/blogs.funiber.org\/pt"},{"@type":"ListItem","position":2,"name":"Redu\u00e7\u00e3o de pens\u00f5es afeta os idosos"}]},{"@type":"WebSite","@id":"https:\/\/blogs.funiber.org\/pt\/#website","url":"https:\/\/blogs.funiber.org\/pt\/","name":"FuniBlogs - FUNIBER","description":"","publisher":{"@id":"https:\/\/blogs.funiber.org\/pt\/#organization"},"potentialAction":[{"@type":"SearchAction","target":{"@type":"EntryPoint","urlTemplate":"https:\/\/blogs.funiber.org\/pt\/?s={search_term_string}"},"query-input":"required name=search_term_string"}],"inLanguage":"pt-BR"},{"@type":"Organization","@id":"https:\/\/blogs.funiber.org\/pt\/#organization","name":"FuniBlogs - FUNIBER","url":"https:\/\/blogs.funiber.org\/pt\/","logo":{"@type":"ImageObject","inLanguage":"pt-BR","@id":"https:\/\/blogs.funiber.org\/pt\/#\/schema\/logo\/image\/","url":"https:\/\/www.funiber.blog\/pt\/wp-content\/uploads\/2022\/02\/logo-funiber-pt-br-v-dos.svg","contentUrl":"https:\/\/www.funiber.blog\/pt\/wp-content\/uploads\/2022\/02\/logo-funiber-pt-br-v-dos.svg","width":1,"height":1,"caption":"FuniBlogs - FUNIBER"},"image":{"@id":"https:\/\/blogs.funiber.org\/pt\/#\/schema\/logo\/image\/"},"sameAs":["https:\/\/www.facebook.com\/funiber","https:\/\/twitter.com\/FUNIBER","https:\/\/www.instagram.com\/funiber_becas","https:\/\/www.youtube.com\/user\/funiber","https:\/\/www.linkedin.com\/company\/funiber"]},{"@type":"Person","@id":"https:\/\/blogs.funiber.org\/pt\/#\/schema\/person\/a1eaaa5e57eac866a8c5946946bcf80d","name":"Michelle","image":{"@type":"ImageObject","inLanguage":"pt-BR","@id":"https:\/\/blogs.funiber.org\/pt\/#\/schema\/person\/image\/","url":"https:\/\/secure.gravatar.com\/avatar\/5e87041f7609dc50493cf216754fece1?s=96&d=mm&r=g","contentUrl":"https:\/\/secure.gravatar.com\/avatar\/5e87041f7609dc50493cf216754fece1?s=96&d=mm&r=g","caption":"Michelle"},"url":"https:\/\/www.funiber.blog\/pt\/author\/michelle-moreira"}]}},"jetpack_featured_media_url":"https:\/\/www.funiber.blog\/pt\/wp-content\/uploads\/2016\/05\/funiber-pensiones-tercera-edad.jpg","jetpack_shortlink":"https:\/\/wp.me\/p7ee1t-2Fm","jetpack_sharing_enabled":true,"_links":{"self":[{"href":"https:\/\/www.funiber.blog\/pt\/wp-json\/wp\/v2\/posts\/10252"}],"collection":[{"href":"https:\/\/www.funiber.blog\/pt\/wp-json\/wp\/v2\/posts"}],"about":[{"href":"https:\/\/www.funiber.blog\/pt\/wp-json\/wp\/v2\/types\/post"}],"author":[{"embeddable":true,"href":"https:\/\/www.funiber.blog\/pt\/wp-json\/wp\/v2\/users\/10"}],"replies":[{"embeddable":true,"href":"https:\/\/www.funiber.blog\/pt\/wp-json\/wp\/v2\/comments?post=10252"}],"version-history":[{"count":1,"href":"https:\/\/www.funiber.blog\/pt\/wp-json\/wp\/v2\/posts\/10252\/revisions"}],"predecessor-version":[{"id":10254,"href":"https:\/\/www.funiber.blog\/pt\/wp-json\/wp\/v2\/posts\/10252\/revisions\/10254"}],"wp:featuredmedia":[{"embeddable":true,"href":"https:\/\/www.funiber.blog\/pt\/wp-json\/wp\/v2\/media\/10253"}],"wp:attachment":[{"href":"https:\/\/www.funiber.blog\/pt\/wp-json\/wp\/v2\/media?parent=10252"}],"wp:term":[{"taxonomy":"category","embeddable":true,"href":"https:\/\/www.funiber.blog\/pt\/wp-json\/wp\/v2\/categories?post=10252"},{"taxonomy":"post_tag","embeddable":true,"href":"https:\/\/www.funiber.blog\/pt\/wp-json\/wp\/v2\/tags?post=10252"}],"curies":[{"name":"wp","href":"https:\/\/api.w.org\/{rel}","templated":true}]}}