{"id":10306,"date":"2016-05-30T10:57:29","date_gmt":"2016-05-30T10:57:29","guid":{"rendered":"http:\/\/blogs.funiber.org\/pt\/?p=10306"},"modified":"2016-05-30T10:57:29","modified_gmt":"2016-05-30T10:57:29","slug":"funiber-plasticos-biodegradaveis","status":"publish","type":"post","link":"https:\/\/www.funiber.blog\/pt\/meio-ambiente\/2016\/05\/30\/funiber-plasticos-biodegradaveis","title":{"rendered":"Pl\u00e1sticos biodegrad\u00e1veis n\u00e3o se descomp\u00f5em no oceano"},"content":{"rendered":"<h2>S\u00e3o necess\u00e1rias novas estrat\u00e9gias para tratar os pl\u00e1sticos biodegrad\u00e1veis<\/h2>\n<p>No \u00faltimo dia 23 de maio, realizou-se em Nair\u00f3bi a Assembleia Ambiental Global do\u00a0<a href=\"http:\/\/www.pnuma.org\/informacion\/comunicados\/2016\/20160519b\/index.php\">Programa das Na\u00e7\u00f5es Unidas para o Meio Ambiente (pnuma.org)<\/a>. Durante a reuni\u00e3o, anunciou-se a publica\u00e7\u00e3o do estudo \u201c<a href=\"http:\/\/www.unep.org\/about\/sgb\/Portals\/50153\/UNEA\/Marine%20Plastic%20Debris%20and%20Microplastic%20Technical%20Report%20Advance%20Copy.pdf\">Marine plastic Debris and Microplastic<\/a>\u201d, um documento de 192 p\u00e1ginas no qual se faz uma an\u00e1lise do impacto da polui\u00e7\u00e3o por pl\u00e1stico no planeta, sendo de especial interesse a informa\u00e7\u00e3o que proporcionam sobre os pl\u00e1sticos biodegrad\u00e1veis.<!--more--><\/p>\n<p>\u00c9 necess\u00e1rio que a humanidade <strong>adote uma nova estrat\u00e9gia para o tratamento de pl\u00e1sticos, pois se converteram em um dos elementos mais poluentes no planeta,<\/strong> at\u00e9 o ponto de gerar um \u201c<a href=\"http:\/\/www.abc.es\/20120509\/ciencia\/abci-continente-plastico-pacifico-crece-201205091040.html\">continente de pl\u00e1stico<\/a>\u201d no Pac\u00edfico, um bloco de lixo que flutua no oceano e cresceu cem vezes nos \u00faltimos quarenta anos, de acordo com os relat\u00f3rios da imprensa.<\/p>\n<p>No estudo publicado pela ONU, realiza-se uma an\u00e1lise dos diferentes tipos de pl\u00e1sticos e faz-se uma avalia\u00e7\u00e3o na qual se indica o r\u00e1pido crescimento que a polui\u00e7\u00e3o por pl\u00e1stico teve nas \u00faltimas d\u00e9cadas, sendo <strong>o oceano um dos ecossistemas mais afetados pela polui\u00e7\u00e3o gerada por diversos objetos pl\u00e1sticos<\/strong> que englobam desde sacolas de supermercado, garrafas e brinquedos, at\u00e9 pequenas tampas de refrigerantes.<\/p>\n<p>O problema com os pl\u00e1sticos biodegrad\u00e1veis \u00e9 que, em grande escala, animam os consumidores a utilizar objetos fabricados com esse material, sob a promessa de que o material se desintegrar\u00e1 em pequenas part\u00edculas ao expor-se ao ambiente, mas Jaqueline McGlade, chefe de cientistas do Programa Ambiental das Na\u00e7\u00f5es Unidas, explicou ao The Guardian que \u201c\u00e9 um conceito bem intencionado, mas err\u00f4neo. <strong>Muitos pl\u00e1sticos rotulados como biodegrad\u00e1veis, como as sacolas de compras, apenas se desintegrar\u00e3o em condi\u00e7\u00f5es ambientais que superem os 50 \u00b0C, e essas condi\u00e7\u00f5es n\u00e3o se encontram no oceano\u201c. Al\u00e9m disso, a especialista indicou que os pl\u00e1sticos n\u00e3o costumam flutuar, portanto, n\u00e3o est\u00e3o expostos aos raios UV para desintegrar-se.<\/strong><\/p>\n<p>O estudo indica na p\u00e1gina XL do resumo executivo que <strong>\u201cos pl\u00e1sticos rotulados como \u2018biodegrad\u00e1veis\u2019 n\u00e3o se desintegram com facilidade no oceano\u201d. <\/strong>As condi\u00e7\u00f5es requeridas pelos pl\u00e1sticos biodegrad\u00e1veis para sua desintegra\u00e7\u00e3o produzem-se raras vezes na natureza, especialmente em ambientes mais frios, como o oceano.<\/p>\n<p>\u00c9 necess\u00e1rio identificar estrat\u00e9gias mais efetivas para o tratamento de pl\u00e1sticos e evitar que a contamina\u00e7\u00e3o no planeta siga aumentando, principalmente em \u00e1reas t\u00e3o sens\u00edveis como os oceanos. Os estudantes da \u00e1rea\u00a0<a href=\"http:\/\/www.funiber.org.br\/areas-de-conhecimento\/meio-ambiente-e-desenvolvimento-sustentavel\/\" target=\"_blank\">Ambiental<\/a>\u00a0da\u00a0<strong><a href=\"http:\/\/www.funiber.org.br\/\" target=\"_blank\">FUNIBER<\/a><\/strong>\u00a0podem tra\u00e7ar propostas para o tratamento de pl\u00e1sticos e para evitar que estes poluentes cheguem aos oceanos.<\/p>\n<p>Fonte:\u00a0<a href=\"http:\/\/www.unep.org\/about\/sgb\/Portals\/50153\/UNEA\/Marine%20Plastic%20Debris%20and%20Microplastic%20Technical%20Report%20Advance%20Copy.pdf\">Estudio UNEP<\/a>,\u00a0<a href=\"http:\/\/www.theguardian.com\/environment\/2016\/may\/23\/biodegradable-plastic-false-solution-for-ocean-waste-problem?CMP=share_btn_tw\">The Guardian<\/a><\/p>\n<p>Foto Creative Commons:\u00a0\u00a0<a href=\"https:\/\/www.flickr.com\/photos\/usfwshq\/\">USFWS Headquarters<\/a><\/p>\n","protected":false},"excerpt":{"rendered":"<p>S\u00e3o necess\u00e1rias novas estrat\u00e9gias para tratar os pl\u00e1sticos biodegrad\u00e1veis No \u00faltimo dia 23 de maio, realizou-se em Nair\u00f3bi a Assembleia Ambiental Global do\u00a0Programa das Na\u00e7\u00f5es Unidas para o Meio Ambiente (pnuma.org). Durante a reuni\u00e3o, anunciou-se a publica\u00e7\u00e3o do estudo \u201cMarine plastic Debris and Microplastic\u201d, um documento de 192 p\u00e1ginas no qual se faz uma an\u00e1lise [&hellip;]<\/p>\n","protected":false},"author":10,"featured_media":10308,"comment_status":"closed","ping_status":"closed","sticky":false,"template":"","format":"standard","meta":{"jetpack_post_was_ever_published":false,"_jetpack_newsletter_access":"","_jetpack_newsletter_tier_id":0,"footnotes":"","jetpack_publicize_message":"","jetpack_is_tweetstorm":false,"jetpack_publicize_feature_enabled":true,"jetpack_social_post_already_shared":true,"jetpack_social_options":{"image_generator_settings":{"template":"highway","enabled":false}}},"categories":[2],"tags":[1455,213,228,285,408,94,248,911,835,95,641,255,1454,92,150],"jetpack_publicize_connections":[],"yoast_head":"<!-- This site is optimized with the Yoast SEO plugin v21.7 - https:\/\/yoast.com\/wordpress\/plugins\/seo\/ -->\n<title>Pl\u00e1sticos biodegrad\u00e1veis n\u00e3o se descomp\u00f5em no oceano<\/title>\n<meta name=\"description\" content=\"S\u00e3o necess\u00e1rias novas estrat\u00e9gias para tratar os pl\u00e1sticos biodegrad\u00e1veis que carecem de solu\u00e7\u00f5es para proteger o meio ambiente\" \/>\n<meta name=\"robots\" content=\"noindex, nofollow\" \/>\n<meta property=\"og:locale\" content=\"pt_BR\" \/>\n<meta property=\"og:type\" content=\"article\" \/>\n<meta property=\"og:title\" content=\"Pl\u00e1sticos biodegrad\u00e1veis n\u00e3o se descomp\u00f5em no oceano\" \/>\n<meta property=\"og:description\" content=\"S\u00e3o necess\u00e1rias novas estrat\u00e9gias para tratar os pl\u00e1sticos biodegrad\u00e1veis que carecem de solu\u00e7\u00f5es para proteger o meio ambiente\" \/>\n<meta property=\"og:url\" content=\"https:\/\/blogs.funiber.org\/pt\/meio-ambiente\/2016\/05\/30\/funiber-plasticos-biodegradaveis\" \/>\n<meta property=\"og:site_name\" content=\"FuniBlogs - FUNIBER\" \/>\n<meta property=\"article:publisher\" content=\"https:\/\/www.facebook.com\/funiber\" \/>\n<meta property=\"article:published_time\" content=\"2016-05-30T10:57:29+00:00\" \/>\n<meta property=\"og:image\" content=\"https:\/\/blogs.funiber.org\/pt\/wp-content\/uploads\/2016\/05\/funiber-biodegradables-plastico.jpg\" \/>\n\t<meta property=\"og:image:width\" content=\"500\" \/>\n\t<meta property=\"og:image:height\" content=\"332\" \/>\n\t<meta property=\"og:image:type\" content=\"image\/jpeg\" \/>\n<meta name=\"author\" content=\"Michelle\" \/>\n<meta name=\"twitter:card\" content=\"summary_large_image\" \/>\n<meta name=\"twitter:creator\" content=\"@FUNIBER\" \/>\n<meta name=\"twitter:site\" content=\"@FUNIBER\" \/>\n<meta name=\"twitter:label1\" content=\"Escrito por\" \/>\n\t<meta name=\"twitter:data1\" content=\"Michelle\" \/>\n\t<meta name=\"twitter:label2\" content=\"Est. tempo de leitura\" \/>\n\t<meta name=\"twitter:data2\" content=\"2 minutos\" \/>\n<script type=\"application\/ld+json\" class=\"yoast-schema-graph\">{\"@context\":\"https:\/\/schema.org\",\"@graph\":[{\"@type\":\"Article\",\"@id\":\"https:\/\/blogs.funiber.org\/pt\/meio-ambiente\/2016\/05\/30\/funiber-plasticos-biodegradaveis#article\",\"isPartOf\":{\"@id\":\"https:\/\/blogs.funiber.org\/pt\/meio-ambiente\/2016\/05\/30\/funiber-plasticos-biodegradaveis\"},\"author\":{\"name\":\"Michelle\",\"@id\":\"https:\/\/blogs.funiber.org\/pt\/#\/schema\/person\/a1eaaa5e57eac866a8c5946946bcf80d\"},\"headline\":\"Pl\u00e1sticos biodegrad\u00e1veis n\u00e3o se descomp\u00f5em no oceano\",\"datePublished\":\"2016-05-30T10:57:29+00:00\",\"dateModified\":\"2016-05-30T10:57:29+00:00\",\"mainEntityOfPage\":{\"@id\":\"https:\/\/blogs.funiber.org\/pt\/meio-ambiente\/2016\/05\/30\/funiber-plasticos-biodegradaveis\"},\"wordCount\":481,\"publisher\":{\"@id\":\"https:\/\/blogs.funiber.org\/pt\/#organization\"},\"keywords\":[\"Aquecimento\",\"Conserva\u00e7\u00e3o\",\"Cuidados\",\"Educa\u00e7\u00e3o\",\"Educa\u00e7\u00e3o a Dist\u00e2ncia\",\"energia Limpa\",\"Funiber\",\"FUNIBER Opini\u00f5es\",\"Meio Ambiente\",\"Oceanos\",\"Opini\u00e3o FUNIBER\",\"Opini\u00f5es Funiber\",\"Pl\u00e1sticos Biodegrad\u00e1veis\",\"Polui\u00e7\u00e3o\",\"Reciclagem\"],\"articleSection\":[\"Meio Ambiente\"],\"inLanguage\":\"pt-BR\"},{\"@type\":\"WebPage\",\"@id\":\"https:\/\/blogs.funiber.org\/pt\/meio-ambiente\/2016\/05\/30\/funiber-plasticos-biodegradaveis\",\"url\":\"https:\/\/blogs.funiber.org\/pt\/meio-ambiente\/2016\/05\/30\/funiber-plasticos-biodegradaveis\",\"name\":\"Pl\u00e1sticos biodegrad\u00e1veis n\u00e3o se descomp\u00f5em no oceano\",\"isPartOf\":{\"@id\":\"https:\/\/blogs.funiber.org\/pt\/#website\"},\"datePublished\":\"2016-05-30T10:57:29+00:00\",\"dateModified\":\"2016-05-30T10:57:29+00:00\",\"description\":\"S\u00e3o necess\u00e1rias novas estrat\u00e9gias para tratar os pl\u00e1sticos biodegrad\u00e1veis que carecem de solu\u00e7\u00f5es para proteger o meio ambiente\",\"breadcrumb\":{\"@id\":\"https:\/\/blogs.funiber.org\/pt\/meio-ambiente\/2016\/05\/30\/funiber-plasticos-biodegradaveis#breadcrumb\"},\"inLanguage\":\"pt-BR\",\"potentialAction\":[{\"@type\":\"ReadAction\",\"target\":[\"https:\/\/blogs.funiber.org\/pt\/meio-ambiente\/2016\/05\/30\/funiber-plasticos-biodegradaveis\"]}]},{\"@type\":\"BreadcrumbList\",\"@id\":\"https:\/\/blogs.funiber.org\/pt\/meio-ambiente\/2016\/05\/30\/funiber-plasticos-biodegradaveis#breadcrumb\",\"itemListElement\":[{\"@type\":\"ListItem\",\"position\":1,\"name\":\"In\u00edcio\",\"item\":\"https:\/\/blogs.funiber.org\/pt\"},{\"@type\":\"ListItem\",\"position\":2,\"name\":\"Pl\u00e1sticos biodegrad\u00e1veis n\u00e3o se descomp\u00f5em no oceano\"}]},{\"@type\":\"WebSite\",\"@id\":\"https:\/\/blogs.funiber.org\/pt\/#website\",\"url\":\"https:\/\/blogs.funiber.org\/pt\/\",\"name\":\"FuniBlogs - FUNIBER\",\"description\":\"\",\"publisher\":{\"@id\":\"https:\/\/blogs.funiber.org\/pt\/#organization\"},\"potentialAction\":[{\"@type\":\"SearchAction\",\"target\":{\"@type\":\"EntryPoint\",\"urlTemplate\":\"https:\/\/blogs.funiber.org\/pt\/?s={search_term_string}\"},\"query-input\":\"required name=search_term_string\"}],\"inLanguage\":\"pt-BR\"},{\"@type\":\"Organization\",\"@id\":\"https:\/\/blogs.funiber.org\/pt\/#organization\",\"name\":\"FuniBlogs - FUNIBER\",\"url\":\"https:\/\/blogs.funiber.org\/pt\/\",\"logo\":{\"@type\":\"ImageObject\",\"inLanguage\":\"pt-BR\",\"@id\":\"https:\/\/blogs.funiber.org\/pt\/#\/schema\/logo\/image\/\",\"url\":\"https:\/\/www.funiber.blog\/pt\/wp-content\/uploads\/2022\/02\/logo-funiber-pt-br-v-dos.svg\",\"contentUrl\":\"https:\/\/www.funiber.blog\/pt\/wp-content\/uploads\/2022\/02\/logo-funiber-pt-br-v-dos.svg\",\"width\":1,\"height\":1,\"caption\":\"FuniBlogs - FUNIBER\"},\"image\":{\"@id\":\"https:\/\/blogs.funiber.org\/pt\/#\/schema\/logo\/image\/\"},\"sameAs\":[\"https:\/\/www.facebook.com\/funiber\",\"https:\/\/twitter.com\/FUNIBER\",\"https:\/\/www.instagram.com\/funiber_becas\",\"https:\/\/www.youtube.com\/user\/funiber\",\"https:\/\/www.linkedin.com\/company\/funiber\"]},{\"@type\":\"Person\",\"@id\":\"https:\/\/blogs.funiber.org\/pt\/#\/schema\/person\/a1eaaa5e57eac866a8c5946946bcf80d\",\"name\":\"Michelle\",\"image\":{\"@type\":\"ImageObject\",\"inLanguage\":\"pt-BR\",\"@id\":\"https:\/\/blogs.funiber.org\/pt\/#\/schema\/person\/image\/\",\"url\":\"https:\/\/secure.gravatar.com\/avatar\/5e87041f7609dc50493cf216754fece1?s=96&d=mm&r=g\",\"contentUrl\":\"https:\/\/secure.gravatar.com\/avatar\/5e87041f7609dc50493cf216754fece1?s=96&d=mm&r=g\",\"caption\":\"Michelle\"},\"url\":\"https:\/\/www.funiber.blog\/pt\/author\/michelle-moreira\"}]}<\/script>\n<!-- \/ Yoast SEO plugin. -->","yoast_head_json":{"title":"Pl\u00e1sticos biodegrad\u00e1veis n\u00e3o se descomp\u00f5em no oceano","description":"S\u00e3o necess\u00e1rias novas estrat\u00e9gias para tratar os pl\u00e1sticos biodegrad\u00e1veis que carecem de solu\u00e7\u00f5es para proteger o meio ambiente","robots":{"index":"noindex","follow":"nofollow"},"og_locale":"pt_BR","og_type":"article","og_title":"Pl\u00e1sticos biodegrad\u00e1veis n\u00e3o se descomp\u00f5em no oceano","og_description":"S\u00e3o necess\u00e1rias novas estrat\u00e9gias para tratar os pl\u00e1sticos biodegrad\u00e1veis que carecem de solu\u00e7\u00f5es para proteger o meio ambiente","og_url":"https:\/\/blogs.funiber.org\/pt\/meio-ambiente\/2016\/05\/30\/funiber-plasticos-biodegradaveis","og_site_name":"FuniBlogs - FUNIBER","article_publisher":"https:\/\/www.facebook.com\/funiber","article_published_time":"2016-05-30T10:57:29+00:00","og_image":[{"width":500,"height":332,"url":"https:\/\/blogs.funiber.org\/pt\/wp-content\/uploads\/2016\/05\/funiber-biodegradables-plastico.jpg","type":"image\/jpeg"}],"author":"Michelle","twitter_card":"summary_large_image","twitter_creator":"@FUNIBER","twitter_site":"@FUNIBER","twitter_misc":{"Escrito por":"Michelle","Est. tempo de leitura":"2 minutos"},"schema":{"@context":"https:\/\/schema.org","@graph":[{"@type":"Article","@id":"https:\/\/blogs.funiber.org\/pt\/meio-ambiente\/2016\/05\/30\/funiber-plasticos-biodegradaveis#article","isPartOf":{"@id":"https:\/\/blogs.funiber.org\/pt\/meio-ambiente\/2016\/05\/30\/funiber-plasticos-biodegradaveis"},"author":{"name":"Michelle","@id":"https:\/\/blogs.funiber.org\/pt\/#\/schema\/person\/a1eaaa5e57eac866a8c5946946bcf80d"},"headline":"Pl\u00e1sticos biodegrad\u00e1veis n\u00e3o se descomp\u00f5em no oceano","datePublished":"2016-05-30T10:57:29+00:00","dateModified":"2016-05-30T10:57:29+00:00","mainEntityOfPage":{"@id":"https:\/\/blogs.funiber.org\/pt\/meio-ambiente\/2016\/05\/30\/funiber-plasticos-biodegradaveis"},"wordCount":481,"publisher":{"@id":"https:\/\/blogs.funiber.org\/pt\/#organization"},"keywords":["Aquecimento","Conserva\u00e7\u00e3o","Cuidados","Educa\u00e7\u00e3o","Educa\u00e7\u00e3o a Dist\u00e2ncia","energia Limpa","Funiber","FUNIBER Opini\u00f5es","Meio Ambiente","Oceanos","Opini\u00e3o FUNIBER","Opini\u00f5es Funiber","Pl\u00e1sticos Biodegrad\u00e1veis","Polui\u00e7\u00e3o","Reciclagem"],"articleSection":["Meio Ambiente"],"inLanguage":"pt-BR"},{"@type":"WebPage","@id":"https:\/\/blogs.funiber.org\/pt\/meio-ambiente\/2016\/05\/30\/funiber-plasticos-biodegradaveis","url":"https:\/\/blogs.funiber.org\/pt\/meio-ambiente\/2016\/05\/30\/funiber-plasticos-biodegradaveis","name":"Pl\u00e1sticos biodegrad\u00e1veis n\u00e3o se descomp\u00f5em no oceano","isPartOf":{"@id":"https:\/\/blogs.funiber.org\/pt\/#website"},"datePublished":"2016-05-30T10:57:29+00:00","dateModified":"2016-05-30T10:57:29+00:00","description":"S\u00e3o necess\u00e1rias novas estrat\u00e9gias para tratar os pl\u00e1sticos biodegrad\u00e1veis que carecem de solu\u00e7\u00f5es para proteger o meio ambiente","breadcrumb":{"@id":"https:\/\/blogs.funiber.org\/pt\/meio-ambiente\/2016\/05\/30\/funiber-plasticos-biodegradaveis#breadcrumb"},"inLanguage":"pt-BR","potentialAction":[{"@type":"ReadAction","target":["https:\/\/blogs.funiber.org\/pt\/meio-ambiente\/2016\/05\/30\/funiber-plasticos-biodegradaveis"]}]},{"@type":"BreadcrumbList","@id":"https:\/\/blogs.funiber.org\/pt\/meio-ambiente\/2016\/05\/30\/funiber-plasticos-biodegradaveis#breadcrumb","itemListElement":[{"@type":"ListItem","position":1,"name":"In\u00edcio","item":"https:\/\/blogs.funiber.org\/pt"},{"@type":"ListItem","position":2,"name":"Pl\u00e1sticos biodegrad\u00e1veis n\u00e3o se descomp\u00f5em no oceano"}]},{"@type":"WebSite","@id":"https:\/\/blogs.funiber.org\/pt\/#website","url":"https:\/\/blogs.funiber.org\/pt\/","name":"FuniBlogs - FUNIBER","description":"","publisher":{"@id":"https:\/\/blogs.funiber.org\/pt\/#organization"},"potentialAction":[{"@type":"SearchAction","target":{"@type":"EntryPoint","urlTemplate":"https:\/\/blogs.funiber.org\/pt\/?s={search_term_string}"},"query-input":"required name=search_term_string"}],"inLanguage":"pt-BR"},{"@type":"Organization","@id":"https:\/\/blogs.funiber.org\/pt\/#organization","name":"FuniBlogs - FUNIBER","url":"https:\/\/blogs.funiber.org\/pt\/","logo":{"@type":"ImageObject","inLanguage":"pt-BR","@id":"https:\/\/blogs.funiber.org\/pt\/#\/schema\/logo\/image\/","url":"https:\/\/www.funiber.blog\/pt\/wp-content\/uploads\/2022\/02\/logo-funiber-pt-br-v-dos.svg","contentUrl":"https:\/\/www.funiber.blog\/pt\/wp-content\/uploads\/2022\/02\/logo-funiber-pt-br-v-dos.svg","width":1,"height":1,"caption":"FuniBlogs - FUNIBER"},"image":{"@id":"https:\/\/blogs.funiber.org\/pt\/#\/schema\/logo\/image\/"},"sameAs":["https:\/\/www.facebook.com\/funiber","https:\/\/twitter.com\/FUNIBER","https:\/\/www.instagram.com\/funiber_becas","https:\/\/www.youtube.com\/user\/funiber","https:\/\/www.linkedin.com\/company\/funiber"]},{"@type":"Person","@id":"https:\/\/blogs.funiber.org\/pt\/#\/schema\/person\/a1eaaa5e57eac866a8c5946946bcf80d","name":"Michelle","image":{"@type":"ImageObject","inLanguage":"pt-BR","@id":"https:\/\/blogs.funiber.org\/pt\/#\/schema\/person\/image\/","url":"https:\/\/secure.gravatar.com\/avatar\/5e87041f7609dc50493cf216754fece1?s=96&d=mm&r=g","contentUrl":"https:\/\/secure.gravatar.com\/avatar\/5e87041f7609dc50493cf216754fece1?s=96&d=mm&r=g","caption":"Michelle"},"url":"https:\/\/www.funiber.blog\/pt\/author\/michelle-moreira"}]}},"jetpack_featured_media_url":"https:\/\/www.funiber.blog\/pt\/wp-content\/uploads\/2016\/05\/funiber-biodegradables-plastico.jpg","jetpack_shortlink":"https:\/\/wp.me\/p7ee1t-2Ge","jetpack_sharing_enabled":true,"_links":{"self":[{"href":"https:\/\/www.funiber.blog\/pt\/wp-json\/wp\/v2\/posts\/10306"}],"collection":[{"href":"https:\/\/www.funiber.blog\/pt\/wp-json\/wp\/v2\/posts"}],"about":[{"href":"https:\/\/www.funiber.blog\/pt\/wp-json\/wp\/v2\/types\/post"}],"author":[{"embeddable":true,"href":"https:\/\/www.funiber.blog\/pt\/wp-json\/wp\/v2\/users\/10"}],"replies":[{"embeddable":true,"href":"https:\/\/www.funiber.blog\/pt\/wp-json\/wp\/v2\/comments?post=10306"}],"version-history":[{"count":1,"href":"https:\/\/www.funiber.blog\/pt\/wp-json\/wp\/v2\/posts\/10306\/revisions"}],"predecessor-version":[{"id":10307,"href":"https:\/\/www.funiber.blog\/pt\/wp-json\/wp\/v2\/posts\/10306\/revisions\/10307"}],"wp:featuredmedia":[{"embeddable":true,"href":"https:\/\/www.funiber.blog\/pt\/wp-json\/wp\/v2\/media\/10308"}],"wp:attachment":[{"href":"https:\/\/www.funiber.blog\/pt\/wp-json\/wp\/v2\/media?parent=10306"}],"wp:term":[{"taxonomy":"category","embeddable":true,"href":"https:\/\/www.funiber.blog\/pt\/wp-json\/wp\/v2\/categories?post=10306"},{"taxonomy":"post_tag","embeddable":true,"href":"https:\/\/www.funiber.blog\/pt\/wp-json\/wp\/v2\/tags?post=10306"}],"curies":[{"name":"wp","href":"https:\/\/api.w.org\/{rel}","templated":true}]}}