{"id":10389,"date":"2016-06-10T12:56:22","date_gmt":"2016-06-10T12:56:22","guid":{"rendered":"http:\/\/blogs.funiber.org\/pt\/?p=10389"},"modified":"2016-06-10T12:58:30","modified_gmt":"2016-06-10T12:58:30","slug":"funiber-mercado-laboral-2","status":"publish","type":"post","link":"https:\/\/www.funiber.blog\/pt\/tecnologias-tic\/2016\/06\/10\/funiber-mercado-laboral-2","title":{"rendered":"O mercado laboral de TI nos Estados Unidos"},"content":{"rendered":"<h2>Mercado laboral na \u00e1rea de TI mostra sinais de baixo crescimento nos Estados Unidos. Na Am\u00e9rica Latina, a previs\u00e3o \u00e9 mais otimista.<\/h2>\n<p>Ao contr\u00e1rio do que ocorre na Am\u00e9rica Latina, o crescimento de empregos na \u00e1rea de TI nos Estados Unidos parece haver estagnado. Segundo uma an\u00e1lise do mercado laboral do setor, desenvolvido pela consultoria<a href=\"http:\/\/www.e-janco.com\/\" target=\"_blank\"> Janco Associates Inc<\/a>., o n\u00famero de empregos em TI continua com crescimento baixo em cinco anos consecutivos.<!--more--><\/p>\n<p>No m\u00eas de abril, foram contratados 3,8 mil profissionais de TI. No ano passado, neste mesmo per\u00edodo, 16 mil postos de trabalho foram ocupados. Segundo os dados do estudo, foram criados at\u00e9 maio, 23,7 mil empregos em TI, menos da metade que o ano anterior (49,9 mil vagas). A previs\u00e3o \u00e9 que at\u00e9 o fim do ano, <strong>os EUA alcancem um total 87,7 mil novos empregos<\/strong> ocupados, 24,8 mil menos que em 2015.<\/p>\n<p>Segundo a an\u00e1lise do chefe-executivo da Janco, Victor Janulaitis, os cortes das empresas na \u00e1rea de TI \u00e9 o que afeta principalmente este crescimento baixo. Aliado \u00e0s incertezas econ\u00f4micas, a expectativa \u00e9 que o cen\u00e1rio continue lento pelo segundo semestre de 2016. Para ele, as empresas est\u00e3o cortando gastos e os investimentos em TI est\u00e3o direcionados aos treinamentos e capacita\u00e7\u00e3o, atualiza\u00e7\u00f5es de software e hardware em vez de capital humano.<\/p>\n<p><strong>Na Am\u00e9rica Latina<\/strong><\/p>\n<p>Conforme dados revelados pela consultoria<a href=\"https:\/\/www.idc.com\/\" target=\"_blank\"> International Data Corporation \u00a0(IDC)<\/a> no in\u00edcio do ano, a previs\u00e3o \u00e9 de <strong>crescimento de 2,6% no Brasil e 3,3% na Am\u00e9rica Latina<\/strong>. A expectativa \u00e9 que haja um aumento de 30% do volume trabalhadores contratados at\u00e9 o final de 2016 no Brasil. O segmento brasileiro de TI pode ficar bem acima do PIB do pa\u00eds e deve terminar este ano como o sexto setor com mais investimentos, com expectativa de chegar a US$ 165,6 bilh\u00f5es, 5% mais que no ano passado. A \u00e1rea ocupa mais de 1,3 milh\u00e3o de pessoas.<\/p>\n<p>A forma\u00e7\u00e3o cont\u00ednua permite o profissional da \u00e1rea de <a href=\"http:\/\/www.funiber.org.br\/areas-de-conhecimento\/tecnologias-da-informacao\/\" target=\"_blank\">TI <\/a>atuar no setor. A <a href=\"http:\/\/www.funiber.org.br\" target=\"_blank\">FUNIBER <\/a>patrocina cursos de especializa\u00e7\u00e3o para uma atualiza\u00e7\u00e3o constante.<\/p>\n<p>Fontes: <a href=\"http:\/\/fnbr.es\/30a\">http:\/\/fnbr.es\/30a<\/a>, <a href=\"http:\/\/fnbr.es\/30b\">http:\/\/fnbr.es\/30b<\/a>, <a href=\"http:\/\/fnbr.es\/30c\">http:\/\/fnbr.es\/30c<\/a><\/p>\n<p>Foto: Todos os direitos reservados<\/p>\n","protected":false},"excerpt":{"rendered":"<p>Mercado laboral na \u00e1rea de TI mostra sinais de baixo crescimento nos Estados Unidos. Na Am\u00e9rica Latina, a previs\u00e3o \u00e9 mais otimista. Ao contr\u00e1rio do que ocorre na Am\u00e9rica Latina, o crescimento de empregos na \u00e1rea de TI nos Estados Unidos parece haver estagnado. Segundo uma an\u00e1lise do mercado laboral do setor, desenvolvido pela consultoria [&hellip;]<\/p>\n","protected":false},"author":10,"featured_media":10390,"comment_status":"closed","ping_status":"closed","sticky":false,"template":"","format":"standard","meta":{"jetpack_post_was_ever_published":false,"_jetpack_newsletter_access":"","_jetpack_newsletter_tier_id":0,"footnotes":"","jetpack_publicize_message":"","jetpack_is_tweetstorm":false,"jetpack_publicize_feature_enabled":true,"jetpack_social_post_already_shared":true,"jetpack_social_options":{"image_generator_settings":{"template":"highway","enabled":false}}},"categories":[6],"tags":[663,285,408,119,248,911,671,641,255,642,26,51],"jetpack_publicize_connections":[],"yoast_head":"<!-- This site is optimized with the Yoast SEO plugin v21.7 - https:\/\/yoast.com\/wordpress\/plugins\/seo\/ -->\n<title>Mercado laboral de TI nos Estados Unidos<\/title>\n<meta name=\"description\" content=\"Mercado laboral na \u00e1rea de TI mostra sinais de baixo crescimento nos Estados Unidos. Na Am\u00e9rica Latina, a previs\u00e3o \u00e9 mais otimista.\" \/>\n<meta name=\"robots\" content=\"index, follow, max-snippet:-1, max-image-preview:large, max-video-preview:-1\" \/>\n<link rel=\"canonical\" href=\"https:\/\/blogs.funiber.org\/pt\/tecnologias-tic\/2016\/06\/10\/funiber-mercado-laboral-2\" \/>\n<meta property=\"og:locale\" content=\"pt_BR\" \/>\n<meta property=\"og:type\" content=\"article\" \/>\n<meta property=\"og:title\" content=\"Mercado laboral de TI nos Estados Unidos\" \/>\n<meta property=\"og:description\" content=\"Mercado laboral na \u00e1rea de TI mostra sinais de baixo crescimento nos Estados Unidos. Na Am\u00e9rica Latina, a previs\u00e3o \u00e9 mais otimista.\" \/>\n<meta property=\"og:url\" content=\"https:\/\/blogs.funiber.org\/pt\/tecnologias-tic\/2016\/06\/10\/funiber-mercado-laboral-2\" \/>\n<meta property=\"og:site_name\" content=\"FuniBlogs - FUNIBER\" \/>\n<meta property=\"article:publisher\" content=\"https:\/\/www.facebook.com\/funiber\" \/>\n<meta property=\"article:published_time\" content=\"2016-06-10T12:56:22+00:00\" \/>\n<meta property=\"article:modified_time\" content=\"2016-06-10T12:58:30+00:00\" \/>\n<meta property=\"og:image\" content=\"https:\/\/blogs.funiber.org\/pt\/wp-content\/uploads\/2016\/06\/iStock_000077392727_pequeno.jpg\" \/>\n\t<meta property=\"og:image:width\" content=\"700\" \/>\n\t<meta property=\"og:image:height\" content=\"467\" \/>\n\t<meta property=\"og:image:type\" content=\"image\/jpeg\" \/>\n<meta name=\"author\" content=\"Michelle\" \/>\n<meta name=\"twitter:card\" content=\"summary_large_image\" \/>\n<meta name=\"twitter:creator\" content=\"@FUNIBER\" \/>\n<meta name=\"twitter:site\" content=\"@FUNIBER\" \/>\n<meta name=\"twitter:label1\" content=\"Escrito por\" \/>\n\t<meta name=\"twitter:data1\" content=\"Michelle\" \/>\n\t<meta name=\"twitter:label2\" content=\"Est. tempo de leitura\" \/>\n\t<meta name=\"twitter:data2\" content=\"2 minutos\" \/>\n<script type=\"application\/ld+json\" class=\"yoast-schema-graph\">{\"@context\":\"https:\/\/schema.org\",\"@graph\":[{\"@type\":\"Article\",\"@id\":\"https:\/\/blogs.funiber.org\/pt\/tecnologias-tic\/2016\/06\/10\/funiber-mercado-laboral-2#article\",\"isPartOf\":{\"@id\":\"https:\/\/blogs.funiber.org\/pt\/tecnologias-tic\/2016\/06\/10\/funiber-mercado-laboral-2\"},\"author\":{\"name\":\"Michelle\",\"@id\":\"https:\/\/blogs.funiber.org\/pt\/#\/schema\/person\/a1eaaa5e57eac866a8c5946946bcf80d\"},\"headline\":\"O mercado laboral de TI nos Estados Unidos\",\"datePublished\":\"2016-06-10T12:56:22+00:00\",\"dateModified\":\"2016-06-10T12:58:30+00:00\",\"mainEntityOfPage\":{\"@id\":\"https:\/\/blogs.funiber.org\/pt\/tecnologias-tic\/2016\/06\/10\/funiber-mercado-laboral-2\"},\"wordCount\":368,\"publisher\":{\"@id\":\"https:\/\/blogs.funiber.org\/pt\/#organization\"},\"keywords\":[\"Alunos FUNIBER\",\"Educa\u00e7\u00e3o\",\"Educa\u00e7\u00e3o a Dist\u00e2ncia\",\"Estudos\",\"Funiber\",\"FUNIBER Opini\u00f5es\",\"mestrado\",\"Opini\u00e3o FUNIBER\",\"Opini\u00f5es Funiber\",\"Professores\",\"tecnologia\",\"TI\"],\"articleSection\":[\"Tecnologias TIC\"],\"inLanguage\":\"pt-BR\"},{\"@type\":\"WebPage\",\"@id\":\"https:\/\/blogs.funiber.org\/pt\/tecnologias-tic\/2016\/06\/10\/funiber-mercado-laboral-2\",\"url\":\"https:\/\/blogs.funiber.org\/pt\/tecnologias-tic\/2016\/06\/10\/funiber-mercado-laboral-2\",\"name\":\"Mercado laboral de TI nos Estados Unidos\",\"isPartOf\":{\"@id\":\"https:\/\/blogs.funiber.org\/pt\/#website\"},\"datePublished\":\"2016-06-10T12:56:22+00:00\",\"dateModified\":\"2016-06-10T12:58:30+00:00\",\"description\":\"Mercado laboral na \u00e1rea de TI mostra sinais de baixo crescimento nos Estados Unidos. Na Am\u00e9rica Latina, a previs\u00e3o \u00e9 mais otimista.\",\"breadcrumb\":{\"@id\":\"https:\/\/blogs.funiber.org\/pt\/tecnologias-tic\/2016\/06\/10\/funiber-mercado-laboral-2#breadcrumb\"},\"inLanguage\":\"pt-BR\",\"potentialAction\":[{\"@type\":\"ReadAction\",\"target\":[\"https:\/\/blogs.funiber.org\/pt\/tecnologias-tic\/2016\/06\/10\/funiber-mercado-laboral-2\"]}]},{\"@type\":\"BreadcrumbList\",\"@id\":\"https:\/\/blogs.funiber.org\/pt\/tecnologias-tic\/2016\/06\/10\/funiber-mercado-laboral-2#breadcrumb\",\"itemListElement\":[{\"@type\":\"ListItem\",\"position\":1,\"name\":\"In\u00edcio\",\"item\":\"https:\/\/blogs.funiber.org\/pt\"},{\"@type\":\"ListItem\",\"position\":2,\"name\":\"O mercado laboral de TI nos Estados Unidos\"}]},{\"@type\":\"WebSite\",\"@id\":\"https:\/\/blogs.funiber.org\/pt\/#website\",\"url\":\"https:\/\/blogs.funiber.org\/pt\/\",\"name\":\"FuniBlogs - FUNIBER\",\"description\":\"\",\"publisher\":{\"@id\":\"https:\/\/blogs.funiber.org\/pt\/#organization\"},\"potentialAction\":[{\"@type\":\"SearchAction\",\"target\":{\"@type\":\"EntryPoint\",\"urlTemplate\":\"https:\/\/blogs.funiber.org\/pt\/?s={search_term_string}\"},\"query-input\":\"required name=search_term_string\"}],\"inLanguage\":\"pt-BR\"},{\"@type\":\"Organization\",\"@id\":\"https:\/\/blogs.funiber.org\/pt\/#organization\",\"name\":\"FuniBlogs - FUNIBER\",\"url\":\"https:\/\/blogs.funiber.org\/pt\/\",\"logo\":{\"@type\":\"ImageObject\",\"inLanguage\":\"pt-BR\",\"@id\":\"https:\/\/blogs.funiber.org\/pt\/#\/schema\/logo\/image\/\",\"url\":\"https:\/\/www.funiber.blog\/pt\/wp-content\/uploads\/2022\/02\/logo-funiber-pt-br-v-dos.svg\",\"contentUrl\":\"https:\/\/www.funiber.blog\/pt\/wp-content\/uploads\/2022\/02\/logo-funiber-pt-br-v-dos.svg\",\"width\":1,\"height\":1,\"caption\":\"FuniBlogs - FUNIBER\"},\"image\":{\"@id\":\"https:\/\/blogs.funiber.org\/pt\/#\/schema\/logo\/image\/\"},\"sameAs\":[\"https:\/\/www.facebook.com\/funiber\",\"https:\/\/twitter.com\/FUNIBER\",\"https:\/\/www.instagram.com\/funiber_becas\",\"https:\/\/www.youtube.com\/user\/funiber\",\"https:\/\/www.linkedin.com\/company\/funiber\"]},{\"@type\":\"Person\",\"@id\":\"https:\/\/blogs.funiber.org\/pt\/#\/schema\/person\/a1eaaa5e57eac866a8c5946946bcf80d\",\"name\":\"Michelle\",\"image\":{\"@type\":\"ImageObject\",\"inLanguage\":\"pt-BR\",\"@id\":\"https:\/\/blogs.funiber.org\/pt\/#\/schema\/person\/image\/\",\"url\":\"https:\/\/secure.gravatar.com\/avatar\/5e87041f7609dc50493cf216754fece1?s=96&d=mm&r=g\",\"contentUrl\":\"https:\/\/secure.gravatar.com\/avatar\/5e87041f7609dc50493cf216754fece1?s=96&d=mm&r=g\",\"caption\":\"Michelle\"},\"url\":\"https:\/\/www.funiber.blog\/pt\/author\/michelle-moreira\"}]}<\/script>\n<!-- \/ Yoast SEO plugin. -->","yoast_head_json":{"title":"Mercado laboral de TI nos Estados Unidos","description":"Mercado laboral na \u00e1rea de TI mostra sinais de baixo crescimento nos Estados Unidos. Na Am\u00e9rica Latina, a previs\u00e3o \u00e9 mais otimista.","robots":{"index":"index","follow":"follow","max-snippet":"max-snippet:-1","max-image-preview":"max-image-preview:large","max-video-preview":"max-video-preview:-1"},"canonical":"https:\/\/blogs.funiber.org\/pt\/tecnologias-tic\/2016\/06\/10\/funiber-mercado-laboral-2","og_locale":"pt_BR","og_type":"article","og_title":"Mercado laboral de TI nos Estados Unidos","og_description":"Mercado laboral na \u00e1rea de TI mostra sinais de baixo crescimento nos Estados Unidos. Na Am\u00e9rica Latina, a previs\u00e3o \u00e9 mais otimista.","og_url":"https:\/\/blogs.funiber.org\/pt\/tecnologias-tic\/2016\/06\/10\/funiber-mercado-laboral-2","og_site_name":"FuniBlogs - FUNIBER","article_publisher":"https:\/\/www.facebook.com\/funiber","article_published_time":"2016-06-10T12:56:22+00:00","article_modified_time":"2016-06-10T12:58:30+00:00","og_image":[{"width":700,"height":467,"url":"https:\/\/blogs.funiber.org\/pt\/wp-content\/uploads\/2016\/06\/iStock_000077392727_pequeno.jpg","type":"image\/jpeg"}],"author":"Michelle","twitter_card":"summary_large_image","twitter_creator":"@FUNIBER","twitter_site":"@FUNIBER","twitter_misc":{"Escrito por":"Michelle","Est. tempo de leitura":"2 minutos"},"schema":{"@context":"https:\/\/schema.org","@graph":[{"@type":"Article","@id":"https:\/\/blogs.funiber.org\/pt\/tecnologias-tic\/2016\/06\/10\/funiber-mercado-laboral-2#article","isPartOf":{"@id":"https:\/\/blogs.funiber.org\/pt\/tecnologias-tic\/2016\/06\/10\/funiber-mercado-laboral-2"},"author":{"name":"Michelle","@id":"https:\/\/blogs.funiber.org\/pt\/#\/schema\/person\/a1eaaa5e57eac866a8c5946946bcf80d"},"headline":"O mercado laboral de TI nos Estados Unidos","datePublished":"2016-06-10T12:56:22+00:00","dateModified":"2016-06-10T12:58:30+00:00","mainEntityOfPage":{"@id":"https:\/\/blogs.funiber.org\/pt\/tecnologias-tic\/2016\/06\/10\/funiber-mercado-laboral-2"},"wordCount":368,"publisher":{"@id":"https:\/\/blogs.funiber.org\/pt\/#organization"},"keywords":["Alunos FUNIBER","Educa\u00e7\u00e3o","Educa\u00e7\u00e3o a Dist\u00e2ncia","Estudos","Funiber","FUNIBER Opini\u00f5es","mestrado","Opini\u00e3o FUNIBER","Opini\u00f5es Funiber","Professores","tecnologia","TI"],"articleSection":["Tecnologias TIC"],"inLanguage":"pt-BR"},{"@type":"WebPage","@id":"https:\/\/blogs.funiber.org\/pt\/tecnologias-tic\/2016\/06\/10\/funiber-mercado-laboral-2","url":"https:\/\/blogs.funiber.org\/pt\/tecnologias-tic\/2016\/06\/10\/funiber-mercado-laboral-2","name":"Mercado laboral de TI nos Estados Unidos","isPartOf":{"@id":"https:\/\/blogs.funiber.org\/pt\/#website"},"datePublished":"2016-06-10T12:56:22+00:00","dateModified":"2016-06-10T12:58:30+00:00","description":"Mercado laboral na \u00e1rea de TI mostra sinais de baixo crescimento nos Estados Unidos. Na Am\u00e9rica Latina, a previs\u00e3o \u00e9 mais otimista.","breadcrumb":{"@id":"https:\/\/blogs.funiber.org\/pt\/tecnologias-tic\/2016\/06\/10\/funiber-mercado-laboral-2#breadcrumb"},"inLanguage":"pt-BR","potentialAction":[{"@type":"ReadAction","target":["https:\/\/blogs.funiber.org\/pt\/tecnologias-tic\/2016\/06\/10\/funiber-mercado-laboral-2"]}]},{"@type":"BreadcrumbList","@id":"https:\/\/blogs.funiber.org\/pt\/tecnologias-tic\/2016\/06\/10\/funiber-mercado-laboral-2#breadcrumb","itemListElement":[{"@type":"ListItem","position":1,"name":"In\u00edcio","item":"https:\/\/blogs.funiber.org\/pt"},{"@type":"ListItem","position":2,"name":"O mercado laboral de TI nos Estados Unidos"}]},{"@type":"WebSite","@id":"https:\/\/blogs.funiber.org\/pt\/#website","url":"https:\/\/blogs.funiber.org\/pt\/","name":"FuniBlogs - FUNIBER","description":"","publisher":{"@id":"https:\/\/blogs.funiber.org\/pt\/#organization"},"potentialAction":[{"@type":"SearchAction","target":{"@type":"EntryPoint","urlTemplate":"https:\/\/blogs.funiber.org\/pt\/?s={search_term_string}"},"query-input":"required name=search_term_string"}],"inLanguage":"pt-BR"},{"@type":"Organization","@id":"https:\/\/blogs.funiber.org\/pt\/#organization","name":"FuniBlogs - FUNIBER","url":"https:\/\/blogs.funiber.org\/pt\/","logo":{"@type":"ImageObject","inLanguage":"pt-BR","@id":"https:\/\/blogs.funiber.org\/pt\/#\/schema\/logo\/image\/","url":"https:\/\/www.funiber.blog\/pt\/wp-content\/uploads\/2022\/02\/logo-funiber-pt-br-v-dos.svg","contentUrl":"https:\/\/www.funiber.blog\/pt\/wp-content\/uploads\/2022\/02\/logo-funiber-pt-br-v-dos.svg","width":1,"height":1,"caption":"FuniBlogs - FUNIBER"},"image":{"@id":"https:\/\/blogs.funiber.org\/pt\/#\/schema\/logo\/image\/"},"sameAs":["https:\/\/www.facebook.com\/funiber","https:\/\/twitter.com\/FUNIBER","https:\/\/www.instagram.com\/funiber_becas","https:\/\/www.youtube.com\/user\/funiber","https:\/\/www.linkedin.com\/company\/funiber"]},{"@type":"Person","@id":"https:\/\/blogs.funiber.org\/pt\/#\/schema\/person\/a1eaaa5e57eac866a8c5946946bcf80d","name":"Michelle","image":{"@type":"ImageObject","inLanguage":"pt-BR","@id":"https:\/\/blogs.funiber.org\/pt\/#\/schema\/person\/image\/","url":"https:\/\/secure.gravatar.com\/avatar\/5e87041f7609dc50493cf216754fece1?s=96&d=mm&r=g","contentUrl":"https:\/\/secure.gravatar.com\/avatar\/5e87041f7609dc50493cf216754fece1?s=96&d=mm&r=g","caption":"Michelle"},"url":"https:\/\/www.funiber.blog\/pt\/author\/michelle-moreira"}]}},"jetpack_featured_media_url":"https:\/\/www.funiber.blog\/pt\/wp-content\/uploads\/2016\/06\/iStock_000077392727_pequeno.jpg","jetpack_shortlink":"https:\/\/wp.me\/p7ee1t-2Hz","jetpack_sharing_enabled":true,"_links":{"self":[{"href":"https:\/\/www.funiber.blog\/pt\/wp-json\/wp\/v2\/posts\/10389"}],"collection":[{"href":"https:\/\/www.funiber.blog\/pt\/wp-json\/wp\/v2\/posts"}],"about":[{"href":"https:\/\/www.funiber.blog\/pt\/wp-json\/wp\/v2\/types\/post"}],"author":[{"embeddable":true,"href":"https:\/\/www.funiber.blog\/pt\/wp-json\/wp\/v2\/users\/10"}],"replies":[{"embeddable":true,"href":"https:\/\/www.funiber.blog\/pt\/wp-json\/wp\/v2\/comments?post=10389"}],"version-history":[{"count":3,"href":"https:\/\/www.funiber.blog\/pt\/wp-json\/wp\/v2\/posts\/10389\/revisions"}],"predecessor-version":[{"id":10393,"href":"https:\/\/www.funiber.blog\/pt\/wp-json\/wp\/v2\/posts\/10389\/revisions\/10393"}],"wp:featuredmedia":[{"embeddable":true,"href":"https:\/\/www.funiber.blog\/pt\/wp-json\/wp\/v2\/media\/10390"}],"wp:attachment":[{"href":"https:\/\/www.funiber.blog\/pt\/wp-json\/wp\/v2\/media?parent=10389"}],"wp:term":[{"taxonomy":"category","embeddable":true,"href":"https:\/\/www.funiber.blog\/pt\/wp-json\/wp\/v2\/categories?post=10389"},{"taxonomy":"post_tag","embeddable":true,"href":"https:\/\/www.funiber.blog\/pt\/wp-json\/wp\/v2\/tags?post=10389"}],"curies":[{"name":"wp","href":"https:\/\/api.w.org\/{rel}","templated":true}]}}