{"id":10599,"date":"2016-07-11T13:23:27","date_gmt":"2016-07-11T13:23:27","guid":{"rendered":"http:\/\/blogs.funiber.org\/pt\/?p=10599"},"modified":"2016-07-11T13:23:27","modified_gmt":"2016-07-11T13:23:27","slug":"premios-latinoamerica-verde-2016","status":"publish","type":"post","link":"https:\/\/www.funiber.blog\/pt\/meio-ambiente\/2016\/07\/11\/premios-latinoamerica-verde-2016","title":{"rendered":"Pr\u00eamios Latinoam\u00e9rica Verde 2016"},"content":{"rendered":"<h2>Este ano, Equador ser\u00e1 o pa\u00eds em que ser\u00e3o premiadas as organiza\u00e7\u00f5es com as melhores propostas para proteger o meio ambiente<\/h2>\n<p>Este ano, 513 cidades registraram-se para participar com 1407 projetos na terceira edi\u00e7\u00e3o do evento <a href=\"http:\/\/premioslatinoamericaverde.com\/\">Pr\u00eamios Latinoam\u00e9rica Verde 2016<\/a>, uma iniciativa que busca reconhecer \u00e0s melhores ideias aplicadas <strong>para reduzir os n\u00edveis de polui\u00e7\u00e3o em nossa regi\u00e3o<\/strong>. As inscri\u00e7\u00f5es j\u00e1 est\u00e3o encerradas, mas o an\u00fancio dos 500 melhores projetos ser\u00e1 realizado em 23 e 24 de agosto, para, logo, passar a premia\u00e7\u00e3o dos <strong>melhores projetos ambientais e sociais no dia 25 de agosto.<\/strong><!--more--><\/p>\n<p>Os organizadores indicaram que na Gala da Premia\u00e7\u00e3o ser\u00e1 proporcionado um reconhecimento para os tr\u00eas finalistas e ao ganhador de cada categoria.<\/p>\n<p>Os <strong>projetos competir\u00e3o em 10 categorias<\/strong>: \u00e1gua, emiss\u00f5es, biodiversidade e fauna, florestas e flora, desenvolvimento humano, inclus\u00e3o social e redu\u00e7\u00e3o da desigualdade, energia, finan\u00e7as sustent\u00e1veis, gest\u00e3o urbana produ\u00e7\u00e3o e consumo respons\u00e1vel, manejo de res\u00edduos s\u00f3lidos e oceanos. Com a inten\u00e7\u00e3o de <strong>compartilhar as ideias de maior impacto para manter nosso meio ambiente livre de polui\u00e7\u00e3o e gerar um entorno social mais justo.<\/strong><\/p>\n<p>Est\u00e3o na disputa <strong>9 pa\u00edses da regi\u00e3o<\/strong>: Costa Rica, Bol\u00edvia, Brasil, Venezuela, Peru, Argentina, M\u00e9xico, Chile e Col\u00f4mbia. Al\u00e9m disso, Canad\u00e1, Espanha e Estados Unidos tamb\u00e9m participar\u00e3o. Os organizadores indicam que foram registrados 353 projetos a mais que em 2015, e o n\u00famero de cidades que participam aumentou significativamente, passando de 169 cidades em 215 para 513 atualmente.<\/p>\n<p>J\u00e1 foram anunciados <strong>os 500 melhores casos s\u00f3cio ambientais<\/strong>, cujos criadores poder\u00e3o assistir ao III Encontro de Respons\u00e1veis Ambientais de Prov\u00edncias, Estados e Regi\u00f5es da Am\u00e9rica Latina e do Caribe, uma atividade que permitir\u00e1 compartilhar medidas que possam <strong>dar maior impulso a uma economia verde e garantam o desenvolvimento sustent\u00e1vel dos pa\u00edses de nossa regi\u00e3o.<\/strong><\/p>\n<p>Os estudantes da \u00e1rea <a href=\"http:\/\/www.funiber.org.br\/areas-de-conhecimento\/meio-ambiente-e-desenvolvimento-sustentavel\/\" target=\"_blank\">ambiental<\/a>\u00a0da<strong>\u00a0<a href=\"http:\/\/www.funiber.org.br\" target=\"_blank\">FUNIBER<\/a><\/strong>\u00a0procuram conhecer os projetos mais efetivos desenvolvidos na regi\u00e3o para manter os diferentes ecossistemas que nos margeiam limpos.<\/p>\n<p>Fonte:\u00a0<a href=\"http:\/\/premioslatinoamericaverde.com\/\">http:\/\/premioslatinoamericaverde.com\/<\/a><\/p>\n<p>Foto: Difusi\u00f3n.<\/p>\n","protected":false},"excerpt":{"rendered":"<p>Este ano, Equador ser\u00e1 o pa\u00eds em que ser\u00e3o premiadas as organiza\u00e7\u00f5es com as melhores propostas para proteger o meio ambiente Este ano, 513 cidades registraram-se para participar com 1407 projetos na terceira edi\u00e7\u00e3o do evento Pr\u00eamios Latinoam\u00e9rica Verde 2016, uma iniciativa que busca reconhecer \u00e0s melhores ideias aplicadas para reduzir os n\u00edveis de polui\u00e7\u00e3o [&hellip;]<\/p>\n","protected":false},"author":10,"featured_media":10600,"comment_status":"closed","ping_status":"closed","sticky":false,"template":"","format":"standard","meta":{"jetpack_post_was_ever_published":false,"_jetpack_newsletter_access":"","_jetpack_newsletter_tier_id":0,"footnotes":"","jetpack_publicize_message":"","jetpack_is_tweetstorm":false,"jetpack_publicize_feature_enabled":true,"jetpack_social_post_already_shared":true,"jetpack_social_options":{"image_generator_settings":{"template":"highway","enabled":false}}},"categories":[2],"tags":[213,285,408,248,911,835,671,641,255,1559,1113,327,682],"jetpack_publicize_connections":[],"yoast_head":"<!-- This site is optimized with the Yoast SEO plugin v21.7 - https:\/\/yoast.com\/wordpress\/plugins\/seo\/ -->\n<title>Pr\u00eamios Latinoam\u00e9rica Verde 2016<\/title>\n<meta name=\"description\" content=\"Este ano, Equador ser\u00e1 o pa\u00eds em que ser\u00e3o premiadas as organiza\u00e7\u00f5es com as melhores propostas para proteger o meio ambiente\" \/>\n<meta name=\"robots\" content=\"noindex, nofollow\" \/>\n<meta property=\"og:locale\" content=\"pt_BR\" \/>\n<meta property=\"og:type\" content=\"article\" \/>\n<meta property=\"og:title\" content=\"Pr\u00eamios Latinoam\u00e9rica Verde 2016\" \/>\n<meta property=\"og:description\" content=\"Este ano, Equador ser\u00e1 o pa\u00eds em que ser\u00e3o premiadas as organiza\u00e7\u00f5es com as melhores propostas para proteger o meio ambiente\" \/>\n<meta property=\"og:url\" content=\"https:\/\/blogs.funiber.org\/pt\/meio-ambiente\/2016\/07\/11\/premios-latinoamerica-verde-2016\" \/>\n<meta property=\"og:site_name\" content=\"FuniBlogs - FUNIBER\" \/>\n<meta property=\"article:publisher\" content=\"https:\/\/www.facebook.com\/funiber\" \/>\n<meta property=\"article:published_time\" content=\"2016-07-11T13:23:27+00:00\" \/>\n<meta property=\"og:image\" content=\"https:\/\/blogs.funiber.org\/pt\/wp-content\/uploads\/2016\/07\/funiber-proyectos-verdes.jpg\" \/>\n\t<meta property=\"og:image:width\" content=\"600\" \/>\n\t<meta property=\"og:image:height\" content=\"600\" \/>\n\t<meta property=\"og:image:type\" content=\"image\/jpeg\" \/>\n<meta name=\"author\" content=\"Michelle\" \/>\n<meta name=\"twitter:card\" content=\"summary_large_image\" \/>\n<meta name=\"twitter:creator\" content=\"@FUNIBER\" \/>\n<meta name=\"twitter:site\" content=\"@FUNIBER\" \/>\n<meta name=\"twitter:label1\" content=\"Escrito por\" \/>\n\t<meta name=\"twitter:data1\" content=\"Michelle\" \/>\n\t<meta name=\"twitter:label2\" content=\"Est. tempo de leitura\" \/>\n\t<meta name=\"twitter:data2\" content=\"2 minutos\" \/>\n<script type=\"application\/ld+json\" class=\"yoast-schema-graph\">{\"@context\":\"https:\/\/schema.org\",\"@graph\":[{\"@type\":\"Article\",\"@id\":\"https:\/\/blogs.funiber.org\/pt\/meio-ambiente\/2016\/07\/11\/premios-latinoamerica-verde-2016#article\",\"isPartOf\":{\"@id\":\"https:\/\/blogs.funiber.org\/pt\/meio-ambiente\/2016\/07\/11\/premios-latinoamerica-verde-2016\"},\"author\":{\"name\":\"Michelle\",\"@id\":\"https:\/\/blogs.funiber.org\/pt\/#\/schema\/person\/a1eaaa5e57eac866a8c5946946bcf80d\"},\"headline\":\"Pr\u00eamios Latinoam\u00e9rica Verde 2016\",\"datePublished\":\"2016-07-11T13:23:27+00:00\",\"dateModified\":\"2016-07-11T13:23:27+00:00\",\"mainEntityOfPage\":{\"@id\":\"https:\/\/blogs.funiber.org\/pt\/meio-ambiente\/2016\/07\/11\/premios-latinoamerica-verde-2016\"},\"wordCount\":361,\"publisher\":{\"@id\":\"https:\/\/blogs.funiber.org\/pt\/#organization\"},\"keywords\":[\"Conserva\u00e7\u00e3o\",\"Educa\u00e7\u00e3o\",\"Educa\u00e7\u00e3o a Dist\u00e2ncia\",\"Funiber\",\"FUNIBER Opini\u00f5es\",\"Meio Ambiente\",\"mestrado\",\"Opini\u00e3o FUNIBER\",\"Opini\u00f5es Funiber\",\"Pr\u00eamios\",\"Preserva\u00e7\u00e3o\",\"Prote\u00e7\u00e3o\",\"Verde\"],\"articleSection\":[\"Meio Ambiente\"],\"inLanguage\":\"pt-BR\"},{\"@type\":\"WebPage\",\"@id\":\"https:\/\/blogs.funiber.org\/pt\/meio-ambiente\/2016\/07\/11\/premios-latinoamerica-verde-2016\",\"url\":\"https:\/\/blogs.funiber.org\/pt\/meio-ambiente\/2016\/07\/11\/premios-latinoamerica-verde-2016\",\"name\":\"Pr\u00eamios Latinoam\u00e9rica Verde 2016\",\"isPartOf\":{\"@id\":\"https:\/\/blogs.funiber.org\/pt\/#website\"},\"datePublished\":\"2016-07-11T13:23:27+00:00\",\"dateModified\":\"2016-07-11T13:23:27+00:00\",\"description\":\"Este ano, Equador ser\u00e1 o pa\u00eds em que ser\u00e3o premiadas as organiza\u00e7\u00f5es com as melhores propostas para proteger o meio ambiente\",\"breadcrumb\":{\"@id\":\"https:\/\/blogs.funiber.org\/pt\/meio-ambiente\/2016\/07\/11\/premios-latinoamerica-verde-2016#breadcrumb\"},\"inLanguage\":\"pt-BR\",\"potentialAction\":[{\"@type\":\"ReadAction\",\"target\":[\"https:\/\/blogs.funiber.org\/pt\/meio-ambiente\/2016\/07\/11\/premios-latinoamerica-verde-2016\"]}]},{\"@type\":\"BreadcrumbList\",\"@id\":\"https:\/\/blogs.funiber.org\/pt\/meio-ambiente\/2016\/07\/11\/premios-latinoamerica-verde-2016#breadcrumb\",\"itemListElement\":[{\"@type\":\"ListItem\",\"position\":1,\"name\":\"In\u00edcio\",\"item\":\"https:\/\/blogs.funiber.org\/pt\"},{\"@type\":\"ListItem\",\"position\":2,\"name\":\"Pr\u00eamios Latinoam\u00e9rica Verde 2016\"}]},{\"@type\":\"WebSite\",\"@id\":\"https:\/\/blogs.funiber.org\/pt\/#website\",\"url\":\"https:\/\/blogs.funiber.org\/pt\/\",\"name\":\"FuniBlogs - FUNIBER\",\"description\":\"\",\"publisher\":{\"@id\":\"https:\/\/blogs.funiber.org\/pt\/#organization\"},\"potentialAction\":[{\"@type\":\"SearchAction\",\"target\":{\"@type\":\"EntryPoint\",\"urlTemplate\":\"https:\/\/blogs.funiber.org\/pt\/?s={search_term_string}\"},\"query-input\":\"required name=search_term_string\"}],\"inLanguage\":\"pt-BR\"},{\"@type\":\"Organization\",\"@id\":\"https:\/\/blogs.funiber.org\/pt\/#organization\",\"name\":\"FuniBlogs - FUNIBER\",\"url\":\"https:\/\/blogs.funiber.org\/pt\/\",\"logo\":{\"@type\":\"ImageObject\",\"inLanguage\":\"pt-BR\",\"@id\":\"https:\/\/blogs.funiber.org\/pt\/#\/schema\/logo\/image\/\",\"url\":\"https:\/\/www.funiber.blog\/pt\/wp-content\/uploads\/2022\/02\/logo-funiber-pt-br-v-dos.svg\",\"contentUrl\":\"https:\/\/www.funiber.blog\/pt\/wp-content\/uploads\/2022\/02\/logo-funiber-pt-br-v-dos.svg\",\"width\":1,\"height\":1,\"caption\":\"FuniBlogs - FUNIBER\"},\"image\":{\"@id\":\"https:\/\/blogs.funiber.org\/pt\/#\/schema\/logo\/image\/\"},\"sameAs\":[\"https:\/\/www.facebook.com\/funiber\",\"https:\/\/twitter.com\/FUNIBER\",\"https:\/\/www.instagram.com\/funiber_becas\",\"https:\/\/www.youtube.com\/user\/funiber\",\"https:\/\/www.linkedin.com\/company\/funiber\"]},{\"@type\":\"Person\",\"@id\":\"https:\/\/blogs.funiber.org\/pt\/#\/schema\/person\/a1eaaa5e57eac866a8c5946946bcf80d\",\"name\":\"Michelle\",\"image\":{\"@type\":\"ImageObject\",\"inLanguage\":\"pt-BR\",\"@id\":\"https:\/\/blogs.funiber.org\/pt\/#\/schema\/person\/image\/\",\"url\":\"https:\/\/secure.gravatar.com\/avatar\/5e87041f7609dc50493cf216754fece1?s=96&d=mm&r=g\",\"contentUrl\":\"https:\/\/secure.gravatar.com\/avatar\/5e87041f7609dc50493cf216754fece1?s=96&d=mm&r=g\",\"caption\":\"Michelle\"},\"url\":\"https:\/\/www.funiber.blog\/pt\/author\/michelle-moreira\"}]}<\/script>\n<!-- \/ Yoast SEO plugin. -->","yoast_head_json":{"title":"Pr\u00eamios Latinoam\u00e9rica Verde 2016","description":"Este ano, Equador ser\u00e1 o pa\u00eds em que ser\u00e3o premiadas as organiza\u00e7\u00f5es com as melhores propostas para proteger o meio ambiente","robots":{"index":"noindex","follow":"nofollow"},"og_locale":"pt_BR","og_type":"article","og_title":"Pr\u00eamios Latinoam\u00e9rica Verde 2016","og_description":"Este ano, Equador ser\u00e1 o pa\u00eds em que ser\u00e3o premiadas as organiza\u00e7\u00f5es com as melhores propostas para proteger o meio ambiente","og_url":"https:\/\/blogs.funiber.org\/pt\/meio-ambiente\/2016\/07\/11\/premios-latinoamerica-verde-2016","og_site_name":"FuniBlogs - FUNIBER","article_publisher":"https:\/\/www.facebook.com\/funiber","article_published_time":"2016-07-11T13:23:27+00:00","og_image":[{"width":600,"height":600,"url":"https:\/\/blogs.funiber.org\/pt\/wp-content\/uploads\/2016\/07\/funiber-proyectos-verdes.jpg","type":"image\/jpeg"}],"author":"Michelle","twitter_card":"summary_large_image","twitter_creator":"@FUNIBER","twitter_site":"@FUNIBER","twitter_misc":{"Escrito por":"Michelle","Est. tempo de leitura":"2 minutos"},"schema":{"@context":"https:\/\/schema.org","@graph":[{"@type":"Article","@id":"https:\/\/blogs.funiber.org\/pt\/meio-ambiente\/2016\/07\/11\/premios-latinoamerica-verde-2016#article","isPartOf":{"@id":"https:\/\/blogs.funiber.org\/pt\/meio-ambiente\/2016\/07\/11\/premios-latinoamerica-verde-2016"},"author":{"name":"Michelle","@id":"https:\/\/blogs.funiber.org\/pt\/#\/schema\/person\/a1eaaa5e57eac866a8c5946946bcf80d"},"headline":"Pr\u00eamios Latinoam\u00e9rica Verde 2016","datePublished":"2016-07-11T13:23:27+00:00","dateModified":"2016-07-11T13:23:27+00:00","mainEntityOfPage":{"@id":"https:\/\/blogs.funiber.org\/pt\/meio-ambiente\/2016\/07\/11\/premios-latinoamerica-verde-2016"},"wordCount":361,"publisher":{"@id":"https:\/\/blogs.funiber.org\/pt\/#organization"},"keywords":["Conserva\u00e7\u00e3o","Educa\u00e7\u00e3o","Educa\u00e7\u00e3o a Dist\u00e2ncia","Funiber","FUNIBER Opini\u00f5es","Meio Ambiente","mestrado","Opini\u00e3o FUNIBER","Opini\u00f5es Funiber","Pr\u00eamios","Preserva\u00e7\u00e3o","Prote\u00e7\u00e3o","Verde"],"articleSection":["Meio Ambiente"],"inLanguage":"pt-BR"},{"@type":"WebPage","@id":"https:\/\/blogs.funiber.org\/pt\/meio-ambiente\/2016\/07\/11\/premios-latinoamerica-verde-2016","url":"https:\/\/blogs.funiber.org\/pt\/meio-ambiente\/2016\/07\/11\/premios-latinoamerica-verde-2016","name":"Pr\u00eamios Latinoam\u00e9rica Verde 2016","isPartOf":{"@id":"https:\/\/blogs.funiber.org\/pt\/#website"},"datePublished":"2016-07-11T13:23:27+00:00","dateModified":"2016-07-11T13:23:27+00:00","description":"Este ano, Equador ser\u00e1 o pa\u00eds em que ser\u00e3o premiadas as organiza\u00e7\u00f5es com as melhores propostas para proteger o meio ambiente","breadcrumb":{"@id":"https:\/\/blogs.funiber.org\/pt\/meio-ambiente\/2016\/07\/11\/premios-latinoamerica-verde-2016#breadcrumb"},"inLanguage":"pt-BR","potentialAction":[{"@type":"ReadAction","target":["https:\/\/blogs.funiber.org\/pt\/meio-ambiente\/2016\/07\/11\/premios-latinoamerica-verde-2016"]}]},{"@type":"BreadcrumbList","@id":"https:\/\/blogs.funiber.org\/pt\/meio-ambiente\/2016\/07\/11\/premios-latinoamerica-verde-2016#breadcrumb","itemListElement":[{"@type":"ListItem","position":1,"name":"In\u00edcio","item":"https:\/\/blogs.funiber.org\/pt"},{"@type":"ListItem","position":2,"name":"Pr\u00eamios Latinoam\u00e9rica Verde 2016"}]},{"@type":"WebSite","@id":"https:\/\/blogs.funiber.org\/pt\/#website","url":"https:\/\/blogs.funiber.org\/pt\/","name":"FuniBlogs - FUNIBER","description":"","publisher":{"@id":"https:\/\/blogs.funiber.org\/pt\/#organization"},"potentialAction":[{"@type":"SearchAction","target":{"@type":"EntryPoint","urlTemplate":"https:\/\/blogs.funiber.org\/pt\/?s={search_term_string}"},"query-input":"required name=search_term_string"}],"inLanguage":"pt-BR"},{"@type":"Organization","@id":"https:\/\/blogs.funiber.org\/pt\/#organization","name":"FuniBlogs - FUNIBER","url":"https:\/\/blogs.funiber.org\/pt\/","logo":{"@type":"ImageObject","inLanguage":"pt-BR","@id":"https:\/\/blogs.funiber.org\/pt\/#\/schema\/logo\/image\/","url":"https:\/\/www.funiber.blog\/pt\/wp-content\/uploads\/2022\/02\/logo-funiber-pt-br-v-dos.svg","contentUrl":"https:\/\/www.funiber.blog\/pt\/wp-content\/uploads\/2022\/02\/logo-funiber-pt-br-v-dos.svg","width":1,"height":1,"caption":"FuniBlogs - FUNIBER"},"image":{"@id":"https:\/\/blogs.funiber.org\/pt\/#\/schema\/logo\/image\/"},"sameAs":["https:\/\/www.facebook.com\/funiber","https:\/\/twitter.com\/FUNIBER","https:\/\/www.instagram.com\/funiber_becas","https:\/\/www.youtube.com\/user\/funiber","https:\/\/www.linkedin.com\/company\/funiber"]},{"@type":"Person","@id":"https:\/\/blogs.funiber.org\/pt\/#\/schema\/person\/a1eaaa5e57eac866a8c5946946bcf80d","name":"Michelle","image":{"@type":"ImageObject","inLanguage":"pt-BR","@id":"https:\/\/blogs.funiber.org\/pt\/#\/schema\/person\/image\/","url":"https:\/\/secure.gravatar.com\/avatar\/5e87041f7609dc50493cf216754fece1?s=96&d=mm&r=g","contentUrl":"https:\/\/secure.gravatar.com\/avatar\/5e87041f7609dc50493cf216754fece1?s=96&d=mm&r=g","caption":"Michelle"},"url":"https:\/\/www.funiber.blog\/pt\/author\/michelle-moreira"}]}},"jetpack_featured_media_url":"https:\/\/www.funiber.blog\/pt\/wp-content\/uploads\/2016\/07\/funiber-proyectos-verdes.jpg","jetpack_shortlink":"https:\/\/wp.me\/p7ee1t-2KX","jetpack_sharing_enabled":true,"_links":{"self":[{"href":"https:\/\/www.funiber.blog\/pt\/wp-json\/wp\/v2\/posts\/10599"}],"collection":[{"href":"https:\/\/www.funiber.blog\/pt\/wp-json\/wp\/v2\/posts"}],"about":[{"href":"https:\/\/www.funiber.blog\/pt\/wp-json\/wp\/v2\/types\/post"}],"author":[{"embeddable":true,"href":"https:\/\/www.funiber.blog\/pt\/wp-json\/wp\/v2\/users\/10"}],"replies":[{"embeddable":true,"href":"https:\/\/www.funiber.blog\/pt\/wp-json\/wp\/v2\/comments?post=10599"}],"version-history":[{"count":1,"href":"https:\/\/www.funiber.blog\/pt\/wp-json\/wp\/v2\/posts\/10599\/revisions"}],"predecessor-version":[{"id":10601,"href":"https:\/\/www.funiber.blog\/pt\/wp-json\/wp\/v2\/posts\/10599\/revisions\/10601"}],"wp:featuredmedia":[{"embeddable":true,"href":"https:\/\/www.funiber.blog\/pt\/wp-json\/wp\/v2\/media\/10600"}],"wp:attachment":[{"href":"https:\/\/www.funiber.blog\/pt\/wp-json\/wp\/v2\/media?parent=10599"}],"wp:term":[{"taxonomy":"category","embeddable":true,"href":"https:\/\/www.funiber.blog\/pt\/wp-json\/wp\/v2\/categories?post=10599"},{"taxonomy":"post_tag","embeddable":true,"href":"https:\/\/www.funiber.blog\/pt\/wp-json\/wp\/v2\/tags?post=10599"}],"curies":[{"name":"wp","href":"https:\/\/api.w.org\/{rel}","templated":true}]}}