{"id":10653,"date":"2016-07-15T08:58:39","date_gmt":"2016-07-15T08:58:39","guid":{"rendered":"http:\/\/blogs.funiber.org\/pt\/?p=10653"},"modified":"2016-07-15T08:58:39","modified_gmt":"2016-07-15T08:58:39","slug":"funiber-mudanca-climatica-america-latina","status":"publish","type":"post","link":"https:\/\/www.funiber.blog\/pt\/meio-ambiente\/2016\/07\/15\/funiber-mudanca-climatica-america-latina","title":{"rendered":"Esfor\u00e7os para paliar a mudan\u00e7a clim\u00e1tica na Am\u00e9rica Latina"},"content":{"rendered":"<h2>Diversas oficinas s\u00e3o realizadas na Am\u00e9rica Latina\u00a0para paliar a mudan\u00e7a clim\u00e1tica<\/h2>\n<p>Oficinas de forma\u00e7\u00e3o para a <strong>mitiga\u00e7\u00e3o e adapta\u00e7\u00e3o \u00e0 mudan\u00e7a clim\u00e1tica<\/strong> foram realizadas nos \u00faltimos meses na Bol\u00edvia e no M\u00e9xico. De acordo com os progn\u00f3sticos dos especialistas do IPCC, o aquecimento global aumentar\u00e1 a intensidade dos fen\u00f4menos naturais que ocorrem na regi\u00e3o, e s\u00e3o os pa\u00edses mais pobres os que sofrer\u00e3o as consequ\u00eancias, pois n\u00e3o t\u00eam infraestrutura que permita mitigar o impacto dos fen\u00f4menos naturais que ocorrer\u00e3o. Os organizadores do encontro binacional no M\u00e9xico<a href=\"http:\/\/www.dialogosfuturosustentable.mx\/descargables.html\"> colocaram as apresenta\u00e7\u00f5es para download na p\u00e1gina do evento<\/a>.<!--more--><\/p>\n<p>Entre os dias 22 e 24 de junho de 2016, foram realizados os \u201cDi\u00e1logos para um Futuro Sustent\u00e1vel\u201d na Secretaria de Rela\u00e7\u00f5es Exteriores do M\u00e9xico, nos quais participaram autoridades do M\u00e9xico e Alemanha, trocando conhecimentos e experi\u00eancias sobre a Mudan\u00e7a Clim\u00e1tica e Energia Sustent\u00e1vel, Biodiversidade e Sustentabilidade Urbana refor\u00e7ando os la\u00e7os que permitem a colabora\u00e7\u00e3o bilateral.<\/p>\n<p>Os organizadores do evento decidiram colocar as apresenta\u00e7\u00f5es de temas como: Sinergias entre energia e Clima; Economia da adapta\u00e7\u00e3o; Biodiversidade e Mudan\u00e7a clim\u00e1tica; Turismo sustent\u00e1vel; Manejo integrado de paisagem e conectividade; Webinar de economia e conserva\u00e7\u00e3o; moradia sustent\u00e1vel; aproveitamento energ\u00e9tico de res\u00edduos; recomenda\u00e7\u00f5es para a integra\u00e7\u00e3o de biodiversidade, e muitos documentos mais que podem ser \u00fateis para especialistas em temas ambientais.<\/p>\n<p>Durante o encontro realizado no M\u00e9xico, Martin Sch\u00f6pe, Diretor de Pol\u00edticas de Energia Internacionais e Externas do Minist\u00e9rio Federal de Economia e Energia da Alemanha, <strong>deu detalhes sobre o processo de transi\u00e7\u00e3o energ\u00e9tica de seu pa\u00eds.<\/strong> Especialistas do Instituto do Clima, Meio Ambiente e Energia do Wuppertal e do PIK explicaram a forma em que uma cooperativa energ\u00e9tica no pa\u00eds permitiu que os cidad\u00e3os envolvam-se em medidas de prote\u00e7\u00e3o do clima.<\/p>\n<p>Na Bol\u00edvia, representantes de 19 pa\u00edses reuniram-se na oficina regional <strong>sobre \u201cPol\u00edticas e Medidas de Mitiga\u00e7\u00e3o e Adapta\u00e7\u00e3o \u00e0 Mudan\u00e7a Clim\u00e1tica<\/strong> no Setor Agropecu\u00e1rio\u201d no Centro de Forma\u00e7\u00e3o da Coopera\u00e7\u00e3o Espanhola, em Santa Cruz. No evento, identificou-se que a agricultura e o gado s\u00e3o setores priorit\u00e1rios para os pa\u00edses da regi\u00e3o quando se trata de desenvolver estrat\u00e9gias para combater a mudan\u00e7a clim\u00e1tica, considerando a vulnerabilidade da ind\u00fastria, e, ao mesmo tempo, avaliando o impacto que geram por contribuir \u00e0s emiss\u00f5es de gases de efeito estufa.<\/p>\n<p>A oficina foi realizada com a finalidade de <strong>analisar as pol\u00edticas e medidas aplicadas para paliar o impacto da mudan\u00e7a clim\u00e1tica na ind\u00fastria agropecu\u00e1ria e, ao mesmo tempo, analisar o impacto que a pecu\u00e1ria e a agricultura originam no ambiente.<\/strong><\/p>\n<p>Os estudantes da \u00e1rea <a href=\"http:\/\/www.funiber.org.br\/areas-de-conhecimento\/meio-ambiente-e-desenvolvimento-sustentavel\/\" target=\"_blank\">Ambiental<\/a>\u00a0da\u00a0<strong><a href=\"http:\/\/www.funiber.org.br\/\">FUNIBER<\/a><\/strong>\u00a0realizam pesquisas que permitem identificar medidas que podem ser aplicadas para mitigar o impacto das mudan\u00e7as clim\u00e1ticas.<br \/>\nFontes:<br \/>\nhttp:\/\/www.retema.es\/<br \/>\n<a href=\"http:\/\/climate.blue\/dialogos-para-un-futuro-sustentable-nuevos-impulsos-para-la-cooperacion-mexicana-alemana\/\">Climate blue<\/a><\/p>\n","protected":false},"excerpt":{"rendered":"<p>Diversas oficinas s\u00e3o realizadas na Am\u00e9rica Latina\u00a0para paliar a mudan\u00e7a clim\u00e1tica Oficinas de forma\u00e7\u00e3o para a mitiga\u00e7\u00e3o e adapta\u00e7\u00e3o \u00e0 mudan\u00e7a clim\u00e1tica foram realizadas nos \u00faltimos meses na Bol\u00edvia e no M\u00e9xico. De acordo com os progn\u00f3sticos dos especialistas do IPCC, o aquecimento global aumentar\u00e1 a intensidade dos fen\u00f4menos naturais que ocorrem na regi\u00e3o, e [&hellip;]<\/p>\n","protected":false},"author":10,"featured_media":10654,"comment_status":"closed","ping_status":"closed","sticky":false,"template":"","format":"standard","meta":{"jetpack_post_was_ever_published":false,"_jetpack_newsletter_access":"","_jetpack_newsletter_tier_id":0,"footnotes":"","jetpack_publicize_message":"","jetpack_is_tweetstorm":false,"jetpack_publicize_feature_enabled":true,"jetpack_social_post_already_shared":true,"jetpack_social_options":{"image_generator_settings":{"template":"highway","enabled":false}}},"categories":[2],"tags":[210,213,285,408,248,835,398,641,255],"jetpack_publicize_connections":[],"yoast_head":"<!-- This site is optimized with the Yoast SEO plugin v21.7 - https:\/\/yoast.com\/wordpress\/plugins\/seo\/ -->\n<title>Esfor\u00e7os para paliar a mudan\u00e7a clim\u00e1tica na Am\u00e9rica Latina<\/title>\n<meta name=\"description\" content=\"Diversas oficinas s\u00e3o realizadas na Am\u00e9rica Latina para paliar a mudan\u00e7a clim\u00e1tica\" \/>\n<meta name=\"robots\" content=\"index, follow, max-snippet:-1, max-image-preview:large, max-video-preview:-1\" \/>\n<link rel=\"canonical\" href=\"https:\/\/blogs.funiber.org\/pt\/meio-ambiente\/2016\/07\/15\/funiber-mudanca-climatica-america-latina\" \/>\n<meta property=\"og:locale\" content=\"pt_BR\" \/>\n<meta property=\"og:type\" content=\"article\" \/>\n<meta property=\"og:title\" content=\"Esfor\u00e7os para paliar a mudan\u00e7a clim\u00e1tica na Am\u00e9rica Latina\" \/>\n<meta property=\"og:description\" content=\"Diversas oficinas s\u00e3o realizadas na Am\u00e9rica Latina para paliar a mudan\u00e7a clim\u00e1tica\" \/>\n<meta property=\"og:url\" content=\"https:\/\/blogs.funiber.org\/pt\/meio-ambiente\/2016\/07\/15\/funiber-mudanca-climatica-america-latina\" \/>\n<meta property=\"og:site_name\" content=\"FuniBlogs - FUNIBER\" \/>\n<meta property=\"article:publisher\" content=\"https:\/\/www.facebook.com\/funiber\" \/>\n<meta property=\"article:published_time\" content=\"2016-07-15T08:58:39+00:00\" \/>\n<meta property=\"og:image\" content=\"https:\/\/blogs.funiber.org\/pt\/wp-content\/uploads\/2016\/07\/medio-ambiente-funiber-climatico.jpg\" \/>\n\t<meta property=\"og:image:width\" content=\"562\" \/>\n\t<meta property=\"og:image:height\" content=\"562\" \/>\n\t<meta property=\"og:image:type\" content=\"image\/jpeg\" \/>\n<meta name=\"author\" content=\"Michelle\" \/>\n<meta name=\"twitter:card\" content=\"summary_large_image\" \/>\n<meta name=\"twitter:creator\" content=\"@FUNIBER\" \/>\n<meta name=\"twitter:site\" content=\"@FUNIBER\" \/>\n<meta name=\"twitter:label1\" content=\"Escrito por\" \/>\n\t<meta name=\"twitter:data1\" content=\"Michelle\" \/>\n\t<meta name=\"twitter:label2\" content=\"Est. tempo de leitura\" \/>\n\t<meta name=\"twitter:data2\" content=\"3 minutos\" \/>\n<script type=\"application\/ld+json\" class=\"yoast-schema-graph\">{\"@context\":\"https:\/\/schema.org\",\"@graph\":[{\"@type\":\"Article\",\"@id\":\"https:\/\/blogs.funiber.org\/pt\/meio-ambiente\/2016\/07\/15\/funiber-mudanca-climatica-america-latina#article\",\"isPartOf\":{\"@id\":\"https:\/\/blogs.funiber.org\/pt\/meio-ambiente\/2016\/07\/15\/funiber-mudanca-climatica-america-latina\"},\"author\":{\"name\":\"Michelle\",\"@id\":\"https:\/\/blogs.funiber.org\/pt\/#\/schema\/person\/a1eaaa5e57eac866a8c5946946bcf80d\"},\"headline\":\"Esfor\u00e7os para paliar a mudan\u00e7a clim\u00e1tica na Am\u00e9rica Latina\",\"datePublished\":\"2016-07-15T08:58:39+00:00\",\"dateModified\":\"2016-07-15T08:58:39+00:00\",\"mainEntityOfPage\":{\"@id\":\"https:\/\/blogs.funiber.org\/pt\/meio-ambiente\/2016\/07\/15\/funiber-mudanca-climatica-america-latina\"},\"wordCount\":533,\"publisher\":{\"@id\":\"https:\/\/blogs.funiber.org\/pt\/#organization\"},\"keywords\":[\"Am\u00e9rica Latina\",\"Conserva\u00e7\u00e3o\",\"Educa\u00e7\u00e3o\",\"Educa\u00e7\u00e3o a Dist\u00e2ncia\",\"Funiber\",\"Meio Ambiente\",\"Mudan\u00e7a Clim\u00e1tica\",\"Opini\u00e3o FUNIBER\",\"Opini\u00f5es Funiber\"],\"articleSection\":[\"Meio Ambiente\"],\"inLanguage\":\"pt-BR\"},{\"@type\":\"WebPage\",\"@id\":\"https:\/\/blogs.funiber.org\/pt\/meio-ambiente\/2016\/07\/15\/funiber-mudanca-climatica-america-latina\",\"url\":\"https:\/\/blogs.funiber.org\/pt\/meio-ambiente\/2016\/07\/15\/funiber-mudanca-climatica-america-latina\",\"name\":\"Esfor\u00e7os para paliar a mudan\u00e7a clim\u00e1tica na Am\u00e9rica Latina\",\"isPartOf\":{\"@id\":\"https:\/\/blogs.funiber.org\/pt\/#website\"},\"datePublished\":\"2016-07-15T08:58:39+00:00\",\"dateModified\":\"2016-07-15T08:58:39+00:00\",\"description\":\"Diversas oficinas s\u00e3o realizadas na Am\u00e9rica Latina para paliar a mudan\u00e7a clim\u00e1tica\",\"breadcrumb\":{\"@id\":\"https:\/\/blogs.funiber.org\/pt\/meio-ambiente\/2016\/07\/15\/funiber-mudanca-climatica-america-latina#breadcrumb\"},\"inLanguage\":\"pt-BR\",\"potentialAction\":[{\"@type\":\"ReadAction\",\"target\":[\"https:\/\/blogs.funiber.org\/pt\/meio-ambiente\/2016\/07\/15\/funiber-mudanca-climatica-america-latina\"]}]},{\"@type\":\"BreadcrumbList\",\"@id\":\"https:\/\/blogs.funiber.org\/pt\/meio-ambiente\/2016\/07\/15\/funiber-mudanca-climatica-america-latina#breadcrumb\",\"itemListElement\":[{\"@type\":\"ListItem\",\"position\":1,\"name\":\"In\u00edcio\",\"item\":\"https:\/\/blogs.funiber.org\/pt\"},{\"@type\":\"ListItem\",\"position\":2,\"name\":\"Esfor\u00e7os para paliar a mudan\u00e7a clim\u00e1tica na Am\u00e9rica Latina\"}]},{\"@type\":\"WebSite\",\"@id\":\"https:\/\/blogs.funiber.org\/pt\/#website\",\"url\":\"https:\/\/blogs.funiber.org\/pt\/\",\"name\":\"FuniBlogs - FUNIBER\",\"description\":\"\",\"publisher\":{\"@id\":\"https:\/\/blogs.funiber.org\/pt\/#organization\"},\"potentialAction\":[{\"@type\":\"SearchAction\",\"target\":{\"@type\":\"EntryPoint\",\"urlTemplate\":\"https:\/\/blogs.funiber.org\/pt\/?s={search_term_string}\"},\"query-input\":\"required name=search_term_string\"}],\"inLanguage\":\"pt-BR\"},{\"@type\":\"Organization\",\"@id\":\"https:\/\/blogs.funiber.org\/pt\/#organization\",\"name\":\"FuniBlogs - FUNIBER\",\"url\":\"https:\/\/blogs.funiber.org\/pt\/\",\"logo\":{\"@type\":\"ImageObject\",\"inLanguage\":\"pt-BR\",\"@id\":\"https:\/\/blogs.funiber.org\/pt\/#\/schema\/logo\/image\/\",\"url\":\"https:\/\/www.funiber.blog\/pt\/wp-content\/uploads\/2022\/02\/logo-funiber-pt-br-v-dos.svg\",\"contentUrl\":\"https:\/\/www.funiber.blog\/pt\/wp-content\/uploads\/2022\/02\/logo-funiber-pt-br-v-dos.svg\",\"width\":1,\"height\":1,\"caption\":\"FuniBlogs - FUNIBER\"},\"image\":{\"@id\":\"https:\/\/blogs.funiber.org\/pt\/#\/schema\/logo\/image\/\"},\"sameAs\":[\"https:\/\/www.facebook.com\/funiber\",\"https:\/\/twitter.com\/FUNIBER\",\"https:\/\/www.instagram.com\/funiber_becas\",\"https:\/\/www.youtube.com\/user\/funiber\",\"https:\/\/www.linkedin.com\/company\/funiber\"]},{\"@type\":\"Person\",\"@id\":\"https:\/\/blogs.funiber.org\/pt\/#\/schema\/person\/a1eaaa5e57eac866a8c5946946bcf80d\",\"name\":\"Michelle\",\"image\":{\"@type\":\"ImageObject\",\"inLanguage\":\"pt-BR\",\"@id\":\"https:\/\/blogs.funiber.org\/pt\/#\/schema\/person\/image\/\",\"url\":\"https:\/\/secure.gravatar.com\/avatar\/5e87041f7609dc50493cf216754fece1?s=96&d=mm&r=g\",\"contentUrl\":\"https:\/\/secure.gravatar.com\/avatar\/5e87041f7609dc50493cf216754fece1?s=96&d=mm&r=g\",\"caption\":\"Michelle\"},\"url\":\"https:\/\/www.funiber.blog\/pt\/author\/michelle-moreira\"}]}<\/script>\n<!-- \/ Yoast SEO plugin. -->","yoast_head_json":{"title":"Esfor\u00e7os para paliar a mudan\u00e7a clim\u00e1tica na Am\u00e9rica Latina","description":"Diversas oficinas s\u00e3o realizadas na Am\u00e9rica Latina para paliar a mudan\u00e7a clim\u00e1tica","robots":{"index":"index","follow":"follow","max-snippet":"max-snippet:-1","max-image-preview":"max-image-preview:large","max-video-preview":"max-video-preview:-1"},"canonical":"https:\/\/blogs.funiber.org\/pt\/meio-ambiente\/2016\/07\/15\/funiber-mudanca-climatica-america-latina","og_locale":"pt_BR","og_type":"article","og_title":"Esfor\u00e7os para paliar a mudan\u00e7a clim\u00e1tica na Am\u00e9rica Latina","og_description":"Diversas oficinas s\u00e3o realizadas na Am\u00e9rica Latina para paliar a mudan\u00e7a clim\u00e1tica","og_url":"https:\/\/blogs.funiber.org\/pt\/meio-ambiente\/2016\/07\/15\/funiber-mudanca-climatica-america-latina","og_site_name":"FuniBlogs - FUNIBER","article_publisher":"https:\/\/www.facebook.com\/funiber","article_published_time":"2016-07-15T08:58:39+00:00","og_image":[{"width":562,"height":562,"url":"https:\/\/blogs.funiber.org\/pt\/wp-content\/uploads\/2016\/07\/medio-ambiente-funiber-climatico.jpg","type":"image\/jpeg"}],"author":"Michelle","twitter_card":"summary_large_image","twitter_creator":"@FUNIBER","twitter_site":"@FUNIBER","twitter_misc":{"Escrito por":"Michelle","Est. tempo de leitura":"3 minutos"},"schema":{"@context":"https:\/\/schema.org","@graph":[{"@type":"Article","@id":"https:\/\/blogs.funiber.org\/pt\/meio-ambiente\/2016\/07\/15\/funiber-mudanca-climatica-america-latina#article","isPartOf":{"@id":"https:\/\/blogs.funiber.org\/pt\/meio-ambiente\/2016\/07\/15\/funiber-mudanca-climatica-america-latina"},"author":{"name":"Michelle","@id":"https:\/\/blogs.funiber.org\/pt\/#\/schema\/person\/a1eaaa5e57eac866a8c5946946bcf80d"},"headline":"Esfor\u00e7os para paliar a mudan\u00e7a clim\u00e1tica na Am\u00e9rica Latina","datePublished":"2016-07-15T08:58:39+00:00","dateModified":"2016-07-15T08:58:39+00:00","mainEntityOfPage":{"@id":"https:\/\/blogs.funiber.org\/pt\/meio-ambiente\/2016\/07\/15\/funiber-mudanca-climatica-america-latina"},"wordCount":533,"publisher":{"@id":"https:\/\/blogs.funiber.org\/pt\/#organization"},"keywords":["Am\u00e9rica Latina","Conserva\u00e7\u00e3o","Educa\u00e7\u00e3o","Educa\u00e7\u00e3o a Dist\u00e2ncia","Funiber","Meio Ambiente","Mudan\u00e7a Clim\u00e1tica","Opini\u00e3o FUNIBER","Opini\u00f5es Funiber"],"articleSection":["Meio Ambiente"],"inLanguage":"pt-BR"},{"@type":"WebPage","@id":"https:\/\/blogs.funiber.org\/pt\/meio-ambiente\/2016\/07\/15\/funiber-mudanca-climatica-america-latina","url":"https:\/\/blogs.funiber.org\/pt\/meio-ambiente\/2016\/07\/15\/funiber-mudanca-climatica-america-latina","name":"Esfor\u00e7os para paliar a mudan\u00e7a clim\u00e1tica na Am\u00e9rica Latina","isPartOf":{"@id":"https:\/\/blogs.funiber.org\/pt\/#website"},"datePublished":"2016-07-15T08:58:39+00:00","dateModified":"2016-07-15T08:58:39+00:00","description":"Diversas oficinas s\u00e3o realizadas na Am\u00e9rica Latina para paliar a mudan\u00e7a clim\u00e1tica","breadcrumb":{"@id":"https:\/\/blogs.funiber.org\/pt\/meio-ambiente\/2016\/07\/15\/funiber-mudanca-climatica-america-latina#breadcrumb"},"inLanguage":"pt-BR","potentialAction":[{"@type":"ReadAction","target":["https:\/\/blogs.funiber.org\/pt\/meio-ambiente\/2016\/07\/15\/funiber-mudanca-climatica-america-latina"]}]},{"@type":"BreadcrumbList","@id":"https:\/\/blogs.funiber.org\/pt\/meio-ambiente\/2016\/07\/15\/funiber-mudanca-climatica-america-latina#breadcrumb","itemListElement":[{"@type":"ListItem","position":1,"name":"In\u00edcio","item":"https:\/\/blogs.funiber.org\/pt"},{"@type":"ListItem","position":2,"name":"Esfor\u00e7os para paliar a mudan\u00e7a clim\u00e1tica na Am\u00e9rica Latina"}]},{"@type":"WebSite","@id":"https:\/\/blogs.funiber.org\/pt\/#website","url":"https:\/\/blogs.funiber.org\/pt\/","name":"FuniBlogs - FUNIBER","description":"","publisher":{"@id":"https:\/\/blogs.funiber.org\/pt\/#organization"},"potentialAction":[{"@type":"SearchAction","target":{"@type":"EntryPoint","urlTemplate":"https:\/\/blogs.funiber.org\/pt\/?s={search_term_string}"},"query-input":"required name=search_term_string"}],"inLanguage":"pt-BR"},{"@type":"Organization","@id":"https:\/\/blogs.funiber.org\/pt\/#organization","name":"FuniBlogs - FUNIBER","url":"https:\/\/blogs.funiber.org\/pt\/","logo":{"@type":"ImageObject","inLanguage":"pt-BR","@id":"https:\/\/blogs.funiber.org\/pt\/#\/schema\/logo\/image\/","url":"https:\/\/www.funiber.blog\/pt\/wp-content\/uploads\/2022\/02\/logo-funiber-pt-br-v-dos.svg","contentUrl":"https:\/\/www.funiber.blog\/pt\/wp-content\/uploads\/2022\/02\/logo-funiber-pt-br-v-dos.svg","width":1,"height":1,"caption":"FuniBlogs - FUNIBER"},"image":{"@id":"https:\/\/blogs.funiber.org\/pt\/#\/schema\/logo\/image\/"},"sameAs":["https:\/\/www.facebook.com\/funiber","https:\/\/twitter.com\/FUNIBER","https:\/\/www.instagram.com\/funiber_becas","https:\/\/www.youtube.com\/user\/funiber","https:\/\/www.linkedin.com\/company\/funiber"]},{"@type":"Person","@id":"https:\/\/blogs.funiber.org\/pt\/#\/schema\/person\/a1eaaa5e57eac866a8c5946946bcf80d","name":"Michelle","image":{"@type":"ImageObject","inLanguage":"pt-BR","@id":"https:\/\/blogs.funiber.org\/pt\/#\/schema\/person\/image\/","url":"https:\/\/secure.gravatar.com\/avatar\/5e87041f7609dc50493cf216754fece1?s=96&d=mm&r=g","contentUrl":"https:\/\/secure.gravatar.com\/avatar\/5e87041f7609dc50493cf216754fece1?s=96&d=mm&r=g","caption":"Michelle"},"url":"https:\/\/www.funiber.blog\/pt\/author\/michelle-moreira"}]}},"jetpack_featured_media_url":"https:\/\/www.funiber.blog\/pt\/wp-content\/uploads\/2016\/07\/medio-ambiente-funiber-climatico.jpg","jetpack_shortlink":"https:\/\/wp.me\/p7ee1t-2LP","jetpack_sharing_enabled":true,"_links":{"self":[{"href":"https:\/\/www.funiber.blog\/pt\/wp-json\/wp\/v2\/posts\/10653"}],"collection":[{"href":"https:\/\/www.funiber.blog\/pt\/wp-json\/wp\/v2\/posts"}],"about":[{"href":"https:\/\/www.funiber.blog\/pt\/wp-json\/wp\/v2\/types\/post"}],"author":[{"embeddable":true,"href":"https:\/\/www.funiber.blog\/pt\/wp-json\/wp\/v2\/users\/10"}],"replies":[{"embeddable":true,"href":"https:\/\/www.funiber.blog\/pt\/wp-json\/wp\/v2\/comments?post=10653"}],"version-history":[{"count":1,"href":"https:\/\/www.funiber.blog\/pt\/wp-json\/wp\/v2\/posts\/10653\/revisions"}],"predecessor-version":[{"id":10655,"href":"https:\/\/www.funiber.blog\/pt\/wp-json\/wp\/v2\/posts\/10653\/revisions\/10655"}],"wp:featuredmedia":[{"embeddable":true,"href":"https:\/\/www.funiber.blog\/pt\/wp-json\/wp\/v2\/media\/10654"}],"wp:attachment":[{"href":"https:\/\/www.funiber.blog\/pt\/wp-json\/wp\/v2\/media?parent=10653"}],"wp:term":[{"taxonomy":"category","embeddable":true,"href":"https:\/\/www.funiber.blog\/pt\/wp-json\/wp\/v2\/categories?post=10653"},{"taxonomy":"post_tag","embeddable":true,"href":"https:\/\/www.funiber.blog\/pt\/wp-json\/wp\/v2\/tags?post=10653"}],"curies":[{"name":"wp","href":"https:\/\/api.w.org\/{rel}","templated":true}]}}