{"id":10828,"date":"2016-08-10T07:42:19","date_gmt":"2016-08-10T07:42:19","guid":{"rendered":"http:\/\/blogs.funiber.org\/pt\/?p=10828"},"modified":"2016-08-10T07:42:19","modified_gmt":"2016-08-10T07:42:19","slug":"funiber-ensino-zonas-contato-linguas","status":"publish","type":"post","link":"https:\/\/www.funiber.blog\/pt\/formacao-professores\/2016\/08\/10\/funiber-ensino-zonas-contato-linguas","title":{"rendered":"Ensino em zonas de contato de l\u00ednguas"},"content":{"rendered":"<h2>Na Jornada Internacional de Educa\u00e7\u00e3o, professoras da FUNIBER apresentam resultados de pesquisas sobre oportunidades e desafios do trabalho docente em escolas em zonas de contato de l\u00ednguas<\/h2>\n<p>Muitos professores enfrentam dificuldades para trabalhar em escolas situadas em regi\u00f5es de fronteira entre pa\u00edses. <strong>As diferentes l\u00ednguas maternas, os diferentes costumes e as variedades dialetais geram, em sala de aula, um ambiente rico e diverso, mas, ao mesmo tempo, muito desafiante para a maioria dos docentes.<\/strong><!--more--><\/p>\n<p>Para estudar efetivamente o que acontece em sala de aula e qual \u00e9 a problem\u00e1tica vivida pelos educadores, a docente da <a href=\"http:\/\/www.funiber.org.br\/areas-de-conhecimento\/formacao-de-professores\/\" target=\"_blank\">\u00c1rea de Forma\u00e7\u00e3o de Professores da <strong>FUNIBER<\/strong><\/a> <a href=\"https:\/\/www.linkedin.com\/in\/karina-nossar-3822983a?authType=NAME_SEARCH&amp;authToken=gb0a&amp;locale=es_ES&amp;trk=tyah&amp;trkInfo=clickedVertical%3Amynetwork%2CclickedEntityId%3A138053906%2CauthType%3ANAME_SEARCH%2Cidx%3A1-1-1%2CtarId%3A1470733732303%2Ctas%3AKarina%20Nossar%20\" target=\"_blank\">Karina Nossar<\/a>, come\u00e7ou em 2002 um estudo nas escolas onde havia <strong>contato entre o espanhol e o portugu\u00eas.<\/strong><\/p>\n<p>Em seguida, a tamb\u00e9m professora da \u00c1rea de Forma\u00e7\u00e3o de Professores da FUNIBER e Especialista em forma\u00e7\u00e3o de professores, <a href=\"https:\/\/www.linkedin.com\/in\/virginia-solana-tristant-0308753b?authType=NAME_SEARCH&amp;authToken=xxRx&amp;locale=es_ES&amp;trk=tyah&amp;trkInfo=clickedVertical%3Amynetwork%2CclickedEntityId%3A142485732%2CauthType%3ANAME_SEARCH%2Cidx%3A1-2-2%2CtarId%3A1470751915733%2Ctas%3Avirginia%20solana%20trista\" target=\"_blank\">Virginia Solana<\/a>, somou-se \u00e0 pesquisa com a inten\u00e7\u00e3o de identificar quais eram as <strong>principais dificuldades vividas pelos educadores para transmitir o conhecimento aos estudantes de espanhol.<\/strong><\/p>\n<p><strong>Jornada Internacional de Educa\u00e7\u00e3o<\/strong><\/p>\n<p>Os resultados das pesquisas realizadas at\u00e9 o momento e das que ainda se encontram em curso ser\u00e3o apresentados pelas professoras da <strong>FUNIBER<\/strong> no pr\u00f3ximo dia 12 de agosto, na terceira etapa da <strong><a href=\"https:\/\/noticias.funiber.org\/2016\/07\/22\/funiber-jornada-internacional-educacion-argentina-uruguay\" target=\"_blank\">Jornada Internacional de Educa\u00e7\u00e3o<\/a><\/strong> que ser\u00e1 realizada pela <strong>FUNIBER<\/strong> em Salto, Uruguai.<\/p>\n<p>As outras duas etapas da Jornada ser\u00e3o realizadas em Buenos Aires (Argentina), dia 09 de agosto, e em Punta del Este (Uruguai), dia 11 de agosto. A entrada em todas as etapas \u00e9 gratuita e os participantes registrados receber\u00e3o certificado de participa\u00e7\u00e3o.<\/p>\n<p>Neste sentido, a <strong>FUNIBER<\/strong> estimula a todos os alunos da \u00c1rea de Forma\u00e7\u00e3o de Professores que vivem na regi\u00e3o a participar do evento. Ser\u00e1 uma excelente ocasi\u00e3o para conhecer a experi\u00eancia de especialistas, al\u00e9m de ser uma oportunidade \u00fanica para conhecer outros estudantes e trocar informa\u00e7\u00f5es.<\/p>\n<p><strong>Inscri\u00e7\u00e3o<\/strong><\/p>\n<p>Para mais informa\u00e7\u00e3o e confirma\u00e7\u00e3o de participa\u00e7\u00e3o, contatar atrav\u00e9s do telefone (5411) 4000 1150 ou <a href=\"mailto:argentina@funiber.org\">argentina@funiber.org<\/a> (na Argentina) ou atrav\u00e9s do telefone (00598) 2409-4962 ou <a href=\"mailto:uruguay@funiber.org\">uruguay@funiber.org<\/a> (no Uruguai).<\/p>\n<p>A seguir, as professoras Karina Nossar e Virginia Solana dar\u00e3o mais detalhes referentes ao ensino em zonas de contato de l\u00ednguas e adiantar\u00e3o alguns dos resultados que ser\u00e3o expostos na Jornada:<\/p>\n<p><iframe loading=\"lazy\" src=\"https:\/\/www.youtube.com\/embed\/Fk7Z2Lr0sTk\" width=\"560\" height=\"315\" frameborder=\"0\" allowfullscreen=\"allowfullscreen\"><\/iframe><\/p>\n<p><em>Nota:\u00a0As professoras Karina Nossar e Virginia Solana participam da Rede Universit\u00e1ria na qual a FUNIBER colabora.<\/em><\/p>\n","protected":false},"excerpt":{"rendered":"<p>Na Jornada Internacional de Educa\u00e7\u00e3o, professoras da FUNIBER apresentam resultados de pesquisas sobre oportunidades e desafios do trabalho docente em escolas em zonas de contato de l\u00ednguas Muitos professores enfrentam dificuldades para trabalhar em escolas situadas em regi\u00f5es de fronteira entre pa\u00edses. As diferentes l\u00ednguas maternas, os diferentes costumes e as variedades dialetais geram, em [&hellip;]<\/p>\n","protected":false},"author":16,"featured_media":10839,"comment_status":"closed","ping_status":"closed","sticky":false,"template":"","format":"standard","meta":{"jetpack_post_was_ever_published":false,"_jetpack_newsletter_access":"","_jetpack_newsletter_tier_id":0,"footnotes":"","jetpack_publicize_message":"","jetpack_is_tweetstorm":false,"jetpack_publicize_feature_enabled":true,"jetpack_social_post_already_shared":true,"jetpack_social_options":{"image_generator_settings":{"template":"highway","enabled":false}}},"categories":[5],"tags":[1623,285,408,686,248,911,1622,641,255],"jetpack_publicize_connections":[],"yoast_head":"<!-- This site is optimized with the Yoast SEO plugin v21.7 - https:\/\/yoast.com\/wordpress\/plugins\/seo\/ -->\n<title>Ensino em zonas de contato de l\u00ednguas<\/title>\n<meta name=\"description\" content=\"Na Jornada Internacional de Educa\u00e7\u00e3o, professoras da FUNIBER apresentam resultados de pesquisas sobre o trabalho docente em zonas de contato de l\u00ednguas.\" \/>\n<meta name=\"robots\" content=\"noindex, nofollow\" \/>\n<meta property=\"og:locale\" content=\"pt_BR\" \/>\n<meta property=\"og:type\" content=\"article\" \/>\n<meta property=\"og:title\" content=\"Ensino em zonas de contato de l\u00ednguas\" \/>\n<meta property=\"og:description\" content=\"Na Jornada Internacional de Educa\u00e7\u00e3o, professoras da FUNIBER apresentam resultados de pesquisas sobre o trabalho docente em zonas de contato de l\u00ednguas.\" \/>\n<meta property=\"og:url\" content=\"https:\/\/blogs.funiber.org\/pt\/formacao-professores\/2016\/08\/10\/funiber-ensino-zonas-contato-linguas\" \/>\n<meta property=\"og:site_name\" content=\"FuniBlogs - FUNIBER\" \/>\n<meta property=\"article:publisher\" content=\"https:\/\/www.facebook.com\/funiber\" \/>\n<meta property=\"article:published_time\" content=\"2016-08-10T07:42:19+00:00\" \/>\n<meta property=\"og:image\" content=\"https:\/\/blogs.funiber.org\/pt\/wp-content\/uploads\/2016\/08\/funiber-conferencia-salto-formacion-profesores_p.jpg\" \/>\n\t<meta property=\"og:image:width\" content=\"640\" \/>\n\t<meta property=\"og:image:height\" content=\"343\" \/>\n\t<meta property=\"og:image:type\" content=\"image\/jpeg\" \/>\n<meta name=\"author\" content=\"Mariana Dornelles\" \/>\n<meta name=\"twitter:card\" content=\"summary_large_image\" \/>\n<meta name=\"twitter:creator\" content=\"@FUNIBER\" \/>\n<meta name=\"twitter:site\" content=\"@FUNIBER\" \/>\n<meta name=\"twitter:label1\" content=\"Escrito por\" \/>\n\t<meta name=\"twitter:data1\" content=\"Mariana Dornelles\" \/>\n\t<meta name=\"twitter:label2\" content=\"Est. tempo de leitura\" \/>\n\t<meta name=\"twitter:data2\" content=\"2 minutos\" \/>\n<script type=\"application\/ld+json\" class=\"yoast-schema-graph\">{\"@context\":\"https:\/\/schema.org\",\"@graph\":[{\"@type\":\"Article\",\"@id\":\"https:\/\/blogs.funiber.org\/pt\/formacao-professores\/2016\/08\/10\/funiber-ensino-zonas-contato-linguas#article\",\"isPartOf\":{\"@id\":\"https:\/\/blogs.funiber.org\/pt\/formacao-professores\/2016\/08\/10\/funiber-ensino-zonas-contato-linguas\"},\"author\":{\"name\":\"Mariana Dornelles\",\"@id\":\"https:\/\/blogs.funiber.org\/pt\/#\/schema\/person\/cebedd0aef5286687ce641276452c76d\"},\"headline\":\"Ensino em zonas de contato de l\u00ednguas\",\"datePublished\":\"2016-08-10T07:42:19+00:00\",\"dateModified\":\"2016-08-10T07:42:19+00:00\",\"mainEntityOfPage\":{\"@id\":\"https:\/\/blogs.funiber.org\/pt\/formacao-professores\/2016\/08\/10\/funiber-ensino-zonas-contato-linguas\"},\"wordCount\":416,\"publisher\":{\"@id\":\"https:\/\/blogs.funiber.org\/pt\/#organization\"},\"keywords\":[\"Contato de l\u00ednguas\",\"Educa\u00e7\u00e3o\",\"Educa\u00e7\u00e3o a Dist\u00e2ncia\",\"Forma\u00e7\u00e3o de Professores\",\"Funiber\",\"FUNIBER Opini\u00f5es\",\"Jornada Internacional de Educa\u00e7\u00e3o\",\"Opini\u00e3o FUNIBER\",\"Opini\u00f5es Funiber\"],\"articleSection\":[\"Educa\u00e7\u00e3o,\u00a0Forma\u00e7\u00e3o Professores\"],\"inLanguage\":\"pt-BR\"},{\"@type\":\"WebPage\",\"@id\":\"https:\/\/blogs.funiber.org\/pt\/formacao-professores\/2016\/08\/10\/funiber-ensino-zonas-contato-linguas\",\"url\":\"https:\/\/blogs.funiber.org\/pt\/formacao-professores\/2016\/08\/10\/funiber-ensino-zonas-contato-linguas\",\"name\":\"Ensino em zonas de contato de l\u00ednguas\",\"isPartOf\":{\"@id\":\"https:\/\/blogs.funiber.org\/pt\/#website\"},\"datePublished\":\"2016-08-10T07:42:19+00:00\",\"dateModified\":\"2016-08-10T07:42:19+00:00\",\"description\":\"Na Jornada Internacional de Educa\u00e7\u00e3o, professoras da FUNIBER apresentam resultados de pesquisas sobre o trabalho docente em zonas de contato de l\u00ednguas.\",\"breadcrumb\":{\"@id\":\"https:\/\/blogs.funiber.org\/pt\/formacao-professores\/2016\/08\/10\/funiber-ensino-zonas-contato-linguas#breadcrumb\"},\"inLanguage\":\"pt-BR\",\"potentialAction\":[{\"@type\":\"ReadAction\",\"target\":[\"https:\/\/blogs.funiber.org\/pt\/formacao-professores\/2016\/08\/10\/funiber-ensino-zonas-contato-linguas\"]}]},{\"@type\":\"BreadcrumbList\",\"@id\":\"https:\/\/blogs.funiber.org\/pt\/formacao-professores\/2016\/08\/10\/funiber-ensino-zonas-contato-linguas#breadcrumb\",\"itemListElement\":[{\"@type\":\"ListItem\",\"position\":1,\"name\":\"In\u00edcio\",\"item\":\"https:\/\/blogs.funiber.org\/pt\"},{\"@type\":\"ListItem\",\"position\":2,\"name\":\"Ensino em zonas de contato de l\u00ednguas\"}]},{\"@type\":\"WebSite\",\"@id\":\"https:\/\/blogs.funiber.org\/pt\/#website\",\"url\":\"https:\/\/blogs.funiber.org\/pt\/\",\"name\":\"FuniBlogs - FUNIBER\",\"description\":\"\",\"publisher\":{\"@id\":\"https:\/\/blogs.funiber.org\/pt\/#organization\"},\"potentialAction\":[{\"@type\":\"SearchAction\",\"target\":{\"@type\":\"EntryPoint\",\"urlTemplate\":\"https:\/\/blogs.funiber.org\/pt\/?s={search_term_string}\"},\"query-input\":\"required name=search_term_string\"}],\"inLanguage\":\"pt-BR\"},{\"@type\":\"Organization\",\"@id\":\"https:\/\/blogs.funiber.org\/pt\/#organization\",\"name\":\"FuniBlogs - FUNIBER\",\"url\":\"https:\/\/blogs.funiber.org\/pt\/\",\"logo\":{\"@type\":\"ImageObject\",\"inLanguage\":\"pt-BR\",\"@id\":\"https:\/\/blogs.funiber.org\/pt\/#\/schema\/logo\/image\/\",\"url\":\"https:\/\/www.funiber.blog\/pt\/wp-content\/uploads\/2022\/02\/logo-funiber-pt-br-v-dos.svg\",\"contentUrl\":\"https:\/\/www.funiber.blog\/pt\/wp-content\/uploads\/2022\/02\/logo-funiber-pt-br-v-dos.svg\",\"width\":1,\"height\":1,\"caption\":\"FuniBlogs - FUNIBER\"},\"image\":{\"@id\":\"https:\/\/blogs.funiber.org\/pt\/#\/schema\/logo\/image\/\"},\"sameAs\":[\"https:\/\/www.facebook.com\/funiber\",\"https:\/\/twitter.com\/FUNIBER\",\"https:\/\/www.instagram.com\/funiber_becas\",\"https:\/\/www.youtube.com\/user\/funiber\",\"https:\/\/www.linkedin.com\/company\/funiber\"]},{\"@type\":\"Person\",\"@id\":\"https:\/\/blogs.funiber.org\/pt\/#\/schema\/person\/cebedd0aef5286687ce641276452c76d\",\"name\":\"Mariana Dornelles\",\"image\":{\"@type\":\"ImageObject\",\"inLanguage\":\"pt-BR\",\"@id\":\"https:\/\/blogs.funiber.org\/pt\/#\/schema\/person\/image\/\",\"url\":\"https:\/\/secure.gravatar.com\/avatar\/2fbaa65ea908e82807b005c351db3c9d?s=96&d=mm&r=g\",\"contentUrl\":\"https:\/\/secure.gravatar.com\/avatar\/2fbaa65ea908e82807b005c351db3c9d?s=96&d=mm&r=g\",\"caption\":\"Mariana Dornelles\"},\"url\":\"https:\/\/www.funiber.blog\/pt\/author\/mariana-dornelles\"}]}<\/script>\n<!-- \/ Yoast SEO plugin. -->","yoast_head_json":{"title":"Ensino em zonas de contato de l\u00ednguas","description":"Na Jornada Internacional de Educa\u00e7\u00e3o, professoras da FUNIBER apresentam resultados de pesquisas sobre o trabalho docente em zonas de contato de l\u00ednguas.","robots":{"index":"noindex","follow":"nofollow"},"og_locale":"pt_BR","og_type":"article","og_title":"Ensino em zonas de contato de l\u00ednguas","og_description":"Na Jornada Internacional de Educa\u00e7\u00e3o, professoras da FUNIBER apresentam resultados de pesquisas sobre o trabalho docente em zonas de contato de l\u00ednguas.","og_url":"https:\/\/blogs.funiber.org\/pt\/formacao-professores\/2016\/08\/10\/funiber-ensino-zonas-contato-linguas","og_site_name":"FuniBlogs - FUNIBER","article_publisher":"https:\/\/www.facebook.com\/funiber","article_published_time":"2016-08-10T07:42:19+00:00","og_image":[{"width":640,"height":343,"url":"https:\/\/blogs.funiber.org\/pt\/wp-content\/uploads\/2016\/08\/funiber-conferencia-salto-formacion-profesores_p.jpg","type":"image\/jpeg"}],"author":"Mariana Dornelles","twitter_card":"summary_large_image","twitter_creator":"@FUNIBER","twitter_site":"@FUNIBER","twitter_misc":{"Escrito por":"Mariana Dornelles","Est. tempo de leitura":"2 minutos"},"schema":{"@context":"https:\/\/schema.org","@graph":[{"@type":"Article","@id":"https:\/\/blogs.funiber.org\/pt\/formacao-professores\/2016\/08\/10\/funiber-ensino-zonas-contato-linguas#article","isPartOf":{"@id":"https:\/\/blogs.funiber.org\/pt\/formacao-professores\/2016\/08\/10\/funiber-ensino-zonas-contato-linguas"},"author":{"name":"Mariana Dornelles","@id":"https:\/\/blogs.funiber.org\/pt\/#\/schema\/person\/cebedd0aef5286687ce641276452c76d"},"headline":"Ensino em zonas de contato de l\u00ednguas","datePublished":"2016-08-10T07:42:19+00:00","dateModified":"2016-08-10T07:42:19+00:00","mainEntityOfPage":{"@id":"https:\/\/blogs.funiber.org\/pt\/formacao-professores\/2016\/08\/10\/funiber-ensino-zonas-contato-linguas"},"wordCount":416,"publisher":{"@id":"https:\/\/blogs.funiber.org\/pt\/#organization"},"keywords":["Contato de l\u00ednguas","Educa\u00e7\u00e3o","Educa\u00e7\u00e3o a Dist\u00e2ncia","Forma\u00e7\u00e3o de Professores","Funiber","FUNIBER Opini\u00f5es","Jornada Internacional de Educa\u00e7\u00e3o","Opini\u00e3o FUNIBER","Opini\u00f5es Funiber"],"articleSection":["Educa\u00e7\u00e3o,\u00a0Forma\u00e7\u00e3o Professores"],"inLanguage":"pt-BR"},{"@type":"WebPage","@id":"https:\/\/blogs.funiber.org\/pt\/formacao-professores\/2016\/08\/10\/funiber-ensino-zonas-contato-linguas","url":"https:\/\/blogs.funiber.org\/pt\/formacao-professores\/2016\/08\/10\/funiber-ensino-zonas-contato-linguas","name":"Ensino em zonas de contato de l\u00ednguas","isPartOf":{"@id":"https:\/\/blogs.funiber.org\/pt\/#website"},"datePublished":"2016-08-10T07:42:19+00:00","dateModified":"2016-08-10T07:42:19+00:00","description":"Na Jornada Internacional de Educa\u00e7\u00e3o, professoras da FUNIBER apresentam resultados de pesquisas sobre o trabalho docente em zonas de contato de l\u00ednguas.","breadcrumb":{"@id":"https:\/\/blogs.funiber.org\/pt\/formacao-professores\/2016\/08\/10\/funiber-ensino-zonas-contato-linguas#breadcrumb"},"inLanguage":"pt-BR","potentialAction":[{"@type":"ReadAction","target":["https:\/\/blogs.funiber.org\/pt\/formacao-professores\/2016\/08\/10\/funiber-ensino-zonas-contato-linguas"]}]},{"@type":"BreadcrumbList","@id":"https:\/\/blogs.funiber.org\/pt\/formacao-professores\/2016\/08\/10\/funiber-ensino-zonas-contato-linguas#breadcrumb","itemListElement":[{"@type":"ListItem","position":1,"name":"In\u00edcio","item":"https:\/\/blogs.funiber.org\/pt"},{"@type":"ListItem","position":2,"name":"Ensino em zonas de contato de l\u00ednguas"}]},{"@type":"WebSite","@id":"https:\/\/blogs.funiber.org\/pt\/#website","url":"https:\/\/blogs.funiber.org\/pt\/","name":"FuniBlogs - FUNIBER","description":"","publisher":{"@id":"https:\/\/blogs.funiber.org\/pt\/#organization"},"potentialAction":[{"@type":"SearchAction","target":{"@type":"EntryPoint","urlTemplate":"https:\/\/blogs.funiber.org\/pt\/?s={search_term_string}"},"query-input":"required name=search_term_string"}],"inLanguage":"pt-BR"},{"@type":"Organization","@id":"https:\/\/blogs.funiber.org\/pt\/#organization","name":"FuniBlogs - FUNIBER","url":"https:\/\/blogs.funiber.org\/pt\/","logo":{"@type":"ImageObject","inLanguage":"pt-BR","@id":"https:\/\/blogs.funiber.org\/pt\/#\/schema\/logo\/image\/","url":"https:\/\/www.funiber.blog\/pt\/wp-content\/uploads\/2022\/02\/logo-funiber-pt-br-v-dos.svg","contentUrl":"https:\/\/www.funiber.blog\/pt\/wp-content\/uploads\/2022\/02\/logo-funiber-pt-br-v-dos.svg","width":1,"height":1,"caption":"FuniBlogs - FUNIBER"},"image":{"@id":"https:\/\/blogs.funiber.org\/pt\/#\/schema\/logo\/image\/"},"sameAs":["https:\/\/www.facebook.com\/funiber","https:\/\/twitter.com\/FUNIBER","https:\/\/www.instagram.com\/funiber_becas","https:\/\/www.youtube.com\/user\/funiber","https:\/\/www.linkedin.com\/company\/funiber"]},{"@type":"Person","@id":"https:\/\/blogs.funiber.org\/pt\/#\/schema\/person\/cebedd0aef5286687ce641276452c76d","name":"Mariana Dornelles","image":{"@type":"ImageObject","inLanguage":"pt-BR","@id":"https:\/\/blogs.funiber.org\/pt\/#\/schema\/person\/image\/","url":"https:\/\/secure.gravatar.com\/avatar\/2fbaa65ea908e82807b005c351db3c9d?s=96&d=mm&r=g","contentUrl":"https:\/\/secure.gravatar.com\/avatar\/2fbaa65ea908e82807b005c351db3c9d?s=96&d=mm&r=g","caption":"Mariana Dornelles"},"url":"https:\/\/www.funiber.blog\/pt\/author\/mariana-dornelles"}]}},"jetpack_featured_media_url":"https:\/\/www.funiber.blog\/pt\/wp-content\/uploads\/2016\/08\/funiber-conferencia-salto-formacion-profesores_p.jpg","jetpack_shortlink":"https:\/\/wp.me\/p7ee1t-2OE","jetpack_sharing_enabled":true,"_links":{"self":[{"href":"https:\/\/www.funiber.blog\/pt\/wp-json\/wp\/v2\/posts\/10828"}],"collection":[{"href":"https:\/\/www.funiber.blog\/pt\/wp-json\/wp\/v2\/posts"}],"about":[{"href":"https:\/\/www.funiber.blog\/pt\/wp-json\/wp\/v2\/types\/post"}],"author":[{"embeddable":true,"href":"https:\/\/www.funiber.blog\/pt\/wp-json\/wp\/v2\/users\/16"}],"replies":[{"embeddable":true,"href":"https:\/\/www.funiber.blog\/pt\/wp-json\/wp\/v2\/comments?post=10828"}],"version-history":[{"count":4,"href":"https:\/\/www.funiber.blog\/pt\/wp-json\/wp\/v2\/posts\/10828\/revisions"}],"predecessor-version":[{"id":10838,"href":"https:\/\/www.funiber.blog\/pt\/wp-json\/wp\/v2\/posts\/10828\/revisions\/10838"}],"wp:featuredmedia":[{"embeddable":true,"href":"https:\/\/www.funiber.blog\/pt\/wp-json\/wp\/v2\/media\/10839"}],"wp:attachment":[{"href":"https:\/\/www.funiber.blog\/pt\/wp-json\/wp\/v2\/media?parent=10828"}],"wp:term":[{"taxonomy":"category","embeddable":true,"href":"https:\/\/www.funiber.blog\/pt\/wp-json\/wp\/v2\/categories?post=10828"},{"taxonomy":"post_tag","embeddable":true,"href":"https:\/\/www.funiber.blog\/pt\/wp-json\/wp\/v2\/tags?post=10828"}],"curies":[{"name":"wp","href":"https:\/\/api.w.org\/{rel}","templated":true}]}}