{"id":10868,"date":"2016-08-17T10:07:15","date_gmt":"2016-08-17T10:07:15","guid":{"rendered":"http:\/\/blogs.funiber.org\/pt\/?p=10868"},"modified":"2016-08-17T10:07:15","modified_gmt":"2016-08-17T10:07:15","slug":"funiber-agressoes-profissionais-saude","status":"publish","type":"post","link":"https:\/\/www.funiber.blog\/pt\/empresas-e-rh\/2016\/08\/17\/funiber-agressoes-profissionais-saude","title":{"rendered":"Evitar as agress\u00f5es aos profissionais da sa\u00fade"},"content":{"rendered":"<h2>As agress\u00f5es ao profissional sanit\u00e1rio costumam ser comuns<\/h2>\n<p>Nem sempre as cirurgias s\u00e3o bem-sucedidas, nem sempre ouviremos boas not\u00edcias da boca de um m\u00e9dico; mas as rea\u00e7\u00f5es das pessoas \u00e0s m\u00e1s not\u00edcias podem ser muito negativas, chegando aos gritos ou tentativas de agress\u00f5es. At\u00e9 agora, poucas den\u00fancias foram registradas, mas estudos sobre o tema indicam que a situa\u00e7\u00e3o \u00e9 preocupante.<!--more--> Na Espanha, entre os anos 2008 e 2012, mais de 30.000 profissionais sofreram algum tipo de agress\u00e3o, de acordo com os n\u00fameros apresentados pelo \u201c<a href=\"http:\/\/www.msssi.gob.es\/gabinete\/notasPrensa.do?id=3609\" target=\"_blank\">Relat\u00f3rio sobre agress\u00f5es aos profissionais do Sistema Nacional de Sa\u00fade<\/a>\u201d apresentado pelo Minist\u00e9rio de Sanidade em dezembro de 2012.<\/p>\n<p>De acordo com os dados proporcionados pelo \u201cEstudo sobre agress\u00f5es \u00e0 profiss\u00e3o de enfermeiro\u201d, realizado pelo Conselho Geral de Enfermaria, s\u00e3o<strong> os enfermeiros os que sofreram maior n\u00famero e mais graves agress\u00f5es<\/strong>. Estima-se que 72% de agress\u00f5es s\u00e3o dirigidas a mulheres que exercem sua profiss\u00e3o no setor sanit\u00e1rio.<\/p>\n<p>Identificou-se que, nos \u00faltimos anos, o n\u00edvel de viol\u00eancia que a sociedade enfrenta aumentou, e como consequ\u00eancia aumentaram os incidentes violentos dentro de hospitais e centros de sa\u00fade. Este \u00faltimo fator foi reconhecido pela <a href=\"https:\/\/osha.europa.eu\/pt\" target=\"_blank\">Ag\u00eancia Europeia para a Seguran\u00e7a e Sa\u00fade no Trabalho<\/a>, e a viol\u00eancia do p\u00fablico foi inclu\u00edda entre os fatores de risco e problemas de sa\u00fade para o profissional sanit\u00e1rio.<\/p>\n<p>Apenas 5% dos trabalhadores que s\u00e3o agredidos denunciam os fatos, \u00e9 por essa raz\u00e3o que o maior desafio ser\u00e1 realizar campanhas para fazer que os trabalhadores denunciem as agress\u00f5es, utilizando provas e contando com testemunhas, para que as autoridades tomem a\u00e7\u00f5es.<\/p>\n<p>Na Espanha, os profissionais contam agora com ferramentas para combater a viol\u00eancia contra os profissionais da sa\u00fade, foi feita uma reforma do C\u00f3digo Penal que permitiu considerar os profissionais da administra\u00e7\u00e3o p\u00fablica como \u201cautoridade p\u00fablica no exerc\u00edcio de suas fun\u00e7\u00f5es\u201d e, portanto, as agress\u00f5es dirigidas a estes profissionais poder\u00e3o ser consideradas como \u201catentado contra a autoridade\u201d podendo punir o agressor com at\u00e9 quatro anos de c\u00e1rcere.<\/p>\n<p>Os problemas de agress\u00f5es aos profissionais da sa\u00fade aumentaram em todo mundo, \u00e9 por essa raz\u00e3o que \u00e9 necess\u00e1rio que em cada pa\u00eds sejam estabelecidas leis que permitam proteger os profissionais da sa\u00fade que possam ser agredidos pelo p\u00fablico, entendendo que, al\u00e9m da legisla\u00e7\u00e3o, \u00e9 necess\u00e1rio desenvolver uma campanha de capacita\u00e7\u00e3o para que os profissionais denunciem adequadamente as agress\u00f5es. Um bom exemplo \u00e9 a legisla\u00e7\u00e3o estabelecida na Espanha.<\/p>\n<p>No setor privado, as empresas devem velar pela sa\u00fade f\u00edsica e psicol\u00f3gica de seus empregados e procurar evitar as agress\u00f5es contra trabalhadores da sa\u00fade.<\/p>\n<p>Os estudantes da \u00e1rea de<a href=\"http:\/\/www.funiber.org.br\/areas-de-conhecimento\/organizacao-empresarial-desenvolvimento-diretivo-rh-e-cooperativismo\/\" target=\"_blank\">\u00a0Empresas<\/a>\u00a0da<strong>\u00a0<a href=\"http:\/\/www.funiber.org.br\">FUNIBER<\/a><\/strong> procuram estabelecer um clima agrad\u00e1vel para os trabalhadores, de forma que no trabalho n\u00e3o enfrentem amea\u00e7as \u00e0 sua integridade f\u00edsica ou psicol\u00f3gica.<\/p>\n<p>Fonte:\u00a0<a href=\"https:\/\/www.aliad.es\/es\/agresiones-a-profesionales-sanitarios-como-combatirlas\/\">Aliad<\/a><\/p>\n<p>Foto CC:\u00a0<a href=\"https:\/\/www.flickr.com\/photos\/neccorp\/14445634744\/sizes\/m\/\">NEC Corp<\/a><\/p>\n","protected":false},"excerpt":{"rendered":"<p>As agress\u00f5es ao profissional sanit\u00e1rio costumam ser comuns Nem sempre as cirurgias s\u00e3o bem-sucedidas, nem sempre ouviremos boas not\u00edcias da boca de um m\u00e9dico; mas as rea\u00e7\u00f5es das pessoas \u00e0s m\u00e1s not\u00edcias podem ser muito negativas, chegando aos gritos ou tentativas de agress\u00f5es. At\u00e9 agora, poucas den\u00fancias foram registradas, mas estudos sobre o tema indicam [&hellip;]<\/p>\n","protected":false},"author":10,"featured_media":10869,"comment_status":"closed","ping_status":"closed","sticky":false,"template":"","format":"standard","meta":{"jetpack_post_was_ever_published":false,"_jetpack_newsletter_access":"","_jetpack_newsletter_tier_id":0,"footnotes":"","jetpack_publicize_message":"","jetpack_is_tweetstorm":false,"jetpack_publicize_feature_enabled":true,"jetpack_social_post_already_shared":true,"jetpack_social_options":{"image_generator_settings":{"template":"highway","enabled":false}}},"categories":[8],"tags":[1628,285,408,172,1626,119,248,911,671,641,255,1627,1629,113,283],"jetpack_publicize_connections":[],"yoast_head":"<!-- This site is optimized with the Yoast SEO plugin v21.7 - https:\/\/yoast.com\/wordpress\/plugins\/seo\/ -->\n<title>Evitar as agress\u00f5es aos profissionais da sa\u00fade<\/title>\n<meta name=\"description\" content=\"Ag\u00eancia Europeia para a Seguran\u00e7a e Sa\u00fade no Trabalho incluiu as agress\u00f5es de pacientes como fator de risco para o profissional sanit\u00e1rio\" \/>\n<meta name=\"robots\" content=\"index, follow, max-snippet:-1, max-image-preview:large, max-video-preview:-1\" \/>\n<link rel=\"canonical\" href=\"https:\/\/blogs.funiber.org\/pt\/empresas-e-rh\/2016\/08\/17\/funiber-agressoes-profissionais-saude\" \/>\n<meta property=\"og:locale\" content=\"pt_BR\" \/>\n<meta property=\"og:type\" content=\"article\" \/>\n<meta property=\"og:title\" content=\"Evitar as agress\u00f5es aos profissionais da sa\u00fade\" \/>\n<meta property=\"og:description\" content=\"Ag\u00eancia Europeia para a Seguran\u00e7a e Sa\u00fade no Trabalho incluiu as agress\u00f5es de pacientes como fator de risco para o profissional sanit\u00e1rio\" \/>\n<meta property=\"og:url\" content=\"https:\/\/blogs.funiber.org\/pt\/empresas-e-rh\/2016\/08\/17\/funiber-agressoes-profissionais-saude\" \/>\n<meta property=\"og:site_name\" content=\"FuniBlogs - FUNIBER\" \/>\n<meta property=\"article:publisher\" content=\"https:\/\/www.facebook.com\/funiber\" \/>\n<meta property=\"article:published_time\" content=\"2016-08-17T10:07:15+00:00\" \/>\n<meta property=\"og:image\" content=\"https:\/\/blogs.funiber.org\/pt\/wp-content\/uploads\/2016\/08\/funiber-agresiones-a-profesionales.jpg\" \/>\n\t<meta property=\"og:image:width\" content=\"500\" \/>\n\t<meta property=\"og:image:height\" content=\"333\" \/>\n\t<meta property=\"og:image:type\" content=\"image\/jpeg\" \/>\n<meta name=\"author\" content=\"Michelle\" \/>\n<meta name=\"twitter:card\" content=\"summary_large_image\" \/>\n<meta name=\"twitter:creator\" content=\"@FUNIBER\" \/>\n<meta name=\"twitter:site\" content=\"@FUNIBER\" \/>\n<meta name=\"twitter:label1\" content=\"Escrito por\" \/>\n\t<meta name=\"twitter:data1\" content=\"Michelle\" \/>\n\t<meta name=\"twitter:label2\" content=\"Est. tempo de leitura\" \/>\n\t<meta name=\"twitter:data2\" content=\"3 minutos\" \/>\n<script type=\"application\/ld+json\" class=\"yoast-schema-graph\">{\"@context\":\"https:\/\/schema.org\",\"@graph\":[{\"@type\":\"Article\",\"@id\":\"https:\/\/blogs.funiber.org\/pt\/empresas-e-rh\/2016\/08\/17\/funiber-agressoes-profissionais-saude#article\",\"isPartOf\":{\"@id\":\"https:\/\/blogs.funiber.org\/pt\/empresas-e-rh\/2016\/08\/17\/funiber-agressoes-profissionais-saude\"},\"author\":{\"name\":\"Michelle\",\"@id\":\"https:\/\/blogs.funiber.org\/pt\/#\/schema\/person\/a1eaaa5e57eac866a8c5946946bcf80d\"},\"headline\":\"Evitar as agress\u00f5es aos profissionais da sa\u00fade\",\"datePublished\":\"2016-08-17T10:07:15+00:00\",\"dateModified\":\"2016-08-17T10:07:15+00:00\",\"mainEntityOfPage\":{\"@id\":\"https:\/\/blogs.funiber.org\/pt\/empresas-e-rh\/2016\/08\/17\/funiber-agressoes-profissionais-saude\"},\"wordCount\":520,\"publisher\":{\"@id\":\"https:\/\/blogs.funiber.org\/pt\/#organization\"},\"keywords\":[\"agress\u00e3o\",\"Educa\u00e7\u00e3o\",\"Educa\u00e7\u00e3o a Dist\u00e2ncia\",\"Empresas\",\"enfermeiros\",\"Estudos\",\"Funiber\",\"FUNIBER Opini\u00f5es\",\"mestrado\",\"Opini\u00e3o FUNIBER\",\"Opini\u00f5es Funiber\",\"profissionais da sa\u00fade\",\"Sanidade\",\"Sa\u00fade\",\"Seguran\u00e7a Trabalho\"],\"articleSection\":[\"Empresas, Dire\u00e7\u00e3o e RH\"],\"inLanguage\":\"pt-BR\"},{\"@type\":\"WebPage\",\"@id\":\"https:\/\/blogs.funiber.org\/pt\/empresas-e-rh\/2016\/08\/17\/funiber-agressoes-profissionais-saude\",\"url\":\"https:\/\/blogs.funiber.org\/pt\/empresas-e-rh\/2016\/08\/17\/funiber-agressoes-profissionais-saude\",\"name\":\"Evitar as agress\u00f5es aos profissionais da sa\u00fade\",\"isPartOf\":{\"@id\":\"https:\/\/blogs.funiber.org\/pt\/#website\"},\"datePublished\":\"2016-08-17T10:07:15+00:00\",\"dateModified\":\"2016-08-17T10:07:15+00:00\",\"description\":\"Ag\u00eancia Europeia para a Seguran\u00e7a e Sa\u00fade no Trabalho incluiu as agress\u00f5es de pacientes como fator de risco para o profissional sanit\u00e1rio\",\"breadcrumb\":{\"@id\":\"https:\/\/blogs.funiber.org\/pt\/empresas-e-rh\/2016\/08\/17\/funiber-agressoes-profissionais-saude#breadcrumb\"},\"inLanguage\":\"pt-BR\",\"potentialAction\":[{\"@type\":\"ReadAction\",\"target\":[\"https:\/\/blogs.funiber.org\/pt\/empresas-e-rh\/2016\/08\/17\/funiber-agressoes-profissionais-saude\"]}]},{\"@type\":\"BreadcrumbList\",\"@id\":\"https:\/\/blogs.funiber.org\/pt\/empresas-e-rh\/2016\/08\/17\/funiber-agressoes-profissionais-saude#breadcrumb\",\"itemListElement\":[{\"@type\":\"ListItem\",\"position\":1,\"name\":\"In\u00edcio\",\"item\":\"https:\/\/blogs.funiber.org\/pt\"},{\"@type\":\"ListItem\",\"position\":2,\"name\":\"Evitar as agress\u00f5es aos profissionais da sa\u00fade\"}]},{\"@type\":\"WebSite\",\"@id\":\"https:\/\/blogs.funiber.org\/pt\/#website\",\"url\":\"https:\/\/blogs.funiber.org\/pt\/\",\"name\":\"FuniBlogs - FUNIBER\",\"description\":\"\",\"publisher\":{\"@id\":\"https:\/\/blogs.funiber.org\/pt\/#organization\"},\"potentialAction\":[{\"@type\":\"SearchAction\",\"target\":{\"@type\":\"EntryPoint\",\"urlTemplate\":\"https:\/\/blogs.funiber.org\/pt\/?s={search_term_string}\"},\"query-input\":\"required name=search_term_string\"}],\"inLanguage\":\"pt-BR\"},{\"@type\":\"Organization\",\"@id\":\"https:\/\/blogs.funiber.org\/pt\/#organization\",\"name\":\"FuniBlogs - FUNIBER\",\"url\":\"https:\/\/blogs.funiber.org\/pt\/\",\"logo\":{\"@type\":\"ImageObject\",\"inLanguage\":\"pt-BR\",\"@id\":\"https:\/\/blogs.funiber.org\/pt\/#\/schema\/logo\/image\/\",\"url\":\"https:\/\/www.funiber.blog\/pt\/wp-content\/uploads\/2022\/02\/logo-funiber-pt-br-v-dos.svg\",\"contentUrl\":\"https:\/\/www.funiber.blog\/pt\/wp-content\/uploads\/2022\/02\/logo-funiber-pt-br-v-dos.svg\",\"width\":1,\"height\":1,\"caption\":\"FuniBlogs - FUNIBER\"},\"image\":{\"@id\":\"https:\/\/blogs.funiber.org\/pt\/#\/schema\/logo\/image\/\"},\"sameAs\":[\"https:\/\/www.facebook.com\/funiber\",\"https:\/\/twitter.com\/FUNIBER\",\"https:\/\/www.instagram.com\/funiber_becas\",\"https:\/\/www.youtube.com\/user\/funiber\",\"https:\/\/www.linkedin.com\/company\/funiber\"]},{\"@type\":\"Person\",\"@id\":\"https:\/\/blogs.funiber.org\/pt\/#\/schema\/person\/a1eaaa5e57eac866a8c5946946bcf80d\",\"name\":\"Michelle\",\"image\":{\"@type\":\"ImageObject\",\"inLanguage\":\"pt-BR\",\"@id\":\"https:\/\/blogs.funiber.org\/pt\/#\/schema\/person\/image\/\",\"url\":\"https:\/\/secure.gravatar.com\/avatar\/5e87041f7609dc50493cf216754fece1?s=96&d=mm&r=g\",\"contentUrl\":\"https:\/\/secure.gravatar.com\/avatar\/5e87041f7609dc50493cf216754fece1?s=96&d=mm&r=g\",\"caption\":\"Michelle\"},\"url\":\"https:\/\/www.funiber.blog\/pt\/author\/michelle-moreira\"}]}<\/script>\n<!-- \/ Yoast SEO plugin. -->","yoast_head_json":{"title":"Evitar as agress\u00f5es aos profissionais da sa\u00fade","description":"Ag\u00eancia Europeia para a Seguran\u00e7a e Sa\u00fade no Trabalho incluiu as agress\u00f5es de pacientes como fator de risco para o profissional sanit\u00e1rio","robots":{"index":"index","follow":"follow","max-snippet":"max-snippet:-1","max-image-preview":"max-image-preview:large","max-video-preview":"max-video-preview:-1"},"canonical":"https:\/\/blogs.funiber.org\/pt\/empresas-e-rh\/2016\/08\/17\/funiber-agressoes-profissionais-saude","og_locale":"pt_BR","og_type":"article","og_title":"Evitar as agress\u00f5es aos profissionais da sa\u00fade","og_description":"Ag\u00eancia Europeia para a Seguran\u00e7a e Sa\u00fade no Trabalho incluiu as agress\u00f5es de pacientes como fator de risco para o profissional sanit\u00e1rio","og_url":"https:\/\/blogs.funiber.org\/pt\/empresas-e-rh\/2016\/08\/17\/funiber-agressoes-profissionais-saude","og_site_name":"FuniBlogs - FUNIBER","article_publisher":"https:\/\/www.facebook.com\/funiber","article_published_time":"2016-08-17T10:07:15+00:00","og_image":[{"width":500,"height":333,"url":"https:\/\/blogs.funiber.org\/pt\/wp-content\/uploads\/2016\/08\/funiber-agresiones-a-profesionales.jpg","type":"image\/jpeg"}],"author":"Michelle","twitter_card":"summary_large_image","twitter_creator":"@FUNIBER","twitter_site":"@FUNIBER","twitter_misc":{"Escrito por":"Michelle","Est. tempo de leitura":"3 minutos"},"schema":{"@context":"https:\/\/schema.org","@graph":[{"@type":"Article","@id":"https:\/\/blogs.funiber.org\/pt\/empresas-e-rh\/2016\/08\/17\/funiber-agressoes-profissionais-saude#article","isPartOf":{"@id":"https:\/\/blogs.funiber.org\/pt\/empresas-e-rh\/2016\/08\/17\/funiber-agressoes-profissionais-saude"},"author":{"name":"Michelle","@id":"https:\/\/blogs.funiber.org\/pt\/#\/schema\/person\/a1eaaa5e57eac866a8c5946946bcf80d"},"headline":"Evitar as agress\u00f5es aos profissionais da sa\u00fade","datePublished":"2016-08-17T10:07:15+00:00","dateModified":"2016-08-17T10:07:15+00:00","mainEntityOfPage":{"@id":"https:\/\/blogs.funiber.org\/pt\/empresas-e-rh\/2016\/08\/17\/funiber-agressoes-profissionais-saude"},"wordCount":520,"publisher":{"@id":"https:\/\/blogs.funiber.org\/pt\/#organization"},"keywords":["agress\u00e3o","Educa\u00e7\u00e3o","Educa\u00e7\u00e3o a Dist\u00e2ncia","Empresas","enfermeiros","Estudos","Funiber","FUNIBER Opini\u00f5es","mestrado","Opini\u00e3o FUNIBER","Opini\u00f5es Funiber","profissionais da sa\u00fade","Sanidade","Sa\u00fade","Seguran\u00e7a Trabalho"],"articleSection":["Empresas, Dire\u00e7\u00e3o e RH"],"inLanguage":"pt-BR"},{"@type":"WebPage","@id":"https:\/\/blogs.funiber.org\/pt\/empresas-e-rh\/2016\/08\/17\/funiber-agressoes-profissionais-saude","url":"https:\/\/blogs.funiber.org\/pt\/empresas-e-rh\/2016\/08\/17\/funiber-agressoes-profissionais-saude","name":"Evitar as agress\u00f5es aos profissionais da sa\u00fade","isPartOf":{"@id":"https:\/\/blogs.funiber.org\/pt\/#website"},"datePublished":"2016-08-17T10:07:15+00:00","dateModified":"2016-08-17T10:07:15+00:00","description":"Ag\u00eancia Europeia para a Seguran\u00e7a e Sa\u00fade no Trabalho incluiu as agress\u00f5es de pacientes como fator de risco para o profissional sanit\u00e1rio","breadcrumb":{"@id":"https:\/\/blogs.funiber.org\/pt\/empresas-e-rh\/2016\/08\/17\/funiber-agressoes-profissionais-saude#breadcrumb"},"inLanguage":"pt-BR","potentialAction":[{"@type":"ReadAction","target":["https:\/\/blogs.funiber.org\/pt\/empresas-e-rh\/2016\/08\/17\/funiber-agressoes-profissionais-saude"]}]},{"@type":"BreadcrumbList","@id":"https:\/\/blogs.funiber.org\/pt\/empresas-e-rh\/2016\/08\/17\/funiber-agressoes-profissionais-saude#breadcrumb","itemListElement":[{"@type":"ListItem","position":1,"name":"In\u00edcio","item":"https:\/\/blogs.funiber.org\/pt"},{"@type":"ListItem","position":2,"name":"Evitar as agress\u00f5es aos profissionais da sa\u00fade"}]},{"@type":"WebSite","@id":"https:\/\/blogs.funiber.org\/pt\/#website","url":"https:\/\/blogs.funiber.org\/pt\/","name":"FuniBlogs - FUNIBER","description":"","publisher":{"@id":"https:\/\/blogs.funiber.org\/pt\/#organization"},"potentialAction":[{"@type":"SearchAction","target":{"@type":"EntryPoint","urlTemplate":"https:\/\/blogs.funiber.org\/pt\/?s={search_term_string}"},"query-input":"required name=search_term_string"}],"inLanguage":"pt-BR"},{"@type":"Organization","@id":"https:\/\/blogs.funiber.org\/pt\/#organization","name":"FuniBlogs - FUNIBER","url":"https:\/\/blogs.funiber.org\/pt\/","logo":{"@type":"ImageObject","inLanguage":"pt-BR","@id":"https:\/\/blogs.funiber.org\/pt\/#\/schema\/logo\/image\/","url":"https:\/\/www.funiber.blog\/pt\/wp-content\/uploads\/2022\/02\/logo-funiber-pt-br-v-dos.svg","contentUrl":"https:\/\/www.funiber.blog\/pt\/wp-content\/uploads\/2022\/02\/logo-funiber-pt-br-v-dos.svg","width":1,"height":1,"caption":"FuniBlogs - FUNIBER"},"image":{"@id":"https:\/\/blogs.funiber.org\/pt\/#\/schema\/logo\/image\/"},"sameAs":["https:\/\/www.facebook.com\/funiber","https:\/\/twitter.com\/FUNIBER","https:\/\/www.instagram.com\/funiber_becas","https:\/\/www.youtube.com\/user\/funiber","https:\/\/www.linkedin.com\/company\/funiber"]},{"@type":"Person","@id":"https:\/\/blogs.funiber.org\/pt\/#\/schema\/person\/a1eaaa5e57eac866a8c5946946bcf80d","name":"Michelle","image":{"@type":"ImageObject","inLanguage":"pt-BR","@id":"https:\/\/blogs.funiber.org\/pt\/#\/schema\/person\/image\/","url":"https:\/\/secure.gravatar.com\/avatar\/5e87041f7609dc50493cf216754fece1?s=96&d=mm&r=g","contentUrl":"https:\/\/secure.gravatar.com\/avatar\/5e87041f7609dc50493cf216754fece1?s=96&d=mm&r=g","caption":"Michelle"},"url":"https:\/\/www.funiber.blog\/pt\/author\/michelle-moreira"}]}},"jetpack_featured_media_url":"https:\/\/www.funiber.blog\/pt\/wp-content\/uploads\/2016\/08\/funiber-agresiones-a-profesionales.jpg","jetpack_shortlink":"https:\/\/wp.me\/p7ee1t-2Pi","jetpack_sharing_enabled":true,"_links":{"self":[{"href":"https:\/\/www.funiber.blog\/pt\/wp-json\/wp\/v2\/posts\/10868"}],"collection":[{"href":"https:\/\/www.funiber.blog\/pt\/wp-json\/wp\/v2\/posts"}],"about":[{"href":"https:\/\/www.funiber.blog\/pt\/wp-json\/wp\/v2\/types\/post"}],"author":[{"embeddable":true,"href":"https:\/\/www.funiber.blog\/pt\/wp-json\/wp\/v2\/users\/10"}],"replies":[{"embeddable":true,"href":"https:\/\/www.funiber.blog\/pt\/wp-json\/wp\/v2\/comments?post=10868"}],"version-history":[{"count":1,"href":"https:\/\/www.funiber.blog\/pt\/wp-json\/wp\/v2\/posts\/10868\/revisions"}],"predecessor-version":[{"id":10870,"href":"https:\/\/www.funiber.blog\/pt\/wp-json\/wp\/v2\/posts\/10868\/revisions\/10870"}],"wp:featuredmedia":[{"embeddable":true,"href":"https:\/\/www.funiber.blog\/pt\/wp-json\/wp\/v2\/media\/10869"}],"wp:attachment":[{"href":"https:\/\/www.funiber.blog\/pt\/wp-json\/wp\/v2\/media?parent=10868"}],"wp:term":[{"taxonomy":"category","embeddable":true,"href":"https:\/\/www.funiber.blog\/pt\/wp-json\/wp\/v2\/categories?post=10868"},{"taxonomy":"post_tag","embeddable":true,"href":"https:\/\/www.funiber.blog\/pt\/wp-json\/wp\/v2\/tags?post=10868"}],"curies":[{"name":"wp","href":"https:\/\/api.w.org\/{rel}","templated":true}]}}