{"id":11012,"date":"2016-08-18T11:30:02","date_gmt":"2016-08-18T11:30:02","guid":{"rendered":"http:\/\/blogs.funiber.org\/pt\/?p=11012"},"modified":"2016-09-01T11:38:25","modified_gmt":"2016-09-01T11:38:25","slug":"funiber-protecao-simio-mexico","status":"publish","type":"post","link":"https:\/\/www.funiber.blog\/pt\/meio-ambiente\/2016\/08\/18\/funiber-protecao-simio-mexico","title":{"rendered":"Esfor\u00e7os para proteger algumas esp\u00e9cies de s\u00edmios no M\u00e9xico"},"content":{"rendered":"<h2>Estudos est\u00e3o sendo realizados para proteger tr\u00eas esp\u00e9cies de s\u00edmios no M\u00e9xico<\/h2>\n<p>No M\u00e9xico, foi reconhecido que os macacos das esp\u00e9cies: aranha, uivador negro e pardo est\u00e3o em perigo de extin\u00e7\u00e3o. Para proteger estas esp\u00e9cies, Juan Carlos Serio Silva, um pesquisador do <a href=\"http:\/\/www.inecol.mx\/inecol\/index.php\/es\/\" target=\"_blank\">Instituto de Ecologia (Inecol)<\/a> iniciou um estudo que permitir\u00e1 preservar estas esp\u00e9cies de s\u00edmio em perigo de extin\u00e7\u00e3o.<!--more--><\/p>\n<p>Atualmente, o maior desafio para o governo mexicano consiste em <strong>frear o corte indiscriminado de \u00e1rvores<\/strong>. De acordo com os dados da Comiss\u00e3o Nacional para o Conhecimento e Uso da Biodiversidade (Conabio), cerca de 77% da cobertura original das selvas tropicais do sudeste mexicano foi perdida ou degradada como consequ\u00eancia da atividade humana. Os macacos s\u00e3o muito sens\u00edveis \u00e0s mudan\u00e7as ambientais, devido aos seus h\u00e1bitos arbor\u00edcolas e sua alimenta\u00e7\u00e3o baseada em frutos, sua vida pode ser amea\u00e7ada pelo corte de \u00e1rvores.<\/p>\n<p>Juan Carlos e sua equipe de pesquisa est\u00e3o desenvolvendo um estudo que permitir\u00e1 medir o impacto que as<strong> perturba\u00e7\u00f5es no h\u00e1bitat no sudeste mexicano<\/strong> t\u00eam sobre as popula\u00e7\u00f5es de macacos que vivem na regi\u00e3o.<\/p>\n<p>Na maioria das vezes, as modifica\u00e7\u00f5es no terreno s\u00e3o produzidas para iniciar atividades agr\u00edcolas ou pecu\u00e1rias. Em consequ\u00eancia das modifica\u00e7\u00f5es no terreno, os s\u00edmios mudam seus h\u00e1bitos e, de acordo com o pesquisador, podem ser vistos no solo interagindo com c\u00e3es, porcos ou outros animais, fazendo coisas \u201cque n\u00e3o deveriam fazer\u201d, ressaltou Juan Carlos.<\/p>\n<p>O pesquisador manifesta que vem trabalhando com as comunidades de Tabasco e Balanc\u00e1n em atividades de reflorestamento, procurando envolv\u00ea-los nas atividades de conserva\u00e7\u00e3o que beneficiem os s\u00edmios da regi\u00e3o. S\u00e3o ministradas oficinas para a forma\u00e7\u00e3o de cercas vivas que permitam criar corredores que conectem os fragmentos para que os s\u00edmios possam ter maior liberdade para deslocar-se e ocupar as \u00e1rvores na regi\u00e3o.<\/p>\n<p>O especialista indicou que foi criado um programa denominado \u201cDando \u00e1rvores aos macacos uivadores\u201d no qual se entregam \u00e1rvores a grupos de pessoas para que as semeiem e tenham consci\u00eancia do impacto que a atividade humana tem na regi\u00e3o.<\/p>\n<p>O estudo de Juan Carlos abrange tamb\u00e9m a pesquisa em torno das doen\u00e7as que afetam \u00e0s comunidades de micos, os estudos sobre nutri\u00e7\u00e3o e o impacto que a presen\u00e7a de metais pesados tem na sa\u00fade dos s\u00edmios. O pesquisador procura tamb\u00e9m difundir que \u00e9 necess\u00e1rio trabalhar em e<strong>strat\u00e9gias de educa\u00e7\u00e3o ambiental para a conserva\u00e7\u00e3o do h\u00e1bitat e dos s\u00edmios.<\/strong><\/p>\n<p>Os estudantes da \u00e1rea<a href=\"http:\/\/www.funiber.org.br\/areas-de-conhecimento\/meio-ambiente-e-desenvolvimento-sustentavel\/\" target=\"_blank\"> Ambiental<\/a>\u00a0da\u00a0<a href=\"http:\/\/www.funiber.org.br\" target=\"_blank\">FUNIBER<\/a>\u00a0procuram colaborar no desenvolvimento de estrat\u00e9gias de educa\u00e7\u00e3o ambiental para conseguir que certas popula\u00e7\u00f5es reduzam o impacto ambiental de suas atividades.<\/p>\n<p>&nbsp;<\/p>\n<p>Fontes: <a href=\"http:\/\/www.informador.com.mx\/suplementos\/2016\/666739\/6\/buscan-proteger-primates-mexicanos-en-peligro-de-extincion.htm\">\u00a0El informador<\/a><\/p>\n<p>Fotografia:\u00a0<a href=\"https:\/\/es.wikipedia.org\/wiki\/Ateles#\/media\/File:Ateles_paniscus_-Brazil-8.jpg\">Wikipedia<\/a><\/p>\n","protected":false},"excerpt":{"rendered":"<p>Estudos est\u00e3o sendo realizados para proteger tr\u00eas esp\u00e9cies de s\u00edmios no M\u00e9xico No M\u00e9xico, foi reconhecido que os macacos das esp\u00e9cies: aranha, uivador negro e pardo est\u00e3o em perigo de extin\u00e7\u00e3o. Para proteger estas esp\u00e9cies, Juan Carlos Serio Silva, um pesquisador do Instituto de Ecologia (Inecol) iniciou um estudo que permitir\u00e1 preservar estas esp\u00e9cies de [&hellip;]<\/p>\n","protected":false},"author":10,"featured_media":11013,"comment_status":"closed","ping_status":"closed","sticky":false,"template":"","format":"standard","meta":{"jetpack_post_was_ever_published":false,"_jetpack_newsletter_access":"","_jetpack_newsletter_tier_id":0,"footnotes":"","jetpack_publicize_message":"","jetpack_is_tweetstorm":false,"jetpack_publicize_feature_enabled":true,"jetpack_social_post_already_shared":true,"jetpack_social_options":{"image_generator_settings":{"template":"highway","enabled":false}}},"categories":[2],"tags":[213,408,289,248,911,1591,1676,835,671,641,255,1113,327,1675],"jetpack_publicize_connections":[],"yoast_head":"<!-- This site is optimized with the Yoast SEO plugin v21.7 - https:\/\/yoast.com\/wordpress\/plugins\/seo\/ -->\n<title>Esfor\u00e7os para proteger algumas esp\u00e9cies de s\u00edmios no M\u00e9xico<\/title>\n<meta name=\"description\" content=\"Estudos est\u00e3o sendo realizados para proteger tr\u00eas esp\u00e9cies de s\u00edmios no M\u00e9xico\" \/>\n<meta name=\"robots\" content=\"noindex, nofollow\" \/>\n<meta property=\"og:locale\" content=\"pt_BR\" \/>\n<meta property=\"og:type\" content=\"article\" \/>\n<meta property=\"og:title\" content=\"Esfor\u00e7os para proteger algumas esp\u00e9cies de s\u00edmios no M\u00e9xico\" \/>\n<meta property=\"og:description\" content=\"Estudos est\u00e3o sendo realizados para proteger tr\u00eas esp\u00e9cies de s\u00edmios no M\u00e9xico\" \/>\n<meta property=\"og:url\" content=\"https:\/\/blogs.funiber.org\/pt\/meio-ambiente\/2016\/08\/18\/funiber-protecao-simio-mexico\" \/>\n<meta property=\"og:site_name\" content=\"FuniBlogs - FUNIBER\" \/>\n<meta property=\"article:publisher\" content=\"https:\/\/www.facebook.com\/funiber\" \/>\n<meta property=\"article:published_time\" content=\"2016-08-18T11:30:02+00:00\" \/>\n<meta property=\"article:modified_time\" content=\"2016-09-01T11:38:25+00:00\" \/>\n<meta property=\"og:image\" content=\"https:\/\/blogs.funiber.org\/pt\/wp-content\/uploads\/2016\/09\/funiber-mono-ara\u00f1a-Ateles_paniscus_-Brazil-8.jpg\" \/>\n\t<meta property=\"og:image:width\" content=\"626\" \/>\n\t<meta property=\"og:image:height\" content=\"480\" \/>\n\t<meta property=\"og:image:type\" content=\"image\/jpeg\" \/>\n<meta name=\"author\" content=\"Michelle\" \/>\n<meta name=\"twitter:card\" content=\"summary_large_image\" \/>\n<meta name=\"twitter:creator\" content=\"@FUNIBER\" \/>\n<meta name=\"twitter:site\" content=\"@FUNIBER\" \/>\n<meta name=\"twitter:label1\" content=\"Escrito por\" \/>\n\t<meta name=\"twitter:data1\" content=\"Michelle\" \/>\n\t<meta name=\"twitter:label2\" content=\"Est. tempo de leitura\" \/>\n\t<meta name=\"twitter:data2\" content=\"2 minutos\" \/>\n<script type=\"application\/ld+json\" class=\"yoast-schema-graph\">{\"@context\":\"https:\/\/schema.org\",\"@graph\":[{\"@type\":\"Article\",\"@id\":\"https:\/\/blogs.funiber.org\/pt\/meio-ambiente\/2016\/08\/18\/funiber-protecao-simio-mexico#article\",\"isPartOf\":{\"@id\":\"https:\/\/blogs.funiber.org\/pt\/meio-ambiente\/2016\/08\/18\/funiber-protecao-simio-mexico\"},\"author\":{\"name\":\"Michelle\",\"@id\":\"https:\/\/blogs.funiber.org\/pt\/#\/schema\/person\/a1eaaa5e57eac866a8c5946946bcf80d\"},\"headline\":\"Esfor\u00e7os para proteger algumas esp\u00e9cies de s\u00edmios no M\u00e9xico\",\"datePublished\":\"2016-08-18T11:30:02+00:00\",\"dateModified\":\"2016-09-01T11:38:25+00:00\",\"mainEntityOfPage\":{\"@id\":\"https:\/\/blogs.funiber.org\/pt\/meio-ambiente\/2016\/08\/18\/funiber-protecao-simio-mexico\"},\"wordCount\":499,\"publisher\":{\"@id\":\"https:\/\/blogs.funiber.org\/pt\/#organization\"},\"keywords\":[\"Conserva\u00e7\u00e3o\",\"Educa\u00e7\u00e3o a Dist\u00e2ncia\",\"Esp\u00e9cies\",\"Funiber\",\"FUNIBER Opini\u00f5es\",\"Habitat\",\"Macacos\",\"Meio Ambiente\",\"mestrado\",\"Opini\u00e3o FUNIBER\",\"Opini\u00f5es Funiber\",\"Preserva\u00e7\u00e3o\",\"Prote\u00e7\u00e3o\",\"S\u00edmios\"],\"articleSection\":[\"Meio Ambiente\"],\"inLanguage\":\"pt-BR\"},{\"@type\":\"WebPage\",\"@id\":\"https:\/\/blogs.funiber.org\/pt\/meio-ambiente\/2016\/08\/18\/funiber-protecao-simio-mexico\",\"url\":\"https:\/\/blogs.funiber.org\/pt\/meio-ambiente\/2016\/08\/18\/funiber-protecao-simio-mexico\",\"name\":\"Esfor\u00e7os para proteger algumas esp\u00e9cies de s\u00edmios no M\u00e9xico\",\"isPartOf\":{\"@id\":\"https:\/\/blogs.funiber.org\/pt\/#website\"},\"datePublished\":\"2016-08-18T11:30:02+00:00\",\"dateModified\":\"2016-09-01T11:38:25+00:00\",\"description\":\"Estudos est\u00e3o sendo realizados para proteger tr\u00eas esp\u00e9cies de s\u00edmios no M\u00e9xico\",\"breadcrumb\":{\"@id\":\"https:\/\/blogs.funiber.org\/pt\/meio-ambiente\/2016\/08\/18\/funiber-protecao-simio-mexico#breadcrumb\"},\"inLanguage\":\"pt-BR\",\"potentialAction\":[{\"@type\":\"ReadAction\",\"target\":[\"https:\/\/blogs.funiber.org\/pt\/meio-ambiente\/2016\/08\/18\/funiber-protecao-simio-mexico\"]}]},{\"@type\":\"BreadcrumbList\",\"@id\":\"https:\/\/blogs.funiber.org\/pt\/meio-ambiente\/2016\/08\/18\/funiber-protecao-simio-mexico#breadcrumb\",\"itemListElement\":[{\"@type\":\"ListItem\",\"position\":1,\"name\":\"In\u00edcio\",\"item\":\"https:\/\/blogs.funiber.org\/pt\"},{\"@type\":\"ListItem\",\"position\":2,\"name\":\"Esfor\u00e7os para proteger algumas esp\u00e9cies de s\u00edmios no M\u00e9xico\"}]},{\"@type\":\"WebSite\",\"@id\":\"https:\/\/blogs.funiber.org\/pt\/#website\",\"url\":\"https:\/\/blogs.funiber.org\/pt\/\",\"name\":\"FuniBlogs - FUNIBER\",\"description\":\"\",\"publisher\":{\"@id\":\"https:\/\/blogs.funiber.org\/pt\/#organization\"},\"potentialAction\":[{\"@type\":\"SearchAction\",\"target\":{\"@type\":\"EntryPoint\",\"urlTemplate\":\"https:\/\/blogs.funiber.org\/pt\/?s={search_term_string}\"},\"query-input\":\"required name=search_term_string\"}],\"inLanguage\":\"pt-BR\"},{\"@type\":\"Organization\",\"@id\":\"https:\/\/blogs.funiber.org\/pt\/#organization\",\"name\":\"FuniBlogs - FUNIBER\",\"url\":\"https:\/\/blogs.funiber.org\/pt\/\",\"logo\":{\"@type\":\"ImageObject\",\"inLanguage\":\"pt-BR\",\"@id\":\"https:\/\/blogs.funiber.org\/pt\/#\/schema\/logo\/image\/\",\"url\":\"https:\/\/www.funiber.blog\/pt\/wp-content\/uploads\/2022\/02\/logo-funiber-pt-br-v-dos.svg\",\"contentUrl\":\"https:\/\/www.funiber.blog\/pt\/wp-content\/uploads\/2022\/02\/logo-funiber-pt-br-v-dos.svg\",\"width\":1,\"height\":1,\"caption\":\"FuniBlogs - FUNIBER\"},\"image\":{\"@id\":\"https:\/\/blogs.funiber.org\/pt\/#\/schema\/logo\/image\/\"},\"sameAs\":[\"https:\/\/www.facebook.com\/funiber\",\"https:\/\/twitter.com\/FUNIBER\",\"https:\/\/www.instagram.com\/funiber_becas\",\"https:\/\/www.youtube.com\/user\/funiber\",\"https:\/\/www.linkedin.com\/company\/funiber\"]},{\"@type\":\"Person\",\"@id\":\"https:\/\/blogs.funiber.org\/pt\/#\/schema\/person\/a1eaaa5e57eac866a8c5946946bcf80d\",\"name\":\"Michelle\",\"image\":{\"@type\":\"ImageObject\",\"inLanguage\":\"pt-BR\",\"@id\":\"https:\/\/blogs.funiber.org\/pt\/#\/schema\/person\/image\/\",\"url\":\"https:\/\/secure.gravatar.com\/avatar\/5e87041f7609dc50493cf216754fece1?s=96&d=mm&r=g\",\"contentUrl\":\"https:\/\/secure.gravatar.com\/avatar\/5e87041f7609dc50493cf216754fece1?s=96&d=mm&r=g\",\"caption\":\"Michelle\"},\"url\":\"https:\/\/www.funiber.blog\/pt\/author\/michelle-moreira\"}]}<\/script>\n<!-- \/ Yoast SEO plugin. -->","yoast_head_json":{"title":"Esfor\u00e7os para proteger algumas esp\u00e9cies de s\u00edmios no M\u00e9xico","description":"Estudos est\u00e3o sendo realizados para proteger tr\u00eas esp\u00e9cies de s\u00edmios no M\u00e9xico","robots":{"index":"noindex","follow":"nofollow"},"og_locale":"pt_BR","og_type":"article","og_title":"Esfor\u00e7os para proteger algumas esp\u00e9cies de s\u00edmios no M\u00e9xico","og_description":"Estudos est\u00e3o sendo realizados para proteger tr\u00eas esp\u00e9cies de s\u00edmios no M\u00e9xico","og_url":"https:\/\/blogs.funiber.org\/pt\/meio-ambiente\/2016\/08\/18\/funiber-protecao-simio-mexico","og_site_name":"FuniBlogs - FUNIBER","article_publisher":"https:\/\/www.facebook.com\/funiber","article_published_time":"2016-08-18T11:30:02+00:00","article_modified_time":"2016-09-01T11:38:25+00:00","og_image":[{"width":626,"height":480,"url":"https:\/\/blogs.funiber.org\/pt\/wp-content\/uploads\/2016\/09\/funiber-mono-ara\u00f1a-Ateles_paniscus_-Brazil-8.jpg","type":"image\/jpeg"}],"author":"Michelle","twitter_card":"summary_large_image","twitter_creator":"@FUNIBER","twitter_site":"@FUNIBER","twitter_misc":{"Escrito por":"Michelle","Est. tempo de leitura":"2 minutos"},"schema":{"@context":"https:\/\/schema.org","@graph":[{"@type":"Article","@id":"https:\/\/blogs.funiber.org\/pt\/meio-ambiente\/2016\/08\/18\/funiber-protecao-simio-mexico#article","isPartOf":{"@id":"https:\/\/blogs.funiber.org\/pt\/meio-ambiente\/2016\/08\/18\/funiber-protecao-simio-mexico"},"author":{"name":"Michelle","@id":"https:\/\/blogs.funiber.org\/pt\/#\/schema\/person\/a1eaaa5e57eac866a8c5946946bcf80d"},"headline":"Esfor\u00e7os para proteger algumas esp\u00e9cies de s\u00edmios no M\u00e9xico","datePublished":"2016-08-18T11:30:02+00:00","dateModified":"2016-09-01T11:38:25+00:00","mainEntityOfPage":{"@id":"https:\/\/blogs.funiber.org\/pt\/meio-ambiente\/2016\/08\/18\/funiber-protecao-simio-mexico"},"wordCount":499,"publisher":{"@id":"https:\/\/blogs.funiber.org\/pt\/#organization"},"keywords":["Conserva\u00e7\u00e3o","Educa\u00e7\u00e3o a Dist\u00e2ncia","Esp\u00e9cies","Funiber","FUNIBER Opini\u00f5es","Habitat","Macacos","Meio Ambiente","mestrado","Opini\u00e3o FUNIBER","Opini\u00f5es Funiber","Preserva\u00e7\u00e3o","Prote\u00e7\u00e3o","S\u00edmios"],"articleSection":["Meio Ambiente"],"inLanguage":"pt-BR"},{"@type":"WebPage","@id":"https:\/\/blogs.funiber.org\/pt\/meio-ambiente\/2016\/08\/18\/funiber-protecao-simio-mexico","url":"https:\/\/blogs.funiber.org\/pt\/meio-ambiente\/2016\/08\/18\/funiber-protecao-simio-mexico","name":"Esfor\u00e7os para proteger algumas esp\u00e9cies de s\u00edmios no M\u00e9xico","isPartOf":{"@id":"https:\/\/blogs.funiber.org\/pt\/#website"},"datePublished":"2016-08-18T11:30:02+00:00","dateModified":"2016-09-01T11:38:25+00:00","description":"Estudos est\u00e3o sendo realizados para proteger tr\u00eas esp\u00e9cies de s\u00edmios no M\u00e9xico","breadcrumb":{"@id":"https:\/\/blogs.funiber.org\/pt\/meio-ambiente\/2016\/08\/18\/funiber-protecao-simio-mexico#breadcrumb"},"inLanguage":"pt-BR","potentialAction":[{"@type":"ReadAction","target":["https:\/\/blogs.funiber.org\/pt\/meio-ambiente\/2016\/08\/18\/funiber-protecao-simio-mexico"]}]},{"@type":"BreadcrumbList","@id":"https:\/\/blogs.funiber.org\/pt\/meio-ambiente\/2016\/08\/18\/funiber-protecao-simio-mexico#breadcrumb","itemListElement":[{"@type":"ListItem","position":1,"name":"In\u00edcio","item":"https:\/\/blogs.funiber.org\/pt"},{"@type":"ListItem","position":2,"name":"Esfor\u00e7os para proteger algumas esp\u00e9cies de s\u00edmios no M\u00e9xico"}]},{"@type":"WebSite","@id":"https:\/\/blogs.funiber.org\/pt\/#website","url":"https:\/\/blogs.funiber.org\/pt\/","name":"FuniBlogs - FUNIBER","description":"","publisher":{"@id":"https:\/\/blogs.funiber.org\/pt\/#organization"},"potentialAction":[{"@type":"SearchAction","target":{"@type":"EntryPoint","urlTemplate":"https:\/\/blogs.funiber.org\/pt\/?s={search_term_string}"},"query-input":"required name=search_term_string"}],"inLanguage":"pt-BR"},{"@type":"Organization","@id":"https:\/\/blogs.funiber.org\/pt\/#organization","name":"FuniBlogs - FUNIBER","url":"https:\/\/blogs.funiber.org\/pt\/","logo":{"@type":"ImageObject","inLanguage":"pt-BR","@id":"https:\/\/blogs.funiber.org\/pt\/#\/schema\/logo\/image\/","url":"https:\/\/www.funiber.blog\/pt\/wp-content\/uploads\/2022\/02\/logo-funiber-pt-br-v-dos.svg","contentUrl":"https:\/\/www.funiber.blog\/pt\/wp-content\/uploads\/2022\/02\/logo-funiber-pt-br-v-dos.svg","width":1,"height":1,"caption":"FuniBlogs - FUNIBER"},"image":{"@id":"https:\/\/blogs.funiber.org\/pt\/#\/schema\/logo\/image\/"},"sameAs":["https:\/\/www.facebook.com\/funiber","https:\/\/twitter.com\/FUNIBER","https:\/\/www.instagram.com\/funiber_becas","https:\/\/www.youtube.com\/user\/funiber","https:\/\/www.linkedin.com\/company\/funiber"]},{"@type":"Person","@id":"https:\/\/blogs.funiber.org\/pt\/#\/schema\/person\/a1eaaa5e57eac866a8c5946946bcf80d","name":"Michelle","image":{"@type":"ImageObject","inLanguage":"pt-BR","@id":"https:\/\/blogs.funiber.org\/pt\/#\/schema\/person\/image\/","url":"https:\/\/secure.gravatar.com\/avatar\/5e87041f7609dc50493cf216754fece1?s=96&d=mm&r=g","contentUrl":"https:\/\/secure.gravatar.com\/avatar\/5e87041f7609dc50493cf216754fece1?s=96&d=mm&r=g","caption":"Michelle"},"url":"https:\/\/www.funiber.blog\/pt\/author\/michelle-moreira"}]}},"jetpack_featured_media_url":"https:\/\/www.funiber.blog\/pt\/wp-content\/uploads\/2016\/09\/funiber-mono-ara\u00f1a-Ateles_paniscus_-Brazil-8.jpg","jetpack_shortlink":"https:\/\/wp.me\/p7ee1t-2RC","jetpack_sharing_enabled":true,"_links":{"self":[{"href":"https:\/\/www.funiber.blog\/pt\/wp-json\/wp\/v2\/posts\/11012"}],"collection":[{"href":"https:\/\/www.funiber.blog\/pt\/wp-json\/wp\/v2\/posts"}],"about":[{"href":"https:\/\/www.funiber.blog\/pt\/wp-json\/wp\/v2\/types\/post"}],"author":[{"embeddable":true,"href":"https:\/\/www.funiber.blog\/pt\/wp-json\/wp\/v2\/users\/10"}],"replies":[{"embeddable":true,"href":"https:\/\/www.funiber.blog\/pt\/wp-json\/wp\/v2\/comments?post=11012"}],"version-history":[{"count":1,"href":"https:\/\/www.funiber.blog\/pt\/wp-json\/wp\/v2\/posts\/11012\/revisions"}],"predecessor-version":[{"id":11014,"href":"https:\/\/www.funiber.blog\/pt\/wp-json\/wp\/v2\/posts\/11012\/revisions\/11014"}],"wp:featuredmedia":[{"embeddable":true,"href":"https:\/\/www.funiber.blog\/pt\/wp-json\/wp\/v2\/media\/11013"}],"wp:attachment":[{"href":"https:\/\/www.funiber.blog\/pt\/wp-json\/wp\/v2\/media?parent=11012"}],"wp:term":[{"taxonomy":"category","embeddable":true,"href":"https:\/\/www.funiber.blog\/pt\/wp-json\/wp\/v2\/categories?post=11012"},{"taxonomy":"post_tag","embeddable":true,"href":"https:\/\/www.funiber.blog\/pt\/wp-json\/wp\/v2\/tags?post=11012"}],"curies":[{"name":"wp","href":"https:\/\/api.w.org\/{rel}","templated":true}]}}