{"id":11062,"date":"2016-09-15T12:06:47","date_gmt":"2016-09-15T12:06:47","guid":{"rendered":"http:\/\/blogs.funiber.org\/pt\/?p=11062"},"modified":"2016-09-15T12:06:47","modified_gmt":"2016-09-15T12:06:47","slug":"funiber-congresso-de-educacao-especial","status":"publish","type":"post","link":"https:\/\/www.funiber.blog\/pt\/formacao-professores\/2016\/09\/15\/funiber-congresso-de-educacao-especial","title":{"rendered":"Congresso de Educa\u00e7\u00e3o Especial"},"content":{"rendered":"<h2>Encontro no Brasil re\u00fane pesquisadores, estudantes e profissionais da \u00e1rea de Educa\u00e7\u00e3o Especial numa ampla programa\u00e7\u00e3o, na primeira semana de novembro<\/h2>\n<p>Acontece entre os dias 1 a 4 de novembro, em S\u00e3o Carlos (Brasil), o <a href=\"http:\/\/2016.cbee-ufscar.com.br\/en\/node\/1\" target=\"_blank\">VII Congresso Brasileiro de Educa\u00e7\u00e3o Especial 2016<\/a>. Este encontro re\u00fane para debate e divulga\u00e7\u00e3o os estudos e iniciativas na \u00e1rea de Educa\u00e7\u00e3o Especial nacional e internacional. Na programa\u00e7\u00e3o est\u00e3o previstos simp\u00f3sios, mesas-redondas, minicursos e sess\u00f5es de apresenta\u00e7\u00e3o de trabalhos, bem como algumas sess\u00f5es de cinema, lan\u00e7amentos de livros e atividades culturais.<!--more--><\/p>\n<p>A primeira edi\u00e7\u00e3o deste Congresso aconteceu em 2003, reunindo os esfor\u00e7os de diferentes institui\u00e7\u00f5es para desenvolver espa\u00e7os para as discuss\u00f5es e o desenvolvimento do conhecimento cient\u00edfico na \u00e1rea de Educa\u00e7\u00e3o Especial. Na edi\u00e7\u00e3o passado, realizada em 2014, foram apresentados 885 trabalhos de pesquisa, 19 mesas-redondas e 13 simp\u00f3sios. Foram oferecidos tamb\u00e9m 44 minicursos sobre tem\u00e1ticas relevantes na \u00e1rea com a participa\u00e7\u00e3o de 118 pesquisadores convidados. Participaram pessoas provenientes de 9 pa\u00edses.<\/p>\n<p><strong>Programa\u00e7\u00e3o<\/strong><\/p>\n<p>Na edi\u00e7\u00e3o deste ano, est\u00e3o programados <strong>52 minicursos com temas variados<\/strong> como audiodescri\u00e7\u00e3o no ensino, comunica\u00e7\u00e3o suplementar e alternativa para pessoas com Transtorno do Espectro Autista (TEA), forma\u00e7\u00e3o de professores para a educa\u00e7\u00e3o f\u00edsica e educa\u00e7\u00e3o especial, estrat\u00e9gias para o trabalho com crian\u00e7as com defici\u00eancia intelectual e autismo, entre outros temas. <strong>Haver\u00e1 tamb\u00e9m 19 mesas-redondas e 14 simp\u00f3sios<\/strong>.<\/p>\n<p>Os interessados em assistir ao Congresso, poder\u00e1 ter mais informa\u00e7\u00e3o sobre os pre\u00e7os de inscri\u00e7\u00e3o na p\u00e1gina <a href=\"http:\/\/fnbr.es\/3gd\">http:\/\/fnbr.es\/3gd<\/a><\/p>\n<p>Na <strong>FUNIBER<\/strong>, os estudantes bolsistas do <a href=\"http:\/\/www.funiber.org.br\/areas-de-conhecimento\/psicologia-rh\/mestrado-em-intervencao-psicologica-no-desenvolvimento-e-na-educacao-demo\">Mestrado em Interven\u00e7\u00e3o Psicol\u00f3gica no Desenvolvimento e na Educa\u00e7\u00e3o<\/a> poder\u00e3o conhecer as a\u00e7\u00f5es psicoeducativas mais significativas para responder a todo tipo de necessidades educacionais.<\/p>\n<p>Fonte: <a href=\"http:\/\/fnbr.es\/3ge\">http:\/\/fnbr.es\/3ge<\/a><\/p>\n<p>Foto: Todos os direitos reservados<\/p>\n","protected":false},"excerpt":{"rendered":"<p>Encontro no Brasil re\u00fane pesquisadores, estudantes e profissionais da \u00e1rea de Educa\u00e7\u00e3o Especial numa ampla programa\u00e7\u00e3o, na primeira semana de novembro Acontece entre os dias 1 a 4 de novembro, em S\u00e3o Carlos (Brasil), o VII Congresso Brasileiro de Educa\u00e7\u00e3o Especial 2016. Este encontro re\u00fane para debate e divulga\u00e7\u00e3o os estudos e iniciativas na \u00e1rea [&hellip;]<\/p>\n","protected":false},"author":10,"featured_media":11064,"comment_status":"closed","ping_status":"closed","sticky":false,"template":"","format":"standard","meta":{"jetpack_post_was_ever_published":false,"_jetpack_newsletter_access":"","_jetpack_newsletter_tier_id":0,"footnotes":"","jetpack_publicize_message":"","jetpack_is_tweetstorm":false,"jetpack_publicize_feature_enabled":true,"jetpack_social_post_already_shared":true,"jetpack_social_options":{"image_generator_settings":{"template":"highway","enabled":false}}},"categories":[5],"tags":[285,408,158,686,248,911,671,1660,641,255,178],"jetpack_publicize_connections":[],"yoast_head":"<!-- This site is optimized with the Yoast SEO plugin v21.7 - https:\/\/yoast.com\/wordpress\/plugins\/seo\/ -->\n<title>Congresso de Educa\u00e7\u00e3o Especial<\/title>\n<meta name=\"description\" content=\"Encontro no Brasil re\u00fane pesquisadores, estudantes e profissionais da \u00e1rea de Educa\u00e7\u00e3o Especial numa ampla programa\u00e7\u00e3o, na primeira semana de novembro\" \/>\n<meta name=\"robots\" content=\"index, follow, max-snippet:-1, max-image-preview:large, max-video-preview:-1\" \/>\n<link rel=\"canonical\" href=\"https:\/\/blogs.funiber.org\/pt\/formacao-professores\/2016\/09\/15\/funiber-congresso-de-educacao-especial\" \/>\n<meta property=\"og:locale\" content=\"pt_BR\" \/>\n<meta property=\"og:type\" content=\"article\" \/>\n<meta property=\"og:title\" content=\"Congresso de Educa\u00e7\u00e3o Especial\" \/>\n<meta property=\"og:description\" content=\"Encontro no Brasil re\u00fane pesquisadores, estudantes e profissionais da \u00e1rea de Educa\u00e7\u00e3o Especial numa ampla programa\u00e7\u00e3o, na primeira semana de novembro\" \/>\n<meta property=\"og:url\" content=\"https:\/\/blogs.funiber.org\/pt\/formacao-professores\/2016\/09\/15\/funiber-congresso-de-educacao-especial\" \/>\n<meta property=\"og:site_name\" content=\"FuniBlogs - FUNIBER\" \/>\n<meta property=\"article:publisher\" content=\"https:\/\/www.facebook.com\/funiber\" \/>\n<meta property=\"article:published_time\" content=\"2016-09-15T12:06:47+00:00\" \/>\n<meta property=\"og:image\" content=\"https:\/\/blogs.funiber.org\/pt\/wp-content\/uploads\/2016\/09\/iStock_88701593_pequeno.jpg\" \/>\n\t<meta property=\"og:image:width\" content=\"700\" \/>\n\t<meta property=\"og:image:height\" content=\"467\" \/>\n\t<meta property=\"og:image:type\" content=\"image\/jpeg\" \/>\n<meta name=\"author\" content=\"Michelle\" \/>\n<meta name=\"twitter:card\" content=\"summary_large_image\" \/>\n<meta name=\"twitter:creator\" content=\"@FUNIBER\" \/>\n<meta name=\"twitter:site\" content=\"@FUNIBER\" \/>\n<meta name=\"twitter:label1\" content=\"Escrito por\" \/>\n\t<meta name=\"twitter:data1\" content=\"Michelle\" \/>\n\t<meta name=\"twitter:label2\" content=\"Est. tempo de leitura\" \/>\n\t<meta name=\"twitter:data2\" content=\"2 minutos\" \/>\n<script type=\"application\/ld+json\" class=\"yoast-schema-graph\">{\"@context\":\"https:\/\/schema.org\",\"@graph\":[{\"@type\":\"Article\",\"@id\":\"https:\/\/blogs.funiber.org\/pt\/formacao-professores\/2016\/09\/15\/funiber-congresso-de-educacao-especial#article\",\"isPartOf\":{\"@id\":\"https:\/\/blogs.funiber.org\/pt\/formacao-professores\/2016\/09\/15\/funiber-congresso-de-educacao-especial\"},\"author\":{\"name\":\"Michelle\",\"@id\":\"https:\/\/blogs.funiber.org\/pt\/#\/schema\/person\/a1eaaa5e57eac866a8c5946946bcf80d\"},\"headline\":\"Congresso de Educa\u00e7\u00e3o Especial\",\"datePublished\":\"2016-09-15T12:06:47+00:00\",\"dateModified\":\"2016-09-15T12:06:47+00:00\",\"mainEntityOfPage\":{\"@id\":\"https:\/\/blogs.funiber.org\/pt\/formacao-professores\/2016\/09\/15\/funiber-congresso-de-educacao-especial\"},\"wordCount\":319,\"publisher\":{\"@id\":\"https:\/\/blogs.funiber.org\/pt\/#organization\"},\"keywords\":[\"Educa\u00e7\u00e3o\",\"Educa\u00e7\u00e3o a Dist\u00e2ncia\",\"Educa\u00e7\u00e3o Especial\",\"Forma\u00e7\u00e3o de Professores\",\"Funiber\",\"FUNIBER Opini\u00f5es\",\"mestrado\",\"Mestrado em Interven\u00e7\u00e3o Psicol\u00f3gica no Desenvolvimento e na Educa\u00e7\u00e3o\",\"Opini\u00e3o FUNIBER\",\"Opini\u00f5es Funiber\",\"Psicologia\"],\"articleSection\":[\"Educa\u00e7\u00e3o,\u00a0Forma\u00e7\u00e3o Professores\"],\"inLanguage\":\"pt-BR\"},{\"@type\":\"WebPage\",\"@id\":\"https:\/\/blogs.funiber.org\/pt\/formacao-professores\/2016\/09\/15\/funiber-congresso-de-educacao-especial\",\"url\":\"https:\/\/blogs.funiber.org\/pt\/formacao-professores\/2016\/09\/15\/funiber-congresso-de-educacao-especial\",\"name\":\"Congresso de Educa\u00e7\u00e3o Especial\",\"isPartOf\":{\"@id\":\"https:\/\/blogs.funiber.org\/pt\/#website\"},\"datePublished\":\"2016-09-15T12:06:47+00:00\",\"dateModified\":\"2016-09-15T12:06:47+00:00\",\"description\":\"Encontro no Brasil re\u00fane pesquisadores, estudantes e profissionais da \u00e1rea de Educa\u00e7\u00e3o Especial numa ampla programa\u00e7\u00e3o, na primeira semana de novembro\",\"breadcrumb\":{\"@id\":\"https:\/\/blogs.funiber.org\/pt\/formacao-professores\/2016\/09\/15\/funiber-congresso-de-educacao-especial#breadcrumb\"},\"inLanguage\":\"pt-BR\",\"potentialAction\":[{\"@type\":\"ReadAction\",\"target\":[\"https:\/\/blogs.funiber.org\/pt\/formacao-professores\/2016\/09\/15\/funiber-congresso-de-educacao-especial\"]}]},{\"@type\":\"BreadcrumbList\",\"@id\":\"https:\/\/blogs.funiber.org\/pt\/formacao-professores\/2016\/09\/15\/funiber-congresso-de-educacao-especial#breadcrumb\",\"itemListElement\":[{\"@type\":\"ListItem\",\"position\":1,\"name\":\"In\u00edcio\",\"item\":\"https:\/\/blogs.funiber.org\/pt\"},{\"@type\":\"ListItem\",\"position\":2,\"name\":\"Congresso de Educa\u00e7\u00e3o Especial\"}]},{\"@type\":\"WebSite\",\"@id\":\"https:\/\/blogs.funiber.org\/pt\/#website\",\"url\":\"https:\/\/blogs.funiber.org\/pt\/\",\"name\":\"FuniBlogs - FUNIBER\",\"description\":\"\",\"publisher\":{\"@id\":\"https:\/\/blogs.funiber.org\/pt\/#organization\"},\"potentialAction\":[{\"@type\":\"SearchAction\",\"target\":{\"@type\":\"EntryPoint\",\"urlTemplate\":\"https:\/\/blogs.funiber.org\/pt\/?s={search_term_string}\"},\"query-input\":\"required name=search_term_string\"}],\"inLanguage\":\"pt-BR\"},{\"@type\":\"Organization\",\"@id\":\"https:\/\/blogs.funiber.org\/pt\/#organization\",\"name\":\"FuniBlogs - FUNIBER\",\"url\":\"https:\/\/blogs.funiber.org\/pt\/\",\"logo\":{\"@type\":\"ImageObject\",\"inLanguage\":\"pt-BR\",\"@id\":\"https:\/\/blogs.funiber.org\/pt\/#\/schema\/logo\/image\/\",\"url\":\"https:\/\/www.funiber.blog\/pt\/wp-content\/uploads\/2022\/02\/logo-funiber-pt-br-v-dos.svg\",\"contentUrl\":\"https:\/\/www.funiber.blog\/pt\/wp-content\/uploads\/2022\/02\/logo-funiber-pt-br-v-dos.svg\",\"width\":1,\"height\":1,\"caption\":\"FuniBlogs - FUNIBER\"},\"image\":{\"@id\":\"https:\/\/blogs.funiber.org\/pt\/#\/schema\/logo\/image\/\"},\"sameAs\":[\"https:\/\/www.facebook.com\/funiber\",\"https:\/\/twitter.com\/FUNIBER\",\"https:\/\/www.instagram.com\/funiber_becas\",\"https:\/\/www.youtube.com\/user\/funiber\",\"https:\/\/www.linkedin.com\/company\/funiber\"]},{\"@type\":\"Person\",\"@id\":\"https:\/\/blogs.funiber.org\/pt\/#\/schema\/person\/a1eaaa5e57eac866a8c5946946bcf80d\",\"name\":\"Michelle\",\"image\":{\"@type\":\"ImageObject\",\"inLanguage\":\"pt-BR\",\"@id\":\"https:\/\/blogs.funiber.org\/pt\/#\/schema\/person\/image\/\",\"url\":\"https:\/\/secure.gravatar.com\/avatar\/5e87041f7609dc50493cf216754fece1?s=96&d=mm&r=g\",\"contentUrl\":\"https:\/\/secure.gravatar.com\/avatar\/5e87041f7609dc50493cf216754fece1?s=96&d=mm&r=g\",\"caption\":\"Michelle\"},\"url\":\"https:\/\/www.funiber.blog\/pt\/author\/michelle-moreira\"}]}<\/script>\n<!-- \/ Yoast SEO plugin. -->","yoast_head_json":{"title":"Congresso de Educa\u00e7\u00e3o Especial","description":"Encontro no Brasil re\u00fane pesquisadores, estudantes e profissionais da \u00e1rea de Educa\u00e7\u00e3o Especial numa ampla programa\u00e7\u00e3o, na primeira semana de novembro","robots":{"index":"index","follow":"follow","max-snippet":"max-snippet:-1","max-image-preview":"max-image-preview:large","max-video-preview":"max-video-preview:-1"},"canonical":"https:\/\/blogs.funiber.org\/pt\/formacao-professores\/2016\/09\/15\/funiber-congresso-de-educacao-especial","og_locale":"pt_BR","og_type":"article","og_title":"Congresso de Educa\u00e7\u00e3o Especial","og_description":"Encontro no Brasil re\u00fane pesquisadores, estudantes e profissionais da \u00e1rea de Educa\u00e7\u00e3o Especial numa ampla programa\u00e7\u00e3o, na primeira semana de novembro","og_url":"https:\/\/blogs.funiber.org\/pt\/formacao-professores\/2016\/09\/15\/funiber-congresso-de-educacao-especial","og_site_name":"FuniBlogs - FUNIBER","article_publisher":"https:\/\/www.facebook.com\/funiber","article_published_time":"2016-09-15T12:06:47+00:00","og_image":[{"width":700,"height":467,"url":"https:\/\/blogs.funiber.org\/pt\/wp-content\/uploads\/2016\/09\/iStock_88701593_pequeno.jpg","type":"image\/jpeg"}],"author":"Michelle","twitter_card":"summary_large_image","twitter_creator":"@FUNIBER","twitter_site":"@FUNIBER","twitter_misc":{"Escrito por":"Michelle","Est. tempo de leitura":"2 minutos"},"schema":{"@context":"https:\/\/schema.org","@graph":[{"@type":"Article","@id":"https:\/\/blogs.funiber.org\/pt\/formacao-professores\/2016\/09\/15\/funiber-congresso-de-educacao-especial#article","isPartOf":{"@id":"https:\/\/blogs.funiber.org\/pt\/formacao-professores\/2016\/09\/15\/funiber-congresso-de-educacao-especial"},"author":{"name":"Michelle","@id":"https:\/\/blogs.funiber.org\/pt\/#\/schema\/person\/a1eaaa5e57eac866a8c5946946bcf80d"},"headline":"Congresso de Educa\u00e7\u00e3o Especial","datePublished":"2016-09-15T12:06:47+00:00","dateModified":"2016-09-15T12:06:47+00:00","mainEntityOfPage":{"@id":"https:\/\/blogs.funiber.org\/pt\/formacao-professores\/2016\/09\/15\/funiber-congresso-de-educacao-especial"},"wordCount":319,"publisher":{"@id":"https:\/\/blogs.funiber.org\/pt\/#organization"},"keywords":["Educa\u00e7\u00e3o","Educa\u00e7\u00e3o a Dist\u00e2ncia","Educa\u00e7\u00e3o Especial","Forma\u00e7\u00e3o de Professores","Funiber","FUNIBER Opini\u00f5es","mestrado","Mestrado em Interven\u00e7\u00e3o Psicol\u00f3gica no Desenvolvimento e na Educa\u00e7\u00e3o","Opini\u00e3o FUNIBER","Opini\u00f5es Funiber","Psicologia"],"articleSection":["Educa\u00e7\u00e3o,\u00a0Forma\u00e7\u00e3o Professores"],"inLanguage":"pt-BR"},{"@type":"WebPage","@id":"https:\/\/blogs.funiber.org\/pt\/formacao-professores\/2016\/09\/15\/funiber-congresso-de-educacao-especial","url":"https:\/\/blogs.funiber.org\/pt\/formacao-professores\/2016\/09\/15\/funiber-congresso-de-educacao-especial","name":"Congresso de Educa\u00e7\u00e3o Especial","isPartOf":{"@id":"https:\/\/blogs.funiber.org\/pt\/#website"},"datePublished":"2016-09-15T12:06:47+00:00","dateModified":"2016-09-15T12:06:47+00:00","description":"Encontro no Brasil re\u00fane pesquisadores, estudantes e profissionais da \u00e1rea de Educa\u00e7\u00e3o Especial numa ampla programa\u00e7\u00e3o, na primeira semana de novembro","breadcrumb":{"@id":"https:\/\/blogs.funiber.org\/pt\/formacao-professores\/2016\/09\/15\/funiber-congresso-de-educacao-especial#breadcrumb"},"inLanguage":"pt-BR","potentialAction":[{"@type":"ReadAction","target":["https:\/\/blogs.funiber.org\/pt\/formacao-professores\/2016\/09\/15\/funiber-congresso-de-educacao-especial"]}]},{"@type":"BreadcrumbList","@id":"https:\/\/blogs.funiber.org\/pt\/formacao-professores\/2016\/09\/15\/funiber-congresso-de-educacao-especial#breadcrumb","itemListElement":[{"@type":"ListItem","position":1,"name":"In\u00edcio","item":"https:\/\/blogs.funiber.org\/pt"},{"@type":"ListItem","position":2,"name":"Congresso de Educa\u00e7\u00e3o Especial"}]},{"@type":"WebSite","@id":"https:\/\/blogs.funiber.org\/pt\/#website","url":"https:\/\/blogs.funiber.org\/pt\/","name":"FuniBlogs - FUNIBER","description":"","publisher":{"@id":"https:\/\/blogs.funiber.org\/pt\/#organization"},"potentialAction":[{"@type":"SearchAction","target":{"@type":"EntryPoint","urlTemplate":"https:\/\/blogs.funiber.org\/pt\/?s={search_term_string}"},"query-input":"required name=search_term_string"}],"inLanguage":"pt-BR"},{"@type":"Organization","@id":"https:\/\/blogs.funiber.org\/pt\/#organization","name":"FuniBlogs - FUNIBER","url":"https:\/\/blogs.funiber.org\/pt\/","logo":{"@type":"ImageObject","inLanguage":"pt-BR","@id":"https:\/\/blogs.funiber.org\/pt\/#\/schema\/logo\/image\/","url":"https:\/\/www.funiber.blog\/pt\/wp-content\/uploads\/2022\/02\/logo-funiber-pt-br-v-dos.svg","contentUrl":"https:\/\/www.funiber.blog\/pt\/wp-content\/uploads\/2022\/02\/logo-funiber-pt-br-v-dos.svg","width":1,"height":1,"caption":"FuniBlogs - FUNIBER"},"image":{"@id":"https:\/\/blogs.funiber.org\/pt\/#\/schema\/logo\/image\/"},"sameAs":["https:\/\/www.facebook.com\/funiber","https:\/\/twitter.com\/FUNIBER","https:\/\/www.instagram.com\/funiber_becas","https:\/\/www.youtube.com\/user\/funiber","https:\/\/www.linkedin.com\/company\/funiber"]},{"@type":"Person","@id":"https:\/\/blogs.funiber.org\/pt\/#\/schema\/person\/a1eaaa5e57eac866a8c5946946bcf80d","name":"Michelle","image":{"@type":"ImageObject","inLanguage":"pt-BR","@id":"https:\/\/blogs.funiber.org\/pt\/#\/schema\/person\/image\/","url":"https:\/\/secure.gravatar.com\/avatar\/5e87041f7609dc50493cf216754fece1?s=96&d=mm&r=g","contentUrl":"https:\/\/secure.gravatar.com\/avatar\/5e87041f7609dc50493cf216754fece1?s=96&d=mm&r=g","caption":"Michelle"},"url":"https:\/\/www.funiber.blog\/pt\/author\/michelle-moreira"}]}},"jetpack_featured_media_url":"https:\/\/www.funiber.blog\/pt\/wp-content\/uploads\/2016\/09\/iStock_88701593_pequeno.jpg","jetpack_shortlink":"https:\/\/wp.me\/p7ee1t-2Sq","jetpack_sharing_enabled":true,"_links":{"self":[{"href":"https:\/\/www.funiber.blog\/pt\/wp-json\/wp\/v2\/posts\/11062"}],"collection":[{"href":"https:\/\/www.funiber.blog\/pt\/wp-json\/wp\/v2\/posts"}],"about":[{"href":"https:\/\/www.funiber.blog\/pt\/wp-json\/wp\/v2\/types\/post"}],"author":[{"embeddable":true,"href":"https:\/\/www.funiber.blog\/pt\/wp-json\/wp\/v2\/users\/10"}],"replies":[{"embeddable":true,"href":"https:\/\/www.funiber.blog\/pt\/wp-json\/wp\/v2\/comments?post=11062"}],"version-history":[{"count":2,"href":"https:\/\/www.funiber.blog\/pt\/wp-json\/wp\/v2\/posts\/11062\/revisions"}],"predecessor-version":[{"id":11066,"href":"https:\/\/www.funiber.blog\/pt\/wp-json\/wp\/v2\/posts\/11062\/revisions\/11066"}],"wp:featuredmedia":[{"embeddable":true,"href":"https:\/\/www.funiber.blog\/pt\/wp-json\/wp\/v2\/media\/11064"}],"wp:attachment":[{"href":"https:\/\/www.funiber.blog\/pt\/wp-json\/wp\/v2\/media?parent=11062"}],"wp:term":[{"taxonomy":"category","embeddable":true,"href":"https:\/\/www.funiber.blog\/pt\/wp-json\/wp\/v2\/categories?post=11062"},{"taxonomy":"post_tag","embeddable":true,"href":"https:\/\/www.funiber.blog\/pt\/wp-json\/wp\/v2\/tags?post=11062"}],"curies":[{"name":"wp","href":"https:\/\/api.w.org\/{rel}","templated":true}]}}