{"id":11243,"date":"2016-09-27T08:50:53","date_gmt":"2016-09-27T08:50:53","guid":{"rendered":"http:\/\/blogs.funiber.org\/pt\/?p=11243"},"modified":"2016-09-27T08:53:34","modified_gmt":"2016-09-27T08:53:34","slug":"funiber-congresso-mineracao-metalurgia","status":"publish","type":"post","link":"https:\/\/www.funiber.blog\/pt\/meio-ambiente\/2016\/09\/27\/funiber-congresso-mineracao-metalurgia","title":{"rendered":"Congresso Internacional de Minera\u00e7\u00e3o e Metalurgia"},"content":{"rendered":"<h2>O Congresso Internacional para a ind\u00fastria mineira e metal\u00fargica ser\u00e1 realizado em Cuba de 3 a 7 de outubro<\/h2>\n<p>O <a href=\"http:\/\/www.cipimm.co.cu\/\">Centro de Pesquisa para a Ind\u00fastria Mineiro-Metal\u00fargica de Cuba (CIPIMM)<\/a> realizar\u00e1, entre os dias 3 e 7 de outubro, o <a href=\"http:\/\/minemetal.solwayscuba.com\/es\/registration\/accreditation_info\">III Congresso de Minera\u00e7\u00e3o e Metalurgia MINEMETAL 2016<\/a> orientado a solu\u00e7\u00f5es de \u201cMinera\u00e7\u00e3o Sustent\u00e1vel\u201d. O evento ocorrer\u00e1 no Centro de Conven\u00e7\u00f5es de Plaza Am\u00e9rica, em Varadero, Cuba. Os organizadores apresentaram que as principais tem\u00e1ticas do evento ser\u00e3o: ambiente, tratamento de \u00e1guas e \u00e1guas residu\u00e1rias; experi\u00eancias na explora\u00e7\u00e3o, explora\u00e7\u00e3o e processamento de minerais met\u00e1licos e n\u00e3o-met\u00e1licos; e o desenvolvimento de novos materiais de avan\u00e7ada e novas tecnologias.<!--more--><\/p>\n<p>O evento foi organizado considerando que a atividade mineira ganhou maior relev\u00e2ncia em Cuba e cresceram as atividades de explora\u00e7\u00e3o, explora\u00e7\u00e3o e processamento metal\u00fargico em jazidas de ouro, cobre, zinco, polimet\u00e1licos, entre outros, al\u00e9m de minerais de uso industrial.<\/p>\n<p>Entre os temas a tratar relacionados \u00e0s pesquisas na \u00e1rea ambiental est\u00e3o programadas apresenta\u00e7\u00f5es como: reutiliza\u00e7\u00e3o de refugos e efluentes mineiros em agricultura; mitiga\u00e7\u00e3o ambiental e aproveitamento de residuais para produ\u00e7\u00f5es mais limpa; novas tecnologias para o tratamento de \u00e1guas, entre outros temas relacionados.<\/p>\n<p>Minemetal 2016 tem como miss\u00e3o principal ampliar e fortalecer as comunidades cient\u00edficas que servem \u00e0 ind\u00fastria mineira e metal\u00fargica, procurando o interc\u00e2mbio de conhecimentos entre grupos de pesquisa cubanos e estrangeiros, gerando rela\u00e7\u00f5es entre especialistas para obter o desenvolvimento de projetos em conjunto entre os centros de pesquisa e empresas cubanas de capital misto ou estrangeiro.<\/p>\n<p>O CIPIMM trabalha para obter a aplica\u00e7\u00e3o de novas tecnologias em diferentes \u00e1reas da explora\u00e7\u00e3o mineira e no desenvolvimento de novos materiais. O centro de pesquisa que organiza o III Congresso de Minera\u00e7\u00e3o e Metalurgia MINEMETAL 2016 desenvolveu projetos para a ind\u00fastria mineira dedicada \u00e0 extra\u00e7\u00e3o de ouro, prata, cobre, n\u00edquel, cobalto, chumbo, zinco, desenvolveu projetos para obter carv\u00e3o ativado e ajudou nas pesquisas de nanotecnologia para obter nanotubos de carv\u00e3o.<\/p>\n<p>Os estudantes da \u00e1rea de<a href=\"http:\/\/www.funiber.org.br\/areas-de-conhecimento\/meio-ambiente-e-desenvolvimento-sustentavel\/\" target=\"_blank\">\u00a0Ambiental<\/a>\u00a0da\u00a0<strong><a href=\"http:\/\/www.funiber.org.br\/\" target=\"_blank\">FUNIBER<\/a><\/strong>, compartilham seus conhecimentos com especialistas da ind\u00fastria mineira para reduzir o impacto da extra\u00e7\u00e3o de metais e minerais.<\/p>\n<p>Fonte:\u00a0<a href=\"http:\/\/www.cipimm.co.cu\/\">CIPIMM<\/a><\/p>\n<p>Foto CC:\u00a0<a href=\"https:\/\/pt.wikipedia.org\/wiki\/Cratera_de_minera%C3%A7%C3%A3o#\/media\/File:Chuquicamata-002_02.jpg\" target=\"_blank\">Wikimedia Commons<\/a><\/p>\n","protected":false},"excerpt":{"rendered":"<p>O Congresso Internacional para a ind\u00fastria mineira e metal\u00fargica ser\u00e1 realizado em Cuba de 3 a 7 de outubro O Centro de Pesquisa para a Ind\u00fastria Mineiro-Metal\u00fargica de Cuba (CIPIMM) realizar\u00e1, entre os dias 3 e 7 de outubro, o III Congresso de Minera\u00e7\u00e3o e Metalurgia MINEMETAL 2016 orientado a solu\u00e7\u00f5es de \u201cMinera\u00e7\u00e3o Sustent\u00e1vel\u201d. O [&hellip;]<\/p>\n","protected":false},"author":10,"featured_media":11244,"comment_status":"closed","ping_status":"closed","sticky":false,"template":"","format":"standard","meta":{"jetpack_post_was_ever_published":false,"_jetpack_newsletter_access":"","_jetpack_newsletter_tier_id":0,"footnotes":"","jetpack_publicize_message":"","jetpack_is_tweetstorm":false,"jetpack_publicize_feature_enabled":true,"jetpack_social_post_already_shared":true,"jetpack_social_options":{"image_generator_settings":{"template":"highway","enabled":false}}},"categories":[2],"tags":[251,285,408,119,248,911,835,671,1756,1755,641,255,568],"jetpack_publicize_connections":[],"yoast_head":"<!-- This site is optimized with the Yoast SEO plugin v21.7 - https:\/\/yoast.com\/wordpress\/plugins\/seo\/ -->\n<title>Congresso Internacional de Minera\u00e7\u00e3o e Metalurgia<\/title>\n<meta name=\"description\" content=\"O Congresso Internacional da Ind\u00fastria de Mineira\u00e7\u00e3o e Metalurgia ser\u00e1 realizado em Cuba de 3 a 7 de outubro\" \/>\n<meta name=\"robots\" content=\"noindex, nofollow\" \/>\n<meta property=\"og:locale\" content=\"pt_BR\" \/>\n<meta property=\"og:type\" content=\"article\" \/>\n<meta property=\"og:title\" content=\"Congresso Internacional de Minera\u00e7\u00e3o e Metalurgia\" \/>\n<meta property=\"og:description\" content=\"O Congresso Internacional da Ind\u00fastria de Mineira\u00e7\u00e3o e Metalurgia ser\u00e1 realizado em Cuba de 3 a 7 de outubro\" \/>\n<meta property=\"og:url\" content=\"https:\/\/blogs.funiber.org\/pt\/meio-ambiente\/2016\/09\/27\/funiber-congresso-mineracao-metalurgia\" \/>\n<meta property=\"og:site_name\" content=\"FuniBlogs - FUNIBER\" \/>\n<meta property=\"article:publisher\" content=\"https:\/\/www.facebook.com\/funiber\" \/>\n<meta property=\"article:published_time\" content=\"2016-09-27T08:50:53+00:00\" \/>\n<meta property=\"article:modified_time\" content=\"2016-09-27T08:53:34+00:00\" \/>\n<meta property=\"og:image\" content=\"https:\/\/blogs.funiber.org\/pt\/wp-content\/uploads\/2016\/09\/funiber-congresso-mineracao.jpg\" \/>\n\t<meta property=\"og:image:width\" content=\"640\" \/>\n\t<meta property=\"og:image:height\" content=\"412\" \/>\n\t<meta property=\"og:image:type\" content=\"image\/jpeg\" \/>\n<meta name=\"author\" content=\"Michelle\" \/>\n<meta name=\"twitter:card\" content=\"summary_large_image\" \/>\n<meta name=\"twitter:creator\" content=\"@FUNIBER\" \/>\n<meta name=\"twitter:site\" content=\"@FUNIBER\" \/>\n<meta name=\"twitter:label1\" content=\"Escrito por\" \/>\n\t<meta name=\"twitter:data1\" content=\"Michelle\" \/>\n\t<meta name=\"twitter:label2\" content=\"Est. tempo de leitura\" \/>\n\t<meta name=\"twitter:data2\" content=\"2 minutos\" \/>\n<script type=\"application\/ld+json\" class=\"yoast-schema-graph\">{\"@context\":\"https:\/\/schema.org\",\"@graph\":[{\"@type\":\"Article\",\"@id\":\"https:\/\/blogs.funiber.org\/pt\/meio-ambiente\/2016\/09\/27\/funiber-congresso-mineracao-metalurgia#article\",\"isPartOf\":{\"@id\":\"https:\/\/blogs.funiber.org\/pt\/meio-ambiente\/2016\/09\/27\/funiber-congresso-mineracao-metalurgia\"},\"author\":{\"name\":\"Michelle\",\"@id\":\"https:\/\/blogs.funiber.org\/pt\/#\/schema\/person\/a1eaaa5e57eac866a8c5946946bcf80d\"},\"headline\":\"Congresso Internacional de Minera\u00e7\u00e3o e Metalurgia\",\"datePublished\":\"2016-09-27T08:50:53+00:00\",\"dateModified\":\"2016-09-27T08:53:34+00:00\",\"mainEntityOfPage\":{\"@id\":\"https:\/\/blogs.funiber.org\/pt\/meio-ambiente\/2016\/09\/27\/funiber-congresso-mineracao-metalurgia\"},\"wordCount\":393,\"publisher\":{\"@id\":\"https:\/\/blogs.funiber.org\/pt\/#organization\"},\"keywords\":[\"Congresso\",\"Educa\u00e7\u00e3o\",\"Educa\u00e7\u00e3o a Dist\u00e2ncia\",\"Estudos\",\"Funiber\",\"FUNIBER Opini\u00f5es\",\"Meio Ambiente\",\"mestrado\",\"Metalurgia\",\"Mineira\u00e7\u00e3o\",\"Opini\u00e3o FUNIBER\",\"Opini\u00f5es Funiber\",\"Pesquisa\"],\"articleSection\":[\"Meio Ambiente\"],\"inLanguage\":\"pt-BR\"},{\"@type\":\"WebPage\",\"@id\":\"https:\/\/blogs.funiber.org\/pt\/meio-ambiente\/2016\/09\/27\/funiber-congresso-mineracao-metalurgia\",\"url\":\"https:\/\/blogs.funiber.org\/pt\/meio-ambiente\/2016\/09\/27\/funiber-congresso-mineracao-metalurgia\",\"name\":\"Congresso Internacional de Minera\u00e7\u00e3o e Metalurgia\",\"isPartOf\":{\"@id\":\"https:\/\/blogs.funiber.org\/pt\/#website\"},\"datePublished\":\"2016-09-27T08:50:53+00:00\",\"dateModified\":\"2016-09-27T08:53:34+00:00\",\"description\":\"O Congresso Internacional da Ind\u00fastria de Mineira\u00e7\u00e3o e Metalurgia ser\u00e1 realizado em Cuba de 3 a 7 de outubro\",\"breadcrumb\":{\"@id\":\"https:\/\/blogs.funiber.org\/pt\/meio-ambiente\/2016\/09\/27\/funiber-congresso-mineracao-metalurgia#breadcrumb\"},\"inLanguage\":\"pt-BR\",\"potentialAction\":[{\"@type\":\"ReadAction\",\"target\":[\"https:\/\/blogs.funiber.org\/pt\/meio-ambiente\/2016\/09\/27\/funiber-congresso-mineracao-metalurgia\"]}]},{\"@type\":\"BreadcrumbList\",\"@id\":\"https:\/\/blogs.funiber.org\/pt\/meio-ambiente\/2016\/09\/27\/funiber-congresso-mineracao-metalurgia#breadcrumb\",\"itemListElement\":[{\"@type\":\"ListItem\",\"position\":1,\"name\":\"In\u00edcio\",\"item\":\"https:\/\/blogs.funiber.org\/pt\"},{\"@type\":\"ListItem\",\"position\":2,\"name\":\"Congresso Internacional de Minera\u00e7\u00e3o e Metalurgia\"}]},{\"@type\":\"WebSite\",\"@id\":\"https:\/\/blogs.funiber.org\/pt\/#website\",\"url\":\"https:\/\/blogs.funiber.org\/pt\/\",\"name\":\"FuniBlogs - FUNIBER\",\"description\":\"\",\"publisher\":{\"@id\":\"https:\/\/blogs.funiber.org\/pt\/#organization\"},\"potentialAction\":[{\"@type\":\"SearchAction\",\"target\":{\"@type\":\"EntryPoint\",\"urlTemplate\":\"https:\/\/blogs.funiber.org\/pt\/?s={search_term_string}\"},\"query-input\":\"required name=search_term_string\"}],\"inLanguage\":\"pt-BR\"},{\"@type\":\"Organization\",\"@id\":\"https:\/\/blogs.funiber.org\/pt\/#organization\",\"name\":\"FuniBlogs - FUNIBER\",\"url\":\"https:\/\/blogs.funiber.org\/pt\/\",\"logo\":{\"@type\":\"ImageObject\",\"inLanguage\":\"pt-BR\",\"@id\":\"https:\/\/blogs.funiber.org\/pt\/#\/schema\/logo\/image\/\",\"url\":\"https:\/\/www.funiber.blog\/pt\/wp-content\/uploads\/2022\/02\/logo-funiber-pt-br-v-dos.svg\",\"contentUrl\":\"https:\/\/www.funiber.blog\/pt\/wp-content\/uploads\/2022\/02\/logo-funiber-pt-br-v-dos.svg\",\"width\":1,\"height\":1,\"caption\":\"FuniBlogs - FUNIBER\"},\"image\":{\"@id\":\"https:\/\/blogs.funiber.org\/pt\/#\/schema\/logo\/image\/\"},\"sameAs\":[\"https:\/\/www.facebook.com\/funiber\",\"https:\/\/twitter.com\/FUNIBER\",\"https:\/\/www.instagram.com\/funiber_becas\",\"https:\/\/www.youtube.com\/user\/funiber\",\"https:\/\/www.linkedin.com\/company\/funiber\"]},{\"@type\":\"Person\",\"@id\":\"https:\/\/blogs.funiber.org\/pt\/#\/schema\/person\/a1eaaa5e57eac866a8c5946946bcf80d\",\"name\":\"Michelle\",\"image\":{\"@type\":\"ImageObject\",\"inLanguage\":\"pt-BR\",\"@id\":\"https:\/\/blogs.funiber.org\/pt\/#\/schema\/person\/image\/\",\"url\":\"https:\/\/secure.gravatar.com\/avatar\/5e87041f7609dc50493cf216754fece1?s=96&d=mm&r=g\",\"contentUrl\":\"https:\/\/secure.gravatar.com\/avatar\/5e87041f7609dc50493cf216754fece1?s=96&d=mm&r=g\",\"caption\":\"Michelle\"},\"url\":\"https:\/\/www.funiber.blog\/pt\/author\/michelle-moreira\"}]}<\/script>\n<!-- \/ Yoast SEO plugin. -->","yoast_head_json":{"title":"Congresso Internacional de Minera\u00e7\u00e3o e Metalurgia","description":"O Congresso Internacional da Ind\u00fastria de Mineira\u00e7\u00e3o e Metalurgia ser\u00e1 realizado em Cuba de 3 a 7 de outubro","robots":{"index":"noindex","follow":"nofollow"},"og_locale":"pt_BR","og_type":"article","og_title":"Congresso Internacional de Minera\u00e7\u00e3o e Metalurgia","og_description":"O Congresso Internacional da Ind\u00fastria de Mineira\u00e7\u00e3o e Metalurgia ser\u00e1 realizado em Cuba de 3 a 7 de outubro","og_url":"https:\/\/blogs.funiber.org\/pt\/meio-ambiente\/2016\/09\/27\/funiber-congresso-mineracao-metalurgia","og_site_name":"FuniBlogs - FUNIBER","article_publisher":"https:\/\/www.facebook.com\/funiber","article_published_time":"2016-09-27T08:50:53+00:00","article_modified_time":"2016-09-27T08:53:34+00:00","og_image":[{"width":640,"height":412,"url":"https:\/\/blogs.funiber.org\/pt\/wp-content\/uploads\/2016\/09\/funiber-congresso-mineracao.jpg","type":"image\/jpeg"}],"author":"Michelle","twitter_card":"summary_large_image","twitter_creator":"@FUNIBER","twitter_site":"@FUNIBER","twitter_misc":{"Escrito por":"Michelle","Est. tempo de leitura":"2 minutos"},"schema":{"@context":"https:\/\/schema.org","@graph":[{"@type":"Article","@id":"https:\/\/blogs.funiber.org\/pt\/meio-ambiente\/2016\/09\/27\/funiber-congresso-mineracao-metalurgia#article","isPartOf":{"@id":"https:\/\/blogs.funiber.org\/pt\/meio-ambiente\/2016\/09\/27\/funiber-congresso-mineracao-metalurgia"},"author":{"name":"Michelle","@id":"https:\/\/blogs.funiber.org\/pt\/#\/schema\/person\/a1eaaa5e57eac866a8c5946946bcf80d"},"headline":"Congresso Internacional de Minera\u00e7\u00e3o e Metalurgia","datePublished":"2016-09-27T08:50:53+00:00","dateModified":"2016-09-27T08:53:34+00:00","mainEntityOfPage":{"@id":"https:\/\/blogs.funiber.org\/pt\/meio-ambiente\/2016\/09\/27\/funiber-congresso-mineracao-metalurgia"},"wordCount":393,"publisher":{"@id":"https:\/\/blogs.funiber.org\/pt\/#organization"},"keywords":["Congresso","Educa\u00e7\u00e3o","Educa\u00e7\u00e3o a Dist\u00e2ncia","Estudos","Funiber","FUNIBER Opini\u00f5es","Meio Ambiente","mestrado","Metalurgia","Mineira\u00e7\u00e3o","Opini\u00e3o FUNIBER","Opini\u00f5es Funiber","Pesquisa"],"articleSection":["Meio Ambiente"],"inLanguage":"pt-BR"},{"@type":"WebPage","@id":"https:\/\/blogs.funiber.org\/pt\/meio-ambiente\/2016\/09\/27\/funiber-congresso-mineracao-metalurgia","url":"https:\/\/blogs.funiber.org\/pt\/meio-ambiente\/2016\/09\/27\/funiber-congresso-mineracao-metalurgia","name":"Congresso Internacional de Minera\u00e7\u00e3o e Metalurgia","isPartOf":{"@id":"https:\/\/blogs.funiber.org\/pt\/#website"},"datePublished":"2016-09-27T08:50:53+00:00","dateModified":"2016-09-27T08:53:34+00:00","description":"O Congresso Internacional da Ind\u00fastria de Mineira\u00e7\u00e3o e Metalurgia ser\u00e1 realizado em Cuba de 3 a 7 de outubro","breadcrumb":{"@id":"https:\/\/blogs.funiber.org\/pt\/meio-ambiente\/2016\/09\/27\/funiber-congresso-mineracao-metalurgia#breadcrumb"},"inLanguage":"pt-BR","potentialAction":[{"@type":"ReadAction","target":["https:\/\/blogs.funiber.org\/pt\/meio-ambiente\/2016\/09\/27\/funiber-congresso-mineracao-metalurgia"]}]},{"@type":"BreadcrumbList","@id":"https:\/\/blogs.funiber.org\/pt\/meio-ambiente\/2016\/09\/27\/funiber-congresso-mineracao-metalurgia#breadcrumb","itemListElement":[{"@type":"ListItem","position":1,"name":"In\u00edcio","item":"https:\/\/blogs.funiber.org\/pt"},{"@type":"ListItem","position":2,"name":"Congresso Internacional de Minera\u00e7\u00e3o e Metalurgia"}]},{"@type":"WebSite","@id":"https:\/\/blogs.funiber.org\/pt\/#website","url":"https:\/\/blogs.funiber.org\/pt\/","name":"FuniBlogs - FUNIBER","description":"","publisher":{"@id":"https:\/\/blogs.funiber.org\/pt\/#organization"},"potentialAction":[{"@type":"SearchAction","target":{"@type":"EntryPoint","urlTemplate":"https:\/\/blogs.funiber.org\/pt\/?s={search_term_string}"},"query-input":"required name=search_term_string"}],"inLanguage":"pt-BR"},{"@type":"Organization","@id":"https:\/\/blogs.funiber.org\/pt\/#organization","name":"FuniBlogs - FUNIBER","url":"https:\/\/blogs.funiber.org\/pt\/","logo":{"@type":"ImageObject","inLanguage":"pt-BR","@id":"https:\/\/blogs.funiber.org\/pt\/#\/schema\/logo\/image\/","url":"https:\/\/www.funiber.blog\/pt\/wp-content\/uploads\/2022\/02\/logo-funiber-pt-br-v-dos.svg","contentUrl":"https:\/\/www.funiber.blog\/pt\/wp-content\/uploads\/2022\/02\/logo-funiber-pt-br-v-dos.svg","width":1,"height":1,"caption":"FuniBlogs - FUNIBER"},"image":{"@id":"https:\/\/blogs.funiber.org\/pt\/#\/schema\/logo\/image\/"},"sameAs":["https:\/\/www.facebook.com\/funiber","https:\/\/twitter.com\/FUNIBER","https:\/\/www.instagram.com\/funiber_becas","https:\/\/www.youtube.com\/user\/funiber","https:\/\/www.linkedin.com\/company\/funiber"]},{"@type":"Person","@id":"https:\/\/blogs.funiber.org\/pt\/#\/schema\/person\/a1eaaa5e57eac866a8c5946946bcf80d","name":"Michelle","image":{"@type":"ImageObject","inLanguage":"pt-BR","@id":"https:\/\/blogs.funiber.org\/pt\/#\/schema\/person\/image\/","url":"https:\/\/secure.gravatar.com\/avatar\/5e87041f7609dc50493cf216754fece1?s=96&d=mm&r=g","contentUrl":"https:\/\/secure.gravatar.com\/avatar\/5e87041f7609dc50493cf216754fece1?s=96&d=mm&r=g","caption":"Michelle"},"url":"https:\/\/www.funiber.blog\/pt\/author\/michelle-moreira"}]}},"jetpack_featured_media_url":"https:\/\/www.funiber.blog\/pt\/wp-content\/uploads\/2016\/09\/funiber-congresso-mineracao.jpg","jetpack_shortlink":"https:\/\/wp.me\/p7ee1t-2Vl","jetpack_sharing_enabled":true,"_links":{"self":[{"href":"https:\/\/www.funiber.blog\/pt\/wp-json\/wp\/v2\/posts\/11243"}],"collection":[{"href":"https:\/\/www.funiber.blog\/pt\/wp-json\/wp\/v2\/posts"}],"about":[{"href":"https:\/\/www.funiber.blog\/pt\/wp-json\/wp\/v2\/types\/post"}],"author":[{"embeddable":true,"href":"https:\/\/www.funiber.blog\/pt\/wp-json\/wp\/v2\/users\/10"}],"replies":[{"embeddable":true,"href":"https:\/\/www.funiber.blog\/pt\/wp-json\/wp\/v2\/comments?post=11243"}],"version-history":[{"count":3,"href":"https:\/\/www.funiber.blog\/pt\/wp-json\/wp\/v2\/posts\/11243\/revisions"}],"predecessor-version":[{"id":11247,"href":"https:\/\/www.funiber.blog\/pt\/wp-json\/wp\/v2\/posts\/11243\/revisions\/11247"}],"wp:featuredmedia":[{"embeddable":true,"href":"https:\/\/www.funiber.blog\/pt\/wp-json\/wp\/v2\/media\/11244"}],"wp:attachment":[{"href":"https:\/\/www.funiber.blog\/pt\/wp-json\/wp\/v2\/media?parent=11243"}],"wp:term":[{"taxonomy":"category","embeddable":true,"href":"https:\/\/www.funiber.blog\/pt\/wp-json\/wp\/v2\/categories?post=11243"},{"taxonomy":"post_tag","embeddable":true,"href":"https:\/\/www.funiber.blog\/pt\/wp-json\/wp\/v2\/tags?post=11243"}],"curies":[{"name":"wp","href":"https:\/\/api.w.org\/{rel}","templated":true}]}}