{"id":11612,"date":"2016-11-07T09:52:21","date_gmt":"2016-11-07T09:52:21","guid":{"rendered":"http:\/\/blogs.funiber.org\/pt\/?p=11612"},"modified":"2016-11-07T10:13:26","modified_gmt":"2016-11-07T10:13:26","slug":"funiber-coeducacao-igualdade","status":"publish","type":"post","link":"https:\/\/www.funiber.blog\/pt\/formacao-professores\/2016\/11\/07\/funiber-coeducacao-igualdade","title":{"rendered":"Coeduca\u00e7\u00e3o e educa\u00e7\u00e3o em igualdade no Plano de Forma\u00e7\u00e3o de Professores"},"content":{"rendered":"<h2>Governo espanhol introduz novos princ\u00edpios educativos \u00e0 linha estrat\u00e9gia de forma\u00e7\u00e3o de Professores que inclui coeduca\u00e7\u00e3o e educa\u00e7\u00e3o em igualdade<\/h2>\n<p>O governo de Val\u00eancia, na Espanha, divulgou na\u00a0semana passada um novo plano de forma\u00e7\u00e3o de professores com linhas estrat\u00e9gicas para a planifica\u00e7\u00e3o das atividades formativas para o pr\u00f3ximo curso. A principal novidade \u00e9 a introdu\u00e7\u00e3o de dois princ\u00edpios: coeduca\u00e7\u00e3o e educa\u00e7\u00e3o em igualdade.<!--more--><\/p>\n<p>O Plano Anual de Forma\u00e7\u00e3o \u00e9 uma ferramenta para que os centros educativos possam melhorar a pr\u00e1tica tanto com propostas pr\u00f3prias como com estrat\u00e9gias indicadas pelo governo estadual.<\/p>\n<p>No novo plano, h\u00e1 nove linhas estrat\u00e9gicas que s\u00e3o:<\/p>\n<ol>\n<li>Novas metodologias de ensino-aprendizagem<\/li>\n<li>Forma\u00e7\u00e3o pluril\u00edngue<\/li>\n<li>Incorpora\u00e7\u00e3o e Aumento das TIC nos processos de ensino e aprendizagem<\/li>\n<li>Escola inclusiva<\/li>\n<li>Dimens\u00e3o internacional da educa\u00e7\u00e3o<\/li>\n<li>Organiza\u00e7\u00e3o escolar e participa\u00e7\u00e3o social<\/li>\n<li>Desenvolvimento e implanta\u00e7\u00e3o do curr\u00edculo<\/li>\n<li>Educa\u00e7\u00e3o Ambiental e de Desenvolvimento sustent\u00e1vel e Igualdade<\/li>\n<li>Coeduca\u00e7\u00e3o<\/li>\n<\/ol>\n<p>A inclus\u00e3o dos princ\u00edpios de coeduca\u00e7\u00e3o e educa\u00e7\u00e3o em igualdade na linha estrat\u00e9gica do plano ter\u00e1 um car\u00e1ter priorit\u00e1rio nos programas anuais de forma\u00e7\u00e3o dos centros educativos. O objetivo anunciado \u00e9 melhorar estes aspectos entre os alunos.<\/p>\n<p>Nos programas da <strong><a href=\"http:\/\/www.funiber.org.br\" target=\"_blank\">FUNIBER<\/a><\/strong> na \u00e1rea\u00a0de <a href=\"http:\/\/www.funiber.org.br\/areas-de-conhecimento\/formacao-de-professores\/\" target=\"_blank\">Forma\u00e7\u00e3o de Professores<\/a>, os profissionais da educa\u00e7\u00e3o t\u00eam a possibilidade de aprender\u00a0sobre novas metodologias de ensino-aprendizagem, analisar casos pr\u00e1ticos e trocar\u00a0experi\u00eancias entre diversas culturas.<\/p>\n<p>Fonte: <a href=\"http:\/\/fnbr.es\/3t6\">http:\/\/fnbr.es\/3t6<\/a><\/p>\n<p>Foto: Todos os direitos reservados<\/p>\n","protected":false},"excerpt":{"rendered":"<p>Governo espanhol introduz novos princ\u00edpios educativos \u00e0 linha estrat\u00e9gia de forma\u00e7\u00e3o de Professores que inclui coeduca\u00e7\u00e3o e educa\u00e7\u00e3o em igualdade O governo de Val\u00eancia, na Espanha, divulgou na\u00a0semana passada um novo plano de forma\u00e7\u00e3o de professores com linhas estrat\u00e9gicas para a planifica\u00e7\u00e3o das atividades formativas para o pr\u00f3ximo curso. A principal novidade \u00e9 a introdu\u00e7\u00e3o [&hellip;]<\/p>\n","protected":false},"author":10,"featured_media":11619,"comment_status":"closed","ping_status":"closed","sticky":false,"template":"","format":"standard","meta":{"jetpack_post_was_ever_published":false,"_jetpack_newsletter_access":"","_jetpack_newsletter_tier_id":0,"footnotes":"","jetpack_publicize_message":"","jetpack_is_tweetstorm":false,"jetpack_publicize_feature_enabled":true,"jetpack_social_post_already_shared":true,"jetpack_social_options":{"image_generator_settings":{"template":"highway","enabled":false}}},"categories":[5],"tags":[968,285,408,1882,119,686,248,911,671,641,255,1883,642],"jetpack_publicize_connections":[],"yoast_head":"<!-- This site is optimized with the Yoast SEO plugin v21.7 - https:\/\/yoast.com\/wordpress\/plugins\/seo\/ -->\n<title>Coeduca\u00e7\u00e3o e educa\u00e7\u00e3o em igualdade no Plano de Forma\u00e7\u00e3o de Professores<\/title>\n<meta name=\"description\" content=\"Governo espanhol introduz novos princ\u00edpios educativos \u00e0 linha estrat\u00e9gia de forma\u00e7\u00e3o de Professores que inclui coeduca\u00e7\u00e3o e educa\u00e7\u00e3o em igualdade\" \/>\n<meta name=\"robots\" content=\"noindex, nofollow\" \/>\n<meta property=\"og:locale\" content=\"pt_BR\" \/>\n<meta property=\"og:type\" content=\"article\" \/>\n<meta property=\"og:title\" content=\"Coeduca\u00e7\u00e3o e educa\u00e7\u00e3o em igualdade no Plano de Forma\u00e7\u00e3o de Professores\" \/>\n<meta property=\"og:description\" content=\"Governo espanhol introduz novos princ\u00edpios educativos \u00e0 linha estrat\u00e9gia de forma\u00e7\u00e3o de Professores que inclui coeduca\u00e7\u00e3o e educa\u00e7\u00e3o em igualdade\" \/>\n<meta property=\"og:url\" content=\"https:\/\/blogs.funiber.org\/pt\/formacao-professores\/2016\/11\/07\/funiber-coeducacao-igualdade\" \/>\n<meta property=\"og:site_name\" content=\"FuniBlogs - FUNIBER\" \/>\n<meta property=\"article:publisher\" content=\"https:\/\/www.facebook.com\/funiber\" \/>\n<meta property=\"article:published_time\" content=\"2016-11-07T09:52:21+00:00\" \/>\n<meta property=\"article:modified_time\" content=\"2016-11-07T10:13:26+00:00\" \/>\n<meta property=\"og:image\" content=\"https:\/\/blogs.funiber.org\/pt\/wp-content\/uploads\/2016\/11\/funiber-coeducacao_igualdade.jpg\" \/>\n\t<meta property=\"og:image:width\" content=\"700\" \/>\n\t<meta property=\"og:image:height\" content=\"467\" \/>\n\t<meta property=\"og:image:type\" content=\"image\/jpeg\" \/>\n<meta name=\"author\" content=\"Michelle\" \/>\n<meta name=\"twitter:card\" content=\"summary_large_image\" \/>\n<meta name=\"twitter:creator\" content=\"@FUNIBER\" \/>\n<meta name=\"twitter:site\" content=\"@FUNIBER\" \/>\n<meta name=\"twitter:label1\" content=\"Escrito por\" \/>\n\t<meta name=\"twitter:data1\" content=\"Michelle\" \/>\n\t<meta name=\"twitter:label2\" content=\"Est. tempo de leitura\" \/>\n\t<meta name=\"twitter:data2\" content=\"1 minuto\" \/>\n<script type=\"application\/ld+json\" class=\"yoast-schema-graph\">{\"@context\":\"https:\/\/schema.org\",\"@graph\":[{\"@type\":\"Article\",\"@id\":\"https:\/\/blogs.funiber.org\/pt\/formacao-professores\/2016\/11\/07\/funiber-coeducacao-igualdade#article\",\"isPartOf\":{\"@id\":\"https:\/\/blogs.funiber.org\/pt\/formacao-professores\/2016\/11\/07\/funiber-coeducacao-igualdade\"},\"author\":{\"name\":\"Michelle\",\"@id\":\"https:\/\/blogs.funiber.org\/pt\/#\/schema\/person\/a1eaaa5e57eac866a8c5946946bcf80d\"},\"headline\":\"Coeduca\u00e7\u00e3o e educa\u00e7\u00e3o em igualdade no Plano de Forma\u00e7\u00e3o de Professores\",\"datePublished\":\"2016-11-07T09:52:21+00:00\",\"dateModified\":\"2016-11-07T10:13:26+00:00\",\"mainEntityOfPage\":{\"@id\":\"https:\/\/blogs.funiber.org\/pt\/formacao-professores\/2016\/11\/07\/funiber-coeducacao-igualdade\"},\"wordCount\":278,\"publisher\":{\"@id\":\"https:\/\/blogs.funiber.org\/pt\/#organization\"},\"keywords\":[\"Coeduca\u00e7\u00e3o\",\"Educa\u00e7\u00e3o\",\"Educa\u00e7\u00e3o a Dist\u00e2ncia\",\"educa\u00e7\u00e3o em igualdade\",\"Estudos\",\"Forma\u00e7\u00e3o de Professores\",\"Funiber\",\"FUNIBER Opini\u00f5es\",\"mestrado\",\"Opini\u00e3o FUNIBER\",\"Opini\u00f5es Funiber\",\"plano de forma\u00e7\u00e3o\",\"Professores\"],\"articleSection\":[\"Educa\u00e7\u00e3o,\u00a0Forma\u00e7\u00e3o Professores\"],\"inLanguage\":\"pt-BR\"},{\"@type\":\"WebPage\",\"@id\":\"https:\/\/blogs.funiber.org\/pt\/formacao-professores\/2016\/11\/07\/funiber-coeducacao-igualdade\",\"url\":\"https:\/\/blogs.funiber.org\/pt\/formacao-professores\/2016\/11\/07\/funiber-coeducacao-igualdade\",\"name\":\"Coeduca\u00e7\u00e3o e educa\u00e7\u00e3o em igualdade no Plano de Forma\u00e7\u00e3o de Professores\",\"isPartOf\":{\"@id\":\"https:\/\/blogs.funiber.org\/pt\/#website\"},\"datePublished\":\"2016-11-07T09:52:21+00:00\",\"dateModified\":\"2016-11-07T10:13:26+00:00\",\"description\":\"Governo espanhol introduz novos princ\u00edpios educativos \u00e0 linha estrat\u00e9gia de forma\u00e7\u00e3o de Professores que inclui coeduca\u00e7\u00e3o e educa\u00e7\u00e3o em igualdade\",\"breadcrumb\":{\"@id\":\"https:\/\/blogs.funiber.org\/pt\/formacao-professores\/2016\/11\/07\/funiber-coeducacao-igualdade#breadcrumb\"},\"inLanguage\":\"pt-BR\",\"potentialAction\":[{\"@type\":\"ReadAction\",\"target\":[\"https:\/\/blogs.funiber.org\/pt\/formacao-professores\/2016\/11\/07\/funiber-coeducacao-igualdade\"]}]},{\"@type\":\"BreadcrumbList\",\"@id\":\"https:\/\/blogs.funiber.org\/pt\/formacao-professores\/2016\/11\/07\/funiber-coeducacao-igualdade#breadcrumb\",\"itemListElement\":[{\"@type\":\"ListItem\",\"position\":1,\"name\":\"In\u00edcio\",\"item\":\"https:\/\/blogs.funiber.org\/pt\"},{\"@type\":\"ListItem\",\"position\":2,\"name\":\"Coeduca\u00e7\u00e3o e educa\u00e7\u00e3o em igualdade no Plano de Forma\u00e7\u00e3o de Professores\"}]},{\"@type\":\"WebSite\",\"@id\":\"https:\/\/blogs.funiber.org\/pt\/#website\",\"url\":\"https:\/\/blogs.funiber.org\/pt\/\",\"name\":\"FuniBlogs - FUNIBER\",\"description\":\"\",\"publisher\":{\"@id\":\"https:\/\/blogs.funiber.org\/pt\/#organization\"},\"potentialAction\":[{\"@type\":\"SearchAction\",\"target\":{\"@type\":\"EntryPoint\",\"urlTemplate\":\"https:\/\/blogs.funiber.org\/pt\/?s={search_term_string}\"},\"query-input\":\"required name=search_term_string\"}],\"inLanguage\":\"pt-BR\"},{\"@type\":\"Organization\",\"@id\":\"https:\/\/blogs.funiber.org\/pt\/#organization\",\"name\":\"FuniBlogs - FUNIBER\",\"url\":\"https:\/\/blogs.funiber.org\/pt\/\",\"logo\":{\"@type\":\"ImageObject\",\"inLanguage\":\"pt-BR\",\"@id\":\"https:\/\/blogs.funiber.org\/pt\/#\/schema\/logo\/image\/\",\"url\":\"https:\/\/www.funiber.blog\/pt\/wp-content\/uploads\/2022\/02\/logo-funiber-pt-br-v-dos.svg\",\"contentUrl\":\"https:\/\/www.funiber.blog\/pt\/wp-content\/uploads\/2022\/02\/logo-funiber-pt-br-v-dos.svg\",\"width\":1,\"height\":1,\"caption\":\"FuniBlogs - FUNIBER\"},\"image\":{\"@id\":\"https:\/\/blogs.funiber.org\/pt\/#\/schema\/logo\/image\/\"},\"sameAs\":[\"https:\/\/www.facebook.com\/funiber\",\"https:\/\/twitter.com\/FUNIBER\",\"https:\/\/www.instagram.com\/funiber_becas\",\"https:\/\/www.youtube.com\/user\/funiber\",\"https:\/\/www.linkedin.com\/company\/funiber\"]},{\"@type\":\"Person\",\"@id\":\"https:\/\/blogs.funiber.org\/pt\/#\/schema\/person\/a1eaaa5e57eac866a8c5946946bcf80d\",\"name\":\"Michelle\",\"image\":{\"@type\":\"ImageObject\",\"inLanguage\":\"pt-BR\",\"@id\":\"https:\/\/blogs.funiber.org\/pt\/#\/schema\/person\/image\/\",\"url\":\"https:\/\/secure.gravatar.com\/avatar\/5e87041f7609dc50493cf216754fece1?s=96&d=mm&r=g\",\"contentUrl\":\"https:\/\/secure.gravatar.com\/avatar\/5e87041f7609dc50493cf216754fece1?s=96&d=mm&r=g\",\"caption\":\"Michelle\"},\"url\":\"https:\/\/www.funiber.blog\/pt\/author\/michelle-moreira\"}]}<\/script>\n<!-- \/ Yoast SEO plugin. -->","yoast_head_json":{"title":"Coeduca\u00e7\u00e3o e educa\u00e7\u00e3o em igualdade no Plano de Forma\u00e7\u00e3o de Professores","description":"Governo espanhol introduz novos princ\u00edpios educativos \u00e0 linha estrat\u00e9gia de forma\u00e7\u00e3o de Professores que inclui coeduca\u00e7\u00e3o e educa\u00e7\u00e3o em igualdade","robots":{"index":"noindex","follow":"nofollow"},"og_locale":"pt_BR","og_type":"article","og_title":"Coeduca\u00e7\u00e3o e educa\u00e7\u00e3o em igualdade no Plano de Forma\u00e7\u00e3o de Professores","og_description":"Governo espanhol introduz novos princ\u00edpios educativos \u00e0 linha estrat\u00e9gia de forma\u00e7\u00e3o de Professores que inclui coeduca\u00e7\u00e3o e educa\u00e7\u00e3o em igualdade","og_url":"https:\/\/blogs.funiber.org\/pt\/formacao-professores\/2016\/11\/07\/funiber-coeducacao-igualdade","og_site_name":"FuniBlogs - FUNIBER","article_publisher":"https:\/\/www.facebook.com\/funiber","article_published_time":"2016-11-07T09:52:21+00:00","article_modified_time":"2016-11-07T10:13:26+00:00","og_image":[{"width":700,"height":467,"url":"https:\/\/blogs.funiber.org\/pt\/wp-content\/uploads\/2016\/11\/funiber-coeducacao_igualdade.jpg","type":"image\/jpeg"}],"author":"Michelle","twitter_card":"summary_large_image","twitter_creator":"@FUNIBER","twitter_site":"@FUNIBER","twitter_misc":{"Escrito por":"Michelle","Est. tempo de leitura":"1 minuto"},"schema":{"@context":"https:\/\/schema.org","@graph":[{"@type":"Article","@id":"https:\/\/blogs.funiber.org\/pt\/formacao-professores\/2016\/11\/07\/funiber-coeducacao-igualdade#article","isPartOf":{"@id":"https:\/\/blogs.funiber.org\/pt\/formacao-professores\/2016\/11\/07\/funiber-coeducacao-igualdade"},"author":{"name":"Michelle","@id":"https:\/\/blogs.funiber.org\/pt\/#\/schema\/person\/a1eaaa5e57eac866a8c5946946bcf80d"},"headline":"Coeduca\u00e7\u00e3o e educa\u00e7\u00e3o em igualdade no Plano de Forma\u00e7\u00e3o de Professores","datePublished":"2016-11-07T09:52:21+00:00","dateModified":"2016-11-07T10:13:26+00:00","mainEntityOfPage":{"@id":"https:\/\/blogs.funiber.org\/pt\/formacao-professores\/2016\/11\/07\/funiber-coeducacao-igualdade"},"wordCount":278,"publisher":{"@id":"https:\/\/blogs.funiber.org\/pt\/#organization"},"keywords":["Coeduca\u00e7\u00e3o","Educa\u00e7\u00e3o","Educa\u00e7\u00e3o a Dist\u00e2ncia","educa\u00e7\u00e3o em igualdade","Estudos","Forma\u00e7\u00e3o de Professores","Funiber","FUNIBER Opini\u00f5es","mestrado","Opini\u00e3o FUNIBER","Opini\u00f5es Funiber","plano de forma\u00e7\u00e3o","Professores"],"articleSection":["Educa\u00e7\u00e3o,\u00a0Forma\u00e7\u00e3o Professores"],"inLanguage":"pt-BR"},{"@type":"WebPage","@id":"https:\/\/blogs.funiber.org\/pt\/formacao-professores\/2016\/11\/07\/funiber-coeducacao-igualdade","url":"https:\/\/blogs.funiber.org\/pt\/formacao-professores\/2016\/11\/07\/funiber-coeducacao-igualdade","name":"Coeduca\u00e7\u00e3o e educa\u00e7\u00e3o em igualdade no Plano de Forma\u00e7\u00e3o de Professores","isPartOf":{"@id":"https:\/\/blogs.funiber.org\/pt\/#website"},"datePublished":"2016-11-07T09:52:21+00:00","dateModified":"2016-11-07T10:13:26+00:00","description":"Governo espanhol introduz novos princ\u00edpios educativos \u00e0 linha estrat\u00e9gia de forma\u00e7\u00e3o de Professores que inclui coeduca\u00e7\u00e3o e educa\u00e7\u00e3o em igualdade","breadcrumb":{"@id":"https:\/\/blogs.funiber.org\/pt\/formacao-professores\/2016\/11\/07\/funiber-coeducacao-igualdade#breadcrumb"},"inLanguage":"pt-BR","potentialAction":[{"@type":"ReadAction","target":["https:\/\/blogs.funiber.org\/pt\/formacao-professores\/2016\/11\/07\/funiber-coeducacao-igualdade"]}]},{"@type":"BreadcrumbList","@id":"https:\/\/blogs.funiber.org\/pt\/formacao-professores\/2016\/11\/07\/funiber-coeducacao-igualdade#breadcrumb","itemListElement":[{"@type":"ListItem","position":1,"name":"In\u00edcio","item":"https:\/\/blogs.funiber.org\/pt"},{"@type":"ListItem","position":2,"name":"Coeduca\u00e7\u00e3o e educa\u00e7\u00e3o em igualdade no Plano de Forma\u00e7\u00e3o de Professores"}]},{"@type":"WebSite","@id":"https:\/\/blogs.funiber.org\/pt\/#website","url":"https:\/\/blogs.funiber.org\/pt\/","name":"FuniBlogs - FUNIBER","description":"","publisher":{"@id":"https:\/\/blogs.funiber.org\/pt\/#organization"},"potentialAction":[{"@type":"SearchAction","target":{"@type":"EntryPoint","urlTemplate":"https:\/\/blogs.funiber.org\/pt\/?s={search_term_string}"},"query-input":"required name=search_term_string"}],"inLanguage":"pt-BR"},{"@type":"Organization","@id":"https:\/\/blogs.funiber.org\/pt\/#organization","name":"FuniBlogs - FUNIBER","url":"https:\/\/blogs.funiber.org\/pt\/","logo":{"@type":"ImageObject","inLanguage":"pt-BR","@id":"https:\/\/blogs.funiber.org\/pt\/#\/schema\/logo\/image\/","url":"https:\/\/www.funiber.blog\/pt\/wp-content\/uploads\/2022\/02\/logo-funiber-pt-br-v-dos.svg","contentUrl":"https:\/\/www.funiber.blog\/pt\/wp-content\/uploads\/2022\/02\/logo-funiber-pt-br-v-dos.svg","width":1,"height":1,"caption":"FuniBlogs - FUNIBER"},"image":{"@id":"https:\/\/blogs.funiber.org\/pt\/#\/schema\/logo\/image\/"},"sameAs":["https:\/\/www.facebook.com\/funiber","https:\/\/twitter.com\/FUNIBER","https:\/\/www.instagram.com\/funiber_becas","https:\/\/www.youtube.com\/user\/funiber","https:\/\/www.linkedin.com\/company\/funiber"]},{"@type":"Person","@id":"https:\/\/blogs.funiber.org\/pt\/#\/schema\/person\/a1eaaa5e57eac866a8c5946946bcf80d","name":"Michelle","image":{"@type":"ImageObject","inLanguage":"pt-BR","@id":"https:\/\/blogs.funiber.org\/pt\/#\/schema\/person\/image\/","url":"https:\/\/secure.gravatar.com\/avatar\/5e87041f7609dc50493cf216754fece1?s=96&d=mm&r=g","contentUrl":"https:\/\/secure.gravatar.com\/avatar\/5e87041f7609dc50493cf216754fece1?s=96&d=mm&r=g","caption":"Michelle"},"url":"https:\/\/www.funiber.blog\/pt\/author\/michelle-moreira"}]}},"jetpack_featured_media_url":"https:\/\/www.funiber.blog\/pt\/wp-content\/uploads\/2016\/11\/funiber-coeducacao_igualdade.jpg","jetpack_shortlink":"https:\/\/wp.me\/p7ee1t-31i","jetpack_sharing_enabled":true,"_links":{"self":[{"href":"https:\/\/www.funiber.blog\/pt\/wp-json\/wp\/v2\/posts\/11612"}],"collection":[{"href":"https:\/\/www.funiber.blog\/pt\/wp-json\/wp\/v2\/posts"}],"about":[{"href":"https:\/\/www.funiber.blog\/pt\/wp-json\/wp\/v2\/types\/post"}],"author":[{"embeddable":true,"href":"https:\/\/www.funiber.blog\/pt\/wp-json\/wp\/v2\/users\/10"}],"replies":[{"embeddable":true,"href":"https:\/\/www.funiber.blog\/pt\/wp-json\/wp\/v2\/comments?post=11612"}],"version-history":[{"count":5,"href":"https:\/\/www.funiber.blog\/pt\/wp-json\/wp\/v2\/posts\/11612\/revisions"}],"predecessor-version":[{"id":11618,"href":"https:\/\/www.funiber.blog\/pt\/wp-json\/wp\/v2\/posts\/11612\/revisions\/11618"}],"wp:featuredmedia":[{"embeddable":true,"href":"https:\/\/www.funiber.blog\/pt\/wp-json\/wp\/v2\/media\/11619"}],"wp:attachment":[{"href":"https:\/\/www.funiber.blog\/pt\/wp-json\/wp\/v2\/media?parent=11612"}],"wp:term":[{"taxonomy":"category","embeddable":true,"href":"https:\/\/www.funiber.blog\/pt\/wp-json\/wp\/v2\/categories?post=11612"},{"taxonomy":"post_tag","embeddable":true,"href":"https:\/\/www.funiber.blog\/pt\/wp-json\/wp\/v2\/tags?post=11612"}],"curies":[{"name":"wp","href":"https:\/\/api.w.org\/{rel}","templated":true}]}}