{"id":11625,"date":"2016-11-07T10:44:09","date_gmt":"2016-11-07T10:44:09","guid":{"rendered":"http:\/\/blogs.funiber.org\/pt\/?p=11625"},"modified":"2016-11-07T10:44:09","modified_gmt":"2016-11-07T10:44:09","slug":"funiber-humanos-anos","status":"publish","type":"post","link":"https:\/\/www.funiber.blog\/pt\/gerontologia\/2016\/11\/07\/funiber-humanos-anos","title":{"rendered":"Calcula-se que os humanos apenas possam viver at\u00e9 os 122 anos"},"content":{"rendered":"<h2>Atrav\u00e9s de uma an\u00e1lise estat\u00edstica, identificou-se que os idosos poderiam viver apenas at\u00e9 os 122 anos<\/h2>\n<p>At\u00e9 agora, a pessoa mais idosa que se registrou oficialmente \u00e9 <strong>Jeanne Calment<\/strong>, uma mulher que morreu na Fran\u00e7a no ano 1997, com <strong>122 anos de idade<\/strong>. Desde ent\u00e3o, ningu\u00e9m conseguiu superar esse limite. De acordo com um estudo estat\u00edstico, <strong>ter\u00edamos alcan\u00e7ado o limite da idade biol\u00f3gica humana<\/strong>, e seria dif\u00edcil que as pessoas superem esse limite de idade.<!--more--><\/p>\n<p>O estudo foi realizado por uma equipe de pesquisadores da Escola de Medicina Albert Einstein de Nova Iorque (EUA) com o objetivo de <strong>identificar o limite de tempo m\u00e1ximo de vida para os humanos.<\/strong><\/p>\n<p>O estudo considerava que algumas pesquisas realizadas com animais indicavam que o tempo m\u00e1ximo de vida de um sujeito poderia ser alterado utilizando interven\u00e7\u00f5es farmacol\u00f3gicas e gen\u00e9ticas.<\/p>\n<p>Os pesquisadores identificaram que nas \u00faltimas d\u00e9cadas a idade m\u00e1xima de vida veio aumentando em muitos pa\u00edses, passando, por exemplo, de um limite de 101 anos nos anos 60, na Su\u00e9cia, dando um salto aos 108 anos na d\u00e9cada de 90, mas depois n\u00e3o se registrou um aumento na idade m\u00e1xima, e por isso <strong>se calcula que os 122 anos seja o limite biol\u00f3gico para a exist\u00eancia de um humano na Terra.<\/strong><\/p>\n<p>Jan Vijg, autor do estudo original, indica que cada esp\u00e9cie desenvolve sistemas de prote\u00e7\u00e3o para poder sobreviver. Com o passar do tempo, os sistemas de prote\u00e7\u00e3o se deterioram<strong>. O problema \u00e9 que estes sistemas podem ser milhares ou dezenas de milhares, e poder criar um tratamento que repare todos de uma vez seria muito dif\u00edcil<\/strong>. Nesse contexto, \u201cesquecer de tomar apenas um f\u00e1rmaco dos milhares necess\u00e1rios para manter em funcionamento todos os sistemas significaria a morte\u201d, indica o pesquisador.<\/p>\n<p>Timothy Cash, pesquisador do Grupo de Supress\u00e3o Tumoral do Centro Nacional de Pesquisas Oncol\u00f3gicas (CNIO), considera que o crescimento na expectativa de vida pode ser superado e assegura que o recorde estabelecido por Jeanne pode ser ultrapassado gra\u00e7as \u00e0 ci\u00eancia.<\/p>\n<p>Os estudantes da \u00e1rea de\u00a0<a href=\"http:\/\/www.funiber.org\/maestrias-salud-y-nutricion\/gerontologia\/\">Gerontologia<\/a>\u00a0da\u00a0<a href=\"http:\/\/www.funiber.org\/\">FUNIBER<\/a>\u00a0capacitam-se para dar assist\u00eancia \u00e0s pessoas da terceira idade e melhorar a qualidade de vida de seus pacientes.<\/p>\n<p>&nbsp;<\/p>\n<p>Fonte:\u00a0<a href=\"http:\/\/elpais.com\/elpais\/2016\/10\/05\/ciencia\/1475684245_298031.html\">El Pa\u00eds<\/a><\/p>\n<p>Foto: Todos os direitos reservados<\/p>\n","protected":false},"excerpt":{"rendered":"<p>Atrav\u00e9s de uma an\u00e1lise estat\u00edstica, identificou-se que os idosos poderiam viver apenas at\u00e9 os 122 anos At\u00e9 agora, a pessoa mais idosa que se registrou oficialmente \u00e9 Jeanne Calment, uma mulher que morreu na Fran\u00e7a no ano 1997, com 122 anos de idade. Desde ent\u00e3o, ningu\u00e9m conseguiu superar esse limite. De acordo com um estudo [&hellip;]<\/p>\n","protected":false},"author":10,"featured_media":11626,"comment_status":"closed","ping_status":"closed","sticky":false,"template":"","format":"standard","meta":{"jetpack_post_was_ever_published":false,"_jetpack_newsletter_access":"","_jetpack_newsletter_tier_id":0,"footnotes":"","jetpack_publicize_message":"","jetpack_is_tweetstorm":false,"jetpack_publicize_feature_enabled":true,"jetpack_social_post_already_shared":true,"jetpack_social_options":{"image_generator_settings":{"template":"highway","enabled":false}}},"categories":[1],"tags":[],"jetpack_publicize_connections":[],"yoast_head":"<!-- This site is optimized with the Yoast SEO plugin v21.7 - https:\/\/yoast.com\/wordpress\/plugins\/seo\/ -->\n<title>Calcula-se que os humanos apenas possam viver at\u00e9 os 122 anos<\/title>\n<meta name=\"description\" content=\"Atrav\u00e9s de uma an\u00e1lise estat\u00edstica, identificou-se que os idosos poderiam viver apenas at\u00e9 os 122 anos\" \/>\n<meta name=\"robots\" content=\"noindex, nofollow\" \/>\n<meta property=\"og:locale\" content=\"pt_BR\" \/>\n<meta property=\"og:type\" content=\"article\" \/>\n<meta property=\"og:title\" content=\"Calcula-se que os humanos apenas possam viver at\u00e9 os 122 anos\" \/>\n<meta property=\"og:description\" content=\"Atrav\u00e9s de uma an\u00e1lise estat\u00edstica, identificou-se que os idosos poderiam viver apenas at\u00e9 os 122 anos\" \/>\n<meta property=\"og:url\" content=\"https:\/\/blogs.funiber.org\/pt\/gerontologia\/2016\/11\/07\/funiber-humanos-anos\" \/>\n<meta property=\"og:site_name\" content=\"FuniBlogs - FUNIBER\" \/>\n<meta property=\"article:publisher\" content=\"https:\/\/www.facebook.com\/funiber\" \/>\n<meta property=\"article:published_time\" content=\"2016-11-07T10:44:09+00:00\" \/>\n<meta property=\"og:image\" content=\"https:\/\/blogs.funiber.org\/pt\/wp-content\/uploads\/2016\/11\/funiber-humano-anos.jpg\" \/>\n\t<meta property=\"og:image:width\" content=\"527\" \/>\n\t<meta property=\"og:image:height\" content=\"352\" \/>\n\t<meta property=\"og:image:type\" content=\"image\/jpeg\" \/>\n<meta name=\"author\" content=\"Michelle\" \/>\n<meta name=\"twitter:card\" content=\"summary_large_image\" \/>\n<meta name=\"twitter:creator\" content=\"@FUNIBER\" \/>\n<meta name=\"twitter:site\" content=\"@FUNIBER\" \/>\n<meta name=\"twitter:label1\" content=\"Escrito por\" \/>\n\t<meta name=\"twitter:data1\" content=\"Michelle\" \/>\n\t<meta name=\"twitter:label2\" content=\"Est. tempo de leitura\" \/>\n\t<meta name=\"twitter:data2\" content=\"2 minutos\" \/>\n<script type=\"application\/ld+json\" class=\"yoast-schema-graph\">{\"@context\":\"https:\/\/schema.org\",\"@graph\":[{\"@type\":\"Article\",\"@id\":\"https:\/\/blogs.funiber.org\/pt\/gerontologia\/2016\/11\/07\/funiber-humanos-anos#article\",\"isPartOf\":{\"@id\":\"https:\/\/blogs.funiber.org\/pt\/gerontologia\/2016\/11\/07\/funiber-humanos-anos\"},\"author\":{\"name\":\"Michelle\",\"@id\":\"https:\/\/blogs.funiber.org\/pt\/#\/schema\/person\/a1eaaa5e57eac866a8c5946946bcf80d\"},\"headline\":\"Calcula-se que os humanos apenas possam viver at\u00e9 os 122 anos\",\"datePublished\":\"2016-11-07T10:44:09+00:00\",\"dateModified\":\"2016-11-07T10:44:09+00:00\",\"mainEntityOfPage\":{\"@id\":\"https:\/\/blogs.funiber.org\/pt\/gerontologia\/2016\/11\/07\/funiber-humanos-anos\"},\"wordCount\":398,\"publisher\":{\"@id\":\"https:\/\/blogs.funiber.org\/pt\/#organization\"},\"articleSection\":[\"Gerontologia\"],\"inLanguage\":\"pt-BR\"},{\"@type\":\"WebPage\",\"@id\":\"https:\/\/blogs.funiber.org\/pt\/gerontologia\/2016\/11\/07\/funiber-humanos-anos\",\"url\":\"https:\/\/blogs.funiber.org\/pt\/gerontologia\/2016\/11\/07\/funiber-humanos-anos\",\"name\":\"Calcula-se que os humanos apenas possam viver at\u00e9 os 122 anos\",\"isPartOf\":{\"@id\":\"https:\/\/blogs.funiber.org\/pt\/#website\"},\"datePublished\":\"2016-11-07T10:44:09+00:00\",\"dateModified\":\"2016-11-07T10:44:09+00:00\",\"description\":\"Atrav\u00e9s de uma an\u00e1lise estat\u00edstica, identificou-se que os idosos poderiam viver apenas at\u00e9 os 122 anos\",\"breadcrumb\":{\"@id\":\"https:\/\/blogs.funiber.org\/pt\/gerontologia\/2016\/11\/07\/funiber-humanos-anos#breadcrumb\"},\"inLanguage\":\"pt-BR\",\"potentialAction\":[{\"@type\":\"ReadAction\",\"target\":[\"https:\/\/blogs.funiber.org\/pt\/gerontologia\/2016\/11\/07\/funiber-humanos-anos\"]}]},{\"@type\":\"BreadcrumbList\",\"@id\":\"https:\/\/blogs.funiber.org\/pt\/gerontologia\/2016\/11\/07\/funiber-humanos-anos#breadcrumb\",\"itemListElement\":[{\"@type\":\"ListItem\",\"position\":1,\"name\":\"In\u00edcio\",\"item\":\"https:\/\/blogs.funiber.org\/pt\"},{\"@type\":\"ListItem\",\"position\":2,\"name\":\"Calcula-se que os humanos apenas possam viver at\u00e9 os 122 anos\"}]},{\"@type\":\"WebSite\",\"@id\":\"https:\/\/blogs.funiber.org\/pt\/#website\",\"url\":\"https:\/\/blogs.funiber.org\/pt\/\",\"name\":\"FuniBlogs - FUNIBER\",\"description\":\"\",\"publisher\":{\"@id\":\"https:\/\/blogs.funiber.org\/pt\/#organization\"},\"potentialAction\":[{\"@type\":\"SearchAction\",\"target\":{\"@type\":\"EntryPoint\",\"urlTemplate\":\"https:\/\/blogs.funiber.org\/pt\/?s={search_term_string}\"},\"query-input\":\"required name=search_term_string\"}],\"inLanguage\":\"pt-BR\"},{\"@type\":\"Organization\",\"@id\":\"https:\/\/blogs.funiber.org\/pt\/#organization\",\"name\":\"FuniBlogs - FUNIBER\",\"url\":\"https:\/\/blogs.funiber.org\/pt\/\",\"logo\":{\"@type\":\"ImageObject\",\"inLanguage\":\"pt-BR\",\"@id\":\"https:\/\/blogs.funiber.org\/pt\/#\/schema\/logo\/image\/\",\"url\":\"https:\/\/www.funiber.blog\/pt\/wp-content\/uploads\/2022\/02\/logo-funiber-pt-br-v-dos.svg\",\"contentUrl\":\"https:\/\/www.funiber.blog\/pt\/wp-content\/uploads\/2022\/02\/logo-funiber-pt-br-v-dos.svg\",\"width\":1,\"height\":1,\"caption\":\"FuniBlogs - FUNIBER\"},\"image\":{\"@id\":\"https:\/\/blogs.funiber.org\/pt\/#\/schema\/logo\/image\/\"},\"sameAs\":[\"https:\/\/www.facebook.com\/funiber\",\"https:\/\/twitter.com\/FUNIBER\",\"https:\/\/www.instagram.com\/funiber_becas\",\"https:\/\/www.youtube.com\/user\/funiber\",\"https:\/\/www.linkedin.com\/company\/funiber\"]},{\"@type\":\"Person\",\"@id\":\"https:\/\/blogs.funiber.org\/pt\/#\/schema\/person\/a1eaaa5e57eac866a8c5946946bcf80d\",\"name\":\"Michelle\",\"image\":{\"@type\":\"ImageObject\",\"inLanguage\":\"pt-BR\",\"@id\":\"https:\/\/blogs.funiber.org\/pt\/#\/schema\/person\/image\/\",\"url\":\"https:\/\/secure.gravatar.com\/avatar\/5e87041f7609dc50493cf216754fece1?s=96&d=mm&r=g\",\"contentUrl\":\"https:\/\/secure.gravatar.com\/avatar\/5e87041f7609dc50493cf216754fece1?s=96&d=mm&r=g\",\"caption\":\"Michelle\"},\"url\":\"https:\/\/www.funiber.blog\/pt\/author\/michelle-moreira\"}]}<\/script>\n<!-- \/ Yoast SEO plugin. -->","yoast_head_json":{"title":"Calcula-se que os humanos apenas possam viver at\u00e9 os 122 anos","description":"Atrav\u00e9s de uma an\u00e1lise estat\u00edstica, identificou-se que os idosos poderiam viver apenas at\u00e9 os 122 anos","robots":{"index":"noindex","follow":"nofollow"},"og_locale":"pt_BR","og_type":"article","og_title":"Calcula-se que os humanos apenas possam viver at\u00e9 os 122 anos","og_description":"Atrav\u00e9s de uma an\u00e1lise estat\u00edstica, identificou-se que os idosos poderiam viver apenas at\u00e9 os 122 anos","og_url":"https:\/\/blogs.funiber.org\/pt\/gerontologia\/2016\/11\/07\/funiber-humanos-anos","og_site_name":"FuniBlogs - FUNIBER","article_publisher":"https:\/\/www.facebook.com\/funiber","article_published_time":"2016-11-07T10:44:09+00:00","og_image":[{"width":527,"height":352,"url":"https:\/\/blogs.funiber.org\/pt\/wp-content\/uploads\/2016\/11\/funiber-humano-anos.jpg","type":"image\/jpeg"}],"author":"Michelle","twitter_card":"summary_large_image","twitter_creator":"@FUNIBER","twitter_site":"@FUNIBER","twitter_misc":{"Escrito por":"Michelle","Est. tempo de leitura":"2 minutos"},"schema":{"@context":"https:\/\/schema.org","@graph":[{"@type":"Article","@id":"https:\/\/blogs.funiber.org\/pt\/gerontologia\/2016\/11\/07\/funiber-humanos-anos#article","isPartOf":{"@id":"https:\/\/blogs.funiber.org\/pt\/gerontologia\/2016\/11\/07\/funiber-humanos-anos"},"author":{"name":"Michelle","@id":"https:\/\/blogs.funiber.org\/pt\/#\/schema\/person\/a1eaaa5e57eac866a8c5946946bcf80d"},"headline":"Calcula-se que os humanos apenas possam viver at\u00e9 os 122 anos","datePublished":"2016-11-07T10:44:09+00:00","dateModified":"2016-11-07T10:44:09+00:00","mainEntityOfPage":{"@id":"https:\/\/blogs.funiber.org\/pt\/gerontologia\/2016\/11\/07\/funiber-humanos-anos"},"wordCount":398,"publisher":{"@id":"https:\/\/blogs.funiber.org\/pt\/#organization"},"articleSection":["Gerontologia"],"inLanguage":"pt-BR"},{"@type":"WebPage","@id":"https:\/\/blogs.funiber.org\/pt\/gerontologia\/2016\/11\/07\/funiber-humanos-anos","url":"https:\/\/blogs.funiber.org\/pt\/gerontologia\/2016\/11\/07\/funiber-humanos-anos","name":"Calcula-se que os humanos apenas possam viver at\u00e9 os 122 anos","isPartOf":{"@id":"https:\/\/blogs.funiber.org\/pt\/#website"},"datePublished":"2016-11-07T10:44:09+00:00","dateModified":"2016-11-07T10:44:09+00:00","description":"Atrav\u00e9s de uma an\u00e1lise estat\u00edstica, identificou-se que os idosos poderiam viver apenas at\u00e9 os 122 anos","breadcrumb":{"@id":"https:\/\/blogs.funiber.org\/pt\/gerontologia\/2016\/11\/07\/funiber-humanos-anos#breadcrumb"},"inLanguage":"pt-BR","potentialAction":[{"@type":"ReadAction","target":["https:\/\/blogs.funiber.org\/pt\/gerontologia\/2016\/11\/07\/funiber-humanos-anos"]}]},{"@type":"BreadcrumbList","@id":"https:\/\/blogs.funiber.org\/pt\/gerontologia\/2016\/11\/07\/funiber-humanos-anos#breadcrumb","itemListElement":[{"@type":"ListItem","position":1,"name":"In\u00edcio","item":"https:\/\/blogs.funiber.org\/pt"},{"@type":"ListItem","position":2,"name":"Calcula-se que os humanos apenas possam viver at\u00e9 os 122 anos"}]},{"@type":"WebSite","@id":"https:\/\/blogs.funiber.org\/pt\/#website","url":"https:\/\/blogs.funiber.org\/pt\/","name":"FuniBlogs - FUNIBER","description":"","publisher":{"@id":"https:\/\/blogs.funiber.org\/pt\/#organization"},"potentialAction":[{"@type":"SearchAction","target":{"@type":"EntryPoint","urlTemplate":"https:\/\/blogs.funiber.org\/pt\/?s={search_term_string}"},"query-input":"required name=search_term_string"}],"inLanguage":"pt-BR"},{"@type":"Organization","@id":"https:\/\/blogs.funiber.org\/pt\/#organization","name":"FuniBlogs - FUNIBER","url":"https:\/\/blogs.funiber.org\/pt\/","logo":{"@type":"ImageObject","inLanguage":"pt-BR","@id":"https:\/\/blogs.funiber.org\/pt\/#\/schema\/logo\/image\/","url":"https:\/\/www.funiber.blog\/pt\/wp-content\/uploads\/2022\/02\/logo-funiber-pt-br-v-dos.svg","contentUrl":"https:\/\/www.funiber.blog\/pt\/wp-content\/uploads\/2022\/02\/logo-funiber-pt-br-v-dos.svg","width":1,"height":1,"caption":"FuniBlogs - FUNIBER"},"image":{"@id":"https:\/\/blogs.funiber.org\/pt\/#\/schema\/logo\/image\/"},"sameAs":["https:\/\/www.facebook.com\/funiber","https:\/\/twitter.com\/FUNIBER","https:\/\/www.instagram.com\/funiber_becas","https:\/\/www.youtube.com\/user\/funiber","https:\/\/www.linkedin.com\/company\/funiber"]},{"@type":"Person","@id":"https:\/\/blogs.funiber.org\/pt\/#\/schema\/person\/a1eaaa5e57eac866a8c5946946bcf80d","name":"Michelle","image":{"@type":"ImageObject","inLanguage":"pt-BR","@id":"https:\/\/blogs.funiber.org\/pt\/#\/schema\/person\/image\/","url":"https:\/\/secure.gravatar.com\/avatar\/5e87041f7609dc50493cf216754fece1?s=96&d=mm&r=g","contentUrl":"https:\/\/secure.gravatar.com\/avatar\/5e87041f7609dc50493cf216754fece1?s=96&d=mm&r=g","caption":"Michelle"},"url":"https:\/\/www.funiber.blog\/pt\/author\/michelle-moreira"}]}},"jetpack_featured_media_url":"https:\/\/www.funiber.blog\/pt\/wp-content\/uploads\/2016\/11\/funiber-humano-anos.jpg","jetpack_shortlink":"https:\/\/wp.me\/p7ee1t-31v","jetpack_sharing_enabled":true,"_links":{"self":[{"href":"https:\/\/www.funiber.blog\/pt\/wp-json\/wp\/v2\/posts\/11625"}],"collection":[{"href":"https:\/\/www.funiber.blog\/pt\/wp-json\/wp\/v2\/posts"}],"about":[{"href":"https:\/\/www.funiber.blog\/pt\/wp-json\/wp\/v2\/types\/post"}],"author":[{"embeddable":true,"href":"https:\/\/www.funiber.blog\/pt\/wp-json\/wp\/v2\/users\/10"}],"replies":[{"embeddable":true,"href":"https:\/\/www.funiber.blog\/pt\/wp-json\/wp\/v2\/comments?post=11625"}],"version-history":[{"count":1,"href":"https:\/\/www.funiber.blog\/pt\/wp-json\/wp\/v2\/posts\/11625\/revisions"}],"predecessor-version":[{"id":11627,"href":"https:\/\/www.funiber.blog\/pt\/wp-json\/wp\/v2\/posts\/11625\/revisions\/11627"}],"wp:featuredmedia":[{"embeddable":true,"href":"https:\/\/www.funiber.blog\/pt\/wp-json\/wp\/v2\/media\/11626"}],"wp:attachment":[{"href":"https:\/\/www.funiber.blog\/pt\/wp-json\/wp\/v2\/media?parent=11625"}],"wp:term":[{"taxonomy":"category","embeddable":true,"href":"https:\/\/www.funiber.blog\/pt\/wp-json\/wp\/v2\/categories?post=11625"},{"taxonomy":"post_tag","embeddable":true,"href":"https:\/\/www.funiber.blog\/pt\/wp-json\/wp\/v2\/tags?post=11625"}],"curies":[{"name":"wp","href":"https:\/\/api.w.org\/{rel}","templated":true}]}}