{"id":11819,"date":"2016-11-26T10:15:27","date_gmt":"2016-11-26T10:15:27","guid":{"rendered":"http:\/\/blogs.funiber.org\/pt\/?p=11819"},"modified":"2016-11-28T10:30:37","modified_gmt":"2016-11-28T10:30:37","slug":"funiber-convenio-phr-bolsas","status":"publish","type":"post","link":"https:\/\/www.funiber.blog\/pt\/arquitetura-e-desenho\/2016\/11\/26\/funiber-convenio-phr-bolsas","title":{"rendered":"FUNIBER e PHR assinam conv\u00eanio para desenvolvimento profissional"},"content":{"rendered":"<h2>Conv\u00eancio entre <a href=\"http:\/\/www.funiber.org.br\" target=\"_blank\">FUNIBER<\/a> e <a href=\"http:\/\/www.phrcompany.com\/\" target=\"_blank\">Project Human Resources<\/a> vai permitir desenvolvimento profissional atrav\u00e9s de bolsas de forma\u00e7\u00e3o<\/h2>\n<p>A FUNIBER assinou no dia 10 de dezembro um conv\u00eanio de Bolsas de Forma\u00e7\u00e3o com a empresa Project Human Resources (PHR), em Cochabamba (Bol\u00edvia). O conv\u00eanio vai permitir o desenvolvimento profissional entre os trabalhadores e as institui\u00e7\u00f5es vinculadas \u00e0 empresa.<!--more--><\/p>\n<p>O conv\u00eanio estabelece tamb\u00e9m um marco de atua\u00e7\u00e3o de colabora\u00e7\u00e3o entre a PHR Company e a FUNIBER para realizar atividades cient\u00edficas, de inova\u00e7\u00e3o e em conjunto com o setor de Projetos. O conv\u00eanio foi assinado na Bol\u00edvia, mas o acordo prev\u00ea a colabora\u00e7\u00e3o a n\u00edvel internacional.<\/p>\n<p>A FUNIBER se compromete em oferecer Bolsas de Forma\u00e7\u00e3o que facilitem a capacita\u00e7\u00e3o e a forma\u00e7\u00e3o cont\u00ednua dos profissionais e institui\u00e7\u00f5es vinculadas \u00e0 PHR. Poder\u00e3o cursar programas de Mestrados, Especializa\u00e7\u00f5es e Doutorados patrocinados pela FUNIBER atrav\u00e9s da Rede Universit\u00e1ria em que colabora.<\/p>\n<p>Na \u00e1rea de Projetos, os profissionais podem capacitar-se com o <a href=\"http:\/\/www.funiber.org.br\/areas-de-conhecimento\/engenharia-projetos-prevencao-e-qualidade\/mestrado-em-desenho-gestao-e-direcao-de-projetos\" target=\"_blank\">Mestrado em Desenho, Gest\u00e3o e Dire\u00e7\u00e3o de Projetos<\/a> ou o <a href=\"http:\/\/www.funiber.org.br\/areas-de-conhecimento\/engenharia-projetos-prevencao-e-qualidade\/mestrado-em-gestao-integrada-meio-ambiente-qualidade-e-prevencao\" target=\"_blank\">Mestrado em Gest\u00e3o Integrada: Meio Ambiente, Qualidade e Preven\u00e7\u00e3o<\/a>, para citar alguns.<\/p>\n<p>Por outro lado, a PHR colaborar\u00e1 para as atividades de suporte cient\u00edfico e de desenvolvimento de programas de forma\u00e7\u00e3o. Com presen\u00e7a em diversos pa\u00edses como Argentina, Brasil e Col\u00f4mbia, a companhia desenvolve um novo enfoque no setor de consultoria em quest\u00f5es relacionadas aos Recursos Humanos.<\/p>\n<p>A FUNIBER vem cumprindo com sua Miss\u00e3o e Responsabilidade Social com as Bolsas de Estudo de Forma\u00e7\u00e3o, concedidas para o estudo de qualquer dos programas patrocinados por ela para que ningu\u00e9m deixe de estudar devido \u00e0s dificuldades econ\u00f4micas.<\/p>\n<p>Fonte: <a href=\"http:\/\/fnbr.es\/3y8\" target=\"_blank\">http:\/\/fnbr.es\/3y8<\/a><\/p>\n","protected":false},"excerpt":{"rendered":"<p>Conv\u00eancio entre FUNIBER e Project Human Resources vai permitir desenvolvimento profissional atrav\u00e9s de bolsas de forma\u00e7\u00e3o A FUNIBER assinou no dia 10 de dezembro um conv\u00eanio de Bolsas de Forma\u00e7\u00e3o com a empresa Project Human Resources (PHR), em Cochabamba (Bol\u00edvia). O conv\u00eanio vai permitir o desenvolvimento profissional entre os trabalhadores e as institui\u00e7\u00f5es vinculadas \u00e0 [&hellip;]<\/p>\n","protected":false},"author":10,"featured_media":11820,"comment_status":"closed","ping_status":"closed","sticky":false,"template":"","format":"standard","meta":{"jetpack_post_was_ever_published":false,"_jetpack_newsletter_access":"","_jetpack_newsletter_tier_id":0,"footnotes":"","jetpack_publicize_message":"","jetpack_is_tweetstorm":false,"jetpack_publicize_feature_enabled":true,"jetpack_social_post_already_shared":true,"jetpack_social_options":{"image_generator_settings":{"template":"highway","enabled":false}}},"categories":[7],"tags":[1242,1956,285,408,119,248,911,641,255,1957,112],"jetpack_publicize_connections":[],"yoast_head":"<!-- This site is optimized with the Yoast SEO plugin v21.7 - https:\/\/yoast.com\/wordpress\/plugins\/seo\/ -->\n<title>FUNIBER e PHR assinam conv\u00eanio para desenvolvimento profissional<\/title>\n<meta name=\"description\" content=\"Conv\u00eancio entre FUNIBER e Project Human Resources vai permitir desenvolvimento profissional atrav\u00e9s de bolsas de forma\u00e7\u00e3o\" \/>\n<meta name=\"robots\" content=\"noindex, nofollow\" \/>\n<meta property=\"og:locale\" content=\"pt_BR\" \/>\n<meta property=\"og:type\" content=\"article\" \/>\n<meta property=\"og:title\" content=\"FUNIBER e PHR assinam conv\u00eanio para desenvolvimento profissional\" \/>\n<meta property=\"og:description\" content=\"Conv\u00eancio entre FUNIBER e Project Human Resources vai permitir desenvolvimento profissional atrav\u00e9s de bolsas de forma\u00e7\u00e3o\" \/>\n<meta property=\"og:url\" content=\"https:\/\/blogs.funiber.org\/pt\/arquitetura-e-desenho\/2016\/11\/26\/funiber-convenio-phr-bolsas\" \/>\n<meta property=\"og:site_name\" content=\"FuniBlogs - FUNIBER\" \/>\n<meta property=\"article:publisher\" content=\"https:\/\/www.facebook.com\/funiber\" \/>\n<meta property=\"article:published_time\" content=\"2016-11-26T10:15:27+00:00\" \/>\n<meta property=\"article:modified_time\" content=\"2016-11-28T10:30:37+00:00\" \/>\n<meta property=\"og:image\" content=\"https:\/\/blogs.funiber.org\/pt\/wp-content\/uploads\/2016\/11\/funiber-convenio-bolsas.jpg\" \/>\n\t<meta property=\"og:image:width\" content=\"700\" \/>\n\t<meta property=\"og:image:height\" content=\"467\" \/>\n\t<meta property=\"og:image:type\" content=\"image\/jpeg\" \/>\n<meta name=\"author\" content=\"Michelle\" \/>\n<meta name=\"twitter:card\" content=\"summary_large_image\" \/>\n<meta name=\"twitter:creator\" content=\"@FUNIBER\" \/>\n<meta name=\"twitter:site\" content=\"@FUNIBER\" \/>\n<meta name=\"twitter:label1\" content=\"Escrito por\" \/>\n\t<meta name=\"twitter:data1\" content=\"Michelle\" \/>\n\t<meta name=\"twitter:label2\" content=\"Est. tempo de leitura\" \/>\n\t<meta name=\"twitter:data2\" content=\"2 minutos\" \/>\n<script type=\"application\/ld+json\" class=\"yoast-schema-graph\">{\"@context\":\"https:\/\/schema.org\",\"@graph\":[{\"@type\":\"Article\",\"@id\":\"https:\/\/blogs.funiber.org\/pt\/arquitetura-e-desenho\/2016\/11\/26\/funiber-convenio-phr-bolsas#article\",\"isPartOf\":{\"@id\":\"https:\/\/blogs.funiber.org\/pt\/arquitetura-e-desenho\/2016\/11\/26\/funiber-convenio-phr-bolsas\"},\"author\":{\"name\":\"Michelle\",\"@id\":\"https:\/\/blogs.funiber.org\/pt\/#\/schema\/person\/a1eaaa5e57eac866a8c5946946bcf80d\"},\"headline\":\"FUNIBER e PHR assinam conv\u00eanio para desenvolvimento profissional\",\"datePublished\":\"2016-11-26T10:15:27+00:00\",\"dateModified\":\"2016-11-28T10:30:37+00:00\",\"mainEntityOfPage\":{\"@id\":\"https:\/\/blogs.funiber.org\/pt\/arquitetura-e-desenho\/2016\/11\/26\/funiber-convenio-phr-bolsas\"},\"wordCount\":311,\"publisher\":{\"@id\":\"https:\/\/blogs.funiber.org\/pt\/#organization\"},\"keywords\":[\"Bolsas\",\"Conv\u00eanio\",\"Educa\u00e7\u00e3o\",\"Educa\u00e7\u00e3o a Dist\u00e2ncia\",\"Estudos\",\"Funiber\",\"FUNIBER Opini\u00f5es\",\"Opini\u00e3o FUNIBER\",\"Opini\u00f5es Funiber\",\"PHR\",\"Projetos\"],\"articleSection\":[\"Projetos\"],\"inLanguage\":\"pt-BR\"},{\"@type\":\"WebPage\",\"@id\":\"https:\/\/blogs.funiber.org\/pt\/arquitetura-e-desenho\/2016\/11\/26\/funiber-convenio-phr-bolsas\",\"url\":\"https:\/\/blogs.funiber.org\/pt\/arquitetura-e-desenho\/2016\/11\/26\/funiber-convenio-phr-bolsas\",\"name\":\"FUNIBER e PHR assinam conv\u00eanio para desenvolvimento profissional\",\"isPartOf\":{\"@id\":\"https:\/\/blogs.funiber.org\/pt\/#website\"},\"datePublished\":\"2016-11-26T10:15:27+00:00\",\"dateModified\":\"2016-11-28T10:30:37+00:00\",\"description\":\"Conv\u00eancio entre FUNIBER e Project Human Resources vai permitir desenvolvimento profissional atrav\u00e9s de bolsas de forma\u00e7\u00e3o\",\"breadcrumb\":{\"@id\":\"https:\/\/blogs.funiber.org\/pt\/arquitetura-e-desenho\/2016\/11\/26\/funiber-convenio-phr-bolsas#breadcrumb\"},\"inLanguage\":\"pt-BR\",\"potentialAction\":[{\"@type\":\"ReadAction\",\"target\":[\"https:\/\/blogs.funiber.org\/pt\/arquitetura-e-desenho\/2016\/11\/26\/funiber-convenio-phr-bolsas\"]}]},{\"@type\":\"BreadcrumbList\",\"@id\":\"https:\/\/blogs.funiber.org\/pt\/arquitetura-e-desenho\/2016\/11\/26\/funiber-convenio-phr-bolsas#breadcrumb\",\"itemListElement\":[{\"@type\":\"ListItem\",\"position\":1,\"name\":\"In\u00edcio\",\"item\":\"https:\/\/blogs.funiber.org\/pt\"},{\"@type\":\"ListItem\",\"position\":2,\"name\":\"FUNIBER e PHR assinam conv\u00eanio para desenvolvimento profissional\"}]},{\"@type\":\"WebSite\",\"@id\":\"https:\/\/blogs.funiber.org\/pt\/#website\",\"url\":\"https:\/\/blogs.funiber.org\/pt\/\",\"name\":\"FuniBlogs - FUNIBER\",\"description\":\"\",\"publisher\":{\"@id\":\"https:\/\/blogs.funiber.org\/pt\/#organization\"},\"potentialAction\":[{\"@type\":\"SearchAction\",\"target\":{\"@type\":\"EntryPoint\",\"urlTemplate\":\"https:\/\/blogs.funiber.org\/pt\/?s={search_term_string}\"},\"query-input\":\"required name=search_term_string\"}],\"inLanguage\":\"pt-BR\"},{\"@type\":\"Organization\",\"@id\":\"https:\/\/blogs.funiber.org\/pt\/#organization\",\"name\":\"FuniBlogs - FUNIBER\",\"url\":\"https:\/\/blogs.funiber.org\/pt\/\",\"logo\":{\"@type\":\"ImageObject\",\"inLanguage\":\"pt-BR\",\"@id\":\"https:\/\/blogs.funiber.org\/pt\/#\/schema\/logo\/image\/\",\"url\":\"https:\/\/www.funiber.blog\/pt\/wp-content\/uploads\/2022\/02\/logo-funiber-pt-br-v-dos.svg\",\"contentUrl\":\"https:\/\/www.funiber.blog\/pt\/wp-content\/uploads\/2022\/02\/logo-funiber-pt-br-v-dos.svg\",\"width\":1,\"height\":1,\"caption\":\"FuniBlogs - FUNIBER\"},\"image\":{\"@id\":\"https:\/\/blogs.funiber.org\/pt\/#\/schema\/logo\/image\/\"},\"sameAs\":[\"https:\/\/www.facebook.com\/funiber\",\"https:\/\/twitter.com\/FUNIBER\",\"https:\/\/www.instagram.com\/funiber_becas\",\"https:\/\/www.youtube.com\/user\/funiber\",\"https:\/\/www.linkedin.com\/company\/funiber\"]},{\"@type\":\"Person\",\"@id\":\"https:\/\/blogs.funiber.org\/pt\/#\/schema\/person\/a1eaaa5e57eac866a8c5946946bcf80d\",\"name\":\"Michelle\",\"image\":{\"@type\":\"ImageObject\",\"inLanguage\":\"pt-BR\",\"@id\":\"https:\/\/blogs.funiber.org\/pt\/#\/schema\/person\/image\/\",\"url\":\"https:\/\/secure.gravatar.com\/avatar\/5e87041f7609dc50493cf216754fece1?s=96&d=mm&r=g\",\"contentUrl\":\"https:\/\/secure.gravatar.com\/avatar\/5e87041f7609dc50493cf216754fece1?s=96&d=mm&r=g\",\"caption\":\"Michelle\"},\"url\":\"https:\/\/www.funiber.blog\/pt\/author\/michelle-moreira\"}]}<\/script>\n<!-- \/ Yoast SEO plugin. -->","yoast_head_json":{"title":"FUNIBER e PHR assinam conv\u00eanio para desenvolvimento profissional","description":"Conv\u00eancio entre FUNIBER e Project Human Resources vai permitir desenvolvimento profissional atrav\u00e9s de bolsas de forma\u00e7\u00e3o","robots":{"index":"noindex","follow":"nofollow"},"og_locale":"pt_BR","og_type":"article","og_title":"FUNIBER e PHR assinam conv\u00eanio para desenvolvimento profissional","og_description":"Conv\u00eancio entre FUNIBER e Project Human Resources vai permitir desenvolvimento profissional atrav\u00e9s de bolsas de forma\u00e7\u00e3o","og_url":"https:\/\/blogs.funiber.org\/pt\/arquitetura-e-desenho\/2016\/11\/26\/funiber-convenio-phr-bolsas","og_site_name":"FuniBlogs - FUNIBER","article_publisher":"https:\/\/www.facebook.com\/funiber","article_published_time":"2016-11-26T10:15:27+00:00","article_modified_time":"2016-11-28T10:30:37+00:00","og_image":[{"width":700,"height":467,"url":"https:\/\/blogs.funiber.org\/pt\/wp-content\/uploads\/2016\/11\/funiber-convenio-bolsas.jpg","type":"image\/jpeg"}],"author":"Michelle","twitter_card":"summary_large_image","twitter_creator":"@FUNIBER","twitter_site":"@FUNIBER","twitter_misc":{"Escrito por":"Michelle","Est. tempo de leitura":"2 minutos"},"schema":{"@context":"https:\/\/schema.org","@graph":[{"@type":"Article","@id":"https:\/\/blogs.funiber.org\/pt\/arquitetura-e-desenho\/2016\/11\/26\/funiber-convenio-phr-bolsas#article","isPartOf":{"@id":"https:\/\/blogs.funiber.org\/pt\/arquitetura-e-desenho\/2016\/11\/26\/funiber-convenio-phr-bolsas"},"author":{"name":"Michelle","@id":"https:\/\/blogs.funiber.org\/pt\/#\/schema\/person\/a1eaaa5e57eac866a8c5946946bcf80d"},"headline":"FUNIBER e PHR assinam conv\u00eanio para desenvolvimento profissional","datePublished":"2016-11-26T10:15:27+00:00","dateModified":"2016-11-28T10:30:37+00:00","mainEntityOfPage":{"@id":"https:\/\/blogs.funiber.org\/pt\/arquitetura-e-desenho\/2016\/11\/26\/funiber-convenio-phr-bolsas"},"wordCount":311,"publisher":{"@id":"https:\/\/blogs.funiber.org\/pt\/#organization"},"keywords":["Bolsas","Conv\u00eanio","Educa\u00e7\u00e3o","Educa\u00e7\u00e3o a Dist\u00e2ncia","Estudos","Funiber","FUNIBER Opini\u00f5es","Opini\u00e3o FUNIBER","Opini\u00f5es Funiber","PHR","Projetos"],"articleSection":["Projetos"],"inLanguage":"pt-BR"},{"@type":"WebPage","@id":"https:\/\/blogs.funiber.org\/pt\/arquitetura-e-desenho\/2016\/11\/26\/funiber-convenio-phr-bolsas","url":"https:\/\/blogs.funiber.org\/pt\/arquitetura-e-desenho\/2016\/11\/26\/funiber-convenio-phr-bolsas","name":"FUNIBER e PHR assinam conv\u00eanio para desenvolvimento profissional","isPartOf":{"@id":"https:\/\/blogs.funiber.org\/pt\/#website"},"datePublished":"2016-11-26T10:15:27+00:00","dateModified":"2016-11-28T10:30:37+00:00","description":"Conv\u00eancio entre FUNIBER e Project Human Resources vai permitir desenvolvimento profissional atrav\u00e9s de bolsas de forma\u00e7\u00e3o","breadcrumb":{"@id":"https:\/\/blogs.funiber.org\/pt\/arquitetura-e-desenho\/2016\/11\/26\/funiber-convenio-phr-bolsas#breadcrumb"},"inLanguage":"pt-BR","potentialAction":[{"@type":"ReadAction","target":["https:\/\/blogs.funiber.org\/pt\/arquitetura-e-desenho\/2016\/11\/26\/funiber-convenio-phr-bolsas"]}]},{"@type":"BreadcrumbList","@id":"https:\/\/blogs.funiber.org\/pt\/arquitetura-e-desenho\/2016\/11\/26\/funiber-convenio-phr-bolsas#breadcrumb","itemListElement":[{"@type":"ListItem","position":1,"name":"In\u00edcio","item":"https:\/\/blogs.funiber.org\/pt"},{"@type":"ListItem","position":2,"name":"FUNIBER e PHR assinam conv\u00eanio para desenvolvimento profissional"}]},{"@type":"WebSite","@id":"https:\/\/blogs.funiber.org\/pt\/#website","url":"https:\/\/blogs.funiber.org\/pt\/","name":"FuniBlogs - FUNIBER","description":"","publisher":{"@id":"https:\/\/blogs.funiber.org\/pt\/#organization"},"potentialAction":[{"@type":"SearchAction","target":{"@type":"EntryPoint","urlTemplate":"https:\/\/blogs.funiber.org\/pt\/?s={search_term_string}"},"query-input":"required name=search_term_string"}],"inLanguage":"pt-BR"},{"@type":"Organization","@id":"https:\/\/blogs.funiber.org\/pt\/#organization","name":"FuniBlogs - FUNIBER","url":"https:\/\/blogs.funiber.org\/pt\/","logo":{"@type":"ImageObject","inLanguage":"pt-BR","@id":"https:\/\/blogs.funiber.org\/pt\/#\/schema\/logo\/image\/","url":"https:\/\/www.funiber.blog\/pt\/wp-content\/uploads\/2022\/02\/logo-funiber-pt-br-v-dos.svg","contentUrl":"https:\/\/www.funiber.blog\/pt\/wp-content\/uploads\/2022\/02\/logo-funiber-pt-br-v-dos.svg","width":1,"height":1,"caption":"FuniBlogs - FUNIBER"},"image":{"@id":"https:\/\/blogs.funiber.org\/pt\/#\/schema\/logo\/image\/"},"sameAs":["https:\/\/www.facebook.com\/funiber","https:\/\/twitter.com\/FUNIBER","https:\/\/www.instagram.com\/funiber_becas","https:\/\/www.youtube.com\/user\/funiber","https:\/\/www.linkedin.com\/company\/funiber"]},{"@type":"Person","@id":"https:\/\/blogs.funiber.org\/pt\/#\/schema\/person\/a1eaaa5e57eac866a8c5946946bcf80d","name":"Michelle","image":{"@type":"ImageObject","inLanguage":"pt-BR","@id":"https:\/\/blogs.funiber.org\/pt\/#\/schema\/person\/image\/","url":"https:\/\/secure.gravatar.com\/avatar\/5e87041f7609dc50493cf216754fece1?s=96&d=mm&r=g","contentUrl":"https:\/\/secure.gravatar.com\/avatar\/5e87041f7609dc50493cf216754fece1?s=96&d=mm&r=g","caption":"Michelle"},"url":"https:\/\/www.funiber.blog\/pt\/author\/michelle-moreira"}]}},"jetpack_featured_media_url":"https:\/\/www.funiber.blog\/pt\/wp-content\/uploads\/2016\/11\/funiber-convenio-bolsas.jpg","jetpack_shortlink":"https:\/\/wp.me\/p7ee1t-34D","jetpack_sharing_enabled":true,"_links":{"self":[{"href":"https:\/\/www.funiber.blog\/pt\/wp-json\/wp\/v2\/posts\/11819"}],"collection":[{"href":"https:\/\/www.funiber.blog\/pt\/wp-json\/wp\/v2\/posts"}],"about":[{"href":"https:\/\/www.funiber.blog\/pt\/wp-json\/wp\/v2\/types\/post"}],"author":[{"embeddable":true,"href":"https:\/\/www.funiber.blog\/pt\/wp-json\/wp\/v2\/users\/10"}],"replies":[{"embeddable":true,"href":"https:\/\/www.funiber.blog\/pt\/wp-json\/wp\/v2\/comments?post=11819"}],"version-history":[{"count":1,"href":"https:\/\/www.funiber.blog\/pt\/wp-json\/wp\/v2\/posts\/11819\/revisions"}],"predecessor-version":[{"id":11821,"href":"https:\/\/www.funiber.blog\/pt\/wp-json\/wp\/v2\/posts\/11819\/revisions\/11821"}],"wp:featuredmedia":[{"embeddable":true,"href":"https:\/\/www.funiber.blog\/pt\/wp-json\/wp\/v2\/media\/11820"}],"wp:attachment":[{"href":"https:\/\/www.funiber.blog\/pt\/wp-json\/wp\/v2\/media?parent=11819"}],"wp:term":[{"taxonomy":"category","embeddable":true,"href":"https:\/\/www.funiber.blog\/pt\/wp-json\/wp\/v2\/categories?post=11819"},{"taxonomy":"post_tag","embeddable":true,"href":"https:\/\/www.funiber.blog\/pt\/wp-json\/wp\/v2\/tags?post=11819"}],"curies":[{"name":"wp","href":"https:\/\/api.w.org\/{rel}","templated":true}]}}