{"id":13994,"date":"2017-09-02T14:06:50","date_gmt":"2017-09-02T14:06:50","guid":{"rendered":"https:\/\/blogs.funiber.org\/pt\/?p=13994"},"modified":"2017-09-01T14:09:56","modified_gmt":"2017-09-01T14:09:56","slug":"funiber-fragilidade-mexico","status":"publish","type":"post","link":"https:\/\/www.funiber.blog\/pt\/gerontologia\/2017\/09\/02\/funiber-fragilidade-mexico","title":{"rendered":"S\u00edndrome de fragilidade em idosos cresce no M\u00e9xico"},"content":{"rendered":"<h2>15% dos idosos na popula\u00e7\u00e3o mexicana sofre com a s\u00edndrome de fragilidade, uma doen\u00e7a que pode levar a hospitaliza\u00e7\u00f5es, doen\u00e7as cr\u00f4nicas e at\u00e9 a morte<\/h2>\n<p>Carolina Bernal L\u00f3pez, presidenta da <a href=\"http:\/\/amgg.com.mx\/\">Associa\u00e7\u00e3o de Geriatria e Gerontologia do Aguascalientes<\/a> (M\u00e9xico) afirma que um idoso que sofre de fragilidade \u00e9 um paciente com a sa\u00fade delicada, propenso a desenvolver complica\u00e7\u00f5es. \u201cPode ter uma gripe e terminar hospitalizado, pode ter algo muito simples e ficar acamado ou at\u00e9 mesmo falecer. Por isso \u00e9 importante fazer um bom diagn\u00f3stico e determinar quais idosos sofrem desta s\u00edndrome\u201d, ressaltou.<!--more--><\/p>\n<p>Para Bernal L\u00f3pez, s\u00e3o muitos os fatores que fazem com que os pacientes cheguem a este estado de fragilidade, dos quais, ele ressalta: a diminui\u00e7\u00e3o da massa muscular, a redu\u00e7\u00e3o no consumo de alimentos, assim como a perda da massa \u00f3ssea ou transtorno do \u00edndice glic\u00eamico. Al\u00e9m disso, a especialista afirma que esta s\u00edndrome pode ser evitada ou adiada, mediante a preven\u00e7\u00e3o de doen\u00e7as associadas.<\/p>\n<p>\u201cPor exemplo, quanto \u00e0 perda de peso, deve-se ter a ingest\u00e3o das calorias adequadas, que o idoso possa ter a denti\u00e7\u00e3o para poder mastigar os alimentos e consumir a quantidade necess\u00e1ria de calorias, se for necess\u00e1rio incluir algum suplemento aliment\u00edcio\u201d, indicou a especialista.<\/p>\n<p><strong>S\u00edndrome preven\u00edvel e revers\u00edvel<\/strong><\/p>\n<p>Nesse sentido, o doutor <a href=\"http:\/\/josevina.com\/\">Jos\u00e9 Vi\u00f1a<\/a>, catedr\u00e1tico de Fisiologia da <a href=\"http:\/\/www.uv.es\/\">Universidade de Val\u00eancia<\/a> e diretor do Grupo de Pesquisa em Envelhecimento e Exerc\u00edcio F\u00edsico do <a href=\"http:\/\/www.incliva.es\/\">Instituto de Investigaci\u00f3n sanitario (Incliva)<\/a> liderou um estudo com 100 pacientes fr\u00e1geis onde foi realizado um programa de exerc\u00edcios f\u00edsicos.<\/p>\n<p>A metade dos pacientes realizou um programa de exerc\u00edcios de v\u00e1rios componentes, ou seja, sess\u00f5es de 65 minutos, cinco dias por semana, durante um ano, para concluir que a combina\u00e7\u00e3o de exerc\u00edcios de resist\u00eancia, for\u00e7a, coordena\u00e7\u00e3o, equil\u00edbrio e flexibilidade, n\u00e3o apenas reverteu a fragilidade, como tamb\u00e9m, melhorou par\u00e2metros cognitivos, emocionais e sociais.<\/p>\n<p>Os alunos que se formam no <a href=\"https:\/\/www.funiber.org\/maestria-en-gerontologia\/\">Mestrado em Gerontologia<\/a>, que a <a href=\"https:\/\/www.funiber.org\/\">FUNIBER<\/a> patrocina, est\u00e3o a par dos estudos que permitam continuar novas descobertas em temas de pesquisa sobre a preven\u00e7\u00e3o e a qualidade de vida de seus pacientes.<\/p>\n<p>Fonte:\u00a0<a href=\"http:\/\/www.heraldo.mx\/los-anos-y-el-descuido-pueden-ponernos-fragiles\/\">Los a\u00f1os y el descuido pueden podernos fr\u00e1giles<\/a><\/p>\n<p><a href=\"http:\/\/www.correofarmaceutico.com\/2017\/08\/25\/al-dia\/salud-publica\/el-sindrome-de-fragilidad-en-el-anciano-no-solo-seria-prevenible-sino-tambien-reversible\">El s\u00edndrome de fragilidad en el anciano no s\u00f3lo ser\u00eda prevenible, sino tambi\u00e9n reversible<\/a><\/p>\n<p>Foto: Todos os direitos reservados<\/p>\n","protected":false},"excerpt":{"rendered":"<p>15% dos idosos na popula\u00e7\u00e3o mexicana sofre com a s\u00edndrome de fragilidade, uma doen\u00e7a que pode levar a hospitaliza\u00e7\u00f5es, doen\u00e7as cr\u00f4nicas e at\u00e9 a morte Carolina Bernal L\u00f3pez, presidenta da Associa\u00e7\u00e3o de Geriatria e Gerontologia do Aguascalientes (M\u00e9xico) afirma que um idoso que sofre de fragilidade \u00e9 um paciente com a sa\u00fade delicada, propenso a [&hellip;]<\/p>\n","protected":false},"author":10,"featured_media":13995,"comment_status":"closed","ping_status":"closed","sticky":false,"template":"","format":"standard","meta":{"jetpack_post_was_ever_published":false,"_jetpack_newsletter_access":"","_jetpack_newsletter_tier_id":0,"footnotes":"","jetpack_publicize_message":"","jetpack_is_tweetstorm":false,"jetpack_publicize_feature_enabled":true,"jetpack_social_post_already_shared":true,"jetpack_social_options":{"image_generator_settings":{"template":"highway","enabled":false}}},"categories":[1],"tags":[1242,228,855,408,100,119,969,248,911,267,671,763,125,641,255,113,217],"jetpack_publicize_connections":[],"yoast_head":"<!-- This site is optimized with the Yoast SEO plugin v21.7 - https:\/\/yoast.com\/wordpress\/plugins\/seo\/ -->\n<title>S\u00edndrome de fragilidade em idosos cresce no M\u00e9xico<\/title>\n<meta name=\"description\" content=\"15% dos idosos na popula\u00e7\u00e3o mexicana sofre com a s\u00edndrome de fragilidade, uma doen\u00e7a que pode levar a hospitaliza\u00e7\u00f5es, doen\u00e7as cr\u00f4nicas e at\u00e9 a morte\" \/>\n<meta name=\"robots\" content=\"noindex, nofollow\" \/>\n<meta property=\"og:locale\" content=\"pt_BR\" \/>\n<meta property=\"og:type\" content=\"article\" \/>\n<meta property=\"og:title\" content=\"S\u00edndrome de fragilidade em idosos cresce no M\u00e9xico\" \/>\n<meta property=\"og:description\" content=\"15% dos idosos na popula\u00e7\u00e3o mexicana sofre com a s\u00edndrome de fragilidade, uma doen\u00e7a que pode levar a hospitaliza\u00e7\u00f5es, doen\u00e7as cr\u00f4nicas e at\u00e9 a morte\" \/>\n<meta property=\"og:url\" content=\"https:\/\/blogs.funiber.org\/pt\/gerontologia\/2017\/09\/02\/funiber-fragilidade-mexico\" \/>\n<meta property=\"og:site_name\" content=\"FuniBlogs - FUNIBER\" \/>\n<meta property=\"article:publisher\" content=\"https:\/\/www.facebook.com\/funiber\" \/>\n<meta property=\"article:published_time\" content=\"2017-09-02T14:06:50+00:00\" \/>\n<meta property=\"article:modified_time\" content=\"2017-09-01T14:09:56+00:00\" \/>\n<meta property=\"og:image\" content=\"https:\/\/blogs.funiber.org\/pt\/wp-content\/uploads\/2017\/09\/funiber-fragilidade-mexico.jpg\" \/>\n\t<meta property=\"og:image:width\" content=\"650\" \/>\n\t<meta property=\"og:image:height\" content=\"433\" \/>\n\t<meta property=\"og:image:type\" content=\"image\/jpeg\" \/>\n<meta name=\"author\" content=\"Michelle\" \/>\n<meta name=\"twitter:card\" content=\"summary_large_image\" \/>\n<meta name=\"twitter:creator\" content=\"@FUNIBER\" \/>\n<meta name=\"twitter:site\" content=\"@FUNIBER\" \/>\n<meta name=\"twitter:label1\" content=\"Escrito por\" \/>\n\t<meta name=\"twitter:data1\" content=\"Michelle\" \/>\n\t<meta name=\"twitter:label2\" content=\"Est. tempo de leitura\" \/>\n\t<meta name=\"twitter:data2\" content=\"2 minutos\" \/>\n<script type=\"application\/ld+json\" class=\"yoast-schema-graph\">{\"@context\":\"https:\/\/schema.org\",\"@graph\":[{\"@type\":\"Article\",\"@id\":\"https:\/\/blogs.funiber.org\/pt\/gerontologia\/2017\/09\/02\/funiber-fragilidade-mexico#article\",\"isPartOf\":{\"@id\":\"https:\/\/blogs.funiber.org\/pt\/gerontologia\/2017\/09\/02\/funiber-fragilidade-mexico\"},\"author\":{\"name\":\"Michelle\",\"@id\":\"https:\/\/blogs.funiber.org\/pt\/#\/schema\/person\/a1eaaa5e57eac866a8c5946946bcf80d\"},\"headline\":\"S\u00edndrome de fragilidade em idosos cresce no M\u00e9xico\",\"datePublished\":\"2017-09-02T14:06:50+00:00\",\"dateModified\":\"2017-09-01T14:09:56+00:00\",\"mainEntityOfPage\":{\"@id\":\"https:\/\/blogs.funiber.org\/pt\/gerontologia\/2017\/09\/02\/funiber-fragilidade-mexico\"},\"wordCount\":430,\"publisher\":{\"@id\":\"https:\/\/blogs.funiber.org\/pt\/#organization\"},\"keywords\":[\"Bolsas\",\"Cuidados\",\"Doutorado\",\"Educa\u00e7\u00e3o a Dist\u00e2ncia\",\"Envelhecimento\",\"Estudos\",\"Fragilidade\",\"Funiber\",\"FUNIBER Opini\u00f5es\",\"Idosos\",\"mestrado\",\"M\u00e9xico\",\"Nutri\u00e7\u00e3o\",\"Opini\u00e3o FUNIBER\",\"Opini\u00f5es Funiber\",\"Sa\u00fade\",\"Terceira idade\"],\"articleSection\":[\"Gerontologia\"],\"inLanguage\":\"pt-BR\"},{\"@type\":\"WebPage\",\"@id\":\"https:\/\/blogs.funiber.org\/pt\/gerontologia\/2017\/09\/02\/funiber-fragilidade-mexico\",\"url\":\"https:\/\/blogs.funiber.org\/pt\/gerontologia\/2017\/09\/02\/funiber-fragilidade-mexico\",\"name\":\"S\u00edndrome de fragilidade em idosos cresce no M\u00e9xico\",\"isPartOf\":{\"@id\":\"https:\/\/blogs.funiber.org\/pt\/#website\"},\"datePublished\":\"2017-09-02T14:06:50+00:00\",\"dateModified\":\"2017-09-01T14:09:56+00:00\",\"description\":\"15% dos idosos na popula\u00e7\u00e3o mexicana sofre com a s\u00edndrome de fragilidade, uma doen\u00e7a que pode levar a hospitaliza\u00e7\u00f5es, doen\u00e7as cr\u00f4nicas e at\u00e9 a morte\",\"breadcrumb\":{\"@id\":\"https:\/\/blogs.funiber.org\/pt\/gerontologia\/2017\/09\/02\/funiber-fragilidade-mexico#breadcrumb\"},\"inLanguage\":\"pt-BR\",\"potentialAction\":[{\"@type\":\"ReadAction\",\"target\":[\"https:\/\/blogs.funiber.org\/pt\/gerontologia\/2017\/09\/02\/funiber-fragilidade-mexico\"]}]},{\"@type\":\"BreadcrumbList\",\"@id\":\"https:\/\/blogs.funiber.org\/pt\/gerontologia\/2017\/09\/02\/funiber-fragilidade-mexico#breadcrumb\",\"itemListElement\":[{\"@type\":\"ListItem\",\"position\":1,\"name\":\"In\u00edcio\",\"item\":\"https:\/\/blogs.funiber.org\/pt\"},{\"@type\":\"ListItem\",\"position\":2,\"name\":\"S\u00edndrome de fragilidade em idosos cresce no M\u00e9xico\"}]},{\"@type\":\"WebSite\",\"@id\":\"https:\/\/blogs.funiber.org\/pt\/#website\",\"url\":\"https:\/\/blogs.funiber.org\/pt\/\",\"name\":\"FuniBlogs - FUNIBER\",\"description\":\"\",\"publisher\":{\"@id\":\"https:\/\/blogs.funiber.org\/pt\/#organization\"},\"potentialAction\":[{\"@type\":\"SearchAction\",\"target\":{\"@type\":\"EntryPoint\",\"urlTemplate\":\"https:\/\/blogs.funiber.org\/pt\/?s={search_term_string}\"},\"query-input\":\"required name=search_term_string\"}],\"inLanguage\":\"pt-BR\"},{\"@type\":\"Organization\",\"@id\":\"https:\/\/blogs.funiber.org\/pt\/#organization\",\"name\":\"FuniBlogs - FUNIBER\",\"url\":\"https:\/\/blogs.funiber.org\/pt\/\",\"logo\":{\"@type\":\"ImageObject\",\"inLanguage\":\"pt-BR\",\"@id\":\"https:\/\/blogs.funiber.org\/pt\/#\/schema\/logo\/image\/\",\"url\":\"https:\/\/www.funiber.blog\/pt\/wp-content\/uploads\/2022\/02\/logo-funiber-pt-br-v-dos.svg\",\"contentUrl\":\"https:\/\/www.funiber.blog\/pt\/wp-content\/uploads\/2022\/02\/logo-funiber-pt-br-v-dos.svg\",\"width\":1,\"height\":1,\"caption\":\"FuniBlogs - FUNIBER\"},\"image\":{\"@id\":\"https:\/\/blogs.funiber.org\/pt\/#\/schema\/logo\/image\/\"},\"sameAs\":[\"https:\/\/www.facebook.com\/funiber\",\"https:\/\/twitter.com\/FUNIBER\",\"https:\/\/www.instagram.com\/funiber_becas\",\"https:\/\/www.youtube.com\/user\/funiber\",\"https:\/\/www.linkedin.com\/company\/funiber\"]},{\"@type\":\"Person\",\"@id\":\"https:\/\/blogs.funiber.org\/pt\/#\/schema\/person\/a1eaaa5e57eac866a8c5946946bcf80d\",\"name\":\"Michelle\",\"image\":{\"@type\":\"ImageObject\",\"inLanguage\":\"pt-BR\",\"@id\":\"https:\/\/blogs.funiber.org\/pt\/#\/schema\/person\/image\/\",\"url\":\"https:\/\/secure.gravatar.com\/avatar\/5e87041f7609dc50493cf216754fece1?s=96&d=mm&r=g\",\"contentUrl\":\"https:\/\/secure.gravatar.com\/avatar\/5e87041f7609dc50493cf216754fece1?s=96&d=mm&r=g\",\"caption\":\"Michelle\"},\"url\":\"https:\/\/www.funiber.blog\/pt\/author\/michelle-moreira\"}]}<\/script>\n<!-- \/ Yoast SEO plugin. -->","yoast_head_json":{"title":"S\u00edndrome de fragilidade em idosos cresce no M\u00e9xico","description":"15% dos idosos na popula\u00e7\u00e3o mexicana sofre com a s\u00edndrome de fragilidade, uma doen\u00e7a que pode levar a hospitaliza\u00e7\u00f5es, doen\u00e7as cr\u00f4nicas e at\u00e9 a morte","robots":{"index":"noindex","follow":"nofollow"},"og_locale":"pt_BR","og_type":"article","og_title":"S\u00edndrome de fragilidade em idosos cresce no M\u00e9xico","og_description":"15% dos idosos na popula\u00e7\u00e3o mexicana sofre com a s\u00edndrome de fragilidade, uma doen\u00e7a que pode levar a hospitaliza\u00e7\u00f5es, doen\u00e7as cr\u00f4nicas e at\u00e9 a morte","og_url":"https:\/\/blogs.funiber.org\/pt\/gerontologia\/2017\/09\/02\/funiber-fragilidade-mexico","og_site_name":"FuniBlogs - FUNIBER","article_publisher":"https:\/\/www.facebook.com\/funiber","article_published_time":"2017-09-02T14:06:50+00:00","article_modified_time":"2017-09-01T14:09:56+00:00","og_image":[{"width":650,"height":433,"url":"https:\/\/blogs.funiber.org\/pt\/wp-content\/uploads\/2017\/09\/funiber-fragilidade-mexico.jpg","type":"image\/jpeg"}],"author":"Michelle","twitter_card":"summary_large_image","twitter_creator":"@FUNIBER","twitter_site":"@FUNIBER","twitter_misc":{"Escrito por":"Michelle","Est. tempo de leitura":"2 minutos"},"schema":{"@context":"https:\/\/schema.org","@graph":[{"@type":"Article","@id":"https:\/\/blogs.funiber.org\/pt\/gerontologia\/2017\/09\/02\/funiber-fragilidade-mexico#article","isPartOf":{"@id":"https:\/\/blogs.funiber.org\/pt\/gerontologia\/2017\/09\/02\/funiber-fragilidade-mexico"},"author":{"name":"Michelle","@id":"https:\/\/blogs.funiber.org\/pt\/#\/schema\/person\/a1eaaa5e57eac866a8c5946946bcf80d"},"headline":"S\u00edndrome de fragilidade em idosos cresce no M\u00e9xico","datePublished":"2017-09-02T14:06:50+00:00","dateModified":"2017-09-01T14:09:56+00:00","mainEntityOfPage":{"@id":"https:\/\/blogs.funiber.org\/pt\/gerontologia\/2017\/09\/02\/funiber-fragilidade-mexico"},"wordCount":430,"publisher":{"@id":"https:\/\/blogs.funiber.org\/pt\/#organization"},"keywords":["Bolsas","Cuidados","Doutorado","Educa\u00e7\u00e3o a Dist\u00e2ncia","Envelhecimento","Estudos","Fragilidade","Funiber","FUNIBER Opini\u00f5es","Idosos","mestrado","M\u00e9xico","Nutri\u00e7\u00e3o","Opini\u00e3o FUNIBER","Opini\u00f5es Funiber","Sa\u00fade","Terceira idade"],"articleSection":["Gerontologia"],"inLanguage":"pt-BR"},{"@type":"WebPage","@id":"https:\/\/blogs.funiber.org\/pt\/gerontologia\/2017\/09\/02\/funiber-fragilidade-mexico","url":"https:\/\/blogs.funiber.org\/pt\/gerontologia\/2017\/09\/02\/funiber-fragilidade-mexico","name":"S\u00edndrome de fragilidade em idosos cresce no M\u00e9xico","isPartOf":{"@id":"https:\/\/blogs.funiber.org\/pt\/#website"},"datePublished":"2017-09-02T14:06:50+00:00","dateModified":"2017-09-01T14:09:56+00:00","description":"15% dos idosos na popula\u00e7\u00e3o mexicana sofre com a s\u00edndrome de fragilidade, uma doen\u00e7a que pode levar a hospitaliza\u00e7\u00f5es, doen\u00e7as cr\u00f4nicas e at\u00e9 a morte","breadcrumb":{"@id":"https:\/\/blogs.funiber.org\/pt\/gerontologia\/2017\/09\/02\/funiber-fragilidade-mexico#breadcrumb"},"inLanguage":"pt-BR","potentialAction":[{"@type":"ReadAction","target":["https:\/\/blogs.funiber.org\/pt\/gerontologia\/2017\/09\/02\/funiber-fragilidade-mexico"]}]},{"@type":"BreadcrumbList","@id":"https:\/\/blogs.funiber.org\/pt\/gerontologia\/2017\/09\/02\/funiber-fragilidade-mexico#breadcrumb","itemListElement":[{"@type":"ListItem","position":1,"name":"In\u00edcio","item":"https:\/\/blogs.funiber.org\/pt"},{"@type":"ListItem","position":2,"name":"S\u00edndrome de fragilidade em idosos cresce no M\u00e9xico"}]},{"@type":"WebSite","@id":"https:\/\/blogs.funiber.org\/pt\/#website","url":"https:\/\/blogs.funiber.org\/pt\/","name":"FuniBlogs - FUNIBER","description":"","publisher":{"@id":"https:\/\/blogs.funiber.org\/pt\/#organization"},"potentialAction":[{"@type":"SearchAction","target":{"@type":"EntryPoint","urlTemplate":"https:\/\/blogs.funiber.org\/pt\/?s={search_term_string}"},"query-input":"required name=search_term_string"}],"inLanguage":"pt-BR"},{"@type":"Organization","@id":"https:\/\/blogs.funiber.org\/pt\/#organization","name":"FuniBlogs - FUNIBER","url":"https:\/\/blogs.funiber.org\/pt\/","logo":{"@type":"ImageObject","inLanguage":"pt-BR","@id":"https:\/\/blogs.funiber.org\/pt\/#\/schema\/logo\/image\/","url":"https:\/\/www.funiber.blog\/pt\/wp-content\/uploads\/2022\/02\/logo-funiber-pt-br-v-dos.svg","contentUrl":"https:\/\/www.funiber.blog\/pt\/wp-content\/uploads\/2022\/02\/logo-funiber-pt-br-v-dos.svg","width":1,"height":1,"caption":"FuniBlogs - FUNIBER"},"image":{"@id":"https:\/\/blogs.funiber.org\/pt\/#\/schema\/logo\/image\/"},"sameAs":["https:\/\/www.facebook.com\/funiber","https:\/\/twitter.com\/FUNIBER","https:\/\/www.instagram.com\/funiber_becas","https:\/\/www.youtube.com\/user\/funiber","https:\/\/www.linkedin.com\/company\/funiber"]},{"@type":"Person","@id":"https:\/\/blogs.funiber.org\/pt\/#\/schema\/person\/a1eaaa5e57eac866a8c5946946bcf80d","name":"Michelle","image":{"@type":"ImageObject","inLanguage":"pt-BR","@id":"https:\/\/blogs.funiber.org\/pt\/#\/schema\/person\/image\/","url":"https:\/\/secure.gravatar.com\/avatar\/5e87041f7609dc50493cf216754fece1?s=96&d=mm&r=g","contentUrl":"https:\/\/secure.gravatar.com\/avatar\/5e87041f7609dc50493cf216754fece1?s=96&d=mm&r=g","caption":"Michelle"},"url":"https:\/\/www.funiber.blog\/pt\/author\/michelle-moreira"}]}},"jetpack_featured_media_url":"https:\/\/www.funiber.blog\/pt\/wp-content\/uploads\/2017\/09\/funiber-fragilidade-mexico.jpg","jetpack_shortlink":"https:\/\/wp.me\/p7ee1t-3DI","jetpack_sharing_enabled":true,"_links":{"self":[{"href":"https:\/\/www.funiber.blog\/pt\/wp-json\/wp\/v2\/posts\/13994"}],"collection":[{"href":"https:\/\/www.funiber.blog\/pt\/wp-json\/wp\/v2\/posts"}],"about":[{"href":"https:\/\/www.funiber.blog\/pt\/wp-json\/wp\/v2\/types\/post"}],"author":[{"embeddable":true,"href":"https:\/\/www.funiber.blog\/pt\/wp-json\/wp\/v2\/users\/10"}],"replies":[{"embeddable":true,"href":"https:\/\/www.funiber.blog\/pt\/wp-json\/wp\/v2\/comments?post=13994"}],"version-history":[{"count":1,"href":"https:\/\/www.funiber.blog\/pt\/wp-json\/wp\/v2\/posts\/13994\/revisions"}],"predecessor-version":[{"id":13996,"href":"https:\/\/www.funiber.blog\/pt\/wp-json\/wp\/v2\/posts\/13994\/revisions\/13996"}],"wp:featuredmedia":[{"embeddable":true,"href":"https:\/\/www.funiber.blog\/pt\/wp-json\/wp\/v2\/media\/13995"}],"wp:attachment":[{"href":"https:\/\/www.funiber.blog\/pt\/wp-json\/wp\/v2\/media?parent=13994"}],"wp:term":[{"taxonomy":"category","embeddable":true,"href":"https:\/\/www.funiber.blog\/pt\/wp-json\/wp\/v2\/categories?post=13994"},{"taxonomy":"post_tag","embeddable":true,"href":"https:\/\/www.funiber.blog\/pt\/wp-json\/wp\/v2\/tags?post=13994"}],"curies":[{"name":"wp","href":"https:\/\/api.w.org\/{rel}","templated":true}]}}