{"id":14042,"date":"2017-09-08T13:42:29","date_gmt":"2017-09-08T13:42:29","guid":{"rendered":"https:\/\/blogs.funiber.org\/pt\/?p=14042"},"modified":"2017-09-08T13:42:29","modified_gmt":"2017-09-08T13:42:29","slug":"funiber-praticas-especiais","status":"publish","type":"post","link":"https:\/\/www.funiber.blog\/pt\/formacao-professores\/2017\/09\/08\/funiber-praticas-especiais","title":{"rendered":"Boas pr\u00e1ticas educativas para alunos especiais"},"content":{"rendered":"<h2>Conhe\u00e7a projetos na \u00e1rea da educa\u00e7\u00e3o especial que poder\u00e3o incentivar o trabalho docente com alunos diversos<\/h2>\n<p>Se ser professor j\u00e1 exige uma s\u00e9rie de necessidades formativas e de atualiza\u00e7\u00e3o, ser professor de alunos especiais demanda ainda maior capacita\u00e7\u00e3o para o trabalho. Nos programas patrocinados pela <a href=\"http:\/\/www.funiber.org.br\" target=\"_blank\" rel=\"noopener\">FUNIBER<\/a>, na \u00e1rea de <a href=\"http:\/\/www.funiber.org.br\/mestrados-formacao-professores\" target=\"_blank\" rel=\"noopener\">Forma\u00e7\u00e3o de Professores<\/a>, \u00e9 poss\u00edvel formar-se e ampliar o conhecimento para o trabalho em sala de aula.<!--more--><\/p>\n<p>Para inspirar o seu trabalho com educa\u00e7\u00e3o especial, publicamos a seguir uma lista com projetos desenvolvidos com alunos com necessidades educativas especiais, em institui\u00e7\u00f5es de ensino espanh\u00f3is. Os projetos foram elencados pelo site <a href=\"http:\/\/www.educaciontrespuntocero.com\/experiencias\/educacion-especial-practicas-educativas\/52389.html\" target=\"_blank\" rel=\"noopener\">Educaci\u00f3n 3.0<\/a>:<\/p>\n<p><strong>TIC para autonomia<\/strong> \u2013 Neste projeto, desenvolvido pela professora Ana Isabel Lon\u00e9 Areces, no <a href=\"http:\/\/www.alenta.org\/\" target=\"_blank\" rel=\"noopener\">Instituto de Psicopediatria Dr. Quintero L\u00fambreras<\/a>, em Madri, utilizam-se as TIC como recurso para aprender e desenvolver compet\u00eancias. Como ela explica, \u201co objetivo \u00e9 utilizar as TIC como recurso para melhorar os h\u00e1bitos de autonomia\u201d. Na escola, os alunos usam tablets e aplicativos com imagens, pictogramas e grava\u00e7\u00f5es.<\/p>\n<p><strong>A rob\u00f3tica na surdez<\/strong> \u2013 No <a href=\"http:\/\/lpz.hfi.org.es\/\" target=\"_blank\" rel=\"noopener\">Colegio La Pur\u00edsima para Ni\u00f1os Sordos<\/a>\u00a0(Zaragoza), os alunos desenvolvem aspectos da linguagem atrav\u00e9s de recursos de ensino audiovisuais e a rob\u00f3tica. Atrav\u00e9s do Blue Blot, alunos do Infantil e Prim\u00e1ria mostram motiva\u00e7\u00e3o para o aprendizado.<\/p>\n<p><strong>Programa ABC<\/strong> \u2013 Em M\u00farcia, o Instituto Infante Don Juan Manuel desenvolveu o Programa ABC para alunos surdos. Neste projeto, professores de novo disciplinas diferentes utilizam a l\u00edngua de signos no processo de ensino e aprendizagem dos alunos. Com o programa, 100% dos alunos conseguiram aprovar no exame que d\u00e1 acesso \u00e0 universidade.<\/p>\n<p><strong>L\u00edngua dos signos como disciplina curricular<\/strong> \u2013 No <a href=\"http:\/\/www.gaudem.es\/\" target=\"_blank\" rel=\"noopener\">Col\u00e9gio Gaudem<\/a>, em Madri, alunos surdos da Prim\u00e1ria poder\u00e3o participar de uma metodologia de estudo bil\u00edngue, em que aprender\u00e3o atrav\u00e9s da exposi\u00e7\u00e3o oral e da l\u00edngua dos signos. Sobre isso, a diretora Natividad Rold\u00e1n destaca a import\u00e2ncia de permitir aos alunos condi\u00e7\u00f5es de igualdade para aprender.<\/p>\n<p>Fonte: <a href=\"http:\/\/www.educaciontrespuntocero.com\/experiencias\/educacion-especial-practicas-educativas\/52389.html\" target=\"_blank\" rel=\"noopener\">Educaci\u00f3n especial: 4 buenas pr\u00e1cticas educativas<\/a><\/p>\n<p>Foto: Todos os direitos reservados<\/p>\n","protected":false},"excerpt":{"rendered":"<p>Conhe\u00e7a projetos na \u00e1rea da educa\u00e7\u00e3o especial que poder\u00e3o incentivar o trabalho docente com alunos diversos Se ser professor j\u00e1 exige uma s\u00e9rie de necessidades formativas e de atualiza\u00e7\u00e3o, ser professor de alunos especiais demanda ainda maior capacita\u00e7\u00e3o para o trabalho. Nos programas patrocinados pela FUNIBER, na \u00e1rea de Forma\u00e7\u00e3o de Professores, \u00e9 poss\u00edvel formar-se [&hellip;]<\/p>\n","protected":false},"author":10,"featured_media":14043,"comment_status":"closed","ping_status":"closed","sticky":false,"template":"","format":"standard","meta":{"jetpack_post_was_ever_published":false,"_jetpack_newsletter_access":"","_jetpack_newsletter_tier_id":0,"footnotes":"","jetpack_publicize_message":"","jetpack_is_tweetstorm":false,"jetpack_publicize_feature_enabled":true,"jetpack_social_post_already_shared":true,"jetpack_social_options":{"image_generator_settings":{"template":"highway","enabled":false}}},"categories":[5],"tags":[1242,855,285,408,158,686,248,911,671,641,255],"jetpack_publicize_connections":[],"yoast_head":"<!-- This site is optimized with the Yoast SEO plugin v21.7 - https:\/\/yoast.com\/wordpress\/plugins\/seo\/ -->\n<title>Boas pr\u00e1ticas educativas para alunos especiais<\/title>\n<meta name=\"description\" content=\"Conhe\u00e7a pr\u00e1ticas especiais na \u00e1rea da educa\u00e7\u00e3o que poder\u00e3o incentivar o trabalho docente com alunos diversos e permitir a igualdade no aprendizado\" \/>\n<meta name=\"robots\" content=\"noindex, nofollow\" \/>\n<meta property=\"og:locale\" content=\"pt_BR\" \/>\n<meta property=\"og:type\" content=\"article\" \/>\n<meta property=\"og:title\" content=\"Boas pr\u00e1ticas educativas para alunos especiais\" \/>\n<meta property=\"og:description\" content=\"Conhe\u00e7a pr\u00e1ticas especiais na \u00e1rea da educa\u00e7\u00e3o que poder\u00e3o incentivar o trabalho docente com alunos diversos e permitir a igualdade no aprendizado\" \/>\n<meta property=\"og:url\" content=\"https:\/\/blogs.funiber.org\/pt\/formacao-professores\/2017\/09\/08\/funiber-praticas-especiais\" \/>\n<meta property=\"og:site_name\" content=\"FuniBlogs - FUNIBER\" \/>\n<meta property=\"article:publisher\" content=\"https:\/\/www.facebook.com\/funiber\" \/>\n<meta property=\"article:published_time\" content=\"2017-09-08T13:42:29+00:00\" \/>\n<meta property=\"og:image\" content=\"https:\/\/blogs.funiber.org\/pt\/wp-content\/uploads\/2017\/09\/funiber-praticas-especiais.jpg\" \/>\n\t<meta property=\"og:image:width\" content=\"700\" \/>\n\t<meta property=\"og:image:height\" content=\"467\" \/>\n\t<meta property=\"og:image:type\" content=\"image\/jpeg\" \/>\n<meta name=\"author\" content=\"Michelle\" \/>\n<meta name=\"twitter:card\" content=\"summary_large_image\" \/>\n<meta name=\"twitter:creator\" content=\"@FUNIBER\" \/>\n<meta name=\"twitter:site\" content=\"@FUNIBER\" \/>\n<meta name=\"twitter:label1\" content=\"Escrito por\" \/>\n\t<meta name=\"twitter:data1\" content=\"Michelle\" \/>\n\t<meta name=\"twitter:label2\" content=\"Est. tempo de leitura\" \/>\n\t<meta name=\"twitter:data2\" content=\"2 minutos\" \/>\n<script type=\"application\/ld+json\" class=\"yoast-schema-graph\">{\"@context\":\"https:\/\/schema.org\",\"@graph\":[{\"@type\":\"Article\",\"@id\":\"https:\/\/blogs.funiber.org\/pt\/formacao-professores\/2017\/09\/08\/funiber-praticas-especiais#article\",\"isPartOf\":{\"@id\":\"https:\/\/blogs.funiber.org\/pt\/formacao-professores\/2017\/09\/08\/funiber-praticas-especiais\"},\"author\":{\"name\":\"Michelle\",\"@id\":\"https:\/\/blogs.funiber.org\/pt\/#\/schema\/person\/a1eaaa5e57eac866a8c5946946bcf80d\"},\"headline\":\"Boas pr\u00e1ticas educativas para alunos especiais\",\"datePublished\":\"2017-09-08T13:42:29+00:00\",\"dateModified\":\"2017-09-08T13:42:29+00:00\",\"mainEntityOfPage\":{\"@id\":\"https:\/\/blogs.funiber.org\/pt\/formacao-professores\/2017\/09\/08\/funiber-praticas-especiais\"},\"wordCount\":361,\"publisher\":{\"@id\":\"https:\/\/blogs.funiber.org\/pt\/#organization\"},\"keywords\":[\"Bolsas\",\"Doutorado\",\"Educa\u00e7\u00e3o\",\"Educa\u00e7\u00e3o a Dist\u00e2ncia\",\"Educa\u00e7\u00e3o Especial\",\"Forma\u00e7\u00e3o de Professores\",\"Funiber\",\"FUNIBER Opini\u00f5es\",\"mestrado\",\"Opini\u00e3o FUNIBER\",\"Opini\u00f5es Funiber\"],\"articleSection\":[\"Educa\u00e7\u00e3o,\u00a0Forma\u00e7\u00e3o Professores\"],\"inLanguage\":\"pt-BR\"},{\"@type\":\"WebPage\",\"@id\":\"https:\/\/blogs.funiber.org\/pt\/formacao-professores\/2017\/09\/08\/funiber-praticas-especiais\",\"url\":\"https:\/\/blogs.funiber.org\/pt\/formacao-professores\/2017\/09\/08\/funiber-praticas-especiais\",\"name\":\"Boas pr\u00e1ticas educativas para alunos especiais\",\"isPartOf\":{\"@id\":\"https:\/\/blogs.funiber.org\/pt\/#website\"},\"datePublished\":\"2017-09-08T13:42:29+00:00\",\"dateModified\":\"2017-09-08T13:42:29+00:00\",\"description\":\"Conhe\u00e7a pr\u00e1ticas especiais na \u00e1rea da educa\u00e7\u00e3o que poder\u00e3o incentivar o trabalho docente com alunos diversos e permitir a igualdade no aprendizado\",\"breadcrumb\":{\"@id\":\"https:\/\/blogs.funiber.org\/pt\/formacao-professores\/2017\/09\/08\/funiber-praticas-especiais#breadcrumb\"},\"inLanguage\":\"pt-BR\",\"potentialAction\":[{\"@type\":\"ReadAction\",\"target\":[\"https:\/\/blogs.funiber.org\/pt\/formacao-professores\/2017\/09\/08\/funiber-praticas-especiais\"]}]},{\"@type\":\"BreadcrumbList\",\"@id\":\"https:\/\/blogs.funiber.org\/pt\/formacao-professores\/2017\/09\/08\/funiber-praticas-especiais#breadcrumb\",\"itemListElement\":[{\"@type\":\"ListItem\",\"position\":1,\"name\":\"In\u00edcio\",\"item\":\"https:\/\/blogs.funiber.org\/pt\"},{\"@type\":\"ListItem\",\"position\":2,\"name\":\"Boas pr\u00e1ticas educativas para alunos especiais\"}]},{\"@type\":\"WebSite\",\"@id\":\"https:\/\/blogs.funiber.org\/pt\/#website\",\"url\":\"https:\/\/blogs.funiber.org\/pt\/\",\"name\":\"FuniBlogs - FUNIBER\",\"description\":\"\",\"publisher\":{\"@id\":\"https:\/\/blogs.funiber.org\/pt\/#organization\"},\"potentialAction\":[{\"@type\":\"SearchAction\",\"target\":{\"@type\":\"EntryPoint\",\"urlTemplate\":\"https:\/\/blogs.funiber.org\/pt\/?s={search_term_string}\"},\"query-input\":\"required name=search_term_string\"}],\"inLanguage\":\"pt-BR\"},{\"@type\":\"Organization\",\"@id\":\"https:\/\/blogs.funiber.org\/pt\/#organization\",\"name\":\"FuniBlogs - FUNIBER\",\"url\":\"https:\/\/blogs.funiber.org\/pt\/\",\"logo\":{\"@type\":\"ImageObject\",\"inLanguage\":\"pt-BR\",\"@id\":\"https:\/\/blogs.funiber.org\/pt\/#\/schema\/logo\/image\/\",\"url\":\"https:\/\/www.funiber.blog\/pt\/wp-content\/uploads\/2022\/02\/logo-funiber-pt-br-v-dos.svg\",\"contentUrl\":\"https:\/\/www.funiber.blog\/pt\/wp-content\/uploads\/2022\/02\/logo-funiber-pt-br-v-dos.svg\",\"width\":1,\"height\":1,\"caption\":\"FuniBlogs - FUNIBER\"},\"image\":{\"@id\":\"https:\/\/blogs.funiber.org\/pt\/#\/schema\/logo\/image\/\"},\"sameAs\":[\"https:\/\/www.facebook.com\/funiber\",\"https:\/\/twitter.com\/FUNIBER\",\"https:\/\/www.instagram.com\/funiber_becas\",\"https:\/\/www.youtube.com\/user\/funiber\",\"https:\/\/www.linkedin.com\/company\/funiber\"]},{\"@type\":\"Person\",\"@id\":\"https:\/\/blogs.funiber.org\/pt\/#\/schema\/person\/a1eaaa5e57eac866a8c5946946bcf80d\",\"name\":\"Michelle\",\"image\":{\"@type\":\"ImageObject\",\"inLanguage\":\"pt-BR\",\"@id\":\"https:\/\/blogs.funiber.org\/pt\/#\/schema\/person\/image\/\",\"url\":\"https:\/\/secure.gravatar.com\/avatar\/5e87041f7609dc50493cf216754fece1?s=96&d=mm&r=g\",\"contentUrl\":\"https:\/\/secure.gravatar.com\/avatar\/5e87041f7609dc50493cf216754fece1?s=96&d=mm&r=g\",\"caption\":\"Michelle\"},\"url\":\"https:\/\/www.funiber.blog\/pt\/author\/michelle-moreira\"}]}<\/script>\n<!-- \/ Yoast SEO plugin. -->","yoast_head_json":{"title":"Boas pr\u00e1ticas educativas para alunos especiais","description":"Conhe\u00e7a pr\u00e1ticas especiais na \u00e1rea da educa\u00e7\u00e3o que poder\u00e3o incentivar o trabalho docente com alunos diversos e permitir a igualdade no aprendizado","robots":{"index":"noindex","follow":"nofollow"},"og_locale":"pt_BR","og_type":"article","og_title":"Boas pr\u00e1ticas educativas para alunos especiais","og_description":"Conhe\u00e7a pr\u00e1ticas especiais na \u00e1rea da educa\u00e7\u00e3o que poder\u00e3o incentivar o trabalho docente com alunos diversos e permitir a igualdade no aprendizado","og_url":"https:\/\/blogs.funiber.org\/pt\/formacao-professores\/2017\/09\/08\/funiber-praticas-especiais","og_site_name":"FuniBlogs - FUNIBER","article_publisher":"https:\/\/www.facebook.com\/funiber","article_published_time":"2017-09-08T13:42:29+00:00","og_image":[{"width":700,"height":467,"url":"https:\/\/blogs.funiber.org\/pt\/wp-content\/uploads\/2017\/09\/funiber-praticas-especiais.jpg","type":"image\/jpeg"}],"author":"Michelle","twitter_card":"summary_large_image","twitter_creator":"@FUNIBER","twitter_site":"@FUNIBER","twitter_misc":{"Escrito por":"Michelle","Est. tempo de leitura":"2 minutos"},"schema":{"@context":"https:\/\/schema.org","@graph":[{"@type":"Article","@id":"https:\/\/blogs.funiber.org\/pt\/formacao-professores\/2017\/09\/08\/funiber-praticas-especiais#article","isPartOf":{"@id":"https:\/\/blogs.funiber.org\/pt\/formacao-professores\/2017\/09\/08\/funiber-praticas-especiais"},"author":{"name":"Michelle","@id":"https:\/\/blogs.funiber.org\/pt\/#\/schema\/person\/a1eaaa5e57eac866a8c5946946bcf80d"},"headline":"Boas pr\u00e1ticas educativas para alunos especiais","datePublished":"2017-09-08T13:42:29+00:00","dateModified":"2017-09-08T13:42:29+00:00","mainEntityOfPage":{"@id":"https:\/\/blogs.funiber.org\/pt\/formacao-professores\/2017\/09\/08\/funiber-praticas-especiais"},"wordCount":361,"publisher":{"@id":"https:\/\/blogs.funiber.org\/pt\/#organization"},"keywords":["Bolsas","Doutorado","Educa\u00e7\u00e3o","Educa\u00e7\u00e3o a Dist\u00e2ncia","Educa\u00e7\u00e3o Especial","Forma\u00e7\u00e3o de Professores","Funiber","FUNIBER Opini\u00f5es","mestrado","Opini\u00e3o FUNIBER","Opini\u00f5es Funiber"],"articleSection":["Educa\u00e7\u00e3o,\u00a0Forma\u00e7\u00e3o Professores"],"inLanguage":"pt-BR"},{"@type":"WebPage","@id":"https:\/\/blogs.funiber.org\/pt\/formacao-professores\/2017\/09\/08\/funiber-praticas-especiais","url":"https:\/\/blogs.funiber.org\/pt\/formacao-professores\/2017\/09\/08\/funiber-praticas-especiais","name":"Boas pr\u00e1ticas educativas para alunos especiais","isPartOf":{"@id":"https:\/\/blogs.funiber.org\/pt\/#website"},"datePublished":"2017-09-08T13:42:29+00:00","dateModified":"2017-09-08T13:42:29+00:00","description":"Conhe\u00e7a pr\u00e1ticas especiais na \u00e1rea da educa\u00e7\u00e3o que poder\u00e3o incentivar o trabalho docente com alunos diversos e permitir a igualdade no aprendizado","breadcrumb":{"@id":"https:\/\/blogs.funiber.org\/pt\/formacao-professores\/2017\/09\/08\/funiber-praticas-especiais#breadcrumb"},"inLanguage":"pt-BR","potentialAction":[{"@type":"ReadAction","target":["https:\/\/blogs.funiber.org\/pt\/formacao-professores\/2017\/09\/08\/funiber-praticas-especiais"]}]},{"@type":"BreadcrumbList","@id":"https:\/\/blogs.funiber.org\/pt\/formacao-professores\/2017\/09\/08\/funiber-praticas-especiais#breadcrumb","itemListElement":[{"@type":"ListItem","position":1,"name":"In\u00edcio","item":"https:\/\/blogs.funiber.org\/pt"},{"@type":"ListItem","position":2,"name":"Boas pr\u00e1ticas educativas para alunos especiais"}]},{"@type":"WebSite","@id":"https:\/\/blogs.funiber.org\/pt\/#website","url":"https:\/\/blogs.funiber.org\/pt\/","name":"FuniBlogs - FUNIBER","description":"","publisher":{"@id":"https:\/\/blogs.funiber.org\/pt\/#organization"},"potentialAction":[{"@type":"SearchAction","target":{"@type":"EntryPoint","urlTemplate":"https:\/\/blogs.funiber.org\/pt\/?s={search_term_string}"},"query-input":"required name=search_term_string"}],"inLanguage":"pt-BR"},{"@type":"Organization","@id":"https:\/\/blogs.funiber.org\/pt\/#organization","name":"FuniBlogs - FUNIBER","url":"https:\/\/blogs.funiber.org\/pt\/","logo":{"@type":"ImageObject","inLanguage":"pt-BR","@id":"https:\/\/blogs.funiber.org\/pt\/#\/schema\/logo\/image\/","url":"https:\/\/www.funiber.blog\/pt\/wp-content\/uploads\/2022\/02\/logo-funiber-pt-br-v-dos.svg","contentUrl":"https:\/\/www.funiber.blog\/pt\/wp-content\/uploads\/2022\/02\/logo-funiber-pt-br-v-dos.svg","width":1,"height":1,"caption":"FuniBlogs - FUNIBER"},"image":{"@id":"https:\/\/blogs.funiber.org\/pt\/#\/schema\/logo\/image\/"},"sameAs":["https:\/\/www.facebook.com\/funiber","https:\/\/twitter.com\/FUNIBER","https:\/\/www.instagram.com\/funiber_becas","https:\/\/www.youtube.com\/user\/funiber","https:\/\/www.linkedin.com\/company\/funiber"]},{"@type":"Person","@id":"https:\/\/blogs.funiber.org\/pt\/#\/schema\/person\/a1eaaa5e57eac866a8c5946946bcf80d","name":"Michelle","image":{"@type":"ImageObject","inLanguage":"pt-BR","@id":"https:\/\/blogs.funiber.org\/pt\/#\/schema\/person\/image\/","url":"https:\/\/secure.gravatar.com\/avatar\/5e87041f7609dc50493cf216754fece1?s=96&d=mm&r=g","contentUrl":"https:\/\/secure.gravatar.com\/avatar\/5e87041f7609dc50493cf216754fece1?s=96&d=mm&r=g","caption":"Michelle"},"url":"https:\/\/www.funiber.blog\/pt\/author\/michelle-moreira"}]}},"jetpack_featured_media_url":"https:\/\/www.funiber.blog\/pt\/wp-content\/uploads\/2017\/09\/funiber-praticas-especiais.jpg","jetpack_shortlink":"https:\/\/wp.me\/p7ee1t-3Eu","jetpack_sharing_enabled":true,"_links":{"self":[{"href":"https:\/\/www.funiber.blog\/pt\/wp-json\/wp\/v2\/posts\/14042"}],"collection":[{"href":"https:\/\/www.funiber.blog\/pt\/wp-json\/wp\/v2\/posts"}],"about":[{"href":"https:\/\/www.funiber.blog\/pt\/wp-json\/wp\/v2\/types\/post"}],"author":[{"embeddable":true,"href":"https:\/\/www.funiber.blog\/pt\/wp-json\/wp\/v2\/users\/10"}],"replies":[{"embeddable":true,"href":"https:\/\/www.funiber.blog\/pt\/wp-json\/wp\/v2\/comments?post=14042"}],"version-history":[{"count":1,"href":"https:\/\/www.funiber.blog\/pt\/wp-json\/wp\/v2\/posts\/14042\/revisions"}],"predecessor-version":[{"id":14044,"href":"https:\/\/www.funiber.blog\/pt\/wp-json\/wp\/v2\/posts\/14042\/revisions\/14044"}],"wp:featuredmedia":[{"embeddable":true,"href":"https:\/\/www.funiber.blog\/pt\/wp-json\/wp\/v2\/media\/14043"}],"wp:attachment":[{"href":"https:\/\/www.funiber.blog\/pt\/wp-json\/wp\/v2\/media?parent=14042"}],"wp:term":[{"taxonomy":"category","embeddable":true,"href":"https:\/\/www.funiber.blog\/pt\/wp-json\/wp\/v2\/categories?post=14042"},{"taxonomy":"post_tag","embeddable":true,"href":"https:\/\/www.funiber.blog\/pt\/wp-json\/wp\/v2\/tags?post=14042"}],"curies":[{"name":"wp","href":"https:\/\/api.w.org\/{rel}","templated":true}]}}