{"id":14306,"date":"2017-10-17T13:00:56","date_gmt":"2017-10-17T13:00:56","guid":{"rendered":"https:\/\/blogs.funiber.org\/pt\/?p=14306"},"modified":"2017-10-17T13:00:56","modified_gmt":"2017-10-17T13:00:56","slug":"funiber-ecommerce","status":"publish","type":"post","link":"https:\/\/www.funiber.blog\/pt\/empresas-e-rh\/2017\/10\/17\/funiber-ecommerce","title":{"rendered":"Consolidada a expans\u00e3o do E-commerce em termos mundiais"},"content":{"rendered":"<h2>Recentemente foram apresentados v\u00e1rios estudos, na Espanha e na Am\u00e9rica Latina, que confirmaram a tend\u00eancia no aumento do volume de neg\u00f3cios em lojas virtuais<\/h2>\n<p>Assim, os dados do primeiro trimestre de 2017, publicados pela <a href=\"https:\/\/www.cnmc.es\/\" target=\"_blank\" rel=\"noopener\">Comiss\u00e3o Nacional dos Mercados e a Compet\u00eancia<\/a> (CNMC) da Espanha revelam um aumento de 24,8% no faturamento das plataformas do E-commerce neste pa\u00eds, em compara\u00e7\u00e3o com o mesmo per\u00edodo do ano anterior. Em total, foram faturados 6.757 milh\u00f5es de euros entre os meses de janeiro e mar\u00e7o.<!--more--><\/p>\n<p>N\u00e3o obstante a este aumento, as previs\u00f5es de crescimento do com\u00e9rcio eletr\u00f4nico na Espanha continuam a crescer. Neste sentido, o Observat\u00f3rio de Transforma\u00e7\u00e3o Digital M\u00f3vel de <a href=\"http:\/\/bluumi.net\/\" target=\"_blank\" rel=\"noopener\">Bluumi<\/a> prognostica que 80% dos espanh\u00f3is entre 25 e 40 anos realizar\u00e1 as suas compras de Natal, exclusivamente pela Internet. Estes n\u00fameros apontam um aumento de 30% no mercado nas lojas virtuais em rela\u00e7\u00e3o a 2016.<\/p>\n<p><a href=\"https:\/\/es.linkedin.com\/in\/alvaro-millan-fernandez-15431119\" target=\"_blank\" rel=\"noopener\">\u00c1lvaro Mill\u00e1n<\/a>, diretor da empresa, explicou que \u201co consumidor espanhol j\u00e1 tem um grau elevado de confian\u00e7a nas lojas on-line e a falta de tempo, a comodidade de envio em domic\u00edlio e a f\u00e1cil busca das compras pela Internet favorecem o uso\u201d.<\/p>\n<p>Por isso, o E-commerce transformou-se em uma grande oportunidade para as PMES espanholas. Segundo o estudo \u201c<a href=\"https:\/\/www.ebayinc.com\/stories\/press-room\/es\/seg%C3%BAn-el-estudio-las-pymes-espa%C3%B1olas-en-el-%C3%A1mbito-online-de-ebay\/\">As pmes espanholas no \u00e2mbito on-line<\/a>\u201d, elaborado por <a href=\"https:\/\/www.ebayinc.com\/\">Ebay<\/a>, o com\u00e9rcio por meio da Internet permite uma maior expans\u00e3o da empresa e exige um investimento inicial menor. Do mesmo modo, o relat\u00f3rio revelou que as vendas na rede j\u00e1 representam mais de 5% do total das vendas deste tipo de empresas.<\/p>\n<p><a href=\"https:\/\/es.linkedin.com\/in\/susanavoces\" target=\"_blank\" rel=\"noopener\">Susana Voces<\/a>, diretora geral do EBay na Espanha e na It\u00e1lia, assinalou que \u201cas PMEs espanholas t\u00eam n\u00edtido que o E-commerce possui uma s\u00e9rie de vantagens em rela\u00e7\u00e3o ao com\u00e9rcio f\u00edsico, sobretudo, por facilitar uma maior expans\u00e3o do neg\u00f3cio e pela facilidade para come\u00e7ar a operar\u201d.<\/p>\n<p>No caso do M\u00e9xico, a <a href=\"https:\/\/www.amvo.org.mx\/\" target=\"_blank\" rel=\"noopener\">Associa\u00e7\u00e3o Mexicana de Venda On-line<\/a> (AMVO) divulgou um relat\u00f3rio que cifra em 600 os E-commerce existentes no pa\u00eds. Segundo o respons\u00e1vel por esta organiza\u00e7\u00e3o, <a href=\"https:\/\/mx.linkedin.com\/in\/pierre-claude-blaise-984ba35\" target=\"_blank\" rel=\"noopener\">Pierre-Claude Blaise<\/a>, isto representa 2% do com\u00e9rcio varejista mexicano. Embora o n\u00famero possa parecer pouco representativo, a partir da AMVO tem-se insistido no not\u00e1vel aumento das plataformas de venda on-line no M\u00e9xico durante 2017.<\/p>\n<p>A partir do Chile, a <a href=\"http:\/\/www.ccs.cl\/\" target=\"_blank\" rel=\"noopener\">C\u00e2mara de com\u00e9rcio de Santiago<\/a> indicou que em 2016 foram alcan\u00e7ado 4,5 milh\u00f5es de compradores em lojas virtuais. Na Col\u00f4mbia, a <a href=\"https:\/\/www.fenalco.com.co\/\" target=\"_blank\" rel=\"noopener\">Federa\u00e7\u00e3o Nacional de Comerciantes<\/a> (FENALCO) calcula que o com\u00e9rcio eletr\u00f4nico crescer\u00e1 em 174% at\u00e9 2021. Isto significa que se espera para, ent\u00e3o, um faturamento de mais de 2.800 milh\u00f5es de d\u00f3lares americanos.<\/p>\n<p>Na especializa\u00e7\u00e3o em <a href=\"https:\/\/www.funiber.org.br\/e-commerce\/\" target=\"_blank\" rel=\"noopener\">e-Commerce<\/a>, patrocinada pela <a href=\"http:\/\/www.funiber.org.br\" target=\"_blank\" rel=\"noopener\">FUNIBER<\/a>, os alunos adquirem as compet\u00eancias necess\u00e1rias para poder dar resposta aos desafios que s\u00e3o gerados na expans\u00e3o do com\u00e9rcio global pela Internet.<\/p>\n<p>Fonte: <a href=\"http:\/\/www.abc.es\/tecnologia\/redes\/abci-ecommerce-no-tiene-techo-crece-25-por-ciento-espana-201710061136_noticia.html\" target=\"_blank\" rel=\"noopener\">El \u00abecommerce\u00bb no tiene techo: crece un 25% en Espa\u00f1a<\/a><\/p>\n<p><a href=\"http:\/\/www.silicon.es\/navidad-ecommerce-2357292?inf_by=59dccec2681db857098b47d5\" target=\"_blank\" rel=\"noopener\">4 de cada 5 espa\u00f1oles de entre 25 y 40 a\u00f1os har\u00e1n todas sus compras de Navidad por eCommerce<\/a><\/p>\n<p><a href=\"http:\/\/directivosygerentes.es\/ecommerce\/articulos-ecommerce\/ecommerce-la-llave-la-expansion-las-pymes-espanolas\" target=\"_blank\" rel=\"noopener\">El eCommerce, la llave para la expansi\u00f3n de las pymes espa\u00f1olas<\/a><\/p>\n<p><a href=\"https:\/\/marketing4ecommerce.mx\/ecommerce-en-mexico-constituye-2-comercio-minorista\/\" target=\"_blank\" rel=\"noopener\">El eCommerce en M\u00e9xico constituye 2% de todo el comercio minorista<\/a><\/p>\n<p><a href=\"https:\/\/tecno.americaeconomia.com\/articulos\/las-cifras-y-tendencias-que-elevan-al-e-commerce-en-chile\" target=\"_blank\" rel=\"noopener\">Las cifras y tendencias que elevan al e-Commerce en Chile<\/a><\/p>\n<p><a href=\"https:\/\/www.bluradio.com\/lanube\/internet\/comercio-electronico-en-colombia-vendera-usd-2268-millones-en-cuatro-anos-154650\" target=\"_blank\" rel=\"noopener\">Comercio electr\u00f3nico en Colombia vender\u00e1 USD 2.268 millones en cuatro a\u00f1os<\/a><\/p>\n<p>Foto: Todos os direitos reservados<\/p>\n","protected":false},"excerpt":{"rendered":"<p>Recentemente foram apresentados v\u00e1rios estudos, na Espanha e na Am\u00e9rica Latina, que confirmaram a tend\u00eancia no aumento do volume de neg\u00f3cios em lojas virtuais Assim, os dados do primeiro trimestre de 2017, publicados pela Comiss\u00e3o Nacional dos Mercados e a Compet\u00eancia (CNMC) da Espanha revelam um aumento de 24,8% no faturamento das plataformas do E-commerce [&hellip;]<\/p>\n","protected":false},"author":10,"featured_media":14307,"comment_status":"closed","ping_status":"closed","sticky":false,"template":"","format":"standard","meta":{"jetpack_post_was_ever_published":false,"_jetpack_newsletter_access":"","_jetpack_newsletter_tier_id":0,"footnotes":"","jetpack_publicize_message":"","jetpack_is_tweetstorm":false,"jetpack_publicize_feature_enabled":true,"jetpack_social_post_already_shared":true,"jetpack_social_options":{"image_generator_settings":{"template":"highway","enabled":false}}},"categories":[8],"tags":[1242,855,222,285,408,172,119,911,671,79,641,255],"jetpack_publicize_connections":[],"yoast_head":"<!-- This site is optimized with the Yoast SEO plugin v21.7 - https:\/\/yoast.com\/wordpress\/plugins\/seo\/ -->\n<title>Consolidada a expans\u00e3o do E-commerce em termos mundiais<\/title>\n<meta name=\"description\" content=\"Recentemente foram apresentados v\u00e1rios estudos, na Espanha e na Am\u00e9rica Latina, que confirmaram a tend\u00eancia no aumento do volume de neg\u00f3cios em lojas virtuais.\" \/>\n<meta name=\"robots\" content=\"noindex, nofollow\" \/>\n<meta property=\"og:locale\" content=\"pt_BR\" \/>\n<meta property=\"og:type\" content=\"article\" \/>\n<meta property=\"og:title\" content=\"Consolidada a expans\u00e3o do E-commerce em termos mundiais\" \/>\n<meta property=\"og:description\" content=\"Recentemente foram apresentados v\u00e1rios estudos, na Espanha e na Am\u00e9rica Latina, que confirmaram a tend\u00eancia no aumento do volume de neg\u00f3cios em lojas virtuais.\" \/>\n<meta property=\"og:url\" content=\"https:\/\/blogs.funiber.org\/pt\/empresas-e-rh\/2017\/10\/17\/funiber-ecommerce\" \/>\n<meta property=\"og:site_name\" content=\"FuniBlogs - FUNIBER\" \/>\n<meta property=\"article:publisher\" content=\"https:\/\/www.facebook.com\/funiber\" \/>\n<meta property=\"article:published_time\" content=\"2017-10-17T13:00:56+00:00\" \/>\n<meta property=\"og:image\" content=\"https:\/\/blogs.funiber.org\/pt\/wp-content\/uploads\/2017\/10\/funiber-ecommerce.jpg\" \/>\n\t<meta property=\"og:image:width\" content=\"640\" \/>\n\t<meta property=\"og:image:height\" content=\"427\" \/>\n\t<meta property=\"og:image:type\" content=\"image\/jpeg\" \/>\n<meta name=\"author\" content=\"Michelle\" \/>\n<meta name=\"twitter:card\" content=\"summary_large_image\" \/>\n<meta name=\"twitter:creator\" content=\"@FUNIBER\" \/>\n<meta name=\"twitter:site\" content=\"@FUNIBER\" \/>\n<meta name=\"twitter:label1\" content=\"Escrito por\" \/>\n\t<meta name=\"twitter:data1\" content=\"Michelle\" \/>\n\t<meta name=\"twitter:label2\" content=\"Est. tempo de leitura\" \/>\n\t<meta name=\"twitter:data2\" content=\"3 minutos\" \/>\n<script type=\"application\/ld+json\" class=\"yoast-schema-graph\">{\"@context\":\"https:\/\/schema.org\",\"@graph\":[{\"@type\":\"Article\",\"@id\":\"https:\/\/blogs.funiber.org\/pt\/empresas-e-rh\/2017\/10\/17\/funiber-ecommerce#article\",\"isPartOf\":{\"@id\":\"https:\/\/blogs.funiber.org\/pt\/empresas-e-rh\/2017\/10\/17\/funiber-ecommerce\"},\"author\":{\"name\":\"Michelle\",\"@id\":\"https:\/\/blogs.funiber.org\/pt\/#\/schema\/person\/a1eaaa5e57eac866a8c5946946bcf80d\"},\"headline\":\"Consolidada a expans\u00e3o do E-commerce em termos mundiais\",\"datePublished\":\"2017-10-17T13:00:56+00:00\",\"dateModified\":\"2017-10-17T13:00:56+00:00\",\"mainEntityOfPage\":{\"@id\":\"https:\/\/blogs.funiber.org\/pt\/empresas-e-rh\/2017\/10\/17\/funiber-ecommerce\"},\"wordCount\":585,\"publisher\":{\"@id\":\"https:\/\/blogs.funiber.org\/pt\/#organization\"},\"keywords\":[\"Bolsas\",\"Doutorado\",\"E-commerce\",\"Educa\u00e7\u00e3o\",\"Educa\u00e7\u00e3o a Dist\u00e2ncia\",\"Empresas\",\"Estudos\",\"FUNIBER Opini\u00f5es\",\"mestrado\",\"Negocios\",\"Opini\u00e3o FUNIBER\",\"Opini\u00f5es Funiber\"],\"articleSection\":[\"Empresas, Dire\u00e7\u00e3o e RH\"],\"inLanguage\":\"pt-BR\"},{\"@type\":\"WebPage\",\"@id\":\"https:\/\/blogs.funiber.org\/pt\/empresas-e-rh\/2017\/10\/17\/funiber-ecommerce\",\"url\":\"https:\/\/blogs.funiber.org\/pt\/empresas-e-rh\/2017\/10\/17\/funiber-ecommerce\",\"name\":\"Consolidada a expans\u00e3o do E-commerce em termos mundiais\",\"isPartOf\":{\"@id\":\"https:\/\/blogs.funiber.org\/pt\/#website\"},\"datePublished\":\"2017-10-17T13:00:56+00:00\",\"dateModified\":\"2017-10-17T13:00:56+00:00\",\"description\":\"Recentemente foram apresentados v\u00e1rios estudos, na Espanha e na Am\u00e9rica Latina, que confirmaram a tend\u00eancia no aumento do volume de neg\u00f3cios em lojas virtuais.\",\"breadcrumb\":{\"@id\":\"https:\/\/blogs.funiber.org\/pt\/empresas-e-rh\/2017\/10\/17\/funiber-ecommerce#breadcrumb\"},\"inLanguage\":\"pt-BR\",\"potentialAction\":[{\"@type\":\"ReadAction\",\"target\":[\"https:\/\/blogs.funiber.org\/pt\/empresas-e-rh\/2017\/10\/17\/funiber-ecommerce\"]}]},{\"@type\":\"BreadcrumbList\",\"@id\":\"https:\/\/blogs.funiber.org\/pt\/empresas-e-rh\/2017\/10\/17\/funiber-ecommerce#breadcrumb\",\"itemListElement\":[{\"@type\":\"ListItem\",\"position\":1,\"name\":\"In\u00edcio\",\"item\":\"https:\/\/blogs.funiber.org\/pt\"},{\"@type\":\"ListItem\",\"position\":2,\"name\":\"Consolidada a expans\u00e3o do E-commerce em termos mundiais\"}]},{\"@type\":\"WebSite\",\"@id\":\"https:\/\/blogs.funiber.org\/pt\/#website\",\"url\":\"https:\/\/blogs.funiber.org\/pt\/\",\"name\":\"FuniBlogs - FUNIBER\",\"description\":\"\",\"publisher\":{\"@id\":\"https:\/\/blogs.funiber.org\/pt\/#organization\"},\"potentialAction\":[{\"@type\":\"SearchAction\",\"target\":{\"@type\":\"EntryPoint\",\"urlTemplate\":\"https:\/\/blogs.funiber.org\/pt\/?s={search_term_string}\"},\"query-input\":\"required name=search_term_string\"}],\"inLanguage\":\"pt-BR\"},{\"@type\":\"Organization\",\"@id\":\"https:\/\/blogs.funiber.org\/pt\/#organization\",\"name\":\"FuniBlogs - FUNIBER\",\"url\":\"https:\/\/blogs.funiber.org\/pt\/\",\"logo\":{\"@type\":\"ImageObject\",\"inLanguage\":\"pt-BR\",\"@id\":\"https:\/\/blogs.funiber.org\/pt\/#\/schema\/logo\/image\/\",\"url\":\"https:\/\/www.funiber.blog\/pt\/wp-content\/uploads\/2022\/02\/logo-funiber-pt-br-v-dos.svg\",\"contentUrl\":\"https:\/\/www.funiber.blog\/pt\/wp-content\/uploads\/2022\/02\/logo-funiber-pt-br-v-dos.svg\",\"width\":1,\"height\":1,\"caption\":\"FuniBlogs - FUNIBER\"},\"image\":{\"@id\":\"https:\/\/blogs.funiber.org\/pt\/#\/schema\/logo\/image\/\"},\"sameAs\":[\"https:\/\/www.facebook.com\/funiber\",\"https:\/\/twitter.com\/FUNIBER\",\"https:\/\/www.instagram.com\/funiber_becas\",\"https:\/\/www.youtube.com\/user\/funiber\",\"https:\/\/www.linkedin.com\/company\/funiber\"]},{\"@type\":\"Person\",\"@id\":\"https:\/\/blogs.funiber.org\/pt\/#\/schema\/person\/a1eaaa5e57eac866a8c5946946bcf80d\",\"name\":\"Michelle\",\"image\":{\"@type\":\"ImageObject\",\"inLanguage\":\"pt-BR\",\"@id\":\"https:\/\/blogs.funiber.org\/pt\/#\/schema\/person\/image\/\",\"url\":\"https:\/\/secure.gravatar.com\/avatar\/5e87041f7609dc50493cf216754fece1?s=96&d=mm&r=g\",\"contentUrl\":\"https:\/\/secure.gravatar.com\/avatar\/5e87041f7609dc50493cf216754fece1?s=96&d=mm&r=g\",\"caption\":\"Michelle\"},\"url\":\"https:\/\/www.funiber.blog\/pt\/author\/michelle-moreira\"}]}<\/script>\n<!-- \/ Yoast SEO plugin. -->","yoast_head_json":{"title":"Consolidada a expans\u00e3o do E-commerce em termos mundiais","description":"Recentemente foram apresentados v\u00e1rios estudos, na Espanha e na Am\u00e9rica Latina, que confirmaram a tend\u00eancia no aumento do volume de neg\u00f3cios em lojas virtuais.","robots":{"index":"noindex","follow":"nofollow"},"og_locale":"pt_BR","og_type":"article","og_title":"Consolidada a expans\u00e3o do E-commerce em termos mundiais","og_description":"Recentemente foram apresentados v\u00e1rios estudos, na Espanha e na Am\u00e9rica Latina, que confirmaram a tend\u00eancia no aumento do volume de neg\u00f3cios em lojas virtuais.","og_url":"https:\/\/blogs.funiber.org\/pt\/empresas-e-rh\/2017\/10\/17\/funiber-ecommerce","og_site_name":"FuniBlogs - FUNIBER","article_publisher":"https:\/\/www.facebook.com\/funiber","article_published_time":"2017-10-17T13:00:56+00:00","og_image":[{"width":640,"height":427,"url":"https:\/\/blogs.funiber.org\/pt\/wp-content\/uploads\/2017\/10\/funiber-ecommerce.jpg","type":"image\/jpeg"}],"author":"Michelle","twitter_card":"summary_large_image","twitter_creator":"@FUNIBER","twitter_site":"@FUNIBER","twitter_misc":{"Escrito por":"Michelle","Est. tempo de leitura":"3 minutos"},"schema":{"@context":"https:\/\/schema.org","@graph":[{"@type":"Article","@id":"https:\/\/blogs.funiber.org\/pt\/empresas-e-rh\/2017\/10\/17\/funiber-ecommerce#article","isPartOf":{"@id":"https:\/\/blogs.funiber.org\/pt\/empresas-e-rh\/2017\/10\/17\/funiber-ecommerce"},"author":{"name":"Michelle","@id":"https:\/\/blogs.funiber.org\/pt\/#\/schema\/person\/a1eaaa5e57eac866a8c5946946bcf80d"},"headline":"Consolidada a expans\u00e3o do E-commerce em termos mundiais","datePublished":"2017-10-17T13:00:56+00:00","dateModified":"2017-10-17T13:00:56+00:00","mainEntityOfPage":{"@id":"https:\/\/blogs.funiber.org\/pt\/empresas-e-rh\/2017\/10\/17\/funiber-ecommerce"},"wordCount":585,"publisher":{"@id":"https:\/\/blogs.funiber.org\/pt\/#organization"},"keywords":["Bolsas","Doutorado","E-commerce","Educa\u00e7\u00e3o","Educa\u00e7\u00e3o a Dist\u00e2ncia","Empresas","Estudos","FUNIBER Opini\u00f5es","mestrado","Negocios","Opini\u00e3o FUNIBER","Opini\u00f5es Funiber"],"articleSection":["Empresas, Dire\u00e7\u00e3o e RH"],"inLanguage":"pt-BR"},{"@type":"WebPage","@id":"https:\/\/blogs.funiber.org\/pt\/empresas-e-rh\/2017\/10\/17\/funiber-ecommerce","url":"https:\/\/blogs.funiber.org\/pt\/empresas-e-rh\/2017\/10\/17\/funiber-ecommerce","name":"Consolidada a expans\u00e3o do E-commerce em termos mundiais","isPartOf":{"@id":"https:\/\/blogs.funiber.org\/pt\/#website"},"datePublished":"2017-10-17T13:00:56+00:00","dateModified":"2017-10-17T13:00:56+00:00","description":"Recentemente foram apresentados v\u00e1rios estudos, na Espanha e na Am\u00e9rica Latina, que confirmaram a tend\u00eancia no aumento do volume de neg\u00f3cios em lojas virtuais.","breadcrumb":{"@id":"https:\/\/blogs.funiber.org\/pt\/empresas-e-rh\/2017\/10\/17\/funiber-ecommerce#breadcrumb"},"inLanguage":"pt-BR","potentialAction":[{"@type":"ReadAction","target":["https:\/\/blogs.funiber.org\/pt\/empresas-e-rh\/2017\/10\/17\/funiber-ecommerce"]}]},{"@type":"BreadcrumbList","@id":"https:\/\/blogs.funiber.org\/pt\/empresas-e-rh\/2017\/10\/17\/funiber-ecommerce#breadcrumb","itemListElement":[{"@type":"ListItem","position":1,"name":"In\u00edcio","item":"https:\/\/blogs.funiber.org\/pt"},{"@type":"ListItem","position":2,"name":"Consolidada a expans\u00e3o do E-commerce em termos mundiais"}]},{"@type":"WebSite","@id":"https:\/\/blogs.funiber.org\/pt\/#website","url":"https:\/\/blogs.funiber.org\/pt\/","name":"FuniBlogs - FUNIBER","description":"","publisher":{"@id":"https:\/\/blogs.funiber.org\/pt\/#organization"},"potentialAction":[{"@type":"SearchAction","target":{"@type":"EntryPoint","urlTemplate":"https:\/\/blogs.funiber.org\/pt\/?s={search_term_string}"},"query-input":"required name=search_term_string"}],"inLanguage":"pt-BR"},{"@type":"Organization","@id":"https:\/\/blogs.funiber.org\/pt\/#organization","name":"FuniBlogs - FUNIBER","url":"https:\/\/blogs.funiber.org\/pt\/","logo":{"@type":"ImageObject","inLanguage":"pt-BR","@id":"https:\/\/blogs.funiber.org\/pt\/#\/schema\/logo\/image\/","url":"https:\/\/www.funiber.blog\/pt\/wp-content\/uploads\/2022\/02\/logo-funiber-pt-br-v-dos.svg","contentUrl":"https:\/\/www.funiber.blog\/pt\/wp-content\/uploads\/2022\/02\/logo-funiber-pt-br-v-dos.svg","width":1,"height":1,"caption":"FuniBlogs - FUNIBER"},"image":{"@id":"https:\/\/blogs.funiber.org\/pt\/#\/schema\/logo\/image\/"},"sameAs":["https:\/\/www.facebook.com\/funiber","https:\/\/twitter.com\/FUNIBER","https:\/\/www.instagram.com\/funiber_becas","https:\/\/www.youtube.com\/user\/funiber","https:\/\/www.linkedin.com\/company\/funiber"]},{"@type":"Person","@id":"https:\/\/blogs.funiber.org\/pt\/#\/schema\/person\/a1eaaa5e57eac866a8c5946946bcf80d","name":"Michelle","image":{"@type":"ImageObject","inLanguage":"pt-BR","@id":"https:\/\/blogs.funiber.org\/pt\/#\/schema\/person\/image\/","url":"https:\/\/secure.gravatar.com\/avatar\/5e87041f7609dc50493cf216754fece1?s=96&d=mm&r=g","contentUrl":"https:\/\/secure.gravatar.com\/avatar\/5e87041f7609dc50493cf216754fece1?s=96&d=mm&r=g","caption":"Michelle"},"url":"https:\/\/www.funiber.blog\/pt\/author\/michelle-moreira"}]}},"jetpack_featured_media_url":"https:\/\/www.funiber.blog\/pt\/wp-content\/uploads\/2017\/10\/funiber-ecommerce.jpg","jetpack_shortlink":"https:\/\/wp.me\/p7ee1t-3IK","jetpack_sharing_enabled":true,"_links":{"self":[{"href":"https:\/\/www.funiber.blog\/pt\/wp-json\/wp\/v2\/posts\/14306"}],"collection":[{"href":"https:\/\/www.funiber.blog\/pt\/wp-json\/wp\/v2\/posts"}],"about":[{"href":"https:\/\/www.funiber.blog\/pt\/wp-json\/wp\/v2\/types\/post"}],"author":[{"embeddable":true,"href":"https:\/\/www.funiber.blog\/pt\/wp-json\/wp\/v2\/users\/10"}],"replies":[{"embeddable":true,"href":"https:\/\/www.funiber.blog\/pt\/wp-json\/wp\/v2\/comments?post=14306"}],"version-history":[{"count":1,"href":"https:\/\/www.funiber.blog\/pt\/wp-json\/wp\/v2\/posts\/14306\/revisions"}],"predecessor-version":[{"id":14308,"href":"https:\/\/www.funiber.blog\/pt\/wp-json\/wp\/v2\/posts\/14306\/revisions\/14308"}],"wp:featuredmedia":[{"embeddable":true,"href":"https:\/\/www.funiber.blog\/pt\/wp-json\/wp\/v2\/media\/14307"}],"wp:attachment":[{"href":"https:\/\/www.funiber.blog\/pt\/wp-json\/wp\/v2\/media?parent=14306"}],"wp:term":[{"taxonomy":"category","embeddable":true,"href":"https:\/\/www.funiber.blog\/pt\/wp-json\/wp\/v2\/categories?post=14306"},{"taxonomy":"post_tag","embeddable":true,"href":"https:\/\/www.funiber.blog\/pt\/wp-json\/wp\/v2\/tags?post=14306"}],"curies":[{"name":"wp","href":"https:\/\/api.w.org\/{rel}","templated":true}]}}