{"id":14309,"date":"2017-10-18T13:01:15","date_gmt":"2017-10-18T13:01:15","guid":{"rendered":"https:\/\/blogs.funiber.org\/pt\/?p=14309"},"modified":"2017-10-17T13:15:03","modified_gmt":"2017-10-17T13:15:03","slug":"funiber-projetos-culturais","status":"publish","type":"post","link":"https:\/\/www.funiber.blog\/pt\/arquitetura-e-desenho\/2017\/10\/18\/funiber-projetos-culturais","title":{"rendered":"Projetos culturais contribuem para a revitaliza\u00e7\u00e3o da economia"},"content":{"rendered":"<h2><a href=\"https:\/\/uy.linkedin.com\/in\/mar%C3%ACa-magdalena-pe%C3%B1a-rodr%C3%ACguez-378a9b68\" target=\"_blank\" rel=\"noopener\">Mar\u00eda Magdalena Pe\u00f1a<\/a>, tutora da \u00e1rea de Projetos da rede universit\u00e1ria em que a FUNIBER colabora, descreveu as \u00e1reas nas quais os projetos culturais abrangem um retorno social<\/h2>\n<p>Segundo Pe\u00f1a, a execu\u00e7\u00e3o de um projeto social gera uma volta transversal que incide positivamente em grande n\u00famero de \u00e1reas da sociedade. Assim, a docente destacou o impacto que pode ter na economia.<!--more--><\/p>\n<p>Deste modo, \u201c\u00e0s vezes, o funcionamento deste tipo de propostas gera uma reativa\u00e7\u00e3o econ\u00f4mica da \u00e1rea em que s\u00e3o implementadas, por aumento do n\u00famero de visitantes ou pela gera\u00e7\u00e3o direta de postos de trabalho\u201d, explicou Penha. Do mesmo modo, os projetos culturais contribuem para potencializar e manter o sentimento de identifica\u00e7\u00e3o e pertencimentos dos indiv\u00edduos para uma coletividade espec\u00edfica. Al\u00e9m disso, estas iniciativas fomentam a inclus\u00e3o social e a participa\u00e7\u00e3o cidad\u00e3.<\/p>\n<p>Por outro lado, Pe\u00f1a destacou que o n\u00edvel de impacto dos projetos culturais em algumas \u00e1reas ou outras depende das pr\u00f3prias caracter\u00edsticas do projeto. Em consequ\u00eancia, estas devem ser observadas na hora de estabelecer um sistema de avalia\u00e7\u00e3o do retorno social da proposta. Portanto, embora possam existir diretrizes gerais de medi\u00e7\u00e3o, estas devem adaptar-se \u00e0 casu\u00edstica do projeto analisado, manifestou a especialista.<\/p>\n<p>Neste sentido, Pe\u00f1a afirmou que \u201csejam quais forem os indicadores e \u00edndices selecionados para a avalia\u00e7\u00e3o do retorno social de um projeto cultural, os mesmos devem ser os suficientes para permitir a an\u00e1lise da realidade, mas n\u00e3o mais dos estritamente necess\u00e1rios para evitar uma dispers\u00e3o inconveniente da informa\u00e7\u00e3o\u201d.<\/p>\n<p>Os programas da \u00e1rea de <a href=\"http:\/\/www.funiber.org.br\/mestrados-projetos-prevencao\" target=\"_blank\" rel=\"noopener\">Projetos<\/a> que a <a href=\"http:\/\/www.funiber.org.br\" target=\"_blank\" rel=\"noopener\">FUNIBER<\/a> patrocina proporcionam aos alunos as ferramentas necess\u00e1rias para que sejam capazes de analisar o impacto de um projeto cultural em seu ambiente.<\/p>\n<p>Fonte: Despu\u00e9s de la Cultura. Evaluaci\u00f3n del retorno social de proyectos culturales<\/p>\n<p>Foto: Todos os direitos reservados<\/p>\n","protected":false},"excerpt":{"rendered":"<p>Mar\u00eda Magdalena Pe\u00f1a, tutora da \u00e1rea de Projetos da rede universit\u00e1ria em que a FUNIBER colabora, descreveu as \u00e1reas nas quais os projetos culturais abrangem um retorno social Segundo Pe\u00f1a, a execu\u00e7\u00e3o de um projeto social gera uma volta transversal que incide positivamente em grande n\u00famero de \u00e1reas da sociedade. Assim, a docente destacou o [&hellip;]<\/p>\n","protected":false},"author":10,"featured_media":14310,"comment_status":"closed","ping_status":"closed","sticky":false,"template":"","format":"standard","meta":{"jetpack_post_was_ever_published":false,"_jetpack_newsletter_access":"","_jetpack_newsletter_tier_id":0,"footnotes":"","jetpack_publicize_message":"","jetpack_is_tweetstorm":false,"jetpack_publicize_feature_enabled":true,"jetpack_social_post_already_shared":true,"jetpack_social_options":{"image_generator_settings":{"template":"highway","enabled":false}}},"categories":[7],"tags":[1242,114,285,408,119,911,1604,671,79,641,255,112,3050,3051],"jetpack_publicize_connections":[],"yoast_head":"<!-- This site is optimized with the Yoast SEO plugin v21.7 - https:\/\/yoast.com\/wordpress\/plugins\/seo\/ -->\n<title>Projetos culturais contribuem para a revitaliza\u00e7\u00e3o da economia<\/title>\n<meta name=\"description\" content=\"Mar\u00eda Magdalena Pe\u00f1a, tutora da \u00e1rea de Projetos da rede universit\u00e1ria em que a FUNIBER colabora, descreveu as \u00e1reas nas quais os projetos culturais abrangem um retorno social\" \/>\n<meta name=\"robots\" content=\"index, follow, max-snippet:-1, max-image-preview:large, max-video-preview:-1\" \/>\n<link rel=\"canonical\" href=\"https:\/\/blogs.funiber.org\/pt\/arquitetura-e-desenho\/2017\/10\/18\/funiber-projetos-culturais\" \/>\n<meta property=\"og:locale\" content=\"pt_BR\" \/>\n<meta property=\"og:type\" content=\"article\" \/>\n<meta property=\"og:title\" content=\"Projetos culturais contribuem para a revitaliza\u00e7\u00e3o da economia\" \/>\n<meta property=\"og:description\" content=\"Mar\u00eda Magdalena Pe\u00f1a, tutora da \u00e1rea de Projetos da rede universit\u00e1ria em que a FUNIBER colabora, descreveu as \u00e1reas nas quais os projetos culturais abrangem um retorno social\" \/>\n<meta property=\"og:url\" content=\"https:\/\/blogs.funiber.org\/pt\/arquitetura-e-desenho\/2017\/10\/18\/funiber-projetos-culturais\" \/>\n<meta property=\"og:site_name\" content=\"FuniBlogs - FUNIBER\" \/>\n<meta property=\"article:publisher\" content=\"https:\/\/www.facebook.com\/funiber\" \/>\n<meta property=\"article:published_time\" content=\"2017-10-18T13:01:15+00:00\" \/>\n<meta property=\"article:modified_time\" content=\"2017-10-17T13:15:03+00:00\" \/>\n<meta property=\"og:image\" content=\"https:\/\/blogs.funiber.org\/pt\/wp-content\/uploads\/2017\/10\/funiber-projetos-culturais.jpg\" \/>\n\t<meta property=\"og:image:width\" content=\"640\" \/>\n\t<meta property=\"og:image:height\" content=\"427\" \/>\n\t<meta property=\"og:image:type\" content=\"image\/jpeg\" \/>\n<meta name=\"author\" content=\"Michelle\" \/>\n<meta name=\"twitter:card\" content=\"summary_large_image\" \/>\n<meta name=\"twitter:creator\" content=\"@FUNIBER\" \/>\n<meta name=\"twitter:site\" content=\"@FUNIBER\" \/>\n<meta name=\"twitter:label1\" content=\"Escrito por\" \/>\n\t<meta name=\"twitter:data1\" content=\"Michelle\" \/>\n\t<meta name=\"twitter:label2\" content=\"Est. tempo de leitura\" \/>\n\t<meta name=\"twitter:data2\" content=\"2 minutos\" \/>\n<script type=\"application\/ld+json\" class=\"yoast-schema-graph\">{\"@context\":\"https:\/\/schema.org\",\"@graph\":[{\"@type\":\"Article\",\"@id\":\"https:\/\/blogs.funiber.org\/pt\/arquitetura-e-desenho\/2017\/10\/18\/funiber-projetos-culturais#article\",\"isPartOf\":{\"@id\":\"https:\/\/blogs.funiber.org\/pt\/arquitetura-e-desenho\/2017\/10\/18\/funiber-projetos-culturais\"},\"author\":{\"name\":\"Michelle\",\"@id\":\"https:\/\/blogs.funiber.org\/pt\/#\/schema\/person\/a1eaaa5e57eac866a8c5946946bcf80d\"},\"headline\":\"Projetos culturais contribuem para a revitaliza\u00e7\u00e3o da economia\",\"datePublished\":\"2017-10-18T13:01:15+00:00\",\"dateModified\":\"2017-10-17T13:15:03+00:00\",\"mainEntityOfPage\":{\"@id\":\"https:\/\/blogs.funiber.org\/pt\/arquitetura-e-desenho\/2017\/10\/18\/funiber-projetos-culturais\"},\"wordCount\":333,\"publisher\":{\"@id\":\"https:\/\/blogs.funiber.org\/pt\/#organization\"},\"keywords\":[\"Bolsas\",\"Economia\",\"Educa\u00e7\u00e3o\",\"Educa\u00e7\u00e3o a Dist\u00e2ncia\",\"Estudos\",\"FUNIBER Opini\u00f5es\",\"Impacto\",\"mestrado\",\"Negocios\",\"Opini\u00e3o FUNIBER\",\"Opini\u00f5es Funiber\",\"Projetos\",\"Projetos Culturais\",\"revalita\u00e7\u00e3o econ\u00f4mica\"],\"articleSection\":[\"Projetos\"],\"inLanguage\":\"pt-BR\"},{\"@type\":\"WebPage\",\"@id\":\"https:\/\/blogs.funiber.org\/pt\/arquitetura-e-desenho\/2017\/10\/18\/funiber-projetos-culturais\",\"url\":\"https:\/\/blogs.funiber.org\/pt\/arquitetura-e-desenho\/2017\/10\/18\/funiber-projetos-culturais\",\"name\":\"Projetos culturais contribuem para a revitaliza\u00e7\u00e3o da economia\",\"isPartOf\":{\"@id\":\"https:\/\/blogs.funiber.org\/pt\/#website\"},\"datePublished\":\"2017-10-18T13:01:15+00:00\",\"dateModified\":\"2017-10-17T13:15:03+00:00\",\"description\":\"Mar\u00eda Magdalena Pe\u00f1a, tutora da \u00e1rea de Projetos da rede universit\u00e1ria em que a FUNIBER colabora, descreveu as \u00e1reas nas quais os projetos culturais abrangem um retorno social\",\"breadcrumb\":{\"@id\":\"https:\/\/blogs.funiber.org\/pt\/arquitetura-e-desenho\/2017\/10\/18\/funiber-projetos-culturais#breadcrumb\"},\"inLanguage\":\"pt-BR\",\"potentialAction\":[{\"@type\":\"ReadAction\",\"target\":[\"https:\/\/blogs.funiber.org\/pt\/arquitetura-e-desenho\/2017\/10\/18\/funiber-projetos-culturais\"]}]},{\"@type\":\"BreadcrumbList\",\"@id\":\"https:\/\/blogs.funiber.org\/pt\/arquitetura-e-desenho\/2017\/10\/18\/funiber-projetos-culturais#breadcrumb\",\"itemListElement\":[{\"@type\":\"ListItem\",\"position\":1,\"name\":\"In\u00edcio\",\"item\":\"https:\/\/blogs.funiber.org\/pt\"},{\"@type\":\"ListItem\",\"position\":2,\"name\":\"Projetos culturais contribuem para a revitaliza\u00e7\u00e3o da economia\"}]},{\"@type\":\"WebSite\",\"@id\":\"https:\/\/blogs.funiber.org\/pt\/#website\",\"url\":\"https:\/\/blogs.funiber.org\/pt\/\",\"name\":\"FuniBlogs - FUNIBER\",\"description\":\"\",\"publisher\":{\"@id\":\"https:\/\/blogs.funiber.org\/pt\/#organization\"},\"potentialAction\":[{\"@type\":\"SearchAction\",\"target\":{\"@type\":\"EntryPoint\",\"urlTemplate\":\"https:\/\/blogs.funiber.org\/pt\/?s={search_term_string}\"},\"query-input\":\"required name=search_term_string\"}],\"inLanguage\":\"pt-BR\"},{\"@type\":\"Organization\",\"@id\":\"https:\/\/blogs.funiber.org\/pt\/#organization\",\"name\":\"FuniBlogs - FUNIBER\",\"url\":\"https:\/\/blogs.funiber.org\/pt\/\",\"logo\":{\"@type\":\"ImageObject\",\"inLanguage\":\"pt-BR\",\"@id\":\"https:\/\/blogs.funiber.org\/pt\/#\/schema\/logo\/image\/\",\"url\":\"https:\/\/www.funiber.blog\/pt\/wp-content\/uploads\/2022\/02\/logo-funiber-pt-br-v-dos.svg\",\"contentUrl\":\"https:\/\/www.funiber.blog\/pt\/wp-content\/uploads\/2022\/02\/logo-funiber-pt-br-v-dos.svg\",\"width\":1,\"height\":1,\"caption\":\"FuniBlogs - FUNIBER\"},\"image\":{\"@id\":\"https:\/\/blogs.funiber.org\/pt\/#\/schema\/logo\/image\/\"},\"sameAs\":[\"https:\/\/www.facebook.com\/funiber\",\"https:\/\/twitter.com\/FUNIBER\",\"https:\/\/www.instagram.com\/funiber_becas\",\"https:\/\/www.youtube.com\/user\/funiber\",\"https:\/\/www.linkedin.com\/company\/funiber\"]},{\"@type\":\"Person\",\"@id\":\"https:\/\/blogs.funiber.org\/pt\/#\/schema\/person\/a1eaaa5e57eac866a8c5946946bcf80d\",\"name\":\"Michelle\",\"image\":{\"@type\":\"ImageObject\",\"inLanguage\":\"pt-BR\",\"@id\":\"https:\/\/blogs.funiber.org\/pt\/#\/schema\/person\/image\/\",\"url\":\"https:\/\/secure.gravatar.com\/avatar\/5e87041f7609dc50493cf216754fece1?s=96&d=mm&r=g\",\"contentUrl\":\"https:\/\/secure.gravatar.com\/avatar\/5e87041f7609dc50493cf216754fece1?s=96&d=mm&r=g\",\"caption\":\"Michelle\"},\"url\":\"https:\/\/www.funiber.blog\/pt\/author\/michelle-moreira\"}]}<\/script>\n<!-- \/ Yoast SEO plugin. -->","yoast_head_json":{"title":"Projetos culturais contribuem para a revitaliza\u00e7\u00e3o da economia","description":"Mar\u00eda Magdalena Pe\u00f1a, tutora da \u00e1rea de Projetos da rede universit\u00e1ria em que a FUNIBER colabora, descreveu as \u00e1reas nas quais os projetos culturais abrangem um retorno social","robots":{"index":"index","follow":"follow","max-snippet":"max-snippet:-1","max-image-preview":"max-image-preview:large","max-video-preview":"max-video-preview:-1"},"canonical":"https:\/\/blogs.funiber.org\/pt\/arquitetura-e-desenho\/2017\/10\/18\/funiber-projetos-culturais","og_locale":"pt_BR","og_type":"article","og_title":"Projetos culturais contribuem para a revitaliza\u00e7\u00e3o da economia","og_description":"Mar\u00eda Magdalena Pe\u00f1a, tutora da \u00e1rea de Projetos da rede universit\u00e1ria em que a FUNIBER colabora, descreveu as \u00e1reas nas quais os projetos culturais abrangem um retorno social","og_url":"https:\/\/blogs.funiber.org\/pt\/arquitetura-e-desenho\/2017\/10\/18\/funiber-projetos-culturais","og_site_name":"FuniBlogs - FUNIBER","article_publisher":"https:\/\/www.facebook.com\/funiber","article_published_time":"2017-10-18T13:01:15+00:00","article_modified_time":"2017-10-17T13:15:03+00:00","og_image":[{"width":640,"height":427,"url":"https:\/\/blogs.funiber.org\/pt\/wp-content\/uploads\/2017\/10\/funiber-projetos-culturais.jpg","type":"image\/jpeg"}],"author":"Michelle","twitter_card":"summary_large_image","twitter_creator":"@FUNIBER","twitter_site":"@FUNIBER","twitter_misc":{"Escrito por":"Michelle","Est. tempo de leitura":"2 minutos"},"schema":{"@context":"https:\/\/schema.org","@graph":[{"@type":"Article","@id":"https:\/\/blogs.funiber.org\/pt\/arquitetura-e-desenho\/2017\/10\/18\/funiber-projetos-culturais#article","isPartOf":{"@id":"https:\/\/blogs.funiber.org\/pt\/arquitetura-e-desenho\/2017\/10\/18\/funiber-projetos-culturais"},"author":{"name":"Michelle","@id":"https:\/\/blogs.funiber.org\/pt\/#\/schema\/person\/a1eaaa5e57eac866a8c5946946bcf80d"},"headline":"Projetos culturais contribuem para a revitaliza\u00e7\u00e3o da economia","datePublished":"2017-10-18T13:01:15+00:00","dateModified":"2017-10-17T13:15:03+00:00","mainEntityOfPage":{"@id":"https:\/\/blogs.funiber.org\/pt\/arquitetura-e-desenho\/2017\/10\/18\/funiber-projetos-culturais"},"wordCount":333,"publisher":{"@id":"https:\/\/blogs.funiber.org\/pt\/#organization"},"keywords":["Bolsas","Economia","Educa\u00e7\u00e3o","Educa\u00e7\u00e3o a Dist\u00e2ncia","Estudos","FUNIBER Opini\u00f5es","Impacto","mestrado","Negocios","Opini\u00e3o FUNIBER","Opini\u00f5es Funiber","Projetos","Projetos Culturais","revalita\u00e7\u00e3o econ\u00f4mica"],"articleSection":["Projetos"],"inLanguage":"pt-BR"},{"@type":"WebPage","@id":"https:\/\/blogs.funiber.org\/pt\/arquitetura-e-desenho\/2017\/10\/18\/funiber-projetos-culturais","url":"https:\/\/blogs.funiber.org\/pt\/arquitetura-e-desenho\/2017\/10\/18\/funiber-projetos-culturais","name":"Projetos culturais contribuem para a revitaliza\u00e7\u00e3o da economia","isPartOf":{"@id":"https:\/\/blogs.funiber.org\/pt\/#website"},"datePublished":"2017-10-18T13:01:15+00:00","dateModified":"2017-10-17T13:15:03+00:00","description":"Mar\u00eda Magdalena Pe\u00f1a, tutora da \u00e1rea de Projetos da rede universit\u00e1ria em que a FUNIBER colabora, descreveu as \u00e1reas nas quais os projetos culturais abrangem um retorno social","breadcrumb":{"@id":"https:\/\/blogs.funiber.org\/pt\/arquitetura-e-desenho\/2017\/10\/18\/funiber-projetos-culturais#breadcrumb"},"inLanguage":"pt-BR","potentialAction":[{"@type":"ReadAction","target":["https:\/\/blogs.funiber.org\/pt\/arquitetura-e-desenho\/2017\/10\/18\/funiber-projetos-culturais"]}]},{"@type":"BreadcrumbList","@id":"https:\/\/blogs.funiber.org\/pt\/arquitetura-e-desenho\/2017\/10\/18\/funiber-projetos-culturais#breadcrumb","itemListElement":[{"@type":"ListItem","position":1,"name":"In\u00edcio","item":"https:\/\/blogs.funiber.org\/pt"},{"@type":"ListItem","position":2,"name":"Projetos culturais contribuem para a revitaliza\u00e7\u00e3o da economia"}]},{"@type":"WebSite","@id":"https:\/\/blogs.funiber.org\/pt\/#website","url":"https:\/\/blogs.funiber.org\/pt\/","name":"FuniBlogs - FUNIBER","description":"","publisher":{"@id":"https:\/\/blogs.funiber.org\/pt\/#organization"},"potentialAction":[{"@type":"SearchAction","target":{"@type":"EntryPoint","urlTemplate":"https:\/\/blogs.funiber.org\/pt\/?s={search_term_string}"},"query-input":"required name=search_term_string"}],"inLanguage":"pt-BR"},{"@type":"Organization","@id":"https:\/\/blogs.funiber.org\/pt\/#organization","name":"FuniBlogs - FUNIBER","url":"https:\/\/blogs.funiber.org\/pt\/","logo":{"@type":"ImageObject","inLanguage":"pt-BR","@id":"https:\/\/blogs.funiber.org\/pt\/#\/schema\/logo\/image\/","url":"https:\/\/www.funiber.blog\/pt\/wp-content\/uploads\/2022\/02\/logo-funiber-pt-br-v-dos.svg","contentUrl":"https:\/\/www.funiber.blog\/pt\/wp-content\/uploads\/2022\/02\/logo-funiber-pt-br-v-dos.svg","width":1,"height":1,"caption":"FuniBlogs - FUNIBER"},"image":{"@id":"https:\/\/blogs.funiber.org\/pt\/#\/schema\/logo\/image\/"},"sameAs":["https:\/\/www.facebook.com\/funiber","https:\/\/twitter.com\/FUNIBER","https:\/\/www.instagram.com\/funiber_becas","https:\/\/www.youtube.com\/user\/funiber","https:\/\/www.linkedin.com\/company\/funiber"]},{"@type":"Person","@id":"https:\/\/blogs.funiber.org\/pt\/#\/schema\/person\/a1eaaa5e57eac866a8c5946946bcf80d","name":"Michelle","image":{"@type":"ImageObject","inLanguage":"pt-BR","@id":"https:\/\/blogs.funiber.org\/pt\/#\/schema\/person\/image\/","url":"https:\/\/secure.gravatar.com\/avatar\/5e87041f7609dc50493cf216754fece1?s=96&d=mm&r=g","contentUrl":"https:\/\/secure.gravatar.com\/avatar\/5e87041f7609dc50493cf216754fece1?s=96&d=mm&r=g","caption":"Michelle"},"url":"https:\/\/www.funiber.blog\/pt\/author\/michelle-moreira"}]}},"jetpack_featured_media_url":"https:\/\/www.funiber.blog\/pt\/wp-content\/uploads\/2017\/10\/funiber-projetos-culturais.jpg","jetpack_shortlink":"https:\/\/wp.me\/p7ee1t-3IN","jetpack_sharing_enabled":true,"_links":{"self":[{"href":"https:\/\/www.funiber.blog\/pt\/wp-json\/wp\/v2\/posts\/14309"}],"collection":[{"href":"https:\/\/www.funiber.blog\/pt\/wp-json\/wp\/v2\/posts"}],"about":[{"href":"https:\/\/www.funiber.blog\/pt\/wp-json\/wp\/v2\/types\/post"}],"author":[{"embeddable":true,"href":"https:\/\/www.funiber.blog\/pt\/wp-json\/wp\/v2\/users\/10"}],"replies":[{"embeddable":true,"href":"https:\/\/www.funiber.blog\/pt\/wp-json\/wp\/v2\/comments?post=14309"}],"version-history":[{"count":1,"href":"https:\/\/www.funiber.blog\/pt\/wp-json\/wp\/v2\/posts\/14309\/revisions"}],"predecessor-version":[{"id":14311,"href":"https:\/\/www.funiber.blog\/pt\/wp-json\/wp\/v2\/posts\/14309\/revisions\/14311"}],"wp:featuredmedia":[{"embeddable":true,"href":"https:\/\/www.funiber.blog\/pt\/wp-json\/wp\/v2\/media\/14310"}],"wp:attachment":[{"href":"https:\/\/www.funiber.blog\/pt\/wp-json\/wp\/v2\/media?parent=14309"}],"wp:term":[{"taxonomy":"category","embeddable":true,"href":"https:\/\/www.funiber.blog\/pt\/wp-json\/wp\/v2\/categories?post=14309"},{"taxonomy":"post_tag","embeddable":true,"href":"https:\/\/www.funiber.blog\/pt\/wp-json\/wp\/v2\/tags?post=14309"}],"curies":[{"name":"wp","href":"https:\/\/api.w.org\/{rel}","templated":true}]}}