{"id":14353,"date":"2017-10-21T10:45:40","date_gmt":"2017-10-21T10:45:40","guid":{"rendered":"https:\/\/blogs.funiber.org\/pt\/?p=14353"},"modified":"2017-10-23T10:55:32","modified_gmt":"2017-10-23T10:55:32","slug":"funiber-recuperacao-baleias","status":"publish","type":"post","link":"https:\/\/www.funiber.blog\/pt\/meio-ambiente\/2017\/10\/21\/funiber-recuperacao-baleias","title":{"rendered":"A dif\u00edcil recupera\u00e7\u00e3o das baleias no hemisf\u00e9rio sul"},"content":{"rendered":"<h2>Estudo indica amea\u00e7a s\u00e9ria de extin\u00e7\u00e3o de tr\u00eas baleias do hemisf\u00e9rio sul devido \u00e0 intensidade da ca\u00e7a e ao ritmo de crescimento lento<\/h2>\n<p>A baleia azul, a baleia franca austral e a rorqual-comum diminuem devido ao ritmo de crescimento lento e \u00e0 intensidade da ca\u00e7a. J\u00e1 as baleias jubarte conseguiram se recuperar nos \u00faltimos anos, e hoje se encontram em 33% do n\u00famero alcan\u00e7ado antes do per\u00edodo da ca\u00e7a industrial.<!--more--><\/p>\n<p>Das 83 esp\u00e9cies de baleias registradas, dez de grande tamanho habitam nas \u00e1guas do hemisf\u00e9rio sul. Entre estas dez, sete migram \u00e0 Ant\u00e1rtida no ver\u00e3o para procriar em \u00e1guas quentes tropicais e subtropicais, entre o inverno e a primavera. As baleias percorrem quase 10 mil quil\u00f4metros.<\/p>\n<p>Um relat\u00f3rio preparado pelo Greenpeace destaca que os danos \u00e0s baleias s\u00e3o mais s\u00e9rios do que se pensava at\u00e9 agora. Por isso, alertaram sobre o perigo de extin\u00e7\u00e3o que correm os mam\u00edferos no hemisf\u00e9rio sul.<\/p>\n<p>De acordo com um estudo publicado recentemente pela Universidade de Queensland, junto com a organiza\u00e7\u00e3o cient\u00edfica <a href=\"https:\/\/www.csiro.au\/en\/News\/News-releases\/2017\/Post-whaling-recovery-of-southern-hemisphere\">Commonwealth Scientific and Industrial Research Organisation (CSIRO)<\/a>, as tr\u00eas esp\u00e9cies que habitam esta regi\u00e3o n\u00e3o conseguiriam se recuperar suficiente at\u00e9 o ano 2100. Para chegar a estas conclus\u00f5es, os pesquisadores analisaram dados sobre a ca\u00e7a, o acesso aos alimentos e os efeitos da mudan\u00e7a clim\u00e1tica.<\/p>\n<p>\u201cNossa previs\u00e3o \u00e9 que a baleia azul, a baleia franca austral e o rorqual-comum chegar\u00e3o a menos da metade do n\u00famero pr\u00e9vio a explora\u00e7\u00e3o para o ano 2100\u201d, adverte Viv Tulloch, coautora do estudo.<\/p>\n<p>Os estudos sobre proje\u00e7\u00f5es s\u00e3o importantes para os profissionais interessados na Gest\u00e3o Ambiental (conhe\u00e7a o <a href=\"http:\/\/www.funiber.org.br\/mestrado-em-ciencia-e-tecnologia-marinha\" target=\"_blank\" rel=\"noopener\">Mestrado em Ci\u00eancia e Tecnologia Marinha<\/a>, patrocinado pela <a href=\"http:\/\/www.funiber.org.br\" target=\"_blank\" rel=\"noopener\">FUNIBER<\/a>), que podem pesquisar sobre estrat\u00e9gias para a recupera\u00e7\u00e3o das esp\u00e9cies marinhas.<\/p>\n<p>Fonte: <a href=\"http:\/\/www.latercera.com\/noticia\/greenpeace-dano-las-ballenas-del-hemisferio-sur-mas-serio-lo-se-penso\/\" target=\"_blank\" rel=\"noopener\">Greenpeace: El da\u00f1o a las ballenas del hemisferio sur \u201ces m\u00e1s serio de lo que se pens\u00f3\u201d<\/a><\/p>\n<p>Foto: Todos os direitos reservados<\/p>\n","protected":false},"excerpt":{"rendered":"<p>Estudo indica amea\u00e7a s\u00e9ria de extin\u00e7\u00e3o de tr\u00eas baleias do hemisf\u00e9rio sul devido \u00e0 intensidade da ca\u00e7a e ao ritmo de crescimento lento A baleia azul, a baleia franca austral e a rorqual-comum diminuem devido ao ritmo de crescimento lento e \u00e0 intensidade da ca\u00e7a. J\u00e1 as baleias jubarte conseguiram se recuperar nos \u00faltimos anos, [&hellip;]<\/p>\n","protected":false},"author":10,"featured_media":14354,"comment_status":"closed","ping_status":"closed","sticky":false,"template":"","format":"standard","meta":{"jetpack_post_was_ever_published":false,"_jetpack_newsletter_access":"","_jetpack_newsletter_tier_id":0,"footnotes":"","jetpack_publicize_message":"","jetpack_is_tweetstorm":false,"jetpack_publicize_feature_enabled":true,"jetpack_social_post_already_shared":true,"jetpack_social_options":{"image_generator_settings":{"template":"highway","enabled":false}}},"categories":[2],"tags":[105,904,1242,3069,3068,855,285,408,1150,835,671,641,255,195],"jetpack_publicize_connections":[],"yoast_head":"<!-- This site is optimized with the Yoast SEO plugin v21.7 - https:\/\/yoast.com\/wordpress\/plugins\/seo\/ -->\n<title>A dif\u00edcil recupera\u00e7\u00e3o das baleias no hemisf\u00e9rio sul<\/title>\n<meta name=\"description\" content=\"Estudo indica amea\u00e7a s\u00e9ria de extin\u00e7\u00e3o de tr\u00eas baleias do hemisf\u00e9rio sul devido \u00e0 intensidade da ca\u00e7a e ao ritmo de crescimento lento\" \/>\n<meta name=\"robots\" content=\"index, follow, max-snippet:-1, max-image-preview:large, max-video-preview:-1\" \/>\n<link rel=\"canonical\" href=\"https:\/\/blogs.funiber.org\/pt\/meio-ambiente\/2017\/10\/21\/funiber-recuperacao-baleias\" \/>\n<meta property=\"og:locale\" content=\"pt_BR\" \/>\n<meta property=\"og:type\" content=\"article\" \/>\n<meta property=\"og:title\" content=\"A dif\u00edcil recupera\u00e7\u00e3o das baleias no hemisf\u00e9rio sul\" \/>\n<meta property=\"og:description\" content=\"Estudo indica amea\u00e7a s\u00e9ria de extin\u00e7\u00e3o de tr\u00eas baleias do hemisf\u00e9rio sul devido \u00e0 intensidade da ca\u00e7a e ao ritmo de crescimento lento\" \/>\n<meta property=\"og:url\" content=\"https:\/\/blogs.funiber.org\/pt\/meio-ambiente\/2017\/10\/21\/funiber-recuperacao-baleias\" \/>\n<meta property=\"og:site_name\" content=\"FuniBlogs - FUNIBER\" \/>\n<meta property=\"article:publisher\" content=\"https:\/\/www.facebook.com\/funiber\" \/>\n<meta property=\"article:published_time\" content=\"2017-10-21T10:45:40+00:00\" \/>\n<meta property=\"article:modified_time\" content=\"2017-10-23T10:55:32+00:00\" \/>\n<meta property=\"og:image\" content=\"https:\/\/blogs.funiber.org\/pt\/wp-content\/uploads\/2017\/10\/funiber-baleia.jpg\" \/>\n\t<meta property=\"og:image:width\" content=\"700\" \/>\n\t<meta property=\"og:image:height\" content=\"525\" \/>\n\t<meta property=\"og:image:type\" content=\"image\/jpeg\" \/>\n<meta name=\"author\" content=\"Michelle\" \/>\n<meta name=\"twitter:card\" content=\"summary_large_image\" \/>\n<meta name=\"twitter:creator\" content=\"@FUNIBER\" \/>\n<meta name=\"twitter:site\" content=\"@FUNIBER\" \/>\n<meta name=\"twitter:label1\" content=\"Escrito por\" \/>\n\t<meta name=\"twitter:data1\" content=\"Michelle\" \/>\n\t<meta name=\"twitter:label2\" content=\"Est. tempo de leitura\" \/>\n\t<meta name=\"twitter:data2\" content=\"2 minutos\" \/>\n<script type=\"application\/ld+json\" class=\"yoast-schema-graph\">{\"@context\":\"https:\/\/schema.org\",\"@graph\":[{\"@type\":\"Article\",\"@id\":\"https:\/\/blogs.funiber.org\/pt\/meio-ambiente\/2017\/10\/21\/funiber-recuperacao-baleias#article\",\"isPartOf\":{\"@id\":\"https:\/\/blogs.funiber.org\/pt\/meio-ambiente\/2017\/10\/21\/funiber-recuperacao-baleias\"},\"author\":{\"name\":\"Michelle\",\"@id\":\"https:\/\/blogs.funiber.org\/pt\/#\/schema\/person\/a1eaaa5e57eac866a8c5946946bcf80d\"},\"headline\":\"A dif\u00edcil recupera\u00e7\u00e3o das baleias no hemisf\u00e9rio sul\",\"datePublished\":\"2017-10-21T10:45:40+00:00\",\"dateModified\":\"2017-10-23T10:55:32+00:00\",\"mainEntityOfPage\":{\"@id\":\"https:\/\/blogs.funiber.org\/pt\/meio-ambiente\/2017\/10\/21\/funiber-recuperacao-baleias\"},\"wordCount\":353,\"publisher\":{\"@id\":\"https:\/\/blogs.funiber.org\/pt\/#organization\"},\"keywords\":[\"Aquecimento Global\",\"Baleias\",\"Bolsas\",\"Ca\u00e7a\",\"Conserva\u00e7\u00e3o das Esp\u00e9cies\",\"Doutorado\",\"Educa\u00e7\u00e3o\",\"Educa\u00e7\u00e3o a Dist\u00e2ncia\",\"Extin\u00e7\u00e3o\",\"Meio Ambiente\",\"mestrado\",\"Opini\u00e3o FUNIBER\",\"Opini\u00f5es Funiber\",\"Recupera\u00e7\u00e3o\"],\"articleSection\":[\"Meio Ambiente\"],\"inLanguage\":\"pt-BR\"},{\"@type\":\"WebPage\",\"@id\":\"https:\/\/blogs.funiber.org\/pt\/meio-ambiente\/2017\/10\/21\/funiber-recuperacao-baleias\",\"url\":\"https:\/\/blogs.funiber.org\/pt\/meio-ambiente\/2017\/10\/21\/funiber-recuperacao-baleias\",\"name\":\"A dif\u00edcil recupera\u00e7\u00e3o das baleias no hemisf\u00e9rio sul\",\"isPartOf\":{\"@id\":\"https:\/\/blogs.funiber.org\/pt\/#website\"},\"datePublished\":\"2017-10-21T10:45:40+00:00\",\"dateModified\":\"2017-10-23T10:55:32+00:00\",\"description\":\"Estudo indica amea\u00e7a s\u00e9ria de extin\u00e7\u00e3o de tr\u00eas baleias do hemisf\u00e9rio sul devido \u00e0 intensidade da ca\u00e7a e ao ritmo de crescimento lento\",\"breadcrumb\":{\"@id\":\"https:\/\/blogs.funiber.org\/pt\/meio-ambiente\/2017\/10\/21\/funiber-recuperacao-baleias#breadcrumb\"},\"inLanguage\":\"pt-BR\",\"potentialAction\":[{\"@type\":\"ReadAction\",\"target\":[\"https:\/\/blogs.funiber.org\/pt\/meio-ambiente\/2017\/10\/21\/funiber-recuperacao-baleias\"]}]},{\"@type\":\"BreadcrumbList\",\"@id\":\"https:\/\/blogs.funiber.org\/pt\/meio-ambiente\/2017\/10\/21\/funiber-recuperacao-baleias#breadcrumb\",\"itemListElement\":[{\"@type\":\"ListItem\",\"position\":1,\"name\":\"In\u00edcio\",\"item\":\"https:\/\/blogs.funiber.org\/pt\"},{\"@type\":\"ListItem\",\"position\":2,\"name\":\"A dif\u00edcil recupera\u00e7\u00e3o das baleias no hemisf\u00e9rio sul\"}]},{\"@type\":\"WebSite\",\"@id\":\"https:\/\/blogs.funiber.org\/pt\/#website\",\"url\":\"https:\/\/blogs.funiber.org\/pt\/\",\"name\":\"FuniBlogs - FUNIBER\",\"description\":\"\",\"publisher\":{\"@id\":\"https:\/\/blogs.funiber.org\/pt\/#organization\"},\"potentialAction\":[{\"@type\":\"SearchAction\",\"target\":{\"@type\":\"EntryPoint\",\"urlTemplate\":\"https:\/\/blogs.funiber.org\/pt\/?s={search_term_string}\"},\"query-input\":\"required name=search_term_string\"}],\"inLanguage\":\"pt-BR\"},{\"@type\":\"Organization\",\"@id\":\"https:\/\/blogs.funiber.org\/pt\/#organization\",\"name\":\"FuniBlogs - FUNIBER\",\"url\":\"https:\/\/blogs.funiber.org\/pt\/\",\"logo\":{\"@type\":\"ImageObject\",\"inLanguage\":\"pt-BR\",\"@id\":\"https:\/\/blogs.funiber.org\/pt\/#\/schema\/logo\/image\/\",\"url\":\"https:\/\/www.funiber.blog\/pt\/wp-content\/uploads\/2022\/02\/logo-funiber-pt-br-v-dos.svg\",\"contentUrl\":\"https:\/\/www.funiber.blog\/pt\/wp-content\/uploads\/2022\/02\/logo-funiber-pt-br-v-dos.svg\",\"width\":1,\"height\":1,\"caption\":\"FuniBlogs - FUNIBER\"},\"image\":{\"@id\":\"https:\/\/blogs.funiber.org\/pt\/#\/schema\/logo\/image\/\"},\"sameAs\":[\"https:\/\/www.facebook.com\/funiber\",\"https:\/\/twitter.com\/FUNIBER\",\"https:\/\/www.instagram.com\/funiber_becas\",\"https:\/\/www.youtube.com\/user\/funiber\",\"https:\/\/www.linkedin.com\/company\/funiber\"]},{\"@type\":\"Person\",\"@id\":\"https:\/\/blogs.funiber.org\/pt\/#\/schema\/person\/a1eaaa5e57eac866a8c5946946bcf80d\",\"name\":\"Michelle\",\"image\":{\"@type\":\"ImageObject\",\"inLanguage\":\"pt-BR\",\"@id\":\"https:\/\/blogs.funiber.org\/pt\/#\/schema\/person\/image\/\",\"url\":\"https:\/\/secure.gravatar.com\/avatar\/5e87041f7609dc50493cf216754fece1?s=96&d=mm&r=g\",\"contentUrl\":\"https:\/\/secure.gravatar.com\/avatar\/5e87041f7609dc50493cf216754fece1?s=96&d=mm&r=g\",\"caption\":\"Michelle\"},\"url\":\"https:\/\/www.funiber.blog\/pt\/author\/michelle-moreira\"}]}<\/script>\n<!-- \/ Yoast SEO plugin. -->","yoast_head_json":{"title":"A dif\u00edcil recupera\u00e7\u00e3o das baleias no hemisf\u00e9rio sul","description":"Estudo indica amea\u00e7a s\u00e9ria de extin\u00e7\u00e3o de tr\u00eas baleias do hemisf\u00e9rio sul devido \u00e0 intensidade da ca\u00e7a e ao ritmo de crescimento lento","robots":{"index":"index","follow":"follow","max-snippet":"max-snippet:-1","max-image-preview":"max-image-preview:large","max-video-preview":"max-video-preview:-1"},"canonical":"https:\/\/blogs.funiber.org\/pt\/meio-ambiente\/2017\/10\/21\/funiber-recuperacao-baleias","og_locale":"pt_BR","og_type":"article","og_title":"A dif\u00edcil recupera\u00e7\u00e3o das baleias no hemisf\u00e9rio sul","og_description":"Estudo indica amea\u00e7a s\u00e9ria de extin\u00e7\u00e3o de tr\u00eas baleias do hemisf\u00e9rio sul devido \u00e0 intensidade da ca\u00e7a e ao ritmo de crescimento lento","og_url":"https:\/\/blogs.funiber.org\/pt\/meio-ambiente\/2017\/10\/21\/funiber-recuperacao-baleias","og_site_name":"FuniBlogs - FUNIBER","article_publisher":"https:\/\/www.facebook.com\/funiber","article_published_time":"2017-10-21T10:45:40+00:00","article_modified_time":"2017-10-23T10:55:32+00:00","og_image":[{"width":700,"height":525,"url":"https:\/\/blogs.funiber.org\/pt\/wp-content\/uploads\/2017\/10\/funiber-baleia.jpg","type":"image\/jpeg"}],"author":"Michelle","twitter_card":"summary_large_image","twitter_creator":"@FUNIBER","twitter_site":"@FUNIBER","twitter_misc":{"Escrito por":"Michelle","Est. tempo de leitura":"2 minutos"},"schema":{"@context":"https:\/\/schema.org","@graph":[{"@type":"Article","@id":"https:\/\/blogs.funiber.org\/pt\/meio-ambiente\/2017\/10\/21\/funiber-recuperacao-baleias#article","isPartOf":{"@id":"https:\/\/blogs.funiber.org\/pt\/meio-ambiente\/2017\/10\/21\/funiber-recuperacao-baleias"},"author":{"name":"Michelle","@id":"https:\/\/blogs.funiber.org\/pt\/#\/schema\/person\/a1eaaa5e57eac866a8c5946946bcf80d"},"headline":"A dif\u00edcil recupera\u00e7\u00e3o das baleias no hemisf\u00e9rio sul","datePublished":"2017-10-21T10:45:40+00:00","dateModified":"2017-10-23T10:55:32+00:00","mainEntityOfPage":{"@id":"https:\/\/blogs.funiber.org\/pt\/meio-ambiente\/2017\/10\/21\/funiber-recuperacao-baleias"},"wordCount":353,"publisher":{"@id":"https:\/\/blogs.funiber.org\/pt\/#organization"},"keywords":["Aquecimento Global","Baleias","Bolsas","Ca\u00e7a","Conserva\u00e7\u00e3o das Esp\u00e9cies","Doutorado","Educa\u00e7\u00e3o","Educa\u00e7\u00e3o a Dist\u00e2ncia","Extin\u00e7\u00e3o","Meio Ambiente","mestrado","Opini\u00e3o FUNIBER","Opini\u00f5es Funiber","Recupera\u00e7\u00e3o"],"articleSection":["Meio Ambiente"],"inLanguage":"pt-BR"},{"@type":"WebPage","@id":"https:\/\/blogs.funiber.org\/pt\/meio-ambiente\/2017\/10\/21\/funiber-recuperacao-baleias","url":"https:\/\/blogs.funiber.org\/pt\/meio-ambiente\/2017\/10\/21\/funiber-recuperacao-baleias","name":"A dif\u00edcil recupera\u00e7\u00e3o das baleias no hemisf\u00e9rio sul","isPartOf":{"@id":"https:\/\/blogs.funiber.org\/pt\/#website"},"datePublished":"2017-10-21T10:45:40+00:00","dateModified":"2017-10-23T10:55:32+00:00","description":"Estudo indica amea\u00e7a s\u00e9ria de extin\u00e7\u00e3o de tr\u00eas baleias do hemisf\u00e9rio sul devido \u00e0 intensidade da ca\u00e7a e ao ritmo de crescimento lento","breadcrumb":{"@id":"https:\/\/blogs.funiber.org\/pt\/meio-ambiente\/2017\/10\/21\/funiber-recuperacao-baleias#breadcrumb"},"inLanguage":"pt-BR","potentialAction":[{"@type":"ReadAction","target":["https:\/\/blogs.funiber.org\/pt\/meio-ambiente\/2017\/10\/21\/funiber-recuperacao-baleias"]}]},{"@type":"BreadcrumbList","@id":"https:\/\/blogs.funiber.org\/pt\/meio-ambiente\/2017\/10\/21\/funiber-recuperacao-baleias#breadcrumb","itemListElement":[{"@type":"ListItem","position":1,"name":"In\u00edcio","item":"https:\/\/blogs.funiber.org\/pt"},{"@type":"ListItem","position":2,"name":"A dif\u00edcil recupera\u00e7\u00e3o das baleias no hemisf\u00e9rio sul"}]},{"@type":"WebSite","@id":"https:\/\/blogs.funiber.org\/pt\/#website","url":"https:\/\/blogs.funiber.org\/pt\/","name":"FuniBlogs - FUNIBER","description":"","publisher":{"@id":"https:\/\/blogs.funiber.org\/pt\/#organization"},"potentialAction":[{"@type":"SearchAction","target":{"@type":"EntryPoint","urlTemplate":"https:\/\/blogs.funiber.org\/pt\/?s={search_term_string}"},"query-input":"required name=search_term_string"}],"inLanguage":"pt-BR"},{"@type":"Organization","@id":"https:\/\/blogs.funiber.org\/pt\/#organization","name":"FuniBlogs - FUNIBER","url":"https:\/\/blogs.funiber.org\/pt\/","logo":{"@type":"ImageObject","inLanguage":"pt-BR","@id":"https:\/\/blogs.funiber.org\/pt\/#\/schema\/logo\/image\/","url":"https:\/\/www.funiber.blog\/pt\/wp-content\/uploads\/2022\/02\/logo-funiber-pt-br-v-dos.svg","contentUrl":"https:\/\/www.funiber.blog\/pt\/wp-content\/uploads\/2022\/02\/logo-funiber-pt-br-v-dos.svg","width":1,"height":1,"caption":"FuniBlogs - FUNIBER"},"image":{"@id":"https:\/\/blogs.funiber.org\/pt\/#\/schema\/logo\/image\/"},"sameAs":["https:\/\/www.facebook.com\/funiber","https:\/\/twitter.com\/FUNIBER","https:\/\/www.instagram.com\/funiber_becas","https:\/\/www.youtube.com\/user\/funiber","https:\/\/www.linkedin.com\/company\/funiber"]},{"@type":"Person","@id":"https:\/\/blogs.funiber.org\/pt\/#\/schema\/person\/a1eaaa5e57eac866a8c5946946bcf80d","name":"Michelle","image":{"@type":"ImageObject","inLanguage":"pt-BR","@id":"https:\/\/blogs.funiber.org\/pt\/#\/schema\/person\/image\/","url":"https:\/\/secure.gravatar.com\/avatar\/5e87041f7609dc50493cf216754fece1?s=96&d=mm&r=g","contentUrl":"https:\/\/secure.gravatar.com\/avatar\/5e87041f7609dc50493cf216754fece1?s=96&d=mm&r=g","caption":"Michelle"},"url":"https:\/\/www.funiber.blog\/pt\/author\/michelle-moreira"}]}},"jetpack_featured_media_url":"https:\/\/www.funiber.blog\/pt\/wp-content\/uploads\/2017\/10\/funiber-baleia.jpg","jetpack_shortlink":"https:\/\/wp.me\/p7ee1t-3Jv","jetpack_sharing_enabled":true,"_links":{"self":[{"href":"https:\/\/www.funiber.blog\/pt\/wp-json\/wp\/v2\/posts\/14353"}],"collection":[{"href":"https:\/\/www.funiber.blog\/pt\/wp-json\/wp\/v2\/posts"}],"about":[{"href":"https:\/\/www.funiber.blog\/pt\/wp-json\/wp\/v2\/types\/post"}],"author":[{"embeddable":true,"href":"https:\/\/www.funiber.blog\/pt\/wp-json\/wp\/v2\/users\/10"}],"replies":[{"embeddable":true,"href":"https:\/\/www.funiber.blog\/pt\/wp-json\/wp\/v2\/comments?post=14353"}],"version-history":[{"count":1,"href":"https:\/\/www.funiber.blog\/pt\/wp-json\/wp\/v2\/posts\/14353\/revisions"}],"predecessor-version":[{"id":14355,"href":"https:\/\/www.funiber.blog\/pt\/wp-json\/wp\/v2\/posts\/14353\/revisions\/14355"}],"wp:featuredmedia":[{"embeddable":true,"href":"https:\/\/www.funiber.blog\/pt\/wp-json\/wp\/v2\/media\/14354"}],"wp:attachment":[{"href":"https:\/\/www.funiber.blog\/pt\/wp-json\/wp\/v2\/media?parent=14353"}],"wp:term":[{"taxonomy":"category","embeddable":true,"href":"https:\/\/www.funiber.blog\/pt\/wp-json\/wp\/v2\/categories?post=14353"},{"taxonomy":"post_tag","embeddable":true,"href":"https:\/\/www.funiber.blog\/pt\/wp-json\/wp\/v2\/tags?post=14353"}],"curies":[{"name":"wp","href":"https:\/\/api.w.org\/{rel}","templated":true}]}}