{"id":14468,"date":"2017-11-07T12:16:33","date_gmt":"2017-11-07T12:16:33","guid":{"rendered":"https:\/\/blogs.funiber.org\/pt\/?p=14468"},"modified":"2017-11-07T12:16:33","modified_gmt":"2017-11-07T12:16:33","slug":"funiber-formacao-digital-idosos","status":"publish","type":"post","link":"https:\/\/www.funiber.blog\/pt\/gerontologia\/2017\/11\/07\/funiber-formacao-digital-idosos","title":{"rendered":"UNESCO premia cidade colombiana pelo seu programa de forma\u00e7\u00e3o digital para idosos"},"content":{"rendered":"<h2>A cidade de Arm\u00eania (Col\u00f4mbia) foi premiada com o Pr\u00eamio UNESCO-Conf\u00facio de Alfabetiza\u00e7\u00e3o por aproximar os idosos ao universo digital mediante programa\u00a0<a href=\"https:\/\/en.unesco.org\/news\/reducing-digital-gap-senior-citizens-colombia\" target=\"_blank\" rel=\"noopener\">AdulTICoProgram<\/a><\/h2>\n<p>A aquisi\u00e7\u00e3o de compet\u00eancias digitais \u00e9 fundamental para poder desfrutar dos avan\u00e7os tecnol\u00f3gicos que ocorreram nas \u00faltimas d\u00e9cadas. Como consequ\u00eancia disso, o <a href=\"http:\/\/www.mintic.gov.co\/portal\/604\/w3-propertyvalue-5817.html\" target=\"_blank\" rel=\"noopener\">Minist\u00e9rio de Tecnologias da Informa\u00e7\u00e3o e Comunica\u00e7\u00e3o<\/a> da cidade de Arm\u00eania (Col\u00f4mbia) lan\u00e7ou a iniciativa AdulTICoProgram em 2014.<!--more--><\/p>\n<p>Assim, <a href=\"https:\/\/co.linkedin.com\/in\/bernardo-arango-restrepo-47a98127\" target=\"_blank\" rel=\"noopener\">Bernardo Arango<\/a>, secret\u00e1rio desta institui\u00e7\u00e3o p\u00fablica, disse que &#8220;a alfabetiza\u00e7\u00e3o digital \u00e9 um processo fundamental para melhorar a qualidade de vida de qualquer pessoa. Sem isso, h\u00e1 muitas oportunidades que n\u00e3o podem ser acessadas &#8220;.<\/p>\n<p>AdulTICoProgram \u00e9 direcionado \u00e0s pessoas idosas. O objetivo \u00e9 capacit\u00e1-las nas redes sociais, alfabetiza\u00e7\u00e3o, uso de dispositivos m\u00f3veis e administra\u00e7\u00e3o b\u00e1sica da Internet. Igualmente, os alunos aprendem sobre as oportunidades oferecidas pela Internet. Da mesma forma, refor\u00e7a-se sua autonomia e capacidade de iniciativa na hora de navegar nela.<\/p>\n<p>Bernardo ressaltou que \u201co programa para adultos nos ensina que cada dia, pouco importa nossa idade, devemos oferecer a oportunidade de aprender\u201d. A este respeito, o respons\u00e1vel municipal acrescentou que \u201ca tecnologia oferece infinitas possibilidades de comunica\u00e7\u00e3o e de acesso \u00e0 informa\u00e7\u00e3o; e os idosos da cidade colombiana de Arm\u00eania, no Quind\u00edo, tiraram bom proveito disso para se libertar dos obst\u00e1culos relacionados \u00e0 idade e, sobretudo, aos preconceitos que consideram que os adultos n\u00e3o s\u00e3o capazes de adquirir novas compet\u00eancias\u201d.<\/p>\n<p>De fato, depois de v\u00e1rios anos em andamento, o programa tornou-se um sucesso. Em 2016, foram beneficiados, pelo mesmo, mais de 2.200 alunos de idades entre 54 e 80 anos. Agora, chegou para eles o reconhecimento da UNESCO.<\/p>\n<p>No <a href=\"https:\/\/www.funiber.org\/mestrado-em-gerontologia\/\" target=\"_blank\" rel=\"noopener\">Mestrado em Gerontologia<\/a> patrocinado pela <a href=\"https:\/\/www.funiber.org.br\" target=\"_blank\" rel=\"noopener\">FUNIBER<\/a>, o foco est\u00e1 na aten\u00e7\u00e3o das necessidades socioculturais dos idosos. Por isso, os alunos adquirem as compet\u00eancias adequadas para responder \u00e0s demandas que as pessoas deste grupo de idade apresentam e requerem.<\/p>\n<p>Fonte:\u00a0<a href=\"http:\/\/es.unesco.org\/news\/reducir-brecha-cuestiones-digitales-personas-mayores-colombia\" target=\"_blank\" rel=\"noopener\">Reducir la brecha en cuestiones digitales para las personas mayores en Colombia<\/a><\/p>\n<p>Foto: Todos os direitos reservados<\/p>\n","protected":false},"excerpt":{"rendered":"<p>A cidade de Arm\u00eania (Col\u00f4mbia) foi premiada com o Pr\u00eamio UNESCO-Conf\u00facio de Alfabetiza\u00e7\u00e3o por aproximar os idosos ao universo digital mediante programa\u00a0AdulTICoProgram A aquisi\u00e7\u00e3o de compet\u00eancias digitais \u00e9 fundamental para poder desfrutar dos avan\u00e7os tecnol\u00f3gicos que ocorreram nas \u00faltimas d\u00e9cadas. Como consequ\u00eancia disso, o Minist\u00e9rio de Tecnologias da Informa\u00e7\u00e3o e Comunica\u00e7\u00e3o da cidade de Arm\u00eania [&hellip;]<\/p>\n","protected":false},"author":10,"featured_media":14469,"comment_status":"closed","ping_status":"closed","sticky":false,"template":"","format":"standard","meta":{"jetpack_post_was_ever_published":false,"_jetpack_newsletter_access":"","_jetpack_newsletter_tier_id":0,"footnotes":"","jetpack_publicize_message":"","jetpack_is_tweetstorm":false,"jetpack_publicize_feature_enabled":true,"jetpack_social_post_already_shared":true,"jetpack_social_options":{"image_generator_settings":{"template":"highway","enabled":false}}},"categories":[1],"tags":[1615,1242,855,408,100,119,3131,267,671,641,255,800,217,1172],"jetpack_publicize_connections":[],"yoast_head":"<!-- This site is optimized with the Yoast SEO plugin v21.7 - https:\/\/yoast.com\/wordpress\/plugins\/seo\/ -->\n<title>UNESCO premia cidade colombiana pelo seu programa de forma\u00e7\u00e3o digital para idosos<\/title>\n<meta name=\"description\" content=\"A cidade de Arm\u00eania (Col\u00f4mbia) foi premiada com o Pr\u00eamio UNESCO-Conf\u00facio de Alfabetiza\u00e7\u00e3o por aproximar os idosos ao universo digital mediante programa\u00a0AdulTICoProgram\" \/>\n<meta name=\"robots\" content=\"index, follow, max-snippet:-1, max-image-preview:large, max-video-preview:-1\" \/>\n<link rel=\"canonical\" href=\"https:\/\/blogs.funiber.org\/pt\/gerontologia\/2017\/11\/07\/funiber-formacao-digital-idosos\" \/>\n<meta property=\"og:locale\" content=\"pt_BR\" \/>\n<meta property=\"og:type\" content=\"article\" \/>\n<meta property=\"og:title\" content=\"UNESCO premia cidade colombiana pelo seu programa de forma\u00e7\u00e3o digital para idosos\" \/>\n<meta property=\"og:description\" content=\"A cidade de Arm\u00eania (Col\u00f4mbia) foi premiada com o Pr\u00eamio UNESCO-Conf\u00facio de Alfabetiza\u00e7\u00e3o por aproximar os idosos ao universo digital mediante programa\u00a0AdulTICoProgram\" \/>\n<meta property=\"og:url\" content=\"https:\/\/blogs.funiber.org\/pt\/gerontologia\/2017\/11\/07\/funiber-formacao-digital-idosos\" \/>\n<meta property=\"og:site_name\" content=\"FuniBlogs - FUNIBER\" \/>\n<meta property=\"article:publisher\" content=\"https:\/\/www.facebook.com\/funiber\" \/>\n<meta property=\"article:published_time\" content=\"2017-11-07T12:16:33+00:00\" \/>\n<meta property=\"og:image\" content=\"https:\/\/blogs.funiber.org\/pt\/wp-content\/uploads\/2017\/11\/FUNIBER-digital-idosos.jpg\" \/>\n\t<meta property=\"og:image:width\" content=\"640\" \/>\n\t<meta property=\"og:image:height\" content=\"427\" \/>\n\t<meta property=\"og:image:type\" content=\"image\/jpeg\" \/>\n<meta name=\"author\" content=\"Michelle\" \/>\n<meta name=\"twitter:card\" content=\"summary_large_image\" \/>\n<meta name=\"twitter:creator\" content=\"@FUNIBER\" \/>\n<meta name=\"twitter:site\" content=\"@FUNIBER\" \/>\n<meta name=\"twitter:label1\" content=\"Escrito por\" \/>\n\t<meta name=\"twitter:data1\" content=\"Michelle\" \/>\n\t<meta name=\"twitter:label2\" content=\"Est. tempo de leitura\" \/>\n\t<meta name=\"twitter:data2\" content=\"2 minutos\" \/>\n<script type=\"application\/ld+json\" class=\"yoast-schema-graph\">{\"@context\":\"https:\/\/schema.org\",\"@graph\":[{\"@type\":\"Article\",\"@id\":\"https:\/\/blogs.funiber.org\/pt\/gerontologia\/2017\/11\/07\/funiber-formacao-digital-idosos#article\",\"isPartOf\":{\"@id\":\"https:\/\/blogs.funiber.org\/pt\/gerontologia\/2017\/11\/07\/funiber-formacao-digital-idosos\"},\"author\":{\"name\":\"Michelle\",\"@id\":\"https:\/\/blogs.funiber.org\/pt\/#\/schema\/person\/a1eaaa5e57eac866a8c5946946bcf80d\"},\"headline\":\"UNESCO premia cidade colombiana pelo seu programa de forma\u00e7\u00e3o digital para idosos\",\"datePublished\":\"2017-11-07T12:16:33+00:00\",\"dateModified\":\"2017-11-07T12:16:33+00:00\",\"mainEntityOfPage\":{\"@id\":\"https:\/\/blogs.funiber.org\/pt\/gerontologia\/2017\/11\/07\/funiber-formacao-digital-idosos\"},\"wordCount\":363,\"publisher\":{\"@id\":\"https:\/\/blogs.funiber.org\/pt\/#organization\"},\"keywords\":[\"Alfabetiza\u00e7\u00e3o digital\",\"Bolsas\",\"Doutorado\",\"Educa\u00e7\u00e3o a Dist\u00e2ncia\",\"Envelhecimento\",\"Estudos\",\"forma\u00e7\u00e3o digital\",\"Idosos\",\"mestrado\",\"Opini\u00e3o FUNIBER\",\"Opini\u00f5es Funiber\",\"Pr\u00eamio\",\"Terceira idade\",\"UNESCO\"],\"articleSection\":[\"Gerontologia\"],\"inLanguage\":\"pt-BR\"},{\"@type\":\"WebPage\",\"@id\":\"https:\/\/blogs.funiber.org\/pt\/gerontologia\/2017\/11\/07\/funiber-formacao-digital-idosos\",\"url\":\"https:\/\/blogs.funiber.org\/pt\/gerontologia\/2017\/11\/07\/funiber-formacao-digital-idosos\",\"name\":\"UNESCO premia cidade colombiana pelo seu programa de forma\u00e7\u00e3o digital para idosos\",\"isPartOf\":{\"@id\":\"https:\/\/blogs.funiber.org\/pt\/#website\"},\"datePublished\":\"2017-11-07T12:16:33+00:00\",\"dateModified\":\"2017-11-07T12:16:33+00:00\",\"description\":\"A cidade de Arm\u00eania (Col\u00f4mbia) foi premiada com o Pr\u00eamio UNESCO-Conf\u00facio de Alfabetiza\u00e7\u00e3o por aproximar os idosos ao universo digital mediante programa\u00a0AdulTICoProgram\",\"breadcrumb\":{\"@id\":\"https:\/\/blogs.funiber.org\/pt\/gerontologia\/2017\/11\/07\/funiber-formacao-digital-idosos#breadcrumb\"},\"inLanguage\":\"pt-BR\",\"potentialAction\":[{\"@type\":\"ReadAction\",\"target\":[\"https:\/\/blogs.funiber.org\/pt\/gerontologia\/2017\/11\/07\/funiber-formacao-digital-idosos\"]}]},{\"@type\":\"BreadcrumbList\",\"@id\":\"https:\/\/blogs.funiber.org\/pt\/gerontologia\/2017\/11\/07\/funiber-formacao-digital-idosos#breadcrumb\",\"itemListElement\":[{\"@type\":\"ListItem\",\"position\":1,\"name\":\"In\u00edcio\",\"item\":\"https:\/\/blogs.funiber.org\/pt\"},{\"@type\":\"ListItem\",\"position\":2,\"name\":\"UNESCO premia cidade colombiana pelo seu programa de forma\u00e7\u00e3o digital para idosos\"}]},{\"@type\":\"WebSite\",\"@id\":\"https:\/\/blogs.funiber.org\/pt\/#website\",\"url\":\"https:\/\/blogs.funiber.org\/pt\/\",\"name\":\"FuniBlogs - FUNIBER\",\"description\":\"\",\"publisher\":{\"@id\":\"https:\/\/blogs.funiber.org\/pt\/#organization\"},\"potentialAction\":[{\"@type\":\"SearchAction\",\"target\":{\"@type\":\"EntryPoint\",\"urlTemplate\":\"https:\/\/blogs.funiber.org\/pt\/?s={search_term_string}\"},\"query-input\":\"required name=search_term_string\"}],\"inLanguage\":\"pt-BR\"},{\"@type\":\"Organization\",\"@id\":\"https:\/\/blogs.funiber.org\/pt\/#organization\",\"name\":\"FuniBlogs - FUNIBER\",\"url\":\"https:\/\/blogs.funiber.org\/pt\/\",\"logo\":{\"@type\":\"ImageObject\",\"inLanguage\":\"pt-BR\",\"@id\":\"https:\/\/blogs.funiber.org\/pt\/#\/schema\/logo\/image\/\",\"url\":\"https:\/\/www.funiber.blog\/pt\/wp-content\/uploads\/2022\/02\/logo-funiber-pt-br-v-dos.svg\",\"contentUrl\":\"https:\/\/www.funiber.blog\/pt\/wp-content\/uploads\/2022\/02\/logo-funiber-pt-br-v-dos.svg\",\"width\":1,\"height\":1,\"caption\":\"FuniBlogs - FUNIBER\"},\"image\":{\"@id\":\"https:\/\/blogs.funiber.org\/pt\/#\/schema\/logo\/image\/\"},\"sameAs\":[\"https:\/\/www.facebook.com\/funiber\",\"https:\/\/twitter.com\/FUNIBER\",\"https:\/\/www.instagram.com\/funiber_becas\",\"https:\/\/www.youtube.com\/user\/funiber\",\"https:\/\/www.linkedin.com\/company\/funiber\"]},{\"@type\":\"Person\",\"@id\":\"https:\/\/blogs.funiber.org\/pt\/#\/schema\/person\/a1eaaa5e57eac866a8c5946946bcf80d\",\"name\":\"Michelle\",\"image\":{\"@type\":\"ImageObject\",\"inLanguage\":\"pt-BR\",\"@id\":\"https:\/\/blogs.funiber.org\/pt\/#\/schema\/person\/image\/\",\"url\":\"https:\/\/secure.gravatar.com\/avatar\/5e87041f7609dc50493cf216754fece1?s=96&d=mm&r=g\",\"contentUrl\":\"https:\/\/secure.gravatar.com\/avatar\/5e87041f7609dc50493cf216754fece1?s=96&d=mm&r=g\",\"caption\":\"Michelle\"},\"url\":\"https:\/\/www.funiber.blog\/pt\/author\/michelle-moreira\"}]}<\/script>\n<!-- \/ Yoast SEO plugin. -->","yoast_head_json":{"title":"UNESCO premia cidade colombiana pelo seu programa de forma\u00e7\u00e3o digital para idosos","description":"A cidade de Arm\u00eania (Col\u00f4mbia) foi premiada com o Pr\u00eamio UNESCO-Conf\u00facio de Alfabetiza\u00e7\u00e3o por aproximar os idosos ao universo digital mediante programa\u00a0AdulTICoProgram","robots":{"index":"index","follow":"follow","max-snippet":"max-snippet:-1","max-image-preview":"max-image-preview:large","max-video-preview":"max-video-preview:-1"},"canonical":"https:\/\/blogs.funiber.org\/pt\/gerontologia\/2017\/11\/07\/funiber-formacao-digital-idosos","og_locale":"pt_BR","og_type":"article","og_title":"UNESCO premia cidade colombiana pelo seu programa de forma\u00e7\u00e3o digital para idosos","og_description":"A cidade de Arm\u00eania (Col\u00f4mbia) foi premiada com o Pr\u00eamio UNESCO-Conf\u00facio de Alfabetiza\u00e7\u00e3o por aproximar os idosos ao universo digital mediante programa\u00a0AdulTICoProgram","og_url":"https:\/\/blogs.funiber.org\/pt\/gerontologia\/2017\/11\/07\/funiber-formacao-digital-idosos","og_site_name":"FuniBlogs - FUNIBER","article_publisher":"https:\/\/www.facebook.com\/funiber","article_published_time":"2017-11-07T12:16:33+00:00","og_image":[{"width":640,"height":427,"url":"https:\/\/blogs.funiber.org\/pt\/wp-content\/uploads\/2017\/11\/FUNIBER-digital-idosos.jpg","type":"image\/jpeg"}],"author":"Michelle","twitter_card":"summary_large_image","twitter_creator":"@FUNIBER","twitter_site":"@FUNIBER","twitter_misc":{"Escrito por":"Michelle","Est. tempo de leitura":"2 minutos"},"schema":{"@context":"https:\/\/schema.org","@graph":[{"@type":"Article","@id":"https:\/\/blogs.funiber.org\/pt\/gerontologia\/2017\/11\/07\/funiber-formacao-digital-idosos#article","isPartOf":{"@id":"https:\/\/blogs.funiber.org\/pt\/gerontologia\/2017\/11\/07\/funiber-formacao-digital-idosos"},"author":{"name":"Michelle","@id":"https:\/\/blogs.funiber.org\/pt\/#\/schema\/person\/a1eaaa5e57eac866a8c5946946bcf80d"},"headline":"UNESCO premia cidade colombiana pelo seu programa de forma\u00e7\u00e3o digital para idosos","datePublished":"2017-11-07T12:16:33+00:00","dateModified":"2017-11-07T12:16:33+00:00","mainEntityOfPage":{"@id":"https:\/\/blogs.funiber.org\/pt\/gerontologia\/2017\/11\/07\/funiber-formacao-digital-idosos"},"wordCount":363,"publisher":{"@id":"https:\/\/blogs.funiber.org\/pt\/#organization"},"keywords":["Alfabetiza\u00e7\u00e3o digital","Bolsas","Doutorado","Educa\u00e7\u00e3o a Dist\u00e2ncia","Envelhecimento","Estudos","forma\u00e7\u00e3o digital","Idosos","mestrado","Opini\u00e3o FUNIBER","Opini\u00f5es Funiber","Pr\u00eamio","Terceira idade","UNESCO"],"articleSection":["Gerontologia"],"inLanguage":"pt-BR"},{"@type":"WebPage","@id":"https:\/\/blogs.funiber.org\/pt\/gerontologia\/2017\/11\/07\/funiber-formacao-digital-idosos","url":"https:\/\/blogs.funiber.org\/pt\/gerontologia\/2017\/11\/07\/funiber-formacao-digital-idosos","name":"UNESCO premia cidade colombiana pelo seu programa de forma\u00e7\u00e3o digital para idosos","isPartOf":{"@id":"https:\/\/blogs.funiber.org\/pt\/#website"},"datePublished":"2017-11-07T12:16:33+00:00","dateModified":"2017-11-07T12:16:33+00:00","description":"A cidade de Arm\u00eania (Col\u00f4mbia) foi premiada com o Pr\u00eamio UNESCO-Conf\u00facio de Alfabetiza\u00e7\u00e3o por aproximar os idosos ao universo digital mediante programa\u00a0AdulTICoProgram","breadcrumb":{"@id":"https:\/\/blogs.funiber.org\/pt\/gerontologia\/2017\/11\/07\/funiber-formacao-digital-idosos#breadcrumb"},"inLanguage":"pt-BR","potentialAction":[{"@type":"ReadAction","target":["https:\/\/blogs.funiber.org\/pt\/gerontologia\/2017\/11\/07\/funiber-formacao-digital-idosos"]}]},{"@type":"BreadcrumbList","@id":"https:\/\/blogs.funiber.org\/pt\/gerontologia\/2017\/11\/07\/funiber-formacao-digital-idosos#breadcrumb","itemListElement":[{"@type":"ListItem","position":1,"name":"In\u00edcio","item":"https:\/\/blogs.funiber.org\/pt"},{"@type":"ListItem","position":2,"name":"UNESCO premia cidade colombiana pelo seu programa de forma\u00e7\u00e3o digital para idosos"}]},{"@type":"WebSite","@id":"https:\/\/blogs.funiber.org\/pt\/#website","url":"https:\/\/blogs.funiber.org\/pt\/","name":"FuniBlogs - FUNIBER","description":"","publisher":{"@id":"https:\/\/blogs.funiber.org\/pt\/#organization"},"potentialAction":[{"@type":"SearchAction","target":{"@type":"EntryPoint","urlTemplate":"https:\/\/blogs.funiber.org\/pt\/?s={search_term_string}"},"query-input":"required name=search_term_string"}],"inLanguage":"pt-BR"},{"@type":"Organization","@id":"https:\/\/blogs.funiber.org\/pt\/#organization","name":"FuniBlogs - FUNIBER","url":"https:\/\/blogs.funiber.org\/pt\/","logo":{"@type":"ImageObject","inLanguage":"pt-BR","@id":"https:\/\/blogs.funiber.org\/pt\/#\/schema\/logo\/image\/","url":"https:\/\/www.funiber.blog\/pt\/wp-content\/uploads\/2022\/02\/logo-funiber-pt-br-v-dos.svg","contentUrl":"https:\/\/www.funiber.blog\/pt\/wp-content\/uploads\/2022\/02\/logo-funiber-pt-br-v-dos.svg","width":1,"height":1,"caption":"FuniBlogs - FUNIBER"},"image":{"@id":"https:\/\/blogs.funiber.org\/pt\/#\/schema\/logo\/image\/"},"sameAs":["https:\/\/www.facebook.com\/funiber","https:\/\/twitter.com\/FUNIBER","https:\/\/www.instagram.com\/funiber_becas","https:\/\/www.youtube.com\/user\/funiber","https:\/\/www.linkedin.com\/company\/funiber"]},{"@type":"Person","@id":"https:\/\/blogs.funiber.org\/pt\/#\/schema\/person\/a1eaaa5e57eac866a8c5946946bcf80d","name":"Michelle","image":{"@type":"ImageObject","inLanguage":"pt-BR","@id":"https:\/\/blogs.funiber.org\/pt\/#\/schema\/person\/image\/","url":"https:\/\/secure.gravatar.com\/avatar\/5e87041f7609dc50493cf216754fece1?s=96&d=mm&r=g","contentUrl":"https:\/\/secure.gravatar.com\/avatar\/5e87041f7609dc50493cf216754fece1?s=96&d=mm&r=g","caption":"Michelle"},"url":"https:\/\/www.funiber.blog\/pt\/author\/michelle-moreira"}]}},"jetpack_featured_media_url":"https:\/\/www.funiber.blog\/pt\/wp-content\/uploads\/2017\/11\/FUNIBER-digital-idosos.jpg","jetpack_shortlink":"https:\/\/wp.me\/p7ee1t-3Lm","jetpack_sharing_enabled":true,"_links":{"self":[{"href":"https:\/\/www.funiber.blog\/pt\/wp-json\/wp\/v2\/posts\/14468"}],"collection":[{"href":"https:\/\/www.funiber.blog\/pt\/wp-json\/wp\/v2\/posts"}],"about":[{"href":"https:\/\/www.funiber.blog\/pt\/wp-json\/wp\/v2\/types\/post"}],"author":[{"embeddable":true,"href":"https:\/\/www.funiber.blog\/pt\/wp-json\/wp\/v2\/users\/10"}],"replies":[{"embeddable":true,"href":"https:\/\/www.funiber.blog\/pt\/wp-json\/wp\/v2\/comments?post=14468"}],"version-history":[{"count":1,"href":"https:\/\/www.funiber.blog\/pt\/wp-json\/wp\/v2\/posts\/14468\/revisions"}],"predecessor-version":[{"id":14470,"href":"https:\/\/www.funiber.blog\/pt\/wp-json\/wp\/v2\/posts\/14468\/revisions\/14470"}],"wp:featuredmedia":[{"embeddable":true,"href":"https:\/\/www.funiber.blog\/pt\/wp-json\/wp\/v2\/media\/14469"}],"wp:attachment":[{"href":"https:\/\/www.funiber.blog\/pt\/wp-json\/wp\/v2\/media?parent=14468"}],"wp:term":[{"taxonomy":"category","embeddable":true,"href":"https:\/\/www.funiber.blog\/pt\/wp-json\/wp\/v2\/categories?post=14468"},{"taxonomy":"post_tag","embeddable":true,"href":"https:\/\/www.funiber.blog\/pt\/wp-json\/wp\/v2\/tags?post=14468"}],"curies":[{"name":"wp","href":"https:\/\/api.w.org\/{rel}","templated":true}]}}