{"id":14510,"date":"2017-11-12T14:22:03","date_gmt":"2017-11-12T14:22:03","guid":{"rendered":"https:\/\/blogs.funiber.org\/pt\/?p=14510"},"modified":"2017-11-10T14:30:48","modified_gmt":"2017-11-10T14:30:48","slug":"funiber-participacao-social-idosos","status":"publish","type":"post","link":"https:\/\/www.funiber.blog\/pt\/gerontologia\/2017\/11\/12\/funiber-participacao-social-idosos","title":{"rendered":"Estudo avalia a participa\u00e7\u00e3o social dos idosos"},"content":{"rendered":"<h2>A pesquisa foi realizada pela\u00a0<a href=\"https:\/\/www.uji.es\/\" target=\"_blank\" rel=\"noopener\">Universidade Jaume I (Espanha)<\/a>. O objetivo foi determinar o grau de envolvimento dos idosos nas atividades organizadas na cidade de Castell\u00f3n, na regi\u00e3o de Val\u00eancia (Espanha)<\/h2>\n<p>Raquel Monta\u00f1\u00e9s Rodr\u00edguez e <a href=\"https:\/\/es.linkedin.com\/in\/antonio-caballer-miedes-97a52653\" target=\"_blank\" rel=\"noopener\">Antonio Caballer Miedes<\/a>\u00a0apresentaram recentemente um estudo que mede o n\u00edvel de participa\u00e7\u00e3o social dos idosos na cidade de Castell\u00f3n. Para a realiza\u00e7\u00e3o, eles utilizaram o Protocolo Vancouver e da escala de Likert.<!--more--><\/p>\n<p>Os resultados de sua pesquisa revelaram que esta faixa et\u00e1ria aprova as atividades organizadas pela\u00a0<a href=\"http:\/\/www.castello.es\/web30\/pages\/inicio_web10.php?id=cas\" target=\"_blank\" rel=\"noopener\">Prefeitura de Castell\u00f3n<\/a>. Da mesma forma, Raquel manifestou que \u201cvalorizam positivamente os pre\u00e7os das atividades de forma\u00e7\u00e3o, esportivas e de lazer que a prefeitura organiza para eles\u201d. Do mesmo modo, tamb\u00e9m elogiam a oferta cultural do munic\u00edpio.<\/p>\n<p>Por\u00e9m, \u201cos idosos dizem que se encontram limitados na hora de participarem das atividades comunit\u00e1rias por excessivas responsabilidades familiares\u201d, explicou Raquel. A autora tamb\u00e9m destacou o descontentamento dos idosos pelo fechamento das salas de cinema do centro da cidade. Isto dificultou o acesso \u00e0 s\u00e9tima arte, j\u00e1 que o transporte p\u00fablico n\u00e3o facilita o acesso aos cinemas da circunvizinhan\u00e7a, apontou.<\/p>\n<p>Tal realidade \u201ccoincide com a informa\u00e7\u00e3o fornecida pelos idosos consultados pela <a href=\"http:\/\/www.who.int\/es\/\" target=\"_blank\" rel=\"noopener\">OMS\u00a0<\/a>que indicam que a capacidade para participar na vida social formal e informal n\u00e3o depende somente da oferta de atividades, sen\u00e3o tamb\u00e9m do acesso adequado ao transporte\u201d, concluiu a pesquisadora.<\/p>\n<p>Outros estudos sobre essa quest\u00e3o, apontam o mesmo. Assim, as pesquisadoras <a href=\"https:\/\/es.linkedin.com\/in\/alessandra-olivi-b1313917\" target=\"_blank\" rel=\"noopener\">Alessandra Olivi<\/a>, Giulietta Fadda Cori,\u00a0<a href=\"https:\/\/cl.linkedin.com\/in\/marcela-pizzi-kirschbaum-447a351b\" target=\"_blank\" rel=\"noopener\">Marcela Pizzi Kirschbaum<\/a>, pesquisam a qualidade de vida dos idosos na cidade chilena de Valpara\u00edso. Sua prospec\u00e7\u00e3o tamb\u00e9m revelou que a cria\u00e7\u00e3o de ambientes sociais adequados, de infraestrutura e redes de transporte p\u00fablicos eficazes, \u00e9 fundamental para promover a participa\u00e7\u00e3o social dos idosos em suas comunidades.<\/p>\n<p>Neste sentido, a pesquisadora Cintia Crespo, a respeito da \u00e1rea metropolitana de Toluca, no M\u00e9xico, exigiu a remo\u00e7\u00e3o das barreiras f\u00edsicas que impedem a participa\u00e7\u00e3o ativa dos idosos em sua comunidade. Para ela, tais barreiras repercutem negativamente no bem-estar e na qualidade de vida.<\/p>\n<p>Por outro lado, o trabalho de Raquel e de Antonio n\u00e3o mostrou diferen\u00e7as significativas no grau de participa\u00e7\u00e3o social entre sexos. Nem revelou diverg\u00eancias entre as pessoas que vivem sozinhas e as que vivem acompanhadas.<\/p>\n<p>Por \u00faltimo, Raquel alertou que \u201cdevemos levar em conta que \u00e9 previs\u00edvel que as atividades realizadas pelos idosos em sua velhice, variem conforme v\u00e3o incorporando as novas gera\u00e7\u00f5es com maior n\u00edvel educacional, maior n\u00edvel econ\u00f4mico; e com desejos de viver esta etapa de uma forma mais ativa\u201d.<\/p>\n<p>Neste sentido, o\u00a0<a href=\"https:\/\/www.funiber.org.br\/mestrado-em-gerontologia\" target=\"_blank\" rel=\"noopener\">Mestrado em Gerontologia<\/a>\u00a0patrocinado pela\u00a0<a href=\"https:\/\/www.funiber.org.br\" target=\"_blank\" rel=\"noopener\">FUNIBER<\/a>\u00a0forma profissionais capazes de planejar atividades que satisfa\u00e7am as necessidades socioculturais dos idosos em fun\u00e7\u00e3o das necessidades individuais de cada pessoa.<\/p>\n<p>Fonte:\u00a0<a href=\"http:\/\/repositori.uji.es\/xmlui\/bitstream\/handle\/10234\/169038\/TFG_2017_Montan%CC%83esRodriguez_Raquel.pdf?sequence=1&amp;isAllowed=y\" target=\"_blank\" rel=\"noopener\">Castell\u00f3n: Una ciudad Amigable con las Personas Mayores. An\u00e1lisis del \u00e1rea de Participaci\u00f3n Social<\/a><\/p>\n<p><a href=\"http:\/\/www.scielo.org.mx\/scielo.php?script=sci_arttext&amp;pid=S1405-74252015000200009\" target=\"_blank\" rel=\"noopener\">Evaluaci\u00f3n de la calidad de vida de los adultos mayores en la ciudad de Valpara\u00edso<\/a><\/p>\n<p><a href=\"http:\/\/ri.uaemex.mx\/bitstream\/handle\/20.500.11799\/49404\/Ciudad%20amigable%20para%20los%20adultos%20mayores.%20Evaluaci%C3%B3n%20de%20la%20ZMT%2c%20M%C3%A9xico.pdf?sequence=1&amp;isAllowed=y\" target=\"_blank\" rel=\"noopener\">Ciudad amigable para los adultos mayores. Evaluaci\u00f3n de la Zona Metropolitana de Toluca, M\u00e9xico<\/a><\/p>\n<p>Foto: Todos os direitos reservados<\/p>\n","protected":false},"excerpt":{"rendered":"<p>A pesquisa foi realizada pela\u00a0Universidade Jaume I (Espanha). O objetivo foi determinar o grau de envolvimento dos idosos nas atividades organizadas na cidade de Castell\u00f3n, na regi\u00e3o de Val\u00eancia (Espanha) Raquel Monta\u00f1\u00e9s Rodr\u00edguez e Antonio Caballer Miedes\u00a0apresentaram recentemente um estudo que mede o n\u00edvel de participa\u00e7\u00e3o social dos idosos na cidade de Castell\u00f3n. Para a [&hellip;]<\/p>\n","protected":false},"author":10,"featured_media":14511,"comment_status":"closed","ping_status":"closed","sticky":false,"template":"","format":"standard","meta":{"jetpack_post_was_ever_published":false,"_jetpack_newsletter_access":"","_jetpack_newsletter_tier_id":0,"footnotes":"","jetpack_publicize_message":"","jetpack_is_tweetstorm":false,"jetpack_publicize_feature_enabled":true,"jetpack_social_post_already_shared":true,"jetpack_social_options":{"image_generator_settings":{"template":"highway","enabled":false}}},"categories":[1],"tags":[1242,285,248,911,739,267,671,641,255,3156,113],"jetpack_publicize_connections":[],"yoast_head":"<!-- This site is optimized with the Yoast SEO plugin v21.7 - https:\/\/yoast.com\/wordpress\/plugins\/seo\/ -->\n<title>Estudo avalia a participa\u00e7\u00e3o social dos idosos<\/title>\n<meta name=\"description\" content=\"A pesquisa foi realizada pela\u00a0Universidade Jaume I (Espanha). O objetivo foi determinar o grau de envolvimento dos idosos nas atividades organizadas na cidade de Castell\u00f3n, na regi\u00e3o de Val\u00eancia (Espanha)\" \/>\n<meta name=\"robots\" content=\"noindex, nofollow\" \/>\n<meta property=\"og:locale\" content=\"pt_BR\" \/>\n<meta property=\"og:type\" content=\"article\" \/>\n<meta property=\"og:title\" content=\"Estudo avalia a participa\u00e7\u00e3o social dos idosos\" \/>\n<meta property=\"og:description\" content=\"A pesquisa foi realizada pela\u00a0Universidade Jaume I (Espanha). O objetivo foi determinar o grau de envolvimento dos idosos nas atividades organizadas na cidade de Castell\u00f3n, na regi\u00e3o de Val\u00eancia (Espanha)\" \/>\n<meta property=\"og:url\" content=\"https:\/\/blogs.funiber.org\/pt\/gerontologia\/2017\/11\/12\/funiber-participacao-social-idosos\" \/>\n<meta property=\"og:site_name\" content=\"FuniBlogs - FUNIBER\" \/>\n<meta property=\"article:publisher\" content=\"https:\/\/www.facebook.com\/funiber\" \/>\n<meta property=\"article:published_time\" content=\"2017-11-12T14:22:03+00:00\" \/>\n<meta property=\"article:modified_time\" content=\"2017-11-10T14:30:48+00:00\" \/>\n<meta property=\"og:image\" content=\"https:\/\/blogs.funiber.org\/pt\/wp-content\/uploads\/2017\/11\/funiber-participacao-idosos.jpg\" \/>\n\t<meta property=\"og:image:width\" content=\"640\" \/>\n\t<meta property=\"og:image:height\" content=\"427\" \/>\n\t<meta property=\"og:image:type\" content=\"image\/jpeg\" \/>\n<meta name=\"author\" content=\"Michelle\" \/>\n<meta name=\"twitter:card\" content=\"summary_large_image\" \/>\n<meta name=\"twitter:creator\" content=\"@FUNIBER\" \/>\n<meta name=\"twitter:site\" content=\"@FUNIBER\" \/>\n<meta name=\"twitter:label1\" content=\"Escrito por\" \/>\n\t<meta name=\"twitter:data1\" content=\"Michelle\" \/>\n\t<meta name=\"twitter:label2\" content=\"Est. tempo de leitura\" \/>\n\t<meta name=\"twitter:data2\" content=\"3 minutos\" \/>\n<script type=\"application\/ld+json\" class=\"yoast-schema-graph\">{\"@context\":\"https:\/\/schema.org\",\"@graph\":[{\"@type\":\"Article\",\"@id\":\"https:\/\/blogs.funiber.org\/pt\/gerontologia\/2017\/11\/12\/funiber-participacao-social-idosos#article\",\"isPartOf\":{\"@id\":\"https:\/\/blogs.funiber.org\/pt\/gerontologia\/2017\/11\/12\/funiber-participacao-social-idosos\"},\"author\":{\"name\":\"Michelle\",\"@id\":\"https:\/\/blogs.funiber.org\/pt\/#\/schema\/person\/a1eaaa5e57eac866a8c5946946bcf80d\"},\"headline\":\"Estudo avalia a participa\u00e7\u00e3o social dos idosos\",\"datePublished\":\"2017-11-12T14:22:03+00:00\",\"dateModified\":\"2017-11-10T14:30:48+00:00\",\"mainEntityOfPage\":{\"@id\":\"https:\/\/blogs.funiber.org\/pt\/gerontologia\/2017\/11\/12\/funiber-participacao-social-idosos\"},\"wordCount\":550,\"publisher\":{\"@id\":\"https:\/\/blogs.funiber.org\/pt\/#organization\"},\"keywords\":[\"Bolsas\",\"Educa\u00e7\u00e3o\",\"Funiber\",\"FUNIBER Opini\u00f5es\",\"gerontologia\",\"Idosos\",\"mestrado\",\"Opini\u00e3o FUNIBER\",\"Opini\u00f5es Funiber\",\"Participa\u00e7\u00e3o social\",\"Sa\u00fade\"],\"articleSection\":[\"Gerontologia\"],\"inLanguage\":\"pt-BR\"},{\"@type\":\"WebPage\",\"@id\":\"https:\/\/blogs.funiber.org\/pt\/gerontologia\/2017\/11\/12\/funiber-participacao-social-idosos\",\"url\":\"https:\/\/blogs.funiber.org\/pt\/gerontologia\/2017\/11\/12\/funiber-participacao-social-idosos\",\"name\":\"Estudo avalia a participa\u00e7\u00e3o social dos idosos\",\"isPartOf\":{\"@id\":\"https:\/\/blogs.funiber.org\/pt\/#website\"},\"datePublished\":\"2017-11-12T14:22:03+00:00\",\"dateModified\":\"2017-11-10T14:30:48+00:00\",\"description\":\"A pesquisa foi realizada pela\u00a0Universidade Jaume I (Espanha). O objetivo foi determinar o grau de envolvimento dos idosos nas atividades organizadas na cidade de Castell\u00f3n, na regi\u00e3o de Val\u00eancia (Espanha)\",\"breadcrumb\":{\"@id\":\"https:\/\/blogs.funiber.org\/pt\/gerontologia\/2017\/11\/12\/funiber-participacao-social-idosos#breadcrumb\"},\"inLanguage\":\"pt-BR\",\"potentialAction\":[{\"@type\":\"ReadAction\",\"target\":[\"https:\/\/blogs.funiber.org\/pt\/gerontologia\/2017\/11\/12\/funiber-participacao-social-idosos\"]}]},{\"@type\":\"BreadcrumbList\",\"@id\":\"https:\/\/blogs.funiber.org\/pt\/gerontologia\/2017\/11\/12\/funiber-participacao-social-idosos#breadcrumb\",\"itemListElement\":[{\"@type\":\"ListItem\",\"position\":1,\"name\":\"In\u00edcio\",\"item\":\"https:\/\/blogs.funiber.org\/pt\"},{\"@type\":\"ListItem\",\"position\":2,\"name\":\"Estudo avalia a participa\u00e7\u00e3o social dos idosos\"}]},{\"@type\":\"WebSite\",\"@id\":\"https:\/\/blogs.funiber.org\/pt\/#website\",\"url\":\"https:\/\/blogs.funiber.org\/pt\/\",\"name\":\"FuniBlogs - FUNIBER\",\"description\":\"\",\"publisher\":{\"@id\":\"https:\/\/blogs.funiber.org\/pt\/#organization\"},\"potentialAction\":[{\"@type\":\"SearchAction\",\"target\":{\"@type\":\"EntryPoint\",\"urlTemplate\":\"https:\/\/blogs.funiber.org\/pt\/?s={search_term_string}\"},\"query-input\":\"required name=search_term_string\"}],\"inLanguage\":\"pt-BR\"},{\"@type\":\"Organization\",\"@id\":\"https:\/\/blogs.funiber.org\/pt\/#organization\",\"name\":\"FuniBlogs - FUNIBER\",\"url\":\"https:\/\/blogs.funiber.org\/pt\/\",\"logo\":{\"@type\":\"ImageObject\",\"inLanguage\":\"pt-BR\",\"@id\":\"https:\/\/blogs.funiber.org\/pt\/#\/schema\/logo\/image\/\",\"url\":\"https:\/\/www.funiber.blog\/pt\/wp-content\/uploads\/2022\/02\/logo-funiber-pt-br-v-dos.svg\",\"contentUrl\":\"https:\/\/www.funiber.blog\/pt\/wp-content\/uploads\/2022\/02\/logo-funiber-pt-br-v-dos.svg\",\"width\":1,\"height\":1,\"caption\":\"FuniBlogs - FUNIBER\"},\"image\":{\"@id\":\"https:\/\/blogs.funiber.org\/pt\/#\/schema\/logo\/image\/\"},\"sameAs\":[\"https:\/\/www.facebook.com\/funiber\",\"https:\/\/twitter.com\/FUNIBER\",\"https:\/\/www.instagram.com\/funiber_becas\",\"https:\/\/www.youtube.com\/user\/funiber\",\"https:\/\/www.linkedin.com\/company\/funiber\"]},{\"@type\":\"Person\",\"@id\":\"https:\/\/blogs.funiber.org\/pt\/#\/schema\/person\/a1eaaa5e57eac866a8c5946946bcf80d\",\"name\":\"Michelle\",\"image\":{\"@type\":\"ImageObject\",\"inLanguage\":\"pt-BR\",\"@id\":\"https:\/\/blogs.funiber.org\/pt\/#\/schema\/person\/image\/\",\"url\":\"https:\/\/secure.gravatar.com\/avatar\/5e87041f7609dc50493cf216754fece1?s=96&d=mm&r=g\",\"contentUrl\":\"https:\/\/secure.gravatar.com\/avatar\/5e87041f7609dc50493cf216754fece1?s=96&d=mm&r=g\",\"caption\":\"Michelle\"},\"url\":\"https:\/\/www.funiber.blog\/pt\/author\/michelle-moreira\"}]}<\/script>\n<!-- \/ Yoast SEO plugin. -->","yoast_head_json":{"title":"Estudo avalia a participa\u00e7\u00e3o social dos idosos","description":"A pesquisa foi realizada pela\u00a0Universidade Jaume I (Espanha). O objetivo foi determinar o grau de envolvimento dos idosos nas atividades organizadas na cidade de Castell\u00f3n, na regi\u00e3o de Val\u00eancia (Espanha)","robots":{"index":"noindex","follow":"nofollow"},"og_locale":"pt_BR","og_type":"article","og_title":"Estudo avalia a participa\u00e7\u00e3o social dos idosos","og_description":"A pesquisa foi realizada pela\u00a0Universidade Jaume I (Espanha). O objetivo foi determinar o grau de envolvimento dos idosos nas atividades organizadas na cidade de Castell\u00f3n, na regi\u00e3o de Val\u00eancia (Espanha)","og_url":"https:\/\/blogs.funiber.org\/pt\/gerontologia\/2017\/11\/12\/funiber-participacao-social-idosos","og_site_name":"FuniBlogs - FUNIBER","article_publisher":"https:\/\/www.facebook.com\/funiber","article_published_time":"2017-11-12T14:22:03+00:00","article_modified_time":"2017-11-10T14:30:48+00:00","og_image":[{"width":640,"height":427,"url":"https:\/\/blogs.funiber.org\/pt\/wp-content\/uploads\/2017\/11\/funiber-participacao-idosos.jpg","type":"image\/jpeg"}],"author":"Michelle","twitter_card":"summary_large_image","twitter_creator":"@FUNIBER","twitter_site":"@FUNIBER","twitter_misc":{"Escrito por":"Michelle","Est. tempo de leitura":"3 minutos"},"schema":{"@context":"https:\/\/schema.org","@graph":[{"@type":"Article","@id":"https:\/\/blogs.funiber.org\/pt\/gerontologia\/2017\/11\/12\/funiber-participacao-social-idosos#article","isPartOf":{"@id":"https:\/\/blogs.funiber.org\/pt\/gerontologia\/2017\/11\/12\/funiber-participacao-social-idosos"},"author":{"name":"Michelle","@id":"https:\/\/blogs.funiber.org\/pt\/#\/schema\/person\/a1eaaa5e57eac866a8c5946946bcf80d"},"headline":"Estudo avalia a participa\u00e7\u00e3o social dos idosos","datePublished":"2017-11-12T14:22:03+00:00","dateModified":"2017-11-10T14:30:48+00:00","mainEntityOfPage":{"@id":"https:\/\/blogs.funiber.org\/pt\/gerontologia\/2017\/11\/12\/funiber-participacao-social-idosos"},"wordCount":550,"publisher":{"@id":"https:\/\/blogs.funiber.org\/pt\/#organization"},"keywords":["Bolsas","Educa\u00e7\u00e3o","Funiber","FUNIBER Opini\u00f5es","gerontologia","Idosos","mestrado","Opini\u00e3o FUNIBER","Opini\u00f5es Funiber","Participa\u00e7\u00e3o social","Sa\u00fade"],"articleSection":["Gerontologia"],"inLanguage":"pt-BR"},{"@type":"WebPage","@id":"https:\/\/blogs.funiber.org\/pt\/gerontologia\/2017\/11\/12\/funiber-participacao-social-idosos","url":"https:\/\/blogs.funiber.org\/pt\/gerontologia\/2017\/11\/12\/funiber-participacao-social-idosos","name":"Estudo avalia a participa\u00e7\u00e3o social dos idosos","isPartOf":{"@id":"https:\/\/blogs.funiber.org\/pt\/#website"},"datePublished":"2017-11-12T14:22:03+00:00","dateModified":"2017-11-10T14:30:48+00:00","description":"A pesquisa foi realizada pela\u00a0Universidade Jaume I (Espanha). O objetivo foi determinar o grau de envolvimento dos idosos nas atividades organizadas na cidade de Castell\u00f3n, na regi\u00e3o de Val\u00eancia (Espanha)","breadcrumb":{"@id":"https:\/\/blogs.funiber.org\/pt\/gerontologia\/2017\/11\/12\/funiber-participacao-social-idosos#breadcrumb"},"inLanguage":"pt-BR","potentialAction":[{"@type":"ReadAction","target":["https:\/\/blogs.funiber.org\/pt\/gerontologia\/2017\/11\/12\/funiber-participacao-social-idosos"]}]},{"@type":"BreadcrumbList","@id":"https:\/\/blogs.funiber.org\/pt\/gerontologia\/2017\/11\/12\/funiber-participacao-social-idosos#breadcrumb","itemListElement":[{"@type":"ListItem","position":1,"name":"In\u00edcio","item":"https:\/\/blogs.funiber.org\/pt"},{"@type":"ListItem","position":2,"name":"Estudo avalia a participa\u00e7\u00e3o social dos idosos"}]},{"@type":"WebSite","@id":"https:\/\/blogs.funiber.org\/pt\/#website","url":"https:\/\/blogs.funiber.org\/pt\/","name":"FuniBlogs - FUNIBER","description":"","publisher":{"@id":"https:\/\/blogs.funiber.org\/pt\/#organization"},"potentialAction":[{"@type":"SearchAction","target":{"@type":"EntryPoint","urlTemplate":"https:\/\/blogs.funiber.org\/pt\/?s={search_term_string}"},"query-input":"required name=search_term_string"}],"inLanguage":"pt-BR"},{"@type":"Organization","@id":"https:\/\/blogs.funiber.org\/pt\/#organization","name":"FuniBlogs - FUNIBER","url":"https:\/\/blogs.funiber.org\/pt\/","logo":{"@type":"ImageObject","inLanguage":"pt-BR","@id":"https:\/\/blogs.funiber.org\/pt\/#\/schema\/logo\/image\/","url":"https:\/\/www.funiber.blog\/pt\/wp-content\/uploads\/2022\/02\/logo-funiber-pt-br-v-dos.svg","contentUrl":"https:\/\/www.funiber.blog\/pt\/wp-content\/uploads\/2022\/02\/logo-funiber-pt-br-v-dos.svg","width":1,"height":1,"caption":"FuniBlogs - FUNIBER"},"image":{"@id":"https:\/\/blogs.funiber.org\/pt\/#\/schema\/logo\/image\/"},"sameAs":["https:\/\/www.facebook.com\/funiber","https:\/\/twitter.com\/FUNIBER","https:\/\/www.instagram.com\/funiber_becas","https:\/\/www.youtube.com\/user\/funiber","https:\/\/www.linkedin.com\/company\/funiber"]},{"@type":"Person","@id":"https:\/\/blogs.funiber.org\/pt\/#\/schema\/person\/a1eaaa5e57eac866a8c5946946bcf80d","name":"Michelle","image":{"@type":"ImageObject","inLanguage":"pt-BR","@id":"https:\/\/blogs.funiber.org\/pt\/#\/schema\/person\/image\/","url":"https:\/\/secure.gravatar.com\/avatar\/5e87041f7609dc50493cf216754fece1?s=96&d=mm&r=g","contentUrl":"https:\/\/secure.gravatar.com\/avatar\/5e87041f7609dc50493cf216754fece1?s=96&d=mm&r=g","caption":"Michelle"},"url":"https:\/\/www.funiber.blog\/pt\/author\/michelle-moreira"}]}},"jetpack_featured_media_url":"https:\/\/www.funiber.blog\/pt\/wp-content\/uploads\/2017\/11\/funiber-participacao-idosos.jpg","jetpack_shortlink":"https:\/\/wp.me\/p7ee1t-3M2","jetpack_sharing_enabled":true,"_links":{"self":[{"href":"https:\/\/www.funiber.blog\/pt\/wp-json\/wp\/v2\/posts\/14510"}],"collection":[{"href":"https:\/\/www.funiber.blog\/pt\/wp-json\/wp\/v2\/posts"}],"about":[{"href":"https:\/\/www.funiber.blog\/pt\/wp-json\/wp\/v2\/types\/post"}],"author":[{"embeddable":true,"href":"https:\/\/www.funiber.blog\/pt\/wp-json\/wp\/v2\/users\/10"}],"replies":[{"embeddable":true,"href":"https:\/\/www.funiber.blog\/pt\/wp-json\/wp\/v2\/comments?post=14510"}],"version-history":[{"count":1,"href":"https:\/\/www.funiber.blog\/pt\/wp-json\/wp\/v2\/posts\/14510\/revisions"}],"predecessor-version":[{"id":14512,"href":"https:\/\/www.funiber.blog\/pt\/wp-json\/wp\/v2\/posts\/14510\/revisions\/14512"}],"wp:featuredmedia":[{"embeddable":true,"href":"https:\/\/www.funiber.blog\/pt\/wp-json\/wp\/v2\/media\/14511"}],"wp:attachment":[{"href":"https:\/\/www.funiber.blog\/pt\/wp-json\/wp\/v2\/media?parent=14510"}],"wp:term":[{"taxonomy":"category","embeddable":true,"href":"https:\/\/www.funiber.blog\/pt\/wp-json\/wp\/v2\/categories?post=14510"},{"taxonomy":"post_tag","embeddable":true,"href":"https:\/\/www.funiber.blog\/pt\/wp-json\/wp\/v2\/tags?post=14510"}],"curies":[{"name":"wp","href":"https:\/\/api.w.org\/{rel}","templated":true}]}}