{"id":14564,"date":"2017-11-20T11:24:37","date_gmt":"2017-11-20T11:24:37","guid":{"rendered":"https:\/\/blogs.funiber.org\/pt\/?p=14564"},"modified":"2017-11-20T11:24:37","modified_gmt":"2017-11-20T11:24:37","slug":"funiber-lucumillo-extincao","status":"publish","type":"post","link":"https:\/\/www.funiber.blog\/pt\/meio-ambiente\/2017\/11\/20\/funiber-lucumillo-extincao","title":{"rendered":"Arbusto chileno end\u00eamico corre perigo de extin\u00e7\u00e3o"},"content":{"rendered":"<h2>Esp\u00e9cie de arbusto \u00fanica no mundo se encontra em vulnerabilidade. Governo chileno convoca consulta para plano de conserva\u00e7\u00e3o e gest\u00e3o do \u201cLucumillo\u201d<\/h2>\n<p>O governo chileno anunciou no final de setembro que vai realizar uma consulta p\u00fablica para desenvolver um plano de recupera\u00e7\u00e3o, conserva\u00e7\u00e3o e gest\u00e3o do arbusto &#8220;Lucumillo&#8221;, <strong><em>Myrcianthes coquimbensis, <\/em><\/strong>que se encontra em estado de vulnerabilidade.<!--more--><\/p>\n<p>Este arbusto s\u00f3 cresce na costa de Elqui, no Chile, e em zonas rochosas. Devido \u00e0 altera\u00e7\u00e3o do h\u00e1bitat, ela foi identificada como esp\u00e9cie de flora em perigo de extin\u00e7\u00e3o. Atualmente ela ocupa um terreno total de 83 km ao longo da costa.<\/p>\n<p>Representantes do <a href=\"http:\/\/portal.mma.gob.cl\/\" target=\"_blank\" rel=\"noopener\">Minist\u00e9rio do Meio Ambiente chileno<\/a> explicaram que o objetivo do plano \u00e9 desenvolver uma ferramenta que possa reverter a situa\u00e7\u00e3o do lucumillo. A prote\u00e7\u00e3o do arbusto tem relev\u00e2ncia para o pa\u00eds j\u00e1 que se enquadra no plano das Metas Aichi do conv\u00eanio internacional sobre diversidade biol\u00f3gica que espera evitar a extin\u00e7\u00e3o das esp\u00e9cies em perigo para o ano 2020.<\/p>\n<p>O Lucumillo \u00e9 uma esp\u00e9cie com folhagem densa, de cor verde-escuro e com muito aroma. Foi descoberta cientificamente em 1840. A sua \u00e9poca de florescimento acontece entre novembro e janeiro, dando flores brancas e frutos vermelhos. A planta tamb\u00e9m \u00e9 usada de forma ornamental. Estudos apontam que aproximadamente 75% das sementes produzidas anualmente s\u00e3o depredadas.<\/p>\n<p>Al\u00e9m de evitar a extin\u00e7\u00e3o, a preserva\u00e7\u00e3o do arbusto tem um papel importante para o ecossistema porque o fruto \u00e9 alimento para a fauna local e a flor d\u00e1 n\u00e9ctar e p\u00f3len para insetos e aves.<\/p>\n<p>A regi\u00e3o em que cresce o &#8220;Lucumillo&#8221;, Coquimbo, foi identificada com uma das zonas do planeta com maior quantidade de esp\u00e9cies end\u00eamicas. No Chile, \u00e9 a zona com a maior diversidade de flora.<\/p>\n<p>Os profissionais do Meio Ambiente podem se especializar na gest\u00e3o da flora end\u00eamica, com o <a href=\"http:\/\/www.funiber.org.br\/mestrado-em-gestao-e-auditorias-ambientais\" target=\"_blank\" rel=\"noopener\">Mestrado em Gest\u00e3o e Auditorias Ambientais<\/a>, patrocinado pela <a href=\"http:\/\/www.funiber.org.br\" target=\"_blank\" rel=\"noopener\"><strong>FUNIBER<\/strong><\/a>.<\/p>\n<p>Fonte: <a href=\"http:\/\/www.semanariotiempo.cl\/2017\/09\/29\/invitan-a-proteger-el-famoso-lucumillo-en-peligro-de-extincion\/\" target=\"_blank\" rel=\"noopener\">Invitan a proteger el famoso \u201cLucumillo\u201d en peligro de extinci\u00f3n<\/a><\/p>\n<p><a href=\"http:\/\/www.ecoticias.com\/eco-america\/175058\/Chile-Seremi-del-Medio-Ambiente-invita-a-contribuir-en-plan-de-conservacion-de-arbusto-en-peligro-de-extincion\" target=\"_blank\" rel=\"noopener\">La Protecci\u00f3n del Lucumillo en Chile<\/a><\/p>\n<p>Foto: Todos os direitos reservados<\/p>\n","protected":false},"excerpt":{"rendered":"<p>Esp\u00e9cie de arbusto \u00fanica no mundo se encontra em vulnerabilidade. Governo chileno convoca consulta para plano de conserva\u00e7\u00e3o e gest\u00e3o do \u201cLucumillo\u201d O governo chileno anunciou no final de setembro que vai realizar uma consulta p\u00fablica para desenvolver um plano de recupera\u00e7\u00e3o, conserva\u00e7\u00e3o e gest\u00e3o do arbusto &#8220;Lucumillo&#8221;, Myrcianthes coquimbensis, que se encontra em estado [&hellip;]<\/p>\n","protected":false},"author":10,"featured_media":14565,"comment_status":"closed","ping_status":"closed","sticky":false,"template":"","format":"standard","meta":{"jetpack_post_was_ever_published":false,"_jetpack_newsletter_access":"","_jetpack_newsletter_tier_id":0,"footnotes":"","jetpack_publicize_message":"","jetpack_is_tweetstorm":false,"jetpack_publicize_feature_enabled":true,"jetpack_social_post_already_shared":true,"jetpack_social_options":{"image_generator_settings":{"template":"highway","enabled":false}}},"categories":[2],"tags":[1242,453,213,855,285,408,3181,119,1150,3182,248,911,2405,3180,835,671,641,255],"jetpack_publicize_connections":[],"yoast_head":"<!-- This site is optimized with the Yoast SEO plugin v21.7 - https:\/\/yoast.com\/wordpress\/plugins\/seo\/ -->\n<title>Arbusto chileno end\u00eamico corre perigo de extin\u00e7\u00e3o<\/title>\n<meta name=\"description\" content=\"Esp\u00e9cie de arbusto \u00fanica no mundo se encontra em vulnerabilidade. Governo chileno convoca consulta para plano de conserva\u00e7\u00e3o e gest\u00e3o do \u201cLucumillo\u201d\" \/>\n<meta name=\"robots\" content=\"noindex, nofollow\" \/>\n<meta property=\"og:locale\" content=\"pt_BR\" \/>\n<meta property=\"og:type\" content=\"article\" \/>\n<meta property=\"og:title\" content=\"Arbusto chileno end\u00eamico corre perigo de extin\u00e7\u00e3o\" \/>\n<meta property=\"og:description\" content=\"Esp\u00e9cie de arbusto \u00fanica no mundo se encontra em vulnerabilidade. Governo chileno convoca consulta para plano de conserva\u00e7\u00e3o e gest\u00e3o do \u201cLucumillo\u201d\" \/>\n<meta property=\"og:url\" content=\"https:\/\/blogs.funiber.org\/pt\/meio-ambiente\/2017\/11\/20\/funiber-lucumillo-extincao\" \/>\n<meta property=\"og:site_name\" content=\"FuniBlogs - FUNIBER\" \/>\n<meta property=\"article:publisher\" content=\"https:\/\/www.facebook.com\/funiber\" \/>\n<meta property=\"article:published_time\" content=\"2017-11-20T11:24:37+00:00\" \/>\n<meta property=\"og:image\" content=\"https:\/\/blogs.funiber.org\/pt\/wp-content\/uploads\/2017\/11\/funiber-arbusto-extincao.jpg\" \/>\n\t<meta property=\"og:image:width\" content=\"700\" \/>\n\t<meta property=\"og:image:height\" content=\"467\" \/>\n\t<meta property=\"og:image:type\" content=\"image\/jpeg\" \/>\n<meta name=\"author\" content=\"Michelle\" \/>\n<meta name=\"twitter:card\" content=\"summary_large_image\" \/>\n<meta name=\"twitter:creator\" content=\"@FUNIBER\" \/>\n<meta name=\"twitter:site\" content=\"@FUNIBER\" \/>\n<meta name=\"twitter:label1\" content=\"Escrito por\" \/>\n\t<meta name=\"twitter:data1\" content=\"Michelle\" \/>\n\t<meta name=\"twitter:label2\" content=\"Est. tempo de leitura\" \/>\n\t<meta name=\"twitter:data2\" content=\"2 minutos\" \/>\n<script type=\"application\/ld+json\" class=\"yoast-schema-graph\">{\"@context\":\"https:\/\/schema.org\",\"@graph\":[{\"@type\":\"Article\",\"@id\":\"https:\/\/blogs.funiber.org\/pt\/meio-ambiente\/2017\/11\/20\/funiber-lucumillo-extincao#article\",\"isPartOf\":{\"@id\":\"https:\/\/blogs.funiber.org\/pt\/meio-ambiente\/2017\/11\/20\/funiber-lucumillo-extincao\"},\"author\":{\"name\":\"Michelle\",\"@id\":\"https:\/\/blogs.funiber.org\/pt\/#\/schema\/person\/a1eaaa5e57eac866a8c5946946bcf80d\"},\"headline\":\"Arbusto chileno end\u00eamico corre perigo de extin\u00e7\u00e3o\",\"datePublished\":\"2017-11-20T11:24:37+00:00\",\"dateModified\":\"2017-11-20T11:24:37+00:00\",\"mainEntityOfPage\":{\"@id\":\"https:\/\/blogs.funiber.org\/pt\/meio-ambiente\/2017\/11\/20\/funiber-lucumillo-extincao\"},\"wordCount\":366,\"publisher\":{\"@id\":\"https:\/\/blogs.funiber.org\/pt\/#organization\"},\"keywords\":[\"Bolsas\",\"Chile\",\"Conserva\u00e7\u00e3o\",\"Doutorado\",\"Educa\u00e7\u00e3o\",\"Educa\u00e7\u00e3o a Dist\u00e2ncia\",\"esp\u00e9cie de flora\",\"Estudos\",\"Extin\u00e7\u00e3o\",\"flora end\u00eamica\",\"Funiber\",\"FUNIBER Opini\u00f5es\",\"Gest\u00e3o ambiental\",\"lucumillo\",\"Meio Ambiente\",\"mestrado\",\"Opini\u00e3o FUNIBER\",\"Opini\u00f5es Funiber\"],\"articleSection\":[\"Meio Ambiente\"],\"inLanguage\":\"pt-BR\"},{\"@type\":\"WebPage\",\"@id\":\"https:\/\/blogs.funiber.org\/pt\/meio-ambiente\/2017\/11\/20\/funiber-lucumillo-extincao\",\"url\":\"https:\/\/blogs.funiber.org\/pt\/meio-ambiente\/2017\/11\/20\/funiber-lucumillo-extincao\",\"name\":\"Arbusto chileno end\u00eamico corre perigo de extin\u00e7\u00e3o\",\"isPartOf\":{\"@id\":\"https:\/\/blogs.funiber.org\/pt\/#website\"},\"datePublished\":\"2017-11-20T11:24:37+00:00\",\"dateModified\":\"2017-11-20T11:24:37+00:00\",\"description\":\"Esp\u00e9cie de arbusto \u00fanica no mundo se encontra em vulnerabilidade. Governo chileno convoca consulta para plano de conserva\u00e7\u00e3o e gest\u00e3o do \u201cLucumillo\u201d\",\"breadcrumb\":{\"@id\":\"https:\/\/blogs.funiber.org\/pt\/meio-ambiente\/2017\/11\/20\/funiber-lucumillo-extincao#breadcrumb\"},\"inLanguage\":\"pt-BR\",\"potentialAction\":[{\"@type\":\"ReadAction\",\"target\":[\"https:\/\/blogs.funiber.org\/pt\/meio-ambiente\/2017\/11\/20\/funiber-lucumillo-extincao\"]}]},{\"@type\":\"BreadcrumbList\",\"@id\":\"https:\/\/blogs.funiber.org\/pt\/meio-ambiente\/2017\/11\/20\/funiber-lucumillo-extincao#breadcrumb\",\"itemListElement\":[{\"@type\":\"ListItem\",\"position\":1,\"name\":\"In\u00edcio\",\"item\":\"https:\/\/blogs.funiber.org\/pt\"},{\"@type\":\"ListItem\",\"position\":2,\"name\":\"Arbusto chileno end\u00eamico corre perigo de extin\u00e7\u00e3o\"}]},{\"@type\":\"WebSite\",\"@id\":\"https:\/\/blogs.funiber.org\/pt\/#website\",\"url\":\"https:\/\/blogs.funiber.org\/pt\/\",\"name\":\"FuniBlogs - FUNIBER\",\"description\":\"\",\"publisher\":{\"@id\":\"https:\/\/blogs.funiber.org\/pt\/#organization\"},\"potentialAction\":[{\"@type\":\"SearchAction\",\"target\":{\"@type\":\"EntryPoint\",\"urlTemplate\":\"https:\/\/blogs.funiber.org\/pt\/?s={search_term_string}\"},\"query-input\":\"required name=search_term_string\"}],\"inLanguage\":\"pt-BR\"},{\"@type\":\"Organization\",\"@id\":\"https:\/\/blogs.funiber.org\/pt\/#organization\",\"name\":\"FuniBlogs - FUNIBER\",\"url\":\"https:\/\/blogs.funiber.org\/pt\/\",\"logo\":{\"@type\":\"ImageObject\",\"inLanguage\":\"pt-BR\",\"@id\":\"https:\/\/blogs.funiber.org\/pt\/#\/schema\/logo\/image\/\",\"url\":\"https:\/\/www.funiber.blog\/pt\/wp-content\/uploads\/2022\/02\/logo-funiber-pt-br-v-dos.svg\",\"contentUrl\":\"https:\/\/www.funiber.blog\/pt\/wp-content\/uploads\/2022\/02\/logo-funiber-pt-br-v-dos.svg\",\"width\":1,\"height\":1,\"caption\":\"FuniBlogs - FUNIBER\"},\"image\":{\"@id\":\"https:\/\/blogs.funiber.org\/pt\/#\/schema\/logo\/image\/\"},\"sameAs\":[\"https:\/\/www.facebook.com\/funiber\",\"https:\/\/twitter.com\/FUNIBER\",\"https:\/\/www.instagram.com\/funiber_becas\",\"https:\/\/www.youtube.com\/user\/funiber\",\"https:\/\/www.linkedin.com\/company\/funiber\"]},{\"@type\":\"Person\",\"@id\":\"https:\/\/blogs.funiber.org\/pt\/#\/schema\/person\/a1eaaa5e57eac866a8c5946946bcf80d\",\"name\":\"Michelle\",\"image\":{\"@type\":\"ImageObject\",\"inLanguage\":\"pt-BR\",\"@id\":\"https:\/\/blogs.funiber.org\/pt\/#\/schema\/person\/image\/\",\"url\":\"https:\/\/secure.gravatar.com\/avatar\/5e87041f7609dc50493cf216754fece1?s=96&d=mm&r=g\",\"contentUrl\":\"https:\/\/secure.gravatar.com\/avatar\/5e87041f7609dc50493cf216754fece1?s=96&d=mm&r=g\",\"caption\":\"Michelle\"},\"url\":\"https:\/\/www.funiber.blog\/pt\/author\/michelle-moreira\"}]}<\/script>\n<!-- \/ Yoast SEO plugin. -->","yoast_head_json":{"title":"Arbusto chileno end\u00eamico corre perigo de extin\u00e7\u00e3o","description":"Esp\u00e9cie de arbusto \u00fanica no mundo se encontra em vulnerabilidade. Governo chileno convoca consulta para plano de conserva\u00e7\u00e3o e gest\u00e3o do \u201cLucumillo\u201d","robots":{"index":"noindex","follow":"nofollow"},"og_locale":"pt_BR","og_type":"article","og_title":"Arbusto chileno end\u00eamico corre perigo de extin\u00e7\u00e3o","og_description":"Esp\u00e9cie de arbusto \u00fanica no mundo se encontra em vulnerabilidade. Governo chileno convoca consulta para plano de conserva\u00e7\u00e3o e gest\u00e3o do \u201cLucumillo\u201d","og_url":"https:\/\/blogs.funiber.org\/pt\/meio-ambiente\/2017\/11\/20\/funiber-lucumillo-extincao","og_site_name":"FuniBlogs - FUNIBER","article_publisher":"https:\/\/www.facebook.com\/funiber","article_published_time":"2017-11-20T11:24:37+00:00","og_image":[{"width":700,"height":467,"url":"https:\/\/blogs.funiber.org\/pt\/wp-content\/uploads\/2017\/11\/funiber-arbusto-extincao.jpg","type":"image\/jpeg"}],"author":"Michelle","twitter_card":"summary_large_image","twitter_creator":"@FUNIBER","twitter_site":"@FUNIBER","twitter_misc":{"Escrito por":"Michelle","Est. tempo de leitura":"2 minutos"},"schema":{"@context":"https:\/\/schema.org","@graph":[{"@type":"Article","@id":"https:\/\/blogs.funiber.org\/pt\/meio-ambiente\/2017\/11\/20\/funiber-lucumillo-extincao#article","isPartOf":{"@id":"https:\/\/blogs.funiber.org\/pt\/meio-ambiente\/2017\/11\/20\/funiber-lucumillo-extincao"},"author":{"name":"Michelle","@id":"https:\/\/blogs.funiber.org\/pt\/#\/schema\/person\/a1eaaa5e57eac866a8c5946946bcf80d"},"headline":"Arbusto chileno end\u00eamico corre perigo de extin\u00e7\u00e3o","datePublished":"2017-11-20T11:24:37+00:00","dateModified":"2017-11-20T11:24:37+00:00","mainEntityOfPage":{"@id":"https:\/\/blogs.funiber.org\/pt\/meio-ambiente\/2017\/11\/20\/funiber-lucumillo-extincao"},"wordCount":366,"publisher":{"@id":"https:\/\/blogs.funiber.org\/pt\/#organization"},"keywords":["Bolsas","Chile","Conserva\u00e7\u00e3o","Doutorado","Educa\u00e7\u00e3o","Educa\u00e7\u00e3o a Dist\u00e2ncia","esp\u00e9cie de flora","Estudos","Extin\u00e7\u00e3o","flora end\u00eamica","Funiber","FUNIBER Opini\u00f5es","Gest\u00e3o ambiental","lucumillo","Meio Ambiente","mestrado","Opini\u00e3o FUNIBER","Opini\u00f5es Funiber"],"articleSection":["Meio Ambiente"],"inLanguage":"pt-BR"},{"@type":"WebPage","@id":"https:\/\/blogs.funiber.org\/pt\/meio-ambiente\/2017\/11\/20\/funiber-lucumillo-extincao","url":"https:\/\/blogs.funiber.org\/pt\/meio-ambiente\/2017\/11\/20\/funiber-lucumillo-extincao","name":"Arbusto chileno end\u00eamico corre perigo de extin\u00e7\u00e3o","isPartOf":{"@id":"https:\/\/blogs.funiber.org\/pt\/#website"},"datePublished":"2017-11-20T11:24:37+00:00","dateModified":"2017-11-20T11:24:37+00:00","description":"Esp\u00e9cie de arbusto \u00fanica no mundo se encontra em vulnerabilidade. Governo chileno convoca consulta para plano de conserva\u00e7\u00e3o e gest\u00e3o do \u201cLucumillo\u201d","breadcrumb":{"@id":"https:\/\/blogs.funiber.org\/pt\/meio-ambiente\/2017\/11\/20\/funiber-lucumillo-extincao#breadcrumb"},"inLanguage":"pt-BR","potentialAction":[{"@type":"ReadAction","target":["https:\/\/blogs.funiber.org\/pt\/meio-ambiente\/2017\/11\/20\/funiber-lucumillo-extincao"]}]},{"@type":"BreadcrumbList","@id":"https:\/\/blogs.funiber.org\/pt\/meio-ambiente\/2017\/11\/20\/funiber-lucumillo-extincao#breadcrumb","itemListElement":[{"@type":"ListItem","position":1,"name":"In\u00edcio","item":"https:\/\/blogs.funiber.org\/pt"},{"@type":"ListItem","position":2,"name":"Arbusto chileno end\u00eamico corre perigo de extin\u00e7\u00e3o"}]},{"@type":"WebSite","@id":"https:\/\/blogs.funiber.org\/pt\/#website","url":"https:\/\/blogs.funiber.org\/pt\/","name":"FuniBlogs - FUNIBER","description":"","publisher":{"@id":"https:\/\/blogs.funiber.org\/pt\/#organization"},"potentialAction":[{"@type":"SearchAction","target":{"@type":"EntryPoint","urlTemplate":"https:\/\/blogs.funiber.org\/pt\/?s={search_term_string}"},"query-input":"required name=search_term_string"}],"inLanguage":"pt-BR"},{"@type":"Organization","@id":"https:\/\/blogs.funiber.org\/pt\/#organization","name":"FuniBlogs - FUNIBER","url":"https:\/\/blogs.funiber.org\/pt\/","logo":{"@type":"ImageObject","inLanguage":"pt-BR","@id":"https:\/\/blogs.funiber.org\/pt\/#\/schema\/logo\/image\/","url":"https:\/\/www.funiber.blog\/pt\/wp-content\/uploads\/2022\/02\/logo-funiber-pt-br-v-dos.svg","contentUrl":"https:\/\/www.funiber.blog\/pt\/wp-content\/uploads\/2022\/02\/logo-funiber-pt-br-v-dos.svg","width":1,"height":1,"caption":"FuniBlogs - FUNIBER"},"image":{"@id":"https:\/\/blogs.funiber.org\/pt\/#\/schema\/logo\/image\/"},"sameAs":["https:\/\/www.facebook.com\/funiber","https:\/\/twitter.com\/FUNIBER","https:\/\/www.instagram.com\/funiber_becas","https:\/\/www.youtube.com\/user\/funiber","https:\/\/www.linkedin.com\/company\/funiber"]},{"@type":"Person","@id":"https:\/\/blogs.funiber.org\/pt\/#\/schema\/person\/a1eaaa5e57eac866a8c5946946bcf80d","name":"Michelle","image":{"@type":"ImageObject","inLanguage":"pt-BR","@id":"https:\/\/blogs.funiber.org\/pt\/#\/schema\/person\/image\/","url":"https:\/\/secure.gravatar.com\/avatar\/5e87041f7609dc50493cf216754fece1?s=96&d=mm&r=g","contentUrl":"https:\/\/secure.gravatar.com\/avatar\/5e87041f7609dc50493cf216754fece1?s=96&d=mm&r=g","caption":"Michelle"},"url":"https:\/\/www.funiber.blog\/pt\/author\/michelle-moreira"}]}},"jetpack_featured_media_url":"https:\/\/www.funiber.blog\/pt\/wp-content\/uploads\/2017\/11\/funiber-arbusto-extincao.jpg","jetpack_shortlink":"https:\/\/wp.me\/p7ee1t-3MU","jetpack_sharing_enabled":true,"_links":{"self":[{"href":"https:\/\/www.funiber.blog\/pt\/wp-json\/wp\/v2\/posts\/14564"}],"collection":[{"href":"https:\/\/www.funiber.blog\/pt\/wp-json\/wp\/v2\/posts"}],"about":[{"href":"https:\/\/www.funiber.blog\/pt\/wp-json\/wp\/v2\/types\/post"}],"author":[{"embeddable":true,"href":"https:\/\/www.funiber.blog\/pt\/wp-json\/wp\/v2\/users\/10"}],"replies":[{"embeddable":true,"href":"https:\/\/www.funiber.blog\/pt\/wp-json\/wp\/v2\/comments?post=14564"}],"version-history":[{"count":1,"href":"https:\/\/www.funiber.blog\/pt\/wp-json\/wp\/v2\/posts\/14564\/revisions"}],"predecessor-version":[{"id":14566,"href":"https:\/\/www.funiber.blog\/pt\/wp-json\/wp\/v2\/posts\/14564\/revisions\/14566"}],"wp:featuredmedia":[{"embeddable":true,"href":"https:\/\/www.funiber.blog\/pt\/wp-json\/wp\/v2\/media\/14565"}],"wp:attachment":[{"href":"https:\/\/www.funiber.blog\/pt\/wp-json\/wp\/v2\/media?parent=14564"}],"wp:term":[{"taxonomy":"category","embeddable":true,"href":"https:\/\/www.funiber.blog\/pt\/wp-json\/wp\/v2\/categories?post=14564"},{"taxonomy":"post_tag","embeddable":true,"href":"https:\/\/www.funiber.blog\/pt\/wp-json\/wp\/v2\/tags?post=14564"}],"curies":[{"name":"wp","href":"https:\/\/api.w.org\/{rel}","templated":true}]}}