{"id":14588,"date":"2017-11-23T14:34:56","date_gmt":"2017-11-23T14:34:56","guid":{"rendered":"https:\/\/blogs.funiber.org\/pt\/?p=14588"},"modified":"2017-11-23T14:34:56","modified_gmt":"2017-11-23T14:34:56","slug":"funiber-fase-alzheimer","status":"publish","type":"post","link":"https:\/\/www.funiber.blog\/pt\/gerontologia\/2017\/11\/23\/funiber-fase-alzheimer","title":{"rendered":"Pesquisadores conseguem replicar a fase silenciosa do Alzheimer"},"content":{"rendered":"<h2>Um grupo de cientistas criou um modelo capaz de reproduzir a chamada fase silenciosa do Alzheimer, iniciada 20 anos antes da apari\u00e7\u00e3o da doen\u00e7a. Isto permitir\u00e1 o desenvolvimento de novos medicamentos para tratar a doen\u00e7a<\/h2>\n<p>Duas d\u00e9cadas antes de manifestar-se, o Alzheimer come\u00e7a seu desenvolvimento dentro dos pacientes sem que estes se deem conta. \u00c9 a chamada fase silenciosa desta doen\u00e7a. At\u00e9 agora, os cientistas n\u00e3o tinham achado uma forma de detectar sinais do Alzheimer neste per\u00edodo.<!--more--><\/p>\n<p>Entretanto, um grupo de pesquisadores, encabe\u00e7ado pelo franc\u00eas\u00a0<a href=\"https:\/\/fr.linkedin.com\/in\/jeromebraudeau\" target=\"_blank\" rel=\"noopener\">J\u00e9r\u00f4me Braudeau<\/a>\u00a0se deparou com um modelo de detec\u00e7\u00e3o sangu\u00ednea chamado de AgenT. Seus descobridores asseguram que este m\u00e9todo ser\u00e1 capaz de avan\u00e7ar em 10 ou 15 anos o diagn\u00f3stico da doen\u00e7a. De fato, o diagn\u00f3stico precoce \u00e9 fundamental para poder deixar mais lento o avan\u00e7o do Alzheimer, tal como manifestou o cientista portugu\u00eas <a href=\"https:\/\/fr.linkedin.com\/in\/sandro-alves-3a891b7\" target=\"_blank\" rel=\"noopener\">Sandro Alves<\/a>, membro da equipe de Braudeau.<\/p>\n<p>Alves explicou que \u201ca vantagem \u00e9 que este modelo animal vai permitir desenvolver medicamentos, estrat\u00e9gias terap\u00eauticas e um teste sangu\u00edneo naquela fase da doen\u00e7a que ainda n\u00e3o se v\u00ea, mas j\u00e1 sabemos que os sintomas est\u00e3o a\u00ed\u201d. Al\u00e9m disso, o pesquisador luso assegurou que se hoje n\u00e3o existe ainda um tratamento eficaz para o Alzheimer, \u00e9 porque n\u00e3o foi poss\u00edvel detect\u00e1-lo em fases iniciais.<\/p>\n<p>Na atualidade, segundo os dados da <a href=\"http:\/\/alzheimerportugal.org\/pt\/\" target=\"_blank\" rel=\"noopener\">Associa\u00e7\u00e3o Portuguesa de Familiares e Amigos dos doentes de Alzheimer<\/a>, esta classe de dem\u00eancia \u00e9 a mais estendida no mundo, com 45 milh\u00f5es de afetados em n\u00edvel global.<\/p>\n<p>A <a href=\"http:\/\/www.funiber.org.br\" target=\"_blank\" rel=\"noopener\">FUNIBER<\/a>\u00a0patrocina um\u00a0<a href=\"http:\/\/www.funiber.org.br\/mestrado-em-gerontologia\" target=\"_blank\" rel=\"noopener\">Mestrado em Gerontologia<\/a>\u00a0que tem por objetivo formar seus alunos na aten\u00e7\u00e3o s\u00f3cio-sanit\u00e1ria dos idosos. Por isso, o programa desta titula\u00e7\u00e3o incide na import\u00e2ncia da detec\u00e7\u00e3o precoce das doen\u00e7as e na necessidade de acompanhamento \u00e0s pessoas que padecem de doen\u00e7as neurodegenerativas.<\/p>\n<p>E voc\u00ea, o que opina? Considera que a comunidade cient\u00edfica ser\u00e1 capaz de achar uma cura para o Alzheimer a m\u00e9dio prazo?<\/p>\n<p>Fonte:\u00a0<a href=\"http:\/\/www.atlasdasaude.pt\/publico\/content\/portugues-integra-equipa-que-desenvolveu-modelo-animal-de-luta-contra-alzheimer\" target=\"_blank\" rel=\"noopener\">Portugu\u00eas integra equipa que desenvolveu modelo animal de luta contra Alzheimer<\/a><\/p>\n<p>Foto: Todos os direitos reservados<\/p>\n","protected":false},"excerpt":{"rendered":"<p>Um grupo de cientistas criou um modelo capaz de reproduzir a chamada fase silenciosa do Alzheimer, iniciada 20 anos antes da apari\u00e7\u00e3o da doen\u00e7a. Isto permitir\u00e1 o desenvolvimento de novos medicamentos para tratar a doen\u00e7a Duas d\u00e9cadas antes de manifestar-se, o Alzheimer come\u00e7a seu desenvolvimento dentro dos pacientes sem que estes se deem conta. \u00c9 [&hellip;]<\/p>\n","protected":false},"author":10,"featured_media":14589,"comment_status":"closed","ping_status":"closed","sticky":false,"template":"","format":"standard","meta":{"jetpack_post_was_ever_published":false,"_jetpack_newsletter_access":"","_jetpack_newsletter_tier_id":0,"footnotes":"","jetpack_publicize_message":"","jetpack_is_tweetstorm":false,"jetpack_publicize_feature_enabled":true,"jetpack_social_post_already_shared":true,"jetpack_social_options":{"image_generator_settings":{"template":"highway","enabled":false}}},"categories":[1],"tags":[3189,108,1242,733,647,306,855,285,408,119,3188,248,911,739,671,641,255,132],"jetpack_publicize_connections":[],"yoast_head":"<!-- This site is optimized with the Yoast SEO plugin v21.7 - https:\/\/yoast.com\/wordpress\/plugins\/seo\/ -->\n<title>Pesquisadores conseguem replicar a fase silenciosa do Alzheimer<\/title>\n<meta name=\"description\" content=\"Um grupo de cientistas criou um modelo capaz de reproduzir a chamada fase silenciosa do Alzheimer, iniciada 20 anos antes da apari\u00e7\u00e3o da doen\u00e7a. Isto permitir\u00e1 o desenvolvimento de novos medicamentos para tratar a doen\u00e7a\" \/>\n<meta name=\"robots\" content=\"index, follow, max-snippet:-1, max-image-preview:large, max-video-preview:-1\" \/>\n<link rel=\"canonical\" href=\"https:\/\/blogs.funiber.org\/pt\/gerontologia\/2017\/11\/23\/funiber-fase-alzheimer\" \/>\n<meta property=\"og:locale\" content=\"pt_BR\" \/>\n<meta property=\"og:type\" content=\"article\" \/>\n<meta property=\"og:title\" content=\"Pesquisadores conseguem replicar a fase silenciosa do Alzheimer\" \/>\n<meta property=\"og:description\" content=\"Um grupo de cientistas criou um modelo capaz de reproduzir a chamada fase silenciosa do Alzheimer, iniciada 20 anos antes da apari\u00e7\u00e3o da doen\u00e7a. Isto permitir\u00e1 o desenvolvimento de novos medicamentos para tratar a doen\u00e7a\" \/>\n<meta property=\"og:url\" content=\"https:\/\/blogs.funiber.org\/pt\/gerontologia\/2017\/11\/23\/funiber-fase-alzheimer\" \/>\n<meta property=\"og:site_name\" content=\"FuniBlogs - FUNIBER\" \/>\n<meta property=\"article:publisher\" content=\"https:\/\/www.facebook.com\/funiber\" \/>\n<meta property=\"article:published_time\" content=\"2017-11-23T14:34:56+00:00\" \/>\n<meta property=\"og:image\" content=\"https:\/\/blogs.funiber.org\/pt\/wp-content\/uploads\/2017\/11\/FUNIBER-alzheimer.jpg\" \/>\n\t<meta property=\"og:image:width\" content=\"640\" \/>\n\t<meta property=\"og:image:height\" content=\"427\" \/>\n\t<meta property=\"og:image:type\" content=\"image\/jpeg\" \/>\n<meta name=\"author\" content=\"Michelle\" \/>\n<meta name=\"twitter:card\" content=\"summary_large_image\" \/>\n<meta name=\"twitter:creator\" content=\"@FUNIBER\" \/>\n<meta name=\"twitter:site\" content=\"@FUNIBER\" \/>\n<meta name=\"twitter:label1\" content=\"Escrito por\" \/>\n\t<meta name=\"twitter:data1\" content=\"Michelle\" \/>\n\t<meta name=\"twitter:label2\" content=\"Est. tempo de leitura\" \/>\n\t<meta name=\"twitter:data2\" content=\"2 minutos\" \/>\n<script type=\"application\/ld+json\" class=\"yoast-schema-graph\">{\"@context\":\"https:\/\/schema.org\",\"@graph\":[{\"@type\":\"Article\",\"@id\":\"https:\/\/blogs.funiber.org\/pt\/gerontologia\/2017\/11\/23\/funiber-fase-alzheimer#article\",\"isPartOf\":{\"@id\":\"https:\/\/blogs.funiber.org\/pt\/gerontologia\/2017\/11\/23\/funiber-fase-alzheimer\"},\"author\":{\"name\":\"Michelle\",\"@id\":\"https:\/\/blogs.funiber.org\/pt\/#\/schema\/person\/a1eaaa5e57eac866a8c5946946bcf80d\"},\"headline\":\"Pesquisadores conseguem replicar a fase silenciosa do Alzheimer\",\"datePublished\":\"2017-11-23T14:34:56+00:00\",\"dateModified\":\"2017-11-23T14:34:56+00:00\",\"mainEntityOfPage\":{\"@id\":\"https:\/\/blogs.funiber.org\/pt\/gerontologia\/2017\/11\/23\/funiber-fase-alzheimer\"},\"wordCount\":374,\"publisher\":{\"@id\":\"https:\/\/blogs.funiber.org\/pt\/#organization\"},\"keywords\":[\"acompanhamento\",\"Alzheimer\",\"Bolsas\",\"Dem\u00eancia\",\"Diagn\u00f3stico\",\"Doen\u00e7a\",\"Doutorado\",\"Educa\u00e7\u00e3o\",\"Educa\u00e7\u00e3o a Dist\u00e2ncia\",\"Estudos\",\"fases da doen\u00e7a\",\"Funiber\",\"FUNIBER Opini\u00f5es\",\"gerontologia\",\"mestrado\",\"Opini\u00e3o FUNIBER\",\"Opini\u00f5es Funiber\",\"Preven\u00e7\u00e3o\"],\"articleSection\":[\"Gerontologia\"],\"inLanguage\":\"pt-BR\"},{\"@type\":\"WebPage\",\"@id\":\"https:\/\/blogs.funiber.org\/pt\/gerontologia\/2017\/11\/23\/funiber-fase-alzheimer\",\"url\":\"https:\/\/blogs.funiber.org\/pt\/gerontologia\/2017\/11\/23\/funiber-fase-alzheimer\",\"name\":\"Pesquisadores conseguem replicar a fase silenciosa do Alzheimer\",\"isPartOf\":{\"@id\":\"https:\/\/blogs.funiber.org\/pt\/#website\"},\"datePublished\":\"2017-11-23T14:34:56+00:00\",\"dateModified\":\"2017-11-23T14:34:56+00:00\",\"description\":\"Um grupo de cientistas criou um modelo capaz de reproduzir a chamada fase silenciosa do Alzheimer, iniciada 20 anos antes da apari\u00e7\u00e3o da doen\u00e7a. Isto permitir\u00e1 o desenvolvimento de novos medicamentos para tratar a doen\u00e7a\",\"breadcrumb\":{\"@id\":\"https:\/\/blogs.funiber.org\/pt\/gerontologia\/2017\/11\/23\/funiber-fase-alzheimer#breadcrumb\"},\"inLanguage\":\"pt-BR\",\"potentialAction\":[{\"@type\":\"ReadAction\",\"target\":[\"https:\/\/blogs.funiber.org\/pt\/gerontologia\/2017\/11\/23\/funiber-fase-alzheimer\"]}]},{\"@type\":\"BreadcrumbList\",\"@id\":\"https:\/\/blogs.funiber.org\/pt\/gerontologia\/2017\/11\/23\/funiber-fase-alzheimer#breadcrumb\",\"itemListElement\":[{\"@type\":\"ListItem\",\"position\":1,\"name\":\"In\u00edcio\",\"item\":\"https:\/\/blogs.funiber.org\/pt\"},{\"@type\":\"ListItem\",\"position\":2,\"name\":\"Pesquisadores conseguem replicar a fase silenciosa do Alzheimer\"}]},{\"@type\":\"WebSite\",\"@id\":\"https:\/\/blogs.funiber.org\/pt\/#website\",\"url\":\"https:\/\/blogs.funiber.org\/pt\/\",\"name\":\"FuniBlogs - FUNIBER\",\"description\":\"\",\"publisher\":{\"@id\":\"https:\/\/blogs.funiber.org\/pt\/#organization\"},\"potentialAction\":[{\"@type\":\"SearchAction\",\"target\":{\"@type\":\"EntryPoint\",\"urlTemplate\":\"https:\/\/blogs.funiber.org\/pt\/?s={search_term_string}\"},\"query-input\":\"required name=search_term_string\"}],\"inLanguage\":\"pt-BR\"},{\"@type\":\"Organization\",\"@id\":\"https:\/\/blogs.funiber.org\/pt\/#organization\",\"name\":\"FuniBlogs - FUNIBER\",\"url\":\"https:\/\/blogs.funiber.org\/pt\/\",\"logo\":{\"@type\":\"ImageObject\",\"inLanguage\":\"pt-BR\",\"@id\":\"https:\/\/blogs.funiber.org\/pt\/#\/schema\/logo\/image\/\",\"url\":\"https:\/\/www.funiber.blog\/pt\/wp-content\/uploads\/2022\/02\/logo-funiber-pt-br-v-dos.svg\",\"contentUrl\":\"https:\/\/www.funiber.blog\/pt\/wp-content\/uploads\/2022\/02\/logo-funiber-pt-br-v-dos.svg\",\"width\":1,\"height\":1,\"caption\":\"FuniBlogs - FUNIBER\"},\"image\":{\"@id\":\"https:\/\/blogs.funiber.org\/pt\/#\/schema\/logo\/image\/\"},\"sameAs\":[\"https:\/\/www.facebook.com\/funiber\",\"https:\/\/twitter.com\/FUNIBER\",\"https:\/\/www.instagram.com\/funiber_becas\",\"https:\/\/www.youtube.com\/user\/funiber\",\"https:\/\/www.linkedin.com\/company\/funiber\"]},{\"@type\":\"Person\",\"@id\":\"https:\/\/blogs.funiber.org\/pt\/#\/schema\/person\/a1eaaa5e57eac866a8c5946946bcf80d\",\"name\":\"Michelle\",\"image\":{\"@type\":\"ImageObject\",\"inLanguage\":\"pt-BR\",\"@id\":\"https:\/\/blogs.funiber.org\/pt\/#\/schema\/person\/image\/\",\"url\":\"https:\/\/secure.gravatar.com\/avatar\/5e87041f7609dc50493cf216754fece1?s=96&d=mm&r=g\",\"contentUrl\":\"https:\/\/secure.gravatar.com\/avatar\/5e87041f7609dc50493cf216754fece1?s=96&d=mm&r=g\",\"caption\":\"Michelle\"},\"url\":\"https:\/\/www.funiber.blog\/pt\/author\/michelle-moreira\"}]}<\/script>\n<!-- \/ Yoast SEO plugin. -->","yoast_head_json":{"title":"Pesquisadores conseguem replicar a fase silenciosa do Alzheimer","description":"Um grupo de cientistas criou um modelo capaz de reproduzir a chamada fase silenciosa do Alzheimer, iniciada 20 anos antes da apari\u00e7\u00e3o da doen\u00e7a. Isto permitir\u00e1 o desenvolvimento de novos medicamentos para tratar a doen\u00e7a","robots":{"index":"index","follow":"follow","max-snippet":"max-snippet:-1","max-image-preview":"max-image-preview:large","max-video-preview":"max-video-preview:-1"},"canonical":"https:\/\/blogs.funiber.org\/pt\/gerontologia\/2017\/11\/23\/funiber-fase-alzheimer","og_locale":"pt_BR","og_type":"article","og_title":"Pesquisadores conseguem replicar a fase silenciosa do Alzheimer","og_description":"Um grupo de cientistas criou um modelo capaz de reproduzir a chamada fase silenciosa do Alzheimer, iniciada 20 anos antes da apari\u00e7\u00e3o da doen\u00e7a. Isto permitir\u00e1 o desenvolvimento de novos medicamentos para tratar a doen\u00e7a","og_url":"https:\/\/blogs.funiber.org\/pt\/gerontologia\/2017\/11\/23\/funiber-fase-alzheimer","og_site_name":"FuniBlogs - FUNIBER","article_publisher":"https:\/\/www.facebook.com\/funiber","article_published_time":"2017-11-23T14:34:56+00:00","og_image":[{"width":640,"height":427,"url":"https:\/\/blogs.funiber.org\/pt\/wp-content\/uploads\/2017\/11\/FUNIBER-alzheimer.jpg","type":"image\/jpeg"}],"author":"Michelle","twitter_card":"summary_large_image","twitter_creator":"@FUNIBER","twitter_site":"@FUNIBER","twitter_misc":{"Escrito por":"Michelle","Est. tempo de leitura":"2 minutos"},"schema":{"@context":"https:\/\/schema.org","@graph":[{"@type":"Article","@id":"https:\/\/blogs.funiber.org\/pt\/gerontologia\/2017\/11\/23\/funiber-fase-alzheimer#article","isPartOf":{"@id":"https:\/\/blogs.funiber.org\/pt\/gerontologia\/2017\/11\/23\/funiber-fase-alzheimer"},"author":{"name":"Michelle","@id":"https:\/\/blogs.funiber.org\/pt\/#\/schema\/person\/a1eaaa5e57eac866a8c5946946bcf80d"},"headline":"Pesquisadores conseguem replicar a fase silenciosa do Alzheimer","datePublished":"2017-11-23T14:34:56+00:00","dateModified":"2017-11-23T14:34:56+00:00","mainEntityOfPage":{"@id":"https:\/\/blogs.funiber.org\/pt\/gerontologia\/2017\/11\/23\/funiber-fase-alzheimer"},"wordCount":374,"publisher":{"@id":"https:\/\/blogs.funiber.org\/pt\/#organization"},"keywords":["acompanhamento","Alzheimer","Bolsas","Dem\u00eancia","Diagn\u00f3stico","Doen\u00e7a","Doutorado","Educa\u00e7\u00e3o","Educa\u00e7\u00e3o a Dist\u00e2ncia","Estudos","fases da doen\u00e7a","Funiber","FUNIBER Opini\u00f5es","gerontologia","mestrado","Opini\u00e3o FUNIBER","Opini\u00f5es Funiber","Preven\u00e7\u00e3o"],"articleSection":["Gerontologia"],"inLanguage":"pt-BR"},{"@type":"WebPage","@id":"https:\/\/blogs.funiber.org\/pt\/gerontologia\/2017\/11\/23\/funiber-fase-alzheimer","url":"https:\/\/blogs.funiber.org\/pt\/gerontologia\/2017\/11\/23\/funiber-fase-alzheimer","name":"Pesquisadores conseguem replicar a fase silenciosa do Alzheimer","isPartOf":{"@id":"https:\/\/blogs.funiber.org\/pt\/#website"},"datePublished":"2017-11-23T14:34:56+00:00","dateModified":"2017-11-23T14:34:56+00:00","description":"Um grupo de cientistas criou um modelo capaz de reproduzir a chamada fase silenciosa do Alzheimer, iniciada 20 anos antes da apari\u00e7\u00e3o da doen\u00e7a. Isto permitir\u00e1 o desenvolvimento de novos medicamentos para tratar a doen\u00e7a","breadcrumb":{"@id":"https:\/\/blogs.funiber.org\/pt\/gerontologia\/2017\/11\/23\/funiber-fase-alzheimer#breadcrumb"},"inLanguage":"pt-BR","potentialAction":[{"@type":"ReadAction","target":["https:\/\/blogs.funiber.org\/pt\/gerontologia\/2017\/11\/23\/funiber-fase-alzheimer"]}]},{"@type":"BreadcrumbList","@id":"https:\/\/blogs.funiber.org\/pt\/gerontologia\/2017\/11\/23\/funiber-fase-alzheimer#breadcrumb","itemListElement":[{"@type":"ListItem","position":1,"name":"In\u00edcio","item":"https:\/\/blogs.funiber.org\/pt"},{"@type":"ListItem","position":2,"name":"Pesquisadores conseguem replicar a fase silenciosa do Alzheimer"}]},{"@type":"WebSite","@id":"https:\/\/blogs.funiber.org\/pt\/#website","url":"https:\/\/blogs.funiber.org\/pt\/","name":"FuniBlogs - FUNIBER","description":"","publisher":{"@id":"https:\/\/blogs.funiber.org\/pt\/#organization"},"potentialAction":[{"@type":"SearchAction","target":{"@type":"EntryPoint","urlTemplate":"https:\/\/blogs.funiber.org\/pt\/?s={search_term_string}"},"query-input":"required name=search_term_string"}],"inLanguage":"pt-BR"},{"@type":"Organization","@id":"https:\/\/blogs.funiber.org\/pt\/#organization","name":"FuniBlogs - FUNIBER","url":"https:\/\/blogs.funiber.org\/pt\/","logo":{"@type":"ImageObject","inLanguage":"pt-BR","@id":"https:\/\/blogs.funiber.org\/pt\/#\/schema\/logo\/image\/","url":"https:\/\/www.funiber.blog\/pt\/wp-content\/uploads\/2022\/02\/logo-funiber-pt-br-v-dos.svg","contentUrl":"https:\/\/www.funiber.blog\/pt\/wp-content\/uploads\/2022\/02\/logo-funiber-pt-br-v-dos.svg","width":1,"height":1,"caption":"FuniBlogs - FUNIBER"},"image":{"@id":"https:\/\/blogs.funiber.org\/pt\/#\/schema\/logo\/image\/"},"sameAs":["https:\/\/www.facebook.com\/funiber","https:\/\/twitter.com\/FUNIBER","https:\/\/www.instagram.com\/funiber_becas","https:\/\/www.youtube.com\/user\/funiber","https:\/\/www.linkedin.com\/company\/funiber"]},{"@type":"Person","@id":"https:\/\/blogs.funiber.org\/pt\/#\/schema\/person\/a1eaaa5e57eac866a8c5946946bcf80d","name":"Michelle","image":{"@type":"ImageObject","inLanguage":"pt-BR","@id":"https:\/\/blogs.funiber.org\/pt\/#\/schema\/person\/image\/","url":"https:\/\/secure.gravatar.com\/avatar\/5e87041f7609dc50493cf216754fece1?s=96&d=mm&r=g","contentUrl":"https:\/\/secure.gravatar.com\/avatar\/5e87041f7609dc50493cf216754fece1?s=96&d=mm&r=g","caption":"Michelle"},"url":"https:\/\/www.funiber.blog\/pt\/author\/michelle-moreira"}]}},"jetpack_featured_media_url":"https:\/\/www.funiber.blog\/pt\/wp-content\/uploads\/2017\/11\/FUNIBER-alzheimer.jpg","jetpack_shortlink":"https:\/\/wp.me\/p7ee1t-3Ni","jetpack_sharing_enabled":true,"_links":{"self":[{"href":"https:\/\/www.funiber.blog\/pt\/wp-json\/wp\/v2\/posts\/14588"}],"collection":[{"href":"https:\/\/www.funiber.blog\/pt\/wp-json\/wp\/v2\/posts"}],"about":[{"href":"https:\/\/www.funiber.blog\/pt\/wp-json\/wp\/v2\/types\/post"}],"author":[{"embeddable":true,"href":"https:\/\/www.funiber.blog\/pt\/wp-json\/wp\/v2\/users\/10"}],"replies":[{"embeddable":true,"href":"https:\/\/www.funiber.blog\/pt\/wp-json\/wp\/v2\/comments?post=14588"}],"version-history":[{"count":1,"href":"https:\/\/www.funiber.blog\/pt\/wp-json\/wp\/v2\/posts\/14588\/revisions"}],"predecessor-version":[{"id":14590,"href":"https:\/\/www.funiber.blog\/pt\/wp-json\/wp\/v2\/posts\/14588\/revisions\/14590"}],"wp:featuredmedia":[{"embeddable":true,"href":"https:\/\/www.funiber.blog\/pt\/wp-json\/wp\/v2\/media\/14589"}],"wp:attachment":[{"href":"https:\/\/www.funiber.blog\/pt\/wp-json\/wp\/v2\/media?parent=14588"}],"wp:term":[{"taxonomy":"category","embeddable":true,"href":"https:\/\/www.funiber.blog\/pt\/wp-json\/wp\/v2\/categories?post=14588"},{"taxonomy":"post_tag","embeddable":true,"href":"https:\/\/www.funiber.blog\/pt\/wp-json\/wp\/v2\/tags?post=14588"}],"curies":[{"name":"wp","href":"https:\/\/api.w.org\/{rel}","templated":true}]}}