{"id":14714,"date":"2017-12-13T11:49:34","date_gmt":"2017-12-13T11:49:34","guid":{"rendered":"https:\/\/blogs.funiber.org\/pt\/?p=14714"},"modified":"2017-12-11T11:52:56","modified_gmt":"2017-12-11T11:52:56","slug":"funiber-alteracoes-sono","status":"publish","type":"post","link":"https:\/\/www.funiber.blog\/pt\/gerontologia\/2017\/12\/13\/funiber-alteracoes-sono","title":{"rendered":"Apontada rela\u00e7\u00e3o entre determinadas altera\u00e7\u00f5es do sono e o Alzheimer"},"content":{"rendered":"<h2><strong>Uma pesquisa realizada pela\u00a0<\/strong><a href=\"https:\/\/es.linkedin.com\/in\/mayely-paola-s%C3%A1nchez-espinosa-a602a5129\" target=\"_blank\" rel=\"noopener\"><strong>Dra. Mayely Paola S\u00e1nchez Espinosa<\/strong><\/a><strong>\u00a0relacionou as altera\u00e7\u00f5es do sono sofridas pelas pessoas com degenera\u00e7\u00e3o cognitiva leve com a doen\u00e7a de Alzheimer<\/strong><\/h2>\n<p>A detec\u00e7\u00e3o precoce do Alzheimer \u00e9 o elemento principal para combater a doen\u00e7a. Por isso, \u00e9 importante descobrir sua presen\u00e7a antes de que chegue a ser manifestada no paciente. Neste sentido, a Dra. S\u00e1nchez Espinosa, da Universidade Pablo de Olavide (Espanha), apresentou recentemente sua tese de doutorado. O objetivo da mesma foi averiguar se os dist\u00farbios do sono sofridos pelas pessoas que apresentam uma degenera\u00e7\u00e3o cognitiva caracterizada como leve podiam ter rela\u00e7\u00e3o com o desenvolvimento do Alzheimer.<!--more--><\/p>\n<p>A este respeito, o estudo concluiu que as altera\u00e7\u00f5es na fase do sono REM poderiam refletir uma s\u00e9rie de disfun\u00e7\u00f5es caracter\u00edsticas do Alzheimer. Al\u00e9m disso, S\u00e1nchez determinou que o aumento dos n\u00edveis circulantes de homociste\u00edna (HCY) e a diminui\u00e7\u00e3o da capacidade antioxidante total (TAC) ocorrem no paciente da fase pr\u00e9via ao desenvolvimento da doen\u00e7a.<\/p>\n<p>Por outro lado, a pesquisadora detectou um aumento na concentra\u00e7\u00e3o plasm\u00e1tica de certas placas de beta amiloide (A\u03b2). Sua presen\u00e7a tamb\u00e9m poderia estar conectada com a apari\u00e7\u00e3o do Alzheimer. Assim, S\u00e1nchez manifestou que \u201cdado que estes achados n\u00e3o foram observados no grupo controle, poderiam estar refletindo processos relacionados com a patofisiologia da doen\u00e7a de Alzheimer\u201d.<\/p>\n<p>Igualmente, o estudo abre a porta a novas vias de pesquisa sobre como melhorar o sono e reduzir o dano oxidativo nas pessoas que apresentam uma degenera\u00e7\u00e3o cognitiva leve.<\/p>\n<p>O\u00a0<a href=\"http:\/\/www.funiber.org.br\/mestrado-em-gerontologia\" target=\"_blank\" rel=\"noopener\">Mestrado em Gerontologia<\/a>\u00a0patrocinado pela\u00a0<a href=\"http:\/\/www.funiber.org.br\/\" target=\"_blank\" rel=\"noopener\">FUNIBER<\/a>\u00a0oferece uma oportunidade aos profissionais do setor para atualizar seus conhecimentos. Desta forma, estar\u00e3o capacitados para atender melhor \u00e0s pessoas com dem\u00eancia e degenera\u00e7\u00e3o cognitiva, tanto da perspectiva sanit\u00e1ria quanto da sociocultural.<\/p>\n<p>E voc\u00ea, o que opina? Considera que pesquisas deste tipo podem contribuir ao desenvolvimento de um tratamento eficaz para o Alzheimer a longo prazo?<\/p>\n<p>Fonte:\u00a0<a href=\"https:\/\/rio.upo.es\/xmlui\/handle\/10433\/4787\" target=\"_blank\" rel=\"noopener\">Relaci\u00f3n entre las alteraciones del sue\u00f1o, cambios de la estructura cortical y marcadores en sangre perif\u00e9rica en personas mayores con deterioro cognitivo leve<\/a><\/p>\n<p>Foto: Todos os direitos reservados<\/p>\n","protected":false},"excerpt":{"rendered":"<p>Uma pesquisa realizada pela\u00a0Dra. Mayely Paola S\u00e1nchez Espinosa\u00a0relacionou as altera\u00e7\u00f5es do sono sofridas pelas pessoas com degenera\u00e7\u00e3o cognitiva leve com a doen\u00e7a de Alzheimer A detec\u00e7\u00e3o precoce do Alzheimer \u00e9 o elemento principal para combater a doen\u00e7a. Por isso, \u00e9 importante descobrir sua presen\u00e7a antes de que chegue a ser manifestada no paciente. Neste sentido, [&hellip;]<\/p>\n","protected":false},"author":10,"featured_media":14715,"comment_status":"closed","ping_status":"closed","sticky":false,"template":"","format":"standard","meta":{"jetpack_post_was_ever_published":false,"_jetpack_newsletter_access":"","_jetpack_newsletter_tier_id":0,"footnotes":"","jetpack_publicize_message":"","jetpack_is_tweetstorm":false,"jetpack_publicize_feature_enabled":true,"jetpack_social_post_already_shared":true,"jetpack_social_options":{"image_generator_settings":{"template":"highway","enabled":false}}},"categories":[1],"tags":[108,1242,285,408,100,119,248,911,739,267,671,255,113,309],"jetpack_publicize_connections":[],"yoast_head":"<!-- This site is optimized with the Yoast SEO plugin v21.7 - https:\/\/yoast.com\/wordpress\/plugins\/seo\/ -->\n<title>Rela\u00e7\u00e3o entre determinadas altera\u00e7\u00f5es do sono e o Alzheimer<\/title>\n<meta name=\"description\" content=\"Uma pesquisa realizada pela\u00a0Dra. Mayely Paola S\u00e1nchez Espinosa\u00a0relacionou as altera\u00e7\u00f5es do sono sofridas pelas pessoas com degenera\u00e7\u00e3o cognitiva leve com a doen\u00e7a de Alzheimer\" \/>\n<meta name=\"robots\" content=\"index, follow, max-snippet:-1, max-image-preview:large, max-video-preview:-1\" \/>\n<link rel=\"canonical\" href=\"https:\/\/blogs.funiber.org\/pt\/gerontologia\/2017\/12\/13\/funiber-alteracoes-sono\" \/>\n<meta property=\"og:locale\" content=\"pt_BR\" \/>\n<meta property=\"og:type\" content=\"article\" \/>\n<meta property=\"og:title\" content=\"Rela\u00e7\u00e3o entre determinadas altera\u00e7\u00f5es do sono e o Alzheimer\" \/>\n<meta property=\"og:description\" content=\"Uma pesquisa realizada pela\u00a0Dra. Mayely Paola S\u00e1nchez Espinosa\u00a0relacionou as altera\u00e7\u00f5es do sono sofridas pelas pessoas com degenera\u00e7\u00e3o cognitiva leve com a doen\u00e7a de Alzheimer\" \/>\n<meta property=\"og:url\" content=\"https:\/\/blogs.funiber.org\/pt\/gerontologia\/2017\/12\/13\/funiber-alteracoes-sono\" \/>\n<meta property=\"og:site_name\" content=\"FuniBlogs - FUNIBER\" \/>\n<meta property=\"article:publisher\" content=\"https:\/\/www.facebook.com\/funiber\" \/>\n<meta property=\"article:published_time\" content=\"2017-12-13T11:49:34+00:00\" \/>\n<meta property=\"article:modified_time\" content=\"2017-12-11T11:52:56+00:00\" \/>\n<meta property=\"og:image\" content=\"https:\/\/blogs.funiber.org\/pt\/wp-content\/uploads\/2017\/12\/funiber-sono-alzheimer.jpg\" \/>\n\t<meta property=\"og:image:width\" content=\"640\" \/>\n\t<meta property=\"og:image:height\" content=\"427\" \/>\n\t<meta property=\"og:image:type\" content=\"image\/jpeg\" \/>\n<meta name=\"author\" content=\"Michelle\" \/>\n<meta name=\"twitter:card\" content=\"summary_large_image\" \/>\n<meta name=\"twitter:creator\" content=\"@FUNIBER\" \/>\n<meta name=\"twitter:site\" content=\"@FUNIBER\" \/>\n<meta name=\"twitter:label1\" content=\"Escrito por\" \/>\n\t<meta name=\"twitter:data1\" content=\"Michelle\" \/>\n\t<meta name=\"twitter:label2\" content=\"Est. tempo de leitura\" \/>\n\t<meta name=\"twitter:data2\" content=\"2 minutos\" \/>\n<script type=\"application\/ld+json\" class=\"yoast-schema-graph\">{\"@context\":\"https:\/\/schema.org\",\"@graph\":[{\"@type\":\"Article\",\"@id\":\"https:\/\/blogs.funiber.org\/pt\/gerontologia\/2017\/12\/13\/funiber-alteracoes-sono#article\",\"isPartOf\":{\"@id\":\"https:\/\/blogs.funiber.org\/pt\/gerontologia\/2017\/12\/13\/funiber-alteracoes-sono\"},\"author\":{\"name\":\"Michelle\",\"@id\":\"https:\/\/blogs.funiber.org\/pt\/#\/schema\/person\/a1eaaa5e57eac866a8c5946946bcf80d\"},\"headline\":\"Apontada rela\u00e7\u00e3o entre determinadas altera\u00e7\u00f5es do sono e o Alzheimer\",\"datePublished\":\"2017-12-13T11:49:34+00:00\",\"dateModified\":\"2017-12-11T11:52:56+00:00\",\"mainEntityOfPage\":{\"@id\":\"https:\/\/blogs.funiber.org\/pt\/gerontologia\/2017\/12\/13\/funiber-alteracoes-sono\"},\"wordCount\":381,\"publisher\":{\"@id\":\"https:\/\/blogs.funiber.org\/pt\/#organization\"},\"keywords\":[\"Alzheimer\",\"Bolsas\",\"Educa\u00e7\u00e3o\",\"Educa\u00e7\u00e3o a Dist\u00e2ncia\",\"Envelhecimento\",\"Estudos\",\"Funiber\",\"FUNIBER Opini\u00f5es\",\"gerontologia\",\"Idosos\",\"mestrado\",\"Opini\u00f5es Funiber\",\"Sa\u00fade\",\"Sono\"],\"articleSection\":[\"Gerontologia\"],\"inLanguage\":\"pt-BR\"},{\"@type\":\"WebPage\",\"@id\":\"https:\/\/blogs.funiber.org\/pt\/gerontologia\/2017\/12\/13\/funiber-alteracoes-sono\",\"url\":\"https:\/\/blogs.funiber.org\/pt\/gerontologia\/2017\/12\/13\/funiber-alteracoes-sono\",\"name\":\"Rela\u00e7\u00e3o entre determinadas altera\u00e7\u00f5es do sono e o Alzheimer\",\"isPartOf\":{\"@id\":\"https:\/\/blogs.funiber.org\/pt\/#website\"},\"datePublished\":\"2017-12-13T11:49:34+00:00\",\"dateModified\":\"2017-12-11T11:52:56+00:00\",\"description\":\"Uma pesquisa realizada pela\u00a0Dra. Mayely Paola S\u00e1nchez Espinosa\u00a0relacionou as altera\u00e7\u00f5es do sono sofridas pelas pessoas com degenera\u00e7\u00e3o cognitiva leve com a doen\u00e7a de Alzheimer\",\"breadcrumb\":{\"@id\":\"https:\/\/blogs.funiber.org\/pt\/gerontologia\/2017\/12\/13\/funiber-alteracoes-sono#breadcrumb\"},\"inLanguage\":\"pt-BR\",\"potentialAction\":[{\"@type\":\"ReadAction\",\"target\":[\"https:\/\/blogs.funiber.org\/pt\/gerontologia\/2017\/12\/13\/funiber-alteracoes-sono\"]}]},{\"@type\":\"BreadcrumbList\",\"@id\":\"https:\/\/blogs.funiber.org\/pt\/gerontologia\/2017\/12\/13\/funiber-alteracoes-sono#breadcrumb\",\"itemListElement\":[{\"@type\":\"ListItem\",\"position\":1,\"name\":\"In\u00edcio\",\"item\":\"https:\/\/blogs.funiber.org\/pt\"},{\"@type\":\"ListItem\",\"position\":2,\"name\":\"Apontada rela\u00e7\u00e3o entre determinadas altera\u00e7\u00f5es do sono e o Alzheimer\"}]},{\"@type\":\"WebSite\",\"@id\":\"https:\/\/blogs.funiber.org\/pt\/#website\",\"url\":\"https:\/\/blogs.funiber.org\/pt\/\",\"name\":\"FuniBlogs - FUNIBER\",\"description\":\"\",\"publisher\":{\"@id\":\"https:\/\/blogs.funiber.org\/pt\/#organization\"},\"potentialAction\":[{\"@type\":\"SearchAction\",\"target\":{\"@type\":\"EntryPoint\",\"urlTemplate\":\"https:\/\/blogs.funiber.org\/pt\/?s={search_term_string}\"},\"query-input\":\"required name=search_term_string\"}],\"inLanguage\":\"pt-BR\"},{\"@type\":\"Organization\",\"@id\":\"https:\/\/blogs.funiber.org\/pt\/#organization\",\"name\":\"FuniBlogs - FUNIBER\",\"url\":\"https:\/\/blogs.funiber.org\/pt\/\",\"logo\":{\"@type\":\"ImageObject\",\"inLanguage\":\"pt-BR\",\"@id\":\"https:\/\/blogs.funiber.org\/pt\/#\/schema\/logo\/image\/\",\"url\":\"https:\/\/www.funiber.blog\/pt\/wp-content\/uploads\/2022\/02\/logo-funiber-pt-br-v-dos.svg\",\"contentUrl\":\"https:\/\/www.funiber.blog\/pt\/wp-content\/uploads\/2022\/02\/logo-funiber-pt-br-v-dos.svg\",\"width\":1,\"height\":1,\"caption\":\"FuniBlogs - FUNIBER\"},\"image\":{\"@id\":\"https:\/\/blogs.funiber.org\/pt\/#\/schema\/logo\/image\/\"},\"sameAs\":[\"https:\/\/www.facebook.com\/funiber\",\"https:\/\/twitter.com\/FUNIBER\",\"https:\/\/www.instagram.com\/funiber_becas\",\"https:\/\/www.youtube.com\/user\/funiber\",\"https:\/\/www.linkedin.com\/company\/funiber\"]},{\"@type\":\"Person\",\"@id\":\"https:\/\/blogs.funiber.org\/pt\/#\/schema\/person\/a1eaaa5e57eac866a8c5946946bcf80d\",\"name\":\"Michelle\",\"image\":{\"@type\":\"ImageObject\",\"inLanguage\":\"pt-BR\",\"@id\":\"https:\/\/blogs.funiber.org\/pt\/#\/schema\/person\/image\/\",\"url\":\"https:\/\/secure.gravatar.com\/avatar\/5e87041f7609dc50493cf216754fece1?s=96&d=mm&r=g\",\"contentUrl\":\"https:\/\/secure.gravatar.com\/avatar\/5e87041f7609dc50493cf216754fece1?s=96&d=mm&r=g\",\"caption\":\"Michelle\"},\"url\":\"https:\/\/www.funiber.blog\/pt\/author\/michelle-moreira\"}]}<\/script>\n<!-- \/ Yoast SEO plugin. -->","yoast_head_json":{"title":"Rela\u00e7\u00e3o entre determinadas altera\u00e7\u00f5es do sono e o Alzheimer","description":"Uma pesquisa realizada pela\u00a0Dra. Mayely Paola S\u00e1nchez Espinosa\u00a0relacionou as altera\u00e7\u00f5es do sono sofridas pelas pessoas com degenera\u00e7\u00e3o cognitiva leve com a doen\u00e7a de Alzheimer","robots":{"index":"index","follow":"follow","max-snippet":"max-snippet:-1","max-image-preview":"max-image-preview:large","max-video-preview":"max-video-preview:-1"},"canonical":"https:\/\/blogs.funiber.org\/pt\/gerontologia\/2017\/12\/13\/funiber-alteracoes-sono","og_locale":"pt_BR","og_type":"article","og_title":"Rela\u00e7\u00e3o entre determinadas altera\u00e7\u00f5es do sono e o Alzheimer","og_description":"Uma pesquisa realizada pela\u00a0Dra. Mayely Paola S\u00e1nchez Espinosa\u00a0relacionou as altera\u00e7\u00f5es do sono sofridas pelas pessoas com degenera\u00e7\u00e3o cognitiva leve com a doen\u00e7a de Alzheimer","og_url":"https:\/\/blogs.funiber.org\/pt\/gerontologia\/2017\/12\/13\/funiber-alteracoes-sono","og_site_name":"FuniBlogs - FUNIBER","article_publisher":"https:\/\/www.facebook.com\/funiber","article_published_time":"2017-12-13T11:49:34+00:00","article_modified_time":"2017-12-11T11:52:56+00:00","og_image":[{"width":640,"height":427,"url":"https:\/\/blogs.funiber.org\/pt\/wp-content\/uploads\/2017\/12\/funiber-sono-alzheimer.jpg","type":"image\/jpeg"}],"author":"Michelle","twitter_card":"summary_large_image","twitter_creator":"@FUNIBER","twitter_site":"@FUNIBER","twitter_misc":{"Escrito por":"Michelle","Est. tempo de leitura":"2 minutos"},"schema":{"@context":"https:\/\/schema.org","@graph":[{"@type":"Article","@id":"https:\/\/blogs.funiber.org\/pt\/gerontologia\/2017\/12\/13\/funiber-alteracoes-sono#article","isPartOf":{"@id":"https:\/\/blogs.funiber.org\/pt\/gerontologia\/2017\/12\/13\/funiber-alteracoes-sono"},"author":{"name":"Michelle","@id":"https:\/\/blogs.funiber.org\/pt\/#\/schema\/person\/a1eaaa5e57eac866a8c5946946bcf80d"},"headline":"Apontada rela\u00e7\u00e3o entre determinadas altera\u00e7\u00f5es do sono e o Alzheimer","datePublished":"2017-12-13T11:49:34+00:00","dateModified":"2017-12-11T11:52:56+00:00","mainEntityOfPage":{"@id":"https:\/\/blogs.funiber.org\/pt\/gerontologia\/2017\/12\/13\/funiber-alteracoes-sono"},"wordCount":381,"publisher":{"@id":"https:\/\/blogs.funiber.org\/pt\/#organization"},"keywords":["Alzheimer","Bolsas","Educa\u00e7\u00e3o","Educa\u00e7\u00e3o a Dist\u00e2ncia","Envelhecimento","Estudos","Funiber","FUNIBER Opini\u00f5es","gerontologia","Idosos","mestrado","Opini\u00f5es Funiber","Sa\u00fade","Sono"],"articleSection":["Gerontologia"],"inLanguage":"pt-BR"},{"@type":"WebPage","@id":"https:\/\/blogs.funiber.org\/pt\/gerontologia\/2017\/12\/13\/funiber-alteracoes-sono","url":"https:\/\/blogs.funiber.org\/pt\/gerontologia\/2017\/12\/13\/funiber-alteracoes-sono","name":"Rela\u00e7\u00e3o entre determinadas altera\u00e7\u00f5es do sono e o Alzheimer","isPartOf":{"@id":"https:\/\/blogs.funiber.org\/pt\/#website"},"datePublished":"2017-12-13T11:49:34+00:00","dateModified":"2017-12-11T11:52:56+00:00","description":"Uma pesquisa realizada pela\u00a0Dra. Mayely Paola S\u00e1nchez Espinosa\u00a0relacionou as altera\u00e7\u00f5es do sono sofridas pelas pessoas com degenera\u00e7\u00e3o cognitiva leve com a doen\u00e7a de Alzheimer","breadcrumb":{"@id":"https:\/\/blogs.funiber.org\/pt\/gerontologia\/2017\/12\/13\/funiber-alteracoes-sono#breadcrumb"},"inLanguage":"pt-BR","potentialAction":[{"@type":"ReadAction","target":["https:\/\/blogs.funiber.org\/pt\/gerontologia\/2017\/12\/13\/funiber-alteracoes-sono"]}]},{"@type":"BreadcrumbList","@id":"https:\/\/blogs.funiber.org\/pt\/gerontologia\/2017\/12\/13\/funiber-alteracoes-sono#breadcrumb","itemListElement":[{"@type":"ListItem","position":1,"name":"In\u00edcio","item":"https:\/\/blogs.funiber.org\/pt"},{"@type":"ListItem","position":2,"name":"Apontada rela\u00e7\u00e3o entre determinadas altera\u00e7\u00f5es do sono e o Alzheimer"}]},{"@type":"WebSite","@id":"https:\/\/blogs.funiber.org\/pt\/#website","url":"https:\/\/blogs.funiber.org\/pt\/","name":"FuniBlogs - FUNIBER","description":"","publisher":{"@id":"https:\/\/blogs.funiber.org\/pt\/#organization"},"potentialAction":[{"@type":"SearchAction","target":{"@type":"EntryPoint","urlTemplate":"https:\/\/blogs.funiber.org\/pt\/?s={search_term_string}"},"query-input":"required name=search_term_string"}],"inLanguage":"pt-BR"},{"@type":"Organization","@id":"https:\/\/blogs.funiber.org\/pt\/#organization","name":"FuniBlogs - FUNIBER","url":"https:\/\/blogs.funiber.org\/pt\/","logo":{"@type":"ImageObject","inLanguage":"pt-BR","@id":"https:\/\/blogs.funiber.org\/pt\/#\/schema\/logo\/image\/","url":"https:\/\/www.funiber.blog\/pt\/wp-content\/uploads\/2022\/02\/logo-funiber-pt-br-v-dos.svg","contentUrl":"https:\/\/www.funiber.blog\/pt\/wp-content\/uploads\/2022\/02\/logo-funiber-pt-br-v-dos.svg","width":1,"height":1,"caption":"FuniBlogs - FUNIBER"},"image":{"@id":"https:\/\/blogs.funiber.org\/pt\/#\/schema\/logo\/image\/"},"sameAs":["https:\/\/www.facebook.com\/funiber","https:\/\/twitter.com\/FUNIBER","https:\/\/www.instagram.com\/funiber_becas","https:\/\/www.youtube.com\/user\/funiber","https:\/\/www.linkedin.com\/company\/funiber"]},{"@type":"Person","@id":"https:\/\/blogs.funiber.org\/pt\/#\/schema\/person\/a1eaaa5e57eac866a8c5946946bcf80d","name":"Michelle","image":{"@type":"ImageObject","inLanguage":"pt-BR","@id":"https:\/\/blogs.funiber.org\/pt\/#\/schema\/person\/image\/","url":"https:\/\/secure.gravatar.com\/avatar\/5e87041f7609dc50493cf216754fece1?s=96&d=mm&r=g","contentUrl":"https:\/\/secure.gravatar.com\/avatar\/5e87041f7609dc50493cf216754fece1?s=96&d=mm&r=g","caption":"Michelle"},"url":"https:\/\/www.funiber.blog\/pt\/author\/michelle-moreira"}]}},"jetpack_featured_media_url":"https:\/\/www.funiber.blog\/pt\/wp-content\/uploads\/2017\/12\/funiber-sono-alzheimer.jpg","jetpack_shortlink":"https:\/\/wp.me\/p7ee1t-3Pk","jetpack_sharing_enabled":true,"_links":{"self":[{"href":"https:\/\/www.funiber.blog\/pt\/wp-json\/wp\/v2\/posts\/14714"}],"collection":[{"href":"https:\/\/www.funiber.blog\/pt\/wp-json\/wp\/v2\/posts"}],"about":[{"href":"https:\/\/www.funiber.blog\/pt\/wp-json\/wp\/v2\/types\/post"}],"author":[{"embeddable":true,"href":"https:\/\/www.funiber.blog\/pt\/wp-json\/wp\/v2\/users\/10"}],"replies":[{"embeddable":true,"href":"https:\/\/www.funiber.blog\/pt\/wp-json\/wp\/v2\/comments?post=14714"}],"version-history":[{"count":1,"href":"https:\/\/www.funiber.blog\/pt\/wp-json\/wp\/v2\/posts\/14714\/revisions"}],"predecessor-version":[{"id":14716,"href":"https:\/\/www.funiber.blog\/pt\/wp-json\/wp\/v2\/posts\/14714\/revisions\/14716"}],"wp:featuredmedia":[{"embeddable":true,"href":"https:\/\/www.funiber.blog\/pt\/wp-json\/wp\/v2\/media\/14715"}],"wp:attachment":[{"href":"https:\/\/www.funiber.blog\/pt\/wp-json\/wp\/v2\/media?parent=14714"}],"wp:term":[{"taxonomy":"category","embeddable":true,"href":"https:\/\/www.funiber.blog\/pt\/wp-json\/wp\/v2\/categories?post=14714"},{"taxonomy":"post_tag","embeddable":true,"href":"https:\/\/www.funiber.blog\/pt\/wp-json\/wp\/v2\/tags?post=14714"}],"curies":[{"name":"wp","href":"https:\/\/api.w.org\/{rel}","templated":true}]}}