{"id":14769,"date":"2017-12-15T12:24:12","date_gmt":"2017-12-15T12:24:12","guid":{"rendered":"https:\/\/blogs.funiber.org\/pt\/?p=14769"},"modified":"2017-12-15T12:29:13","modified_gmt":"2017-12-15T12:29:13","slug":"funiber-cuidar-solos","status":"publish","type":"post","link":"https:\/\/www.funiber.blog\/pt\/meio-ambiente\/2017\/12\/15\/funiber-cuidar-solos","title":{"rendered":"\u00c9 preciso cuidar dos solos"},"content":{"rendered":"<h2>Neste m\u00eas, a conscientiza\u00e7\u00e3o sobre a import\u00e2ncia dos solos para a humanidade e o meio ambiente ressalta a necessidade do manejo sustent\u00e1vel da terra<\/h2>\n<p>No m\u00eas de dezembro, o solo \u00e9 tema de debate. Em 2002, a <a href=\"http:\/\/www.iuss.org\/\" target=\"_blank\" rel=\"noopener\">Uni\u00e3o Internacional das Ci\u00eancias do Solo<\/a> elaborou uma resolu\u00e7\u00e3o declarando o dia 5 de dezembro como <strong>Dia Mundial do Solo<\/strong>. O objetivo da medida foi dar a merecida aten\u00e7\u00e3o a este recurso fundamental para a humanidade e o meio ambiente.<!--more--><\/p>\n<p>Apesar desta import\u00e2ncia vital, os solos n\u00e3o s\u00e3o vistos com a aten\u00e7\u00e3o que devem ter considerando o seu papel para a conserva\u00e7\u00e3o da biodiversidade. Entre os Objetivos do Desenvolvimento Sustent\u00e1vel, a gest\u00e3o dos solos deve ser vista como central para as iniciativas de conserva\u00e7\u00e3o.<\/p>\n<p>Por exemplo, devemos ter em conta a qualidade dos solos para a agricultura, o manejo adequado dos nutrientes e o cuidado com pr\u00e1ticas sustent\u00e1veis. O solo tamb\u00e9m oferece uma contribui\u00e7\u00e3o essencial para mitigar os efeitos da mudan\u00e7a clim\u00e1tica j\u00e1 que possui capacidade de absor\u00e7\u00e3o do carbono.<\/p>\n<p>Atualmente, estima-se que uma m\u00e9dia de 33% da superf\u00edcie dos solos de todo o mundo est\u00e1 deteriorada e que a cada ano, perde-se 2,7 bilh\u00f5es de toneladas de solo. Uma das principais consequ\u00eancias do descuido com a terra \u00e9 a desertifica\u00e7\u00e3o, um processo de empobrecimento dos solos e perda de umidade, especialmente em regi\u00e3o \u00e1ridas, semi\u00e1ridas e sub\u00famidas secas.<\/p>\n<p>A desertifica\u00e7\u00e3o pode ocorrer pela explora\u00e7\u00e3o exaustiva do solo pela atividade humana, ultrapassando a capacidade produtiva. Neste processo, que n\u00e3o ocorre em curto prazo, o solo fica cada vez mais est\u00e9ril. Os moradores abandonam a regi\u00e3o, provocando migra\u00e7\u00e3o.<\/p>\n<p>A <a href=\"http:\/\/www.funiber.org.br\/\" target=\"_blank\" rel=\"noopener\">FUNIBER<\/a> patrocina a <a href=\"https:\/\/www.funiber.org.br\/recuperacao-de-solos-contaminados\" target=\"_blank\" rel=\"noopener\">Especializa\u00e7\u00e3o em Recupera\u00e7\u00e3o de Solos Contaminados<\/a>, que proporciona ao aluno ferramentas para realizar estudos do meio e elaborar mapa de riscos que possam fornecer medidas corretivas e desenhar um projeto de recupera\u00e7\u00e3o para um solo contaminado.<\/p>\n<p>Fonte: <a href=\"http:\/\/www.cinu.mx\/eventos\/observancia\/dia-mundial-del-suelo\/\" target=\"_blank\" rel=\"noopener\">D\u00eda Mundial del Suelo<\/a><\/p>\n<p>Foto: Todos os direitos reservados<\/p>\n","protected":false},"excerpt":{"rendered":"<p>Neste m\u00eas, a conscientiza\u00e7\u00e3o sobre a import\u00e2ncia dos solos para a humanidade e o meio ambiente ressalta a necessidade do manejo sustent\u00e1vel da terra No m\u00eas de dezembro, o solo \u00e9 tema de debate. Em 2002, a Uni\u00e3o Internacional das Ci\u00eancias do Solo elaborou uma resolu\u00e7\u00e3o declarando o dia 5 de dezembro como Dia Mundial [&hellip;]<\/p>\n","protected":false},"author":10,"featured_media":14772,"comment_status":"closed","ping_status":"closed","sticky":false,"template":"","format":"standard","meta":{"jetpack_post_was_ever_published":false,"_jetpack_newsletter_access":"","_jetpack_newsletter_tier_id":0,"footnotes":"","jetpack_publicize_message":"","jetpack_is_tweetstorm":false,"jetpack_publicize_feature_enabled":true,"jetpack_social_post_already_shared":true,"jetpack_social_options":{"image_generator_settings":{"template":"highway","enabled":false}}},"categories":[2],"tags":[1242,2236,3267,285,408,119,248,911,835,671,641,255,1113,195,199,3268],"jetpack_publicize_connections":[],"yoast_head":"<!-- This site is optimized with the Yoast SEO plugin v21.7 - https:\/\/yoast.com\/wordpress\/plugins\/seo\/ -->\n<title>\u00c9 preciso cuidar dos solos<\/title>\n<meta name=\"description\" content=\"Neste m\u00eas, a conscientiza\u00e7\u00e3o sobre a import\u00e2ncia do solo para a humanidade e o meio ambiente ressalta a necessidade do manejo sustent\u00e1vel da terra\" \/>\n<meta name=\"robots\" content=\"noindex, nofollow\" \/>\n<meta property=\"og:locale\" content=\"pt_BR\" \/>\n<meta property=\"og:type\" content=\"article\" \/>\n<meta property=\"og:title\" content=\"\u00c9 preciso cuidar dos solos\" \/>\n<meta property=\"og:description\" content=\"Neste m\u00eas, a conscientiza\u00e7\u00e3o sobre a import\u00e2ncia do solo para a humanidade e o meio ambiente ressalta a necessidade do manejo sustent\u00e1vel da terra\" \/>\n<meta property=\"og:url\" content=\"https:\/\/blogs.funiber.org\/pt\/meio-ambiente\/2017\/12\/15\/funiber-cuidar-solos\" \/>\n<meta property=\"og:site_name\" content=\"FuniBlogs - FUNIBER\" \/>\n<meta property=\"article:publisher\" content=\"https:\/\/www.facebook.com\/funiber\" \/>\n<meta property=\"article:published_time\" content=\"2017-12-15T12:24:12+00:00\" \/>\n<meta property=\"article:modified_time\" content=\"2017-12-15T12:29:13+00:00\" \/>\n<meta property=\"og:image\" content=\"https:\/\/blogs.funiber.org\/pt\/wp-content\/uploads\/2017\/12\/funiber-solos.jpg\" \/>\n\t<meta property=\"og:image:width\" content=\"700\" \/>\n\t<meta property=\"og:image:height\" content=\"467\" \/>\n\t<meta property=\"og:image:type\" content=\"image\/jpeg\" \/>\n<meta name=\"author\" content=\"Michelle\" \/>\n<meta name=\"twitter:card\" content=\"summary_large_image\" \/>\n<meta name=\"twitter:creator\" content=\"@FUNIBER\" \/>\n<meta name=\"twitter:site\" content=\"@FUNIBER\" \/>\n<meta name=\"twitter:label1\" content=\"Escrito por\" \/>\n\t<meta name=\"twitter:data1\" content=\"Michelle\" \/>\n\t<meta name=\"twitter:label2\" content=\"Est. tempo de leitura\" \/>\n\t<meta name=\"twitter:data2\" content=\"2 minutos\" \/>\n<script type=\"application\/ld+json\" class=\"yoast-schema-graph\">{\"@context\":\"https:\/\/schema.org\",\"@graph\":[{\"@type\":\"Article\",\"@id\":\"https:\/\/blogs.funiber.org\/pt\/meio-ambiente\/2017\/12\/15\/funiber-cuidar-solos#article\",\"isPartOf\":{\"@id\":\"https:\/\/blogs.funiber.org\/pt\/meio-ambiente\/2017\/12\/15\/funiber-cuidar-solos\"},\"author\":{\"name\":\"Michelle\",\"@id\":\"https:\/\/blogs.funiber.org\/pt\/#\/schema\/person\/a1eaaa5e57eac866a8c5946946bcf80d\"},\"headline\":\"\u00c9 preciso cuidar dos solos\",\"datePublished\":\"2017-12-15T12:24:12+00:00\",\"dateModified\":\"2017-12-15T12:29:13+00:00\",\"mainEntityOfPage\":{\"@id\":\"https:\/\/blogs.funiber.org\/pt\/meio-ambiente\/2017\/12\/15\/funiber-cuidar-solos\"},\"wordCount\":354,\"publisher\":{\"@id\":\"https:\/\/blogs.funiber.org\/pt\/#organization\"},\"keywords\":[\"Bolsas\",\"desertifica\u00e7\u00e3o\",\"Dia Mundial dos Solos\",\"Educa\u00e7\u00e3o\",\"Educa\u00e7\u00e3o a Dist\u00e2ncia\",\"Estudos\",\"Funiber\",\"FUNIBER Opini\u00f5es\",\"Meio Ambiente\",\"mestrado\",\"Opini\u00e3o FUNIBER\",\"Opini\u00f5es Funiber\",\"Preserva\u00e7\u00e3o\",\"Recupera\u00e7\u00e3o\",\"Solos\",\"Solos contaminados\"],\"articleSection\":[\"Meio Ambiente\"],\"inLanguage\":\"pt-BR\"},{\"@type\":\"WebPage\",\"@id\":\"https:\/\/blogs.funiber.org\/pt\/meio-ambiente\/2017\/12\/15\/funiber-cuidar-solos\",\"url\":\"https:\/\/blogs.funiber.org\/pt\/meio-ambiente\/2017\/12\/15\/funiber-cuidar-solos\",\"name\":\"\u00c9 preciso cuidar dos solos\",\"isPartOf\":{\"@id\":\"https:\/\/blogs.funiber.org\/pt\/#website\"},\"datePublished\":\"2017-12-15T12:24:12+00:00\",\"dateModified\":\"2017-12-15T12:29:13+00:00\",\"description\":\"Neste m\u00eas, a conscientiza\u00e7\u00e3o sobre a import\u00e2ncia do solo para a humanidade e o meio ambiente ressalta a necessidade do manejo sustent\u00e1vel da terra\",\"breadcrumb\":{\"@id\":\"https:\/\/blogs.funiber.org\/pt\/meio-ambiente\/2017\/12\/15\/funiber-cuidar-solos#breadcrumb\"},\"inLanguage\":\"pt-BR\",\"potentialAction\":[{\"@type\":\"ReadAction\",\"target\":[\"https:\/\/blogs.funiber.org\/pt\/meio-ambiente\/2017\/12\/15\/funiber-cuidar-solos\"]}]},{\"@type\":\"BreadcrumbList\",\"@id\":\"https:\/\/blogs.funiber.org\/pt\/meio-ambiente\/2017\/12\/15\/funiber-cuidar-solos#breadcrumb\",\"itemListElement\":[{\"@type\":\"ListItem\",\"position\":1,\"name\":\"In\u00edcio\",\"item\":\"https:\/\/blogs.funiber.org\/pt\"},{\"@type\":\"ListItem\",\"position\":2,\"name\":\"\u00c9 preciso cuidar dos solos\"}]},{\"@type\":\"WebSite\",\"@id\":\"https:\/\/blogs.funiber.org\/pt\/#website\",\"url\":\"https:\/\/blogs.funiber.org\/pt\/\",\"name\":\"FuniBlogs - FUNIBER\",\"description\":\"\",\"publisher\":{\"@id\":\"https:\/\/blogs.funiber.org\/pt\/#organization\"},\"potentialAction\":[{\"@type\":\"SearchAction\",\"target\":{\"@type\":\"EntryPoint\",\"urlTemplate\":\"https:\/\/blogs.funiber.org\/pt\/?s={search_term_string}\"},\"query-input\":\"required name=search_term_string\"}],\"inLanguage\":\"pt-BR\"},{\"@type\":\"Organization\",\"@id\":\"https:\/\/blogs.funiber.org\/pt\/#organization\",\"name\":\"FuniBlogs - FUNIBER\",\"url\":\"https:\/\/blogs.funiber.org\/pt\/\",\"logo\":{\"@type\":\"ImageObject\",\"inLanguage\":\"pt-BR\",\"@id\":\"https:\/\/blogs.funiber.org\/pt\/#\/schema\/logo\/image\/\",\"url\":\"https:\/\/www.funiber.blog\/pt\/wp-content\/uploads\/2022\/02\/logo-funiber-pt-br-v-dos.svg\",\"contentUrl\":\"https:\/\/www.funiber.blog\/pt\/wp-content\/uploads\/2022\/02\/logo-funiber-pt-br-v-dos.svg\",\"width\":1,\"height\":1,\"caption\":\"FuniBlogs - FUNIBER\"},\"image\":{\"@id\":\"https:\/\/blogs.funiber.org\/pt\/#\/schema\/logo\/image\/\"},\"sameAs\":[\"https:\/\/www.facebook.com\/funiber\",\"https:\/\/twitter.com\/FUNIBER\",\"https:\/\/www.instagram.com\/funiber_becas\",\"https:\/\/www.youtube.com\/user\/funiber\",\"https:\/\/www.linkedin.com\/company\/funiber\"]},{\"@type\":\"Person\",\"@id\":\"https:\/\/blogs.funiber.org\/pt\/#\/schema\/person\/a1eaaa5e57eac866a8c5946946bcf80d\",\"name\":\"Michelle\",\"image\":{\"@type\":\"ImageObject\",\"inLanguage\":\"pt-BR\",\"@id\":\"https:\/\/blogs.funiber.org\/pt\/#\/schema\/person\/image\/\",\"url\":\"https:\/\/secure.gravatar.com\/avatar\/5e87041f7609dc50493cf216754fece1?s=96&d=mm&r=g\",\"contentUrl\":\"https:\/\/secure.gravatar.com\/avatar\/5e87041f7609dc50493cf216754fece1?s=96&d=mm&r=g\",\"caption\":\"Michelle\"},\"url\":\"https:\/\/www.funiber.blog\/pt\/author\/michelle-moreira\"}]}<\/script>\n<!-- \/ Yoast SEO plugin. -->","yoast_head_json":{"title":"\u00c9 preciso cuidar dos solos","description":"Neste m\u00eas, a conscientiza\u00e7\u00e3o sobre a import\u00e2ncia do solo para a humanidade e o meio ambiente ressalta a necessidade do manejo sustent\u00e1vel da terra","robots":{"index":"noindex","follow":"nofollow"},"og_locale":"pt_BR","og_type":"article","og_title":"\u00c9 preciso cuidar dos solos","og_description":"Neste m\u00eas, a conscientiza\u00e7\u00e3o sobre a import\u00e2ncia do solo para a humanidade e o meio ambiente ressalta a necessidade do manejo sustent\u00e1vel da terra","og_url":"https:\/\/blogs.funiber.org\/pt\/meio-ambiente\/2017\/12\/15\/funiber-cuidar-solos","og_site_name":"FuniBlogs - FUNIBER","article_publisher":"https:\/\/www.facebook.com\/funiber","article_published_time":"2017-12-15T12:24:12+00:00","article_modified_time":"2017-12-15T12:29:13+00:00","og_image":[{"width":700,"height":467,"url":"https:\/\/blogs.funiber.org\/pt\/wp-content\/uploads\/2017\/12\/funiber-solos.jpg","type":"image\/jpeg"}],"author":"Michelle","twitter_card":"summary_large_image","twitter_creator":"@FUNIBER","twitter_site":"@FUNIBER","twitter_misc":{"Escrito por":"Michelle","Est. tempo de leitura":"2 minutos"},"schema":{"@context":"https:\/\/schema.org","@graph":[{"@type":"Article","@id":"https:\/\/blogs.funiber.org\/pt\/meio-ambiente\/2017\/12\/15\/funiber-cuidar-solos#article","isPartOf":{"@id":"https:\/\/blogs.funiber.org\/pt\/meio-ambiente\/2017\/12\/15\/funiber-cuidar-solos"},"author":{"name":"Michelle","@id":"https:\/\/blogs.funiber.org\/pt\/#\/schema\/person\/a1eaaa5e57eac866a8c5946946bcf80d"},"headline":"\u00c9 preciso cuidar dos solos","datePublished":"2017-12-15T12:24:12+00:00","dateModified":"2017-12-15T12:29:13+00:00","mainEntityOfPage":{"@id":"https:\/\/blogs.funiber.org\/pt\/meio-ambiente\/2017\/12\/15\/funiber-cuidar-solos"},"wordCount":354,"publisher":{"@id":"https:\/\/blogs.funiber.org\/pt\/#organization"},"keywords":["Bolsas","desertifica\u00e7\u00e3o","Dia Mundial dos Solos","Educa\u00e7\u00e3o","Educa\u00e7\u00e3o a Dist\u00e2ncia","Estudos","Funiber","FUNIBER Opini\u00f5es","Meio Ambiente","mestrado","Opini\u00e3o FUNIBER","Opini\u00f5es Funiber","Preserva\u00e7\u00e3o","Recupera\u00e7\u00e3o","Solos","Solos contaminados"],"articleSection":["Meio Ambiente"],"inLanguage":"pt-BR"},{"@type":"WebPage","@id":"https:\/\/blogs.funiber.org\/pt\/meio-ambiente\/2017\/12\/15\/funiber-cuidar-solos","url":"https:\/\/blogs.funiber.org\/pt\/meio-ambiente\/2017\/12\/15\/funiber-cuidar-solos","name":"\u00c9 preciso cuidar dos solos","isPartOf":{"@id":"https:\/\/blogs.funiber.org\/pt\/#website"},"datePublished":"2017-12-15T12:24:12+00:00","dateModified":"2017-12-15T12:29:13+00:00","description":"Neste m\u00eas, a conscientiza\u00e7\u00e3o sobre a import\u00e2ncia do solo para a humanidade e o meio ambiente ressalta a necessidade do manejo sustent\u00e1vel da terra","breadcrumb":{"@id":"https:\/\/blogs.funiber.org\/pt\/meio-ambiente\/2017\/12\/15\/funiber-cuidar-solos#breadcrumb"},"inLanguage":"pt-BR","potentialAction":[{"@type":"ReadAction","target":["https:\/\/blogs.funiber.org\/pt\/meio-ambiente\/2017\/12\/15\/funiber-cuidar-solos"]}]},{"@type":"BreadcrumbList","@id":"https:\/\/blogs.funiber.org\/pt\/meio-ambiente\/2017\/12\/15\/funiber-cuidar-solos#breadcrumb","itemListElement":[{"@type":"ListItem","position":1,"name":"In\u00edcio","item":"https:\/\/blogs.funiber.org\/pt"},{"@type":"ListItem","position":2,"name":"\u00c9 preciso cuidar dos solos"}]},{"@type":"WebSite","@id":"https:\/\/blogs.funiber.org\/pt\/#website","url":"https:\/\/blogs.funiber.org\/pt\/","name":"FuniBlogs - FUNIBER","description":"","publisher":{"@id":"https:\/\/blogs.funiber.org\/pt\/#organization"},"potentialAction":[{"@type":"SearchAction","target":{"@type":"EntryPoint","urlTemplate":"https:\/\/blogs.funiber.org\/pt\/?s={search_term_string}"},"query-input":"required name=search_term_string"}],"inLanguage":"pt-BR"},{"@type":"Organization","@id":"https:\/\/blogs.funiber.org\/pt\/#organization","name":"FuniBlogs - FUNIBER","url":"https:\/\/blogs.funiber.org\/pt\/","logo":{"@type":"ImageObject","inLanguage":"pt-BR","@id":"https:\/\/blogs.funiber.org\/pt\/#\/schema\/logo\/image\/","url":"https:\/\/www.funiber.blog\/pt\/wp-content\/uploads\/2022\/02\/logo-funiber-pt-br-v-dos.svg","contentUrl":"https:\/\/www.funiber.blog\/pt\/wp-content\/uploads\/2022\/02\/logo-funiber-pt-br-v-dos.svg","width":1,"height":1,"caption":"FuniBlogs - FUNIBER"},"image":{"@id":"https:\/\/blogs.funiber.org\/pt\/#\/schema\/logo\/image\/"},"sameAs":["https:\/\/www.facebook.com\/funiber","https:\/\/twitter.com\/FUNIBER","https:\/\/www.instagram.com\/funiber_becas","https:\/\/www.youtube.com\/user\/funiber","https:\/\/www.linkedin.com\/company\/funiber"]},{"@type":"Person","@id":"https:\/\/blogs.funiber.org\/pt\/#\/schema\/person\/a1eaaa5e57eac866a8c5946946bcf80d","name":"Michelle","image":{"@type":"ImageObject","inLanguage":"pt-BR","@id":"https:\/\/blogs.funiber.org\/pt\/#\/schema\/person\/image\/","url":"https:\/\/secure.gravatar.com\/avatar\/5e87041f7609dc50493cf216754fece1?s=96&d=mm&r=g","contentUrl":"https:\/\/secure.gravatar.com\/avatar\/5e87041f7609dc50493cf216754fece1?s=96&d=mm&r=g","caption":"Michelle"},"url":"https:\/\/www.funiber.blog\/pt\/author\/michelle-moreira"}]}},"jetpack_featured_media_url":"https:\/\/www.funiber.blog\/pt\/wp-content\/uploads\/2017\/12\/funiber-solos.jpg","jetpack_shortlink":"https:\/\/wp.me\/p7ee1t-3Qd","jetpack_sharing_enabled":true,"_links":{"self":[{"href":"https:\/\/www.funiber.blog\/pt\/wp-json\/wp\/v2\/posts\/14769"}],"collection":[{"href":"https:\/\/www.funiber.blog\/pt\/wp-json\/wp\/v2\/posts"}],"about":[{"href":"https:\/\/www.funiber.blog\/pt\/wp-json\/wp\/v2\/types\/post"}],"author":[{"embeddable":true,"href":"https:\/\/www.funiber.blog\/pt\/wp-json\/wp\/v2\/users\/10"}],"replies":[{"embeddable":true,"href":"https:\/\/www.funiber.blog\/pt\/wp-json\/wp\/v2\/comments?post=14769"}],"version-history":[{"count":2,"href":"https:\/\/www.funiber.blog\/pt\/wp-json\/wp\/v2\/posts\/14769\/revisions"}],"predecessor-version":[{"id":14771,"href":"https:\/\/www.funiber.blog\/pt\/wp-json\/wp\/v2\/posts\/14769\/revisions\/14771"}],"wp:featuredmedia":[{"embeddable":true,"href":"https:\/\/www.funiber.blog\/pt\/wp-json\/wp\/v2\/media\/14772"}],"wp:attachment":[{"href":"https:\/\/www.funiber.blog\/pt\/wp-json\/wp\/v2\/media?parent=14769"}],"wp:term":[{"taxonomy":"category","embeddable":true,"href":"https:\/\/www.funiber.blog\/pt\/wp-json\/wp\/v2\/categories?post=14769"},{"taxonomy":"post_tag","embeddable":true,"href":"https:\/\/www.funiber.blog\/pt\/wp-json\/wp\/v2\/tags?post=14769"}],"curies":[{"name":"wp","href":"https:\/\/api.w.org\/{rel}","templated":true}]}}