{"id":14780,"date":"2017-12-18T09:51:11","date_gmt":"2017-12-18T09:51:11","guid":{"rendered":"https:\/\/blogs.funiber.org\/pt\/?p=14780"},"modified":"2017-12-18T09:51:11","modified_gmt":"2017-12-18T09:51:11","slug":"funiber-nutricao-memoria-alzheimer","status":"publish","type":"post","link":"https:\/\/www.funiber.blog\/pt\/gerontologia\/2017\/12\/18\/funiber-nutricao-memoria-alzheimer","title":{"rendered":"Nutri\u00e7\u00e3o adequada ajuda a manter a mem\u00f3ria no in\u00edcio do Alzheimer"},"content":{"rendered":"<h2><strong>A revista cient\u00edfica <\/strong><a href=\"http:\/\/www.thelancet.com\/neurology\" target=\"_blank\" rel=\"noopener\"><strong>The Lancet Neurology<\/strong><\/a> <strong>publicou recentemente um estudo do <\/strong><a href=\"http:\/\/www.lipididiet.eu\/\" target=\"_blank\" rel=\"noopener\"><strong><em>Consorcio Europeo de Investigaci\u00f3n LipiDiDiet<\/em><\/strong><\/a> <strong>que demonstra que uma interven\u00e7\u00e3o nutricional personalizada, retarda o avan\u00e7o do Alzheimer e contribui para a conserva\u00e7\u00e3o da mem\u00f3ria<\/strong><\/h2>\n<p>Um grupo de cientistas do <em>Consorcio Europeo de Investigaci\u00f3n LipiDiDiet<\/em> esclareceu os resultados de uma pesquisa sobre o papel da nutri\u00e7\u00e3o no processo de desenvolvimento do Alzheimer durante sua fase prodr\u00f4mica, isto \u00e9, quando ainda n\u00e3o foi manifestada a doen\u00e7a. Nela, participaram 311 pessoas da Alemanha, da Finl\u00e2ndia, da Su\u00e9cia e dos Pa\u00edses Baixos.<!--more--><\/p>\n<p>De acordo com os dados coletados pelo estudo, o estabelecimento de uma dieta nutricional espec\u00edfica para cada paciente contribui para estabilizar seu rendimento cognitivo e funcional. Al\u00e9m disso, tal como os pesquisadores indicaram, a interven\u00e7\u00e3o nutricional tamb\u00e9m ajuda a parar o desbaste cerebral destas pessoas.<\/p>\n<p>Por isso, a <a href=\"https:\/\/www.uef.fi\/web\/neuro\/alzheimer-director\" target=\"_blank\" rel=\"noopener\">Dra. Hilkka Soininen<\/a>, da\u00a0<a href=\"https:\/\/www.uef.fi\/fi\/etusivu\" target=\"_blank\" rel=\"noopener\">Universidad de Finlandia Oriental<\/a>, destacou que os resultados \u201cs\u00e3o extremamente valiosos na medida em que nos aproximam para compreender o impacto das interven\u00e7\u00f5es nutricionais na doen\u00e7a de Alzheimer na fase podr\u00f4mica, a qual podemos diagnosticar melhor atualmente, mas somos incapazes de a tratar devido \u00e0 falta de op\u00e7\u00f5es farmac\u00eauticas aprovadas\u201d.<\/p>\n<p>No entanto, a pesquisa determinou que uma boa nutri\u00e7\u00e3o n\u00e3o influencia na melhoria dos resultados dos doentes nos testes neuropsicol\u00f3gicos (NTB). Por\u00e9m, o coordenador do projeto, o <a href=\"http:\/\/www.uni-saarland.de\/page\/experten\/medizin-sport\/hartmann.html\" target=\"_blank\" rel=\"noopener\">Dr. Tobias Hartmann<\/a>\u00a0explicou que \u201cembora esta interven\u00e7\u00e3o nutricional n\u00e3o seja uma cura para o Alzheimer, mostra de forma efetiva que quanto mais cedo se intervenha no processo da doen\u00e7a, maior ser\u00e1 o benef\u00edcio para o paciente\u201d.<\/p>\n<p>A <a href=\"http:\/\/www.funiber.org.br\" target=\"_blank\" rel=\"noopener\">FUNIBER<\/a>\u00a0patrocina o\u00a0<a href=\"https:\/\/www.funiber.org\/mestrado-em-gerontologia\" target=\"_blank\" rel=\"noopener\">Mestrado em Gerontologia<\/a>, um diploma que tem por objetivo formar profissionais competentes no cuidado e aten\u00e7\u00e3o dos idosos e pessoas com problemas cognitivos. Assim, seus alunos adquirem as habilidades necess\u00e1rias para implementar as diretrizes que os profissionais de sa\u00fade os marcam, na hora de poder atender corretamente as pessoas sob sua supervis\u00e3o.<\/p>\n<p>Fonte:\u00a0<a href=\"http:\/\/neurologia.diariomedico.com\/2017\/10\/31\/area-cientifica\/especialidades\/neurologia\/la-intervencion-nutricional-especifica-mejora-la-memoria-en-fase-prodromica-de-alzheimer-\" target=\"_blank\" rel=\"noopener\">La intervenci\u00f3n nutricional espec\u00edfica mejora la memoria en fase prodr\u00f3mica de Alzheimer<\/a><\/p>\n<p>Foto: Todos os direitos reservados<\/p>\n","protected":false},"excerpt":{"rendered":"<p>A revista cient\u00edfica The Lancet Neurology publicou recentemente um estudo do Consorcio Europeo de Investigaci\u00f3n LipiDiDiet que demonstra que uma interven\u00e7\u00e3o nutricional personalizada, retarda o avan\u00e7o do Alzheimer e contribui para a conserva\u00e7\u00e3o da mem\u00f3ria Um grupo de cientistas do Consorcio Europeo de Investigaci\u00f3n LipiDiDiet esclareceu os resultados de uma pesquisa sobre o papel da [&hellip;]<\/p>\n","protected":false},"author":10,"featured_media":14781,"comment_status":"closed","ping_status":"closed","sticky":false,"template":"","format":"standard","meta":{"jetpack_post_was_ever_published":false,"_jetpack_newsletter_access":"","_jetpack_newsletter_tier_id":0,"footnotes":"","jetpack_publicize_message":"","jetpack_is_tweetstorm":false,"jetpack_publicize_feature_enabled":true,"jetpack_social_post_already_shared":true,"jetpack_social_options":{"image_generator_settings":{"template":"highway","enabled":false}}},"categories":[1],"tags":[67,108,1242,306,285,408,100,119,248,911,739,267,659,671,125,641,255],"jetpack_publicize_connections":[],"yoast_head":"<!-- This site is optimized with the Yoast SEO plugin v21.7 - https:\/\/yoast.com\/wordpress\/plugins\/seo\/ -->\n<title>Nutri\u00e7\u00e3o adequada ajuda a manter a mem\u00f3ria no in\u00edcio do Alzheimer<\/title>\n<meta name=\"description\" content=\"A revista cient\u00edfica The Lancet Neurology publicou recentemente um estudo do Consorcio Europeo de Investigaci\u00f3n LipiDiDiet que demonstra que uma interven\u00e7\u00e3o nutricional personalizada, retarda o avan\u00e7o do Alzheimer e contribui para a conserva\u00e7\u00e3o da mem\u00f3ria\" \/>\n<meta name=\"robots\" content=\"noindex, nofollow\" \/>\n<meta property=\"og:locale\" content=\"pt_BR\" \/>\n<meta property=\"og:type\" content=\"article\" \/>\n<meta property=\"og:title\" content=\"Nutri\u00e7\u00e3o adequada ajuda a manter a mem\u00f3ria no in\u00edcio do Alzheimer\" \/>\n<meta property=\"og:description\" content=\"A revista cient\u00edfica The Lancet Neurology publicou recentemente um estudo do Consorcio Europeo de Investigaci\u00f3n LipiDiDiet que demonstra que uma interven\u00e7\u00e3o nutricional personalizada, retarda o avan\u00e7o do Alzheimer e contribui para a conserva\u00e7\u00e3o da mem\u00f3ria\" \/>\n<meta property=\"og:url\" content=\"https:\/\/blogs.funiber.org\/pt\/gerontologia\/2017\/12\/18\/funiber-nutricao-memoria-alzheimer\" \/>\n<meta property=\"og:site_name\" content=\"FuniBlogs - FUNIBER\" \/>\n<meta property=\"article:publisher\" content=\"https:\/\/www.facebook.com\/funiber\" \/>\n<meta property=\"article:published_time\" content=\"2017-12-18T09:51:11+00:00\" \/>\n<meta property=\"og:image\" content=\"https:\/\/blogs.funiber.org\/pt\/wp-content\/uploads\/2017\/12\/FUNIBER-memoria-alzheimer.jpg\" \/>\n\t<meta property=\"og:image:width\" content=\"640\" \/>\n\t<meta property=\"og:image:height\" content=\"427\" \/>\n\t<meta property=\"og:image:type\" content=\"image\/jpeg\" \/>\n<meta name=\"author\" content=\"Michelle\" \/>\n<meta name=\"twitter:card\" content=\"summary_large_image\" \/>\n<meta name=\"twitter:creator\" content=\"@FUNIBER\" \/>\n<meta name=\"twitter:site\" content=\"@FUNIBER\" \/>\n<meta name=\"twitter:label1\" content=\"Escrito por\" \/>\n\t<meta name=\"twitter:data1\" content=\"Michelle\" \/>\n\t<meta name=\"twitter:label2\" content=\"Est. tempo de leitura\" \/>\n\t<meta name=\"twitter:data2\" content=\"2 minutos\" \/>\n<script type=\"application\/ld+json\" class=\"yoast-schema-graph\">{\"@context\":\"https:\/\/schema.org\",\"@graph\":[{\"@type\":\"Article\",\"@id\":\"https:\/\/blogs.funiber.org\/pt\/gerontologia\/2017\/12\/18\/funiber-nutricao-memoria-alzheimer#article\",\"isPartOf\":{\"@id\":\"https:\/\/blogs.funiber.org\/pt\/gerontologia\/2017\/12\/18\/funiber-nutricao-memoria-alzheimer\"},\"author\":{\"name\":\"Michelle\",\"@id\":\"https:\/\/blogs.funiber.org\/pt\/#\/schema\/person\/a1eaaa5e57eac866a8c5946946bcf80d\"},\"headline\":\"Nutri\u00e7\u00e3o adequada ajuda a manter a mem\u00f3ria no in\u00edcio do Alzheimer\",\"datePublished\":\"2017-12-18T09:51:11+00:00\",\"dateModified\":\"2017-12-18T09:51:11+00:00\",\"mainEntityOfPage\":{\"@id\":\"https:\/\/blogs.funiber.org\/pt\/gerontologia\/2017\/12\/18\/funiber-nutricao-memoria-alzheimer\"},\"wordCount\":379,\"publisher\":{\"@id\":\"https:\/\/blogs.funiber.org\/pt\/#organization\"},\"keywords\":[\"Alimenta\u00e7\u00e3o\",\"Alzheimer\",\"Bolsas\",\"Doen\u00e7a\",\"Educa\u00e7\u00e3o\",\"Educa\u00e7\u00e3o a Dist\u00e2ncia\",\"Envelhecimento\",\"Estudos\",\"Funiber\",\"FUNIBER Opini\u00f5es\",\"gerontologia\",\"Idosos\",\"Mem\u00f3ria\",\"mestrado\",\"Nutri\u00e7\u00e3o\",\"Opini\u00e3o FUNIBER\",\"Opini\u00f5es Funiber\"],\"articleSection\":[\"Gerontologia\"],\"inLanguage\":\"pt-BR\"},{\"@type\":\"WebPage\",\"@id\":\"https:\/\/blogs.funiber.org\/pt\/gerontologia\/2017\/12\/18\/funiber-nutricao-memoria-alzheimer\",\"url\":\"https:\/\/blogs.funiber.org\/pt\/gerontologia\/2017\/12\/18\/funiber-nutricao-memoria-alzheimer\",\"name\":\"Nutri\u00e7\u00e3o adequada ajuda a manter a mem\u00f3ria no in\u00edcio do Alzheimer\",\"isPartOf\":{\"@id\":\"https:\/\/blogs.funiber.org\/pt\/#website\"},\"datePublished\":\"2017-12-18T09:51:11+00:00\",\"dateModified\":\"2017-12-18T09:51:11+00:00\",\"description\":\"A revista cient\u00edfica The Lancet Neurology publicou recentemente um estudo do Consorcio Europeo de Investigaci\u00f3n LipiDiDiet que demonstra que uma interven\u00e7\u00e3o nutricional personalizada, retarda o avan\u00e7o do Alzheimer e contribui para a conserva\u00e7\u00e3o da mem\u00f3ria\",\"breadcrumb\":{\"@id\":\"https:\/\/blogs.funiber.org\/pt\/gerontologia\/2017\/12\/18\/funiber-nutricao-memoria-alzheimer#breadcrumb\"},\"inLanguage\":\"pt-BR\",\"potentialAction\":[{\"@type\":\"ReadAction\",\"target\":[\"https:\/\/blogs.funiber.org\/pt\/gerontologia\/2017\/12\/18\/funiber-nutricao-memoria-alzheimer\"]}]},{\"@type\":\"BreadcrumbList\",\"@id\":\"https:\/\/blogs.funiber.org\/pt\/gerontologia\/2017\/12\/18\/funiber-nutricao-memoria-alzheimer#breadcrumb\",\"itemListElement\":[{\"@type\":\"ListItem\",\"position\":1,\"name\":\"In\u00edcio\",\"item\":\"https:\/\/blogs.funiber.org\/pt\"},{\"@type\":\"ListItem\",\"position\":2,\"name\":\"Nutri\u00e7\u00e3o adequada ajuda a manter a mem\u00f3ria no in\u00edcio do Alzheimer\"}]},{\"@type\":\"WebSite\",\"@id\":\"https:\/\/blogs.funiber.org\/pt\/#website\",\"url\":\"https:\/\/blogs.funiber.org\/pt\/\",\"name\":\"FuniBlogs - FUNIBER\",\"description\":\"\",\"publisher\":{\"@id\":\"https:\/\/blogs.funiber.org\/pt\/#organization\"},\"potentialAction\":[{\"@type\":\"SearchAction\",\"target\":{\"@type\":\"EntryPoint\",\"urlTemplate\":\"https:\/\/blogs.funiber.org\/pt\/?s={search_term_string}\"},\"query-input\":\"required name=search_term_string\"}],\"inLanguage\":\"pt-BR\"},{\"@type\":\"Organization\",\"@id\":\"https:\/\/blogs.funiber.org\/pt\/#organization\",\"name\":\"FuniBlogs - FUNIBER\",\"url\":\"https:\/\/blogs.funiber.org\/pt\/\",\"logo\":{\"@type\":\"ImageObject\",\"inLanguage\":\"pt-BR\",\"@id\":\"https:\/\/blogs.funiber.org\/pt\/#\/schema\/logo\/image\/\",\"url\":\"https:\/\/www.funiber.blog\/pt\/wp-content\/uploads\/2022\/02\/logo-funiber-pt-br-v-dos.svg\",\"contentUrl\":\"https:\/\/www.funiber.blog\/pt\/wp-content\/uploads\/2022\/02\/logo-funiber-pt-br-v-dos.svg\",\"width\":1,\"height\":1,\"caption\":\"FuniBlogs - FUNIBER\"},\"image\":{\"@id\":\"https:\/\/blogs.funiber.org\/pt\/#\/schema\/logo\/image\/\"},\"sameAs\":[\"https:\/\/www.facebook.com\/funiber\",\"https:\/\/twitter.com\/FUNIBER\",\"https:\/\/www.instagram.com\/funiber_becas\",\"https:\/\/www.youtube.com\/user\/funiber\",\"https:\/\/www.linkedin.com\/company\/funiber\"]},{\"@type\":\"Person\",\"@id\":\"https:\/\/blogs.funiber.org\/pt\/#\/schema\/person\/a1eaaa5e57eac866a8c5946946bcf80d\",\"name\":\"Michelle\",\"image\":{\"@type\":\"ImageObject\",\"inLanguage\":\"pt-BR\",\"@id\":\"https:\/\/blogs.funiber.org\/pt\/#\/schema\/person\/image\/\",\"url\":\"https:\/\/secure.gravatar.com\/avatar\/5e87041f7609dc50493cf216754fece1?s=96&d=mm&r=g\",\"contentUrl\":\"https:\/\/secure.gravatar.com\/avatar\/5e87041f7609dc50493cf216754fece1?s=96&d=mm&r=g\",\"caption\":\"Michelle\"},\"url\":\"https:\/\/www.funiber.blog\/pt\/author\/michelle-moreira\"}]}<\/script>\n<!-- \/ Yoast SEO plugin. -->","yoast_head_json":{"title":"Nutri\u00e7\u00e3o adequada ajuda a manter a mem\u00f3ria no in\u00edcio do Alzheimer","description":"A revista cient\u00edfica The Lancet Neurology publicou recentemente um estudo do Consorcio Europeo de Investigaci\u00f3n LipiDiDiet que demonstra que uma interven\u00e7\u00e3o nutricional personalizada, retarda o avan\u00e7o do Alzheimer e contribui para a conserva\u00e7\u00e3o da mem\u00f3ria","robots":{"index":"noindex","follow":"nofollow"},"og_locale":"pt_BR","og_type":"article","og_title":"Nutri\u00e7\u00e3o adequada ajuda a manter a mem\u00f3ria no in\u00edcio do Alzheimer","og_description":"A revista cient\u00edfica The Lancet Neurology publicou recentemente um estudo do Consorcio Europeo de Investigaci\u00f3n LipiDiDiet que demonstra que uma interven\u00e7\u00e3o nutricional personalizada, retarda o avan\u00e7o do Alzheimer e contribui para a conserva\u00e7\u00e3o da mem\u00f3ria","og_url":"https:\/\/blogs.funiber.org\/pt\/gerontologia\/2017\/12\/18\/funiber-nutricao-memoria-alzheimer","og_site_name":"FuniBlogs - FUNIBER","article_publisher":"https:\/\/www.facebook.com\/funiber","article_published_time":"2017-12-18T09:51:11+00:00","og_image":[{"width":640,"height":427,"url":"https:\/\/blogs.funiber.org\/pt\/wp-content\/uploads\/2017\/12\/FUNIBER-memoria-alzheimer.jpg","type":"image\/jpeg"}],"author":"Michelle","twitter_card":"summary_large_image","twitter_creator":"@FUNIBER","twitter_site":"@FUNIBER","twitter_misc":{"Escrito por":"Michelle","Est. tempo de leitura":"2 minutos"},"schema":{"@context":"https:\/\/schema.org","@graph":[{"@type":"Article","@id":"https:\/\/blogs.funiber.org\/pt\/gerontologia\/2017\/12\/18\/funiber-nutricao-memoria-alzheimer#article","isPartOf":{"@id":"https:\/\/blogs.funiber.org\/pt\/gerontologia\/2017\/12\/18\/funiber-nutricao-memoria-alzheimer"},"author":{"name":"Michelle","@id":"https:\/\/blogs.funiber.org\/pt\/#\/schema\/person\/a1eaaa5e57eac866a8c5946946bcf80d"},"headline":"Nutri\u00e7\u00e3o adequada ajuda a manter a mem\u00f3ria no in\u00edcio do Alzheimer","datePublished":"2017-12-18T09:51:11+00:00","dateModified":"2017-12-18T09:51:11+00:00","mainEntityOfPage":{"@id":"https:\/\/blogs.funiber.org\/pt\/gerontologia\/2017\/12\/18\/funiber-nutricao-memoria-alzheimer"},"wordCount":379,"publisher":{"@id":"https:\/\/blogs.funiber.org\/pt\/#organization"},"keywords":["Alimenta\u00e7\u00e3o","Alzheimer","Bolsas","Doen\u00e7a","Educa\u00e7\u00e3o","Educa\u00e7\u00e3o a Dist\u00e2ncia","Envelhecimento","Estudos","Funiber","FUNIBER Opini\u00f5es","gerontologia","Idosos","Mem\u00f3ria","mestrado","Nutri\u00e7\u00e3o","Opini\u00e3o FUNIBER","Opini\u00f5es Funiber"],"articleSection":["Gerontologia"],"inLanguage":"pt-BR"},{"@type":"WebPage","@id":"https:\/\/blogs.funiber.org\/pt\/gerontologia\/2017\/12\/18\/funiber-nutricao-memoria-alzheimer","url":"https:\/\/blogs.funiber.org\/pt\/gerontologia\/2017\/12\/18\/funiber-nutricao-memoria-alzheimer","name":"Nutri\u00e7\u00e3o adequada ajuda a manter a mem\u00f3ria no in\u00edcio do Alzheimer","isPartOf":{"@id":"https:\/\/blogs.funiber.org\/pt\/#website"},"datePublished":"2017-12-18T09:51:11+00:00","dateModified":"2017-12-18T09:51:11+00:00","description":"A revista cient\u00edfica The Lancet Neurology publicou recentemente um estudo do Consorcio Europeo de Investigaci\u00f3n LipiDiDiet que demonstra que uma interven\u00e7\u00e3o nutricional personalizada, retarda o avan\u00e7o do Alzheimer e contribui para a conserva\u00e7\u00e3o da mem\u00f3ria","breadcrumb":{"@id":"https:\/\/blogs.funiber.org\/pt\/gerontologia\/2017\/12\/18\/funiber-nutricao-memoria-alzheimer#breadcrumb"},"inLanguage":"pt-BR","potentialAction":[{"@type":"ReadAction","target":["https:\/\/blogs.funiber.org\/pt\/gerontologia\/2017\/12\/18\/funiber-nutricao-memoria-alzheimer"]}]},{"@type":"BreadcrumbList","@id":"https:\/\/blogs.funiber.org\/pt\/gerontologia\/2017\/12\/18\/funiber-nutricao-memoria-alzheimer#breadcrumb","itemListElement":[{"@type":"ListItem","position":1,"name":"In\u00edcio","item":"https:\/\/blogs.funiber.org\/pt"},{"@type":"ListItem","position":2,"name":"Nutri\u00e7\u00e3o adequada ajuda a manter a mem\u00f3ria no in\u00edcio do Alzheimer"}]},{"@type":"WebSite","@id":"https:\/\/blogs.funiber.org\/pt\/#website","url":"https:\/\/blogs.funiber.org\/pt\/","name":"FuniBlogs - FUNIBER","description":"","publisher":{"@id":"https:\/\/blogs.funiber.org\/pt\/#organization"},"potentialAction":[{"@type":"SearchAction","target":{"@type":"EntryPoint","urlTemplate":"https:\/\/blogs.funiber.org\/pt\/?s={search_term_string}"},"query-input":"required name=search_term_string"}],"inLanguage":"pt-BR"},{"@type":"Organization","@id":"https:\/\/blogs.funiber.org\/pt\/#organization","name":"FuniBlogs - FUNIBER","url":"https:\/\/blogs.funiber.org\/pt\/","logo":{"@type":"ImageObject","inLanguage":"pt-BR","@id":"https:\/\/blogs.funiber.org\/pt\/#\/schema\/logo\/image\/","url":"https:\/\/www.funiber.blog\/pt\/wp-content\/uploads\/2022\/02\/logo-funiber-pt-br-v-dos.svg","contentUrl":"https:\/\/www.funiber.blog\/pt\/wp-content\/uploads\/2022\/02\/logo-funiber-pt-br-v-dos.svg","width":1,"height":1,"caption":"FuniBlogs - FUNIBER"},"image":{"@id":"https:\/\/blogs.funiber.org\/pt\/#\/schema\/logo\/image\/"},"sameAs":["https:\/\/www.facebook.com\/funiber","https:\/\/twitter.com\/FUNIBER","https:\/\/www.instagram.com\/funiber_becas","https:\/\/www.youtube.com\/user\/funiber","https:\/\/www.linkedin.com\/company\/funiber"]},{"@type":"Person","@id":"https:\/\/blogs.funiber.org\/pt\/#\/schema\/person\/a1eaaa5e57eac866a8c5946946bcf80d","name":"Michelle","image":{"@type":"ImageObject","inLanguage":"pt-BR","@id":"https:\/\/blogs.funiber.org\/pt\/#\/schema\/person\/image\/","url":"https:\/\/secure.gravatar.com\/avatar\/5e87041f7609dc50493cf216754fece1?s=96&d=mm&r=g","contentUrl":"https:\/\/secure.gravatar.com\/avatar\/5e87041f7609dc50493cf216754fece1?s=96&d=mm&r=g","caption":"Michelle"},"url":"https:\/\/www.funiber.blog\/pt\/author\/michelle-moreira"}]}},"jetpack_featured_media_url":"https:\/\/www.funiber.blog\/pt\/wp-content\/uploads\/2017\/12\/FUNIBER-memoria-alzheimer.jpg","jetpack_shortlink":"https:\/\/wp.me\/p7ee1t-3Qo","jetpack_sharing_enabled":true,"_links":{"self":[{"href":"https:\/\/www.funiber.blog\/pt\/wp-json\/wp\/v2\/posts\/14780"}],"collection":[{"href":"https:\/\/www.funiber.blog\/pt\/wp-json\/wp\/v2\/posts"}],"about":[{"href":"https:\/\/www.funiber.blog\/pt\/wp-json\/wp\/v2\/types\/post"}],"author":[{"embeddable":true,"href":"https:\/\/www.funiber.blog\/pt\/wp-json\/wp\/v2\/users\/10"}],"replies":[{"embeddable":true,"href":"https:\/\/www.funiber.blog\/pt\/wp-json\/wp\/v2\/comments?post=14780"}],"version-history":[{"count":1,"href":"https:\/\/www.funiber.blog\/pt\/wp-json\/wp\/v2\/posts\/14780\/revisions"}],"predecessor-version":[{"id":14782,"href":"https:\/\/www.funiber.blog\/pt\/wp-json\/wp\/v2\/posts\/14780\/revisions\/14782"}],"wp:featuredmedia":[{"embeddable":true,"href":"https:\/\/www.funiber.blog\/pt\/wp-json\/wp\/v2\/media\/14781"}],"wp:attachment":[{"href":"https:\/\/www.funiber.blog\/pt\/wp-json\/wp\/v2\/media?parent=14780"}],"wp:term":[{"taxonomy":"category","embeddable":true,"href":"https:\/\/www.funiber.blog\/pt\/wp-json\/wp\/v2\/categories?post=14780"},{"taxonomy":"post_tag","embeddable":true,"href":"https:\/\/www.funiber.blog\/pt\/wp-json\/wp\/v2\/tags?post=14780"}],"curies":[{"name":"wp","href":"https:\/\/api.w.org\/{rel}","templated":true}]}}