{"id":14790,"date":"2017-12-22T10:10:41","date_gmt":"2017-12-22T10:10:41","guid":{"rendered":"https:\/\/blogs.funiber.org\/pt\/?p=14790"},"modified":"2017-12-18T13:19:16","modified_gmt":"2017-12-18T13:19:16","slug":"funiber-ciberseguranca-internacional","status":"publish","type":"post","link":"https:\/\/www.funiber.blog\/pt\/tecnologias-tic\/2017\/12\/22\/funiber-ciberseguranca-internacional","title":{"rendered":"Ciberseguran\u00e7a exige coordena\u00e7\u00e3o transnacional para ser efetiva"},"content":{"rendered":"<h2>A <a href=\"https:\/\/europa.eu\/european-union\/index_es\">Uni\u00e3o Europeia (UE)<\/a>\u00a0promoveu diferentes iniciativas para combinar os esfor\u00e7os de seus estados membros em termos de seguran\u00e7a cibern\u00e9tica e prote\u00e7\u00e3o de sistemas e redes inform\u00e1ticas<\/h2>\n<p>A Internet \u00e9 uma rede global, assim como os problemas e perigos envolvidos. Portanto, as na\u00e7\u00f5es devem ser coordenadas para enfrentar as amea\u00e7as e os perigos comuns de forma eficiente. Neste sentido, a Uni\u00e3o Europeia lan\u00e7ou v\u00e1rios programas para combater os hackers e contribuir com um aumento nos n\u00edveis de seguran\u00e7a dos cidad\u00e3os do antigo continente.<!--more--><\/p>\n<p>Desta forma, esta organiza\u00e7\u00e3o supranacional aprovou em 2013 a <a href=\"https:\/\/ec.europa.eu\/digital-agenda\/en\/news\/communication-cybersecurity-strategy-european-union-%E2%80%93-open-safe-and-secure-cyberspace\" target=\"_blank\" rel=\"noopener\">Estrat\u00e9gia da Uni\u00e3o Europeia para a Ciberseguran\u00e7a<\/a>. O objetivo principal foi aumentar \u201ca prepara\u00e7\u00e3o, a coopera\u00e7\u00e3o, a troca de informa\u00e7\u00e3o e a conscientiza\u00e7\u00e3o no campo da seguran\u00e7a das redes e das informa\u00e7\u00f5es\u201d, tanto a n\u00edvel nacional como a n\u00edvel continental.<\/p>\n<p>Da mesma forma, a UE criou em 2015 a <a href=\"http:\/\/europa.eu\/rapid\/press-release_IP-15-4865_es.htm\" target=\"_blank\" rel=\"noopener\">Agenda Europeia para a Seguran\u00e7a<\/a>, afim de contar com um \u00f3rg\u00e3o capaz de coordenar estrategicamente os esfor\u00e7os em seguran\u00e7a cibern\u00e9tica e de luta contra a cibercriminalidade.<\/p>\n<p>Por sua vez, o parlamento Europeu, institui\u00e7\u00e3o legislativa da UE, aprovou uma diretiva em 2016, para estabelecer requisitos m\u00ednimos de seguran\u00e7a para proteger empresas e indiv\u00edduos de hackers. Al\u00e9m disso, este padr\u00e3o visa harmonizar os diferentes protocolos de seguran\u00e7a dos pa\u00edses membros. Desta forma, eles podem dar uma proposta melhor diante dos ataques cibern\u00e9ticos que recebem.<\/p>\n<p>A este respeito, os alunos do <a href=\"https:\/\/www.funiber.org.br\/mestrado-em-direcao-estrategica-em-telecomunicacoes\" target=\"_blank\" rel=\"noopener\">Mestrado em Dire\u00e7\u00e3o Estrat\u00e9gica em Telecomunica\u00e7\u00f5es<\/a> patrocinado pela\u00a0<a href=\"http:\/\/www.funiber.org.br\/\" target=\"_blank\" rel=\"noopener\">FUNIBER<\/a>\u00a0adquirem as ferramentas profissionais b\u00e1sicas que lhes permitam direcionar o desenvolvimento e implementa\u00e7\u00e3o de redes de telecomunica\u00e7\u00f5es a n\u00edvel empresarial com seguran\u00e7a e seguindo os protocolos e padr\u00f5es internacionais.<\/p>\n<p>Fontes:\u00a0<a href=\"https:\/\/elpais.com\/elpais\/2017\/08\/14\/opinion\/1502725754_912210.html\" target=\"_blank\" rel=\"noopener\">Seguridad en el ciberespacio<\/a><\/p>\n<p><a href=\"http:\/\/www.dsn.gob.es\/es\/actualidad\/sala-prensa\/vision-global-instrumentos-ue-ciberseguridad\" target=\"_blank\" rel=\"noopener\">Visi\u00f3n global de los instrumentos de la UE en ciberseguridad<\/a><\/p>\n<p>Foto: Todos os direitos reservados<\/p>\n","protected":false},"excerpt":{"rendered":"<p>A Uni\u00e3o Europeia (UE)\u00a0promoveu diferentes iniciativas para combinar os esfor\u00e7os de seus estados membros em termos de seguran\u00e7a cibern\u00e9tica e prote\u00e7\u00e3o de sistemas e redes inform\u00e1ticas A Internet \u00e9 uma rede global, assim como os problemas e perigos envolvidos. Portanto, as na\u00e7\u00f5es devem ser coordenadas para enfrentar as amea\u00e7as e os perigos comuns de forma [&hellip;]<\/p>\n","protected":false},"author":10,"featured_media":14791,"comment_status":"closed","ping_status":"closed","sticky":false,"template":"","format":"standard","meta":{"jetpack_post_was_ever_published":false,"_jetpack_newsletter_access":"","_jetpack_newsletter_tier_id":0,"footnotes":"","jetpack_publicize_message":"","jetpack_is_tweetstorm":false,"jetpack_publicize_feature_enabled":true,"jetpack_social_post_already_shared":true,"jetpack_social_options":{"image_generator_settings":{"template":"highway","enabled":false}}},"categories":[6],"tags":[1242,1324,803,855,285,408,119,248,911,671,255,3277,88,26,226],"jetpack_publicize_connections":[],"yoast_head":"<!-- This site is optimized with the Yoast SEO plugin v21.7 - https:\/\/yoast.com\/wordpress\/plugins\/seo\/ -->\n<title>Ciberseguran\u00e7a exige coordena\u00e7\u00e3o transnacional para ser efetiva<\/title>\n<meta name=\"description\" content=\"A Uni\u00e3o Europeia (UE)\u00a0promoveu diferentes iniciativas para combinar os esfor\u00e7os de seus estados membros em termos de ciberseguran\u00e7a e prote\u00e7\u00e3o de sistemas e redes inform\u00e1ticas\" \/>\n<meta name=\"robots\" content=\"index, follow, max-snippet:-1, max-image-preview:large, max-video-preview:-1\" \/>\n<link rel=\"canonical\" href=\"https:\/\/blogs.funiber.org\/pt\/tecnologias-tic\/2017\/12\/22\/funiber-ciberseguranca-internacional\" \/>\n<meta property=\"og:locale\" content=\"pt_BR\" \/>\n<meta property=\"og:type\" content=\"article\" \/>\n<meta property=\"og:title\" content=\"Ciberseguran\u00e7a exige coordena\u00e7\u00e3o transnacional para ser efetiva\" \/>\n<meta property=\"og:description\" content=\"A Uni\u00e3o Europeia (UE)\u00a0promoveu diferentes iniciativas para combinar os esfor\u00e7os de seus estados membros em termos de ciberseguran\u00e7a e prote\u00e7\u00e3o de sistemas e redes inform\u00e1ticas\" \/>\n<meta property=\"og:url\" content=\"https:\/\/blogs.funiber.org\/pt\/tecnologias-tic\/2017\/12\/22\/funiber-ciberseguranca-internacional\" \/>\n<meta property=\"og:site_name\" content=\"FuniBlogs - FUNIBER\" \/>\n<meta property=\"article:publisher\" content=\"https:\/\/www.facebook.com\/funiber\" \/>\n<meta property=\"article:published_time\" content=\"2017-12-22T10:10:41+00:00\" \/>\n<meta property=\"article:modified_time\" content=\"2017-12-18T13:19:16+00:00\" \/>\n<meta property=\"og:image\" content=\"https:\/\/blogs.funiber.org\/pt\/wp-content\/uploads\/2017\/12\/funiber-ciberseguranca.jpg\" \/>\n\t<meta property=\"og:image:width\" content=\"640\" \/>\n\t<meta property=\"og:image:height\" content=\"427\" \/>\n\t<meta property=\"og:image:type\" content=\"image\/jpeg\" \/>\n<meta name=\"author\" content=\"Michelle\" \/>\n<meta name=\"twitter:card\" content=\"summary_large_image\" \/>\n<meta name=\"twitter:creator\" content=\"@FUNIBER\" \/>\n<meta name=\"twitter:site\" content=\"@FUNIBER\" \/>\n<meta name=\"twitter:label1\" content=\"Escrito por\" \/>\n\t<meta name=\"twitter:data1\" content=\"Michelle\" \/>\n\t<meta name=\"twitter:label2\" content=\"Est. tempo de leitura\" \/>\n\t<meta name=\"twitter:data2\" content=\"2 minutos\" \/>\n<script type=\"application\/ld+json\" class=\"yoast-schema-graph\">{\"@context\":\"https:\/\/schema.org\",\"@graph\":[{\"@type\":\"Article\",\"@id\":\"https:\/\/blogs.funiber.org\/pt\/tecnologias-tic\/2017\/12\/22\/funiber-ciberseguranca-internacional#article\",\"isPartOf\":{\"@id\":\"https:\/\/blogs.funiber.org\/pt\/tecnologias-tic\/2017\/12\/22\/funiber-ciberseguranca-internacional\"},\"author\":{\"name\":\"Michelle\",\"@id\":\"https:\/\/blogs.funiber.org\/pt\/#\/schema\/person\/a1eaaa5e57eac866a8c5946946bcf80d\"},\"headline\":\"Ciberseguran\u00e7a exige coordena\u00e7\u00e3o transnacional para ser efetiva\",\"datePublished\":\"2017-12-22T10:10:41+00:00\",\"dateModified\":\"2017-12-18T13:19:16+00:00\",\"mainEntityOfPage\":{\"@id\":\"https:\/\/blogs.funiber.org\/pt\/tecnologias-tic\/2017\/12\/22\/funiber-ciberseguranca-internacional\"},\"wordCount\":342,\"publisher\":{\"@id\":\"https:\/\/blogs.funiber.org\/pt\/#organization\"},\"keywords\":[\"Bolsas\",\"Ciberseguran\u00e7a\",\"Dire\u00e7\u00e3o estrat\u00e9gica\",\"Doutorado\",\"Educa\u00e7\u00e3o\",\"Educa\u00e7\u00e3o a Dist\u00e2ncia\",\"Estudos\",\"Funiber\",\"FUNIBER Opini\u00f5es\",\"mestrado\",\"Opini\u00f5es Funiber\",\"redes inform\u00e1ticas\",\"Seguran\u00e7a\",\"tecnologia\",\"Telecomunica\u00e7\u00f5es\"],\"articleSection\":[\"Tecnologias TIC\"],\"inLanguage\":\"pt-BR\"},{\"@type\":\"WebPage\",\"@id\":\"https:\/\/blogs.funiber.org\/pt\/tecnologias-tic\/2017\/12\/22\/funiber-ciberseguranca-internacional\",\"url\":\"https:\/\/blogs.funiber.org\/pt\/tecnologias-tic\/2017\/12\/22\/funiber-ciberseguranca-internacional\",\"name\":\"Ciberseguran\u00e7a exige coordena\u00e7\u00e3o transnacional para ser efetiva\",\"isPartOf\":{\"@id\":\"https:\/\/blogs.funiber.org\/pt\/#website\"},\"datePublished\":\"2017-12-22T10:10:41+00:00\",\"dateModified\":\"2017-12-18T13:19:16+00:00\",\"description\":\"A Uni\u00e3o Europeia (UE)\u00a0promoveu diferentes iniciativas para combinar os esfor\u00e7os de seus estados membros em termos de ciberseguran\u00e7a e prote\u00e7\u00e3o de sistemas e redes inform\u00e1ticas\",\"breadcrumb\":{\"@id\":\"https:\/\/blogs.funiber.org\/pt\/tecnologias-tic\/2017\/12\/22\/funiber-ciberseguranca-internacional#breadcrumb\"},\"inLanguage\":\"pt-BR\",\"potentialAction\":[{\"@type\":\"ReadAction\",\"target\":[\"https:\/\/blogs.funiber.org\/pt\/tecnologias-tic\/2017\/12\/22\/funiber-ciberseguranca-internacional\"]}]},{\"@type\":\"BreadcrumbList\",\"@id\":\"https:\/\/blogs.funiber.org\/pt\/tecnologias-tic\/2017\/12\/22\/funiber-ciberseguranca-internacional#breadcrumb\",\"itemListElement\":[{\"@type\":\"ListItem\",\"position\":1,\"name\":\"In\u00edcio\",\"item\":\"https:\/\/blogs.funiber.org\/pt\"},{\"@type\":\"ListItem\",\"position\":2,\"name\":\"Ciberseguran\u00e7a exige coordena\u00e7\u00e3o transnacional para ser efetiva\"}]},{\"@type\":\"WebSite\",\"@id\":\"https:\/\/blogs.funiber.org\/pt\/#website\",\"url\":\"https:\/\/blogs.funiber.org\/pt\/\",\"name\":\"FuniBlogs - FUNIBER\",\"description\":\"\",\"publisher\":{\"@id\":\"https:\/\/blogs.funiber.org\/pt\/#organization\"},\"potentialAction\":[{\"@type\":\"SearchAction\",\"target\":{\"@type\":\"EntryPoint\",\"urlTemplate\":\"https:\/\/blogs.funiber.org\/pt\/?s={search_term_string}\"},\"query-input\":\"required name=search_term_string\"}],\"inLanguage\":\"pt-BR\"},{\"@type\":\"Organization\",\"@id\":\"https:\/\/blogs.funiber.org\/pt\/#organization\",\"name\":\"FuniBlogs - FUNIBER\",\"url\":\"https:\/\/blogs.funiber.org\/pt\/\",\"logo\":{\"@type\":\"ImageObject\",\"inLanguage\":\"pt-BR\",\"@id\":\"https:\/\/blogs.funiber.org\/pt\/#\/schema\/logo\/image\/\",\"url\":\"https:\/\/www.funiber.blog\/pt\/wp-content\/uploads\/2022\/02\/logo-funiber-pt-br-v-dos.svg\",\"contentUrl\":\"https:\/\/www.funiber.blog\/pt\/wp-content\/uploads\/2022\/02\/logo-funiber-pt-br-v-dos.svg\",\"width\":1,\"height\":1,\"caption\":\"FuniBlogs - FUNIBER\"},\"image\":{\"@id\":\"https:\/\/blogs.funiber.org\/pt\/#\/schema\/logo\/image\/\"},\"sameAs\":[\"https:\/\/www.facebook.com\/funiber\",\"https:\/\/twitter.com\/FUNIBER\",\"https:\/\/www.instagram.com\/funiber_becas\",\"https:\/\/www.youtube.com\/user\/funiber\",\"https:\/\/www.linkedin.com\/company\/funiber\"]},{\"@type\":\"Person\",\"@id\":\"https:\/\/blogs.funiber.org\/pt\/#\/schema\/person\/a1eaaa5e57eac866a8c5946946bcf80d\",\"name\":\"Michelle\",\"image\":{\"@type\":\"ImageObject\",\"inLanguage\":\"pt-BR\",\"@id\":\"https:\/\/blogs.funiber.org\/pt\/#\/schema\/person\/image\/\",\"url\":\"https:\/\/secure.gravatar.com\/avatar\/5e87041f7609dc50493cf216754fece1?s=96&d=mm&r=g\",\"contentUrl\":\"https:\/\/secure.gravatar.com\/avatar\/5e87041f7609dc50493cf216754fece1?s=96&d=mm&r=g\",\"caption\":\"Michelle\"},\"url\":\"https:\/\/www.funiber.blog\/pt\/author\/michelle-moreira\"}]}<\/script>\n<!-- \/ Yoast SEO plugin. -->","yoast_head_json":{"title":"Ciberseguran\u00e7a exige coordena\u00e7\u00e3o transnacional para ser efetiva","description":"A Uni\u00e3o Europeia (UE)\u00a0promoveu diferentes iniciativas para combinar os esfor\u00e7os de seus estados membros em termos de ciberseguran\u00e7a e prote\u00e7\u00e3o de sistemas e redes inform\u00e1ticas","robots":{"index":"index","follow":"follow","max-snippet":"max-snippet:-1","max-image-preview":"max-image-preview:large","max-video-preview":"max-video-preview:-1"},"canonical":"https:\/\/blogs.funiber.org\/pt\/tecnologias-tic\/2017\/12\/22\/funiber-ciberseguranca-internacional","og_locale":"pt_BR","og_type":"article","og_title":"Ciberseguran\u00e7a exige coordena\u00e7\u00e3o transnacional para ser efetiva","og_description":"A Uni\u00e3o Europeia (UE)\u00a0promoveu diferentes iniciativas para combinar os esfor\u00e7os de seus estados membros em termos de ciberseguran\u00e7a e prote\u00e7\u00e3o de sistemas e redes inform\u00e1ticas","og_url":"https:\/\/blogs.funiber.org\/pt\/tecnologias-tic\/2017\/12\/22\/funiber-ciberseguranca-internacional","og_site_name":"FuniBlogs - FUNIBER","article_publisher":"https:\/\/www.facebook.com\/funiber","article_published_time":"2017-12-22T10:10:41+00:00","article_modified_time":"2017-12-18T13:19:16+00:00","og_image":[{"width":640,"height":427,"url":"https:\/\/blogs.funiber.org\/pt\/wp-content\/uploads\/2017\/12\/funiber-ciberseguranca.jpg","type":"image\/jpeg"}],"author":"Michelle","twitter_card":"summary_large_image","twitter_creator":"@FUNIBER","twitter_site":"@FUNIBER","twitter_misc":{"Escrito por":"Michelle","Est. tempo de leitura":"2 minutos"},"schema":{"@context":"https:\/\/schema.org","@graph":[{"@type":"Article","@id":"https:\/\/blogs.funiber.org\/pt\/tecnologias-tic\/2017\/12\/22\/funiber-ciberseguranca-internacional#article","isPartOf":{"@id":"https:\/\/blogs.funiber.org\/pt\/tecnologias-tic\/2017\/12\/22\/funiber-ciberseguranca-internacional"},"author":{"name":"Michelle","@id":"https:\/\/blogs.funiber.org\/pt\/#\/schema\/person\/a1eaaa5e57eac866a8c5946946bcf80d"},"headline":"Ciberseguran\u00e7a exige coordena\u00e7\u00e3o transnacional para ser efetiva","datePublished":"2017-12-22T10:10:41+00:00","dateModified":"2017-12-18T13:19:16+00:00","mainEntityOfPage":{"@id":"https:\/\/blogs.funiber.org\/pt\/tecnologias-tic\/2017\/12\/22\/funiber-ciberseguranca-internacional"},"wordCount":342,"publisher":{"@id":"https:\/\/blogs.funiber.org\/pt\/#organization"},"keywords":["Bolsas","Ciberseguran\u00e7a","Dire\u00e7\u00e3o estrat\u00e9gica","Doutorado","Educa\u00e7\u00e3o","Educa\u00e7\u00e3o a Dist\u00e2ncia","Estudos","Funiber","FUNIBER Opini\u00f5es","mestrado","Opini\u00f5es Funiber","redes inform\u00e1ticas","Seguran\u00e7a","tecnologia","Telecomunica\u00e7\u00f5es"],"articleSection":["Tecnologias TIC"],"inLanguage":"pt-BR"},{"@type":"WebPage","@id":"https:\/\/blogs.funiber.org\/pt\/tecnologias-tic\/2017\/12\/22\/funiber-ciberseguranca-internacional","url":"https:\/\/blogs.funiber.org\/pt\/tecnologias-tic\/2017\/12\/22\/funiber-ciberseguranca-internacional","name":"Ciberseguran\u00e7a exige coordena\u00e7\u00e3o transnacional para ser efetiva","isPartOf":{"@id":"https:\/\/blogs.funiber.org\/pt\/#website"},"datePublished":"2017-12-22T10:10:41+00:00","dateModified":"2017-12-18T13:19:16+00:00","description":"A Uni\u00e3o Europeia (UE)\u00a0promoveu diferentes iniciativas para combinar os esfor\u00e7os de seus estados membros em termos de ciberseguran\u00e7a e prote\u00e7\u00e3o de sistemas e redes inform\u00e1ticas","breadcrumb":{"@id":"https:\/\/blogs.funiber.org\/pt\/tecnologias-tic\/2017\/12\/22\/funiber-ciberseguranca-internacional#breadcrumb"},"inLanguage":"pt-BR","potentialAction":[{"@type":"ReadAction","target":["https:\/\/blogs.funiber.org\/pt\/tecnologias-tic\/2017\/12\/22\/funiber-ciberseguranca-internacional"]}]},{"@type":"BreadcrumbList","@id":"https:\/\/blogs.funiber.org\/pt\/tecnologias-tic\/2017\/12\/22\/funiber-ciberseguranca-internacional#breadcrumb","itemListElement":[{"@type":"ListItem","position":1,"name":"In\u00edcio","item":"https:\/\/blogs.funiber.org\/pt"},{"@type":"ListItem","position":2,"name":"Ciberseguran\u00e7a exige coordena\u00e7\u00e3o transnacional para ser efetiva"}]},{"@type":"WebSite","@id":"https:\/\/blogs.funiber.org\/pt\/#website","url":"https:\/\/blogs.funiber.org\/pt\/","name":"FuniBlogs - FUNIBER","description":"","publisher":{"@id":"https:\/\/blogs.funiber.org\/pt\/#organization"},"potentialAction":[{"@type":"SearchAction","target":{"@type":"EntryPoint","urlTemplate":"https:\/\/blogs.funiber.org\/pt\/?s={search_term_string}"},"query-input":"required name=search_term_string"}],"inLanguage":"pt-BR"},{"@type":"Organization","@id":"https:\/\/blogs.funiber.org\/pt\/#organization","name":"FuniBlogs - FUNIBER","url":"https:\/\/blogs.funiber.org\/pt\/","logo":{"@type":"ImageObject","inLanguage":"pt-BR","@id":"https:\/\/blogs.funiber.org\/pt\/#\/schema\/logo\/image\/","url":"https:\/\/www.funiber.blog\/pt\/wp-content\/uploads\/2022\/02\/logo-funiber-pt-br-v-dos.svg","contentUrl":"https:\/\/www.funiber.blog\/pt\/wp-content\/uploads\/2022\/02\/logo-funiber-pt-br-v-dos.svg","width":1,"height":1,"caption":"FuniBlogs - FUNIBER"},"image":{"@id":"https:\/\/blogs.funiber.org\/pt\/#\/schema\/logo\/image\/"},"sameAs":["https:\/\/www.facebook.com\/funiber","https:\/\/twitter.com\/FUNIBER","https:\/\/www.instagram.com\/funiber_becas","https:\/\/www.youtube.com\/user\/funiber","https:\/\/www.linkedin.com\/company\/funiber"]},{"@type":"Person","@id":"https:\/\/blogs.funiber.org\/pt\/#\/schema\/person\/a1eaaa5e57eac866a8c5946946bcf80d","name":"Michelle","image":{"@type":"ImageObject","inLanguage":"pt-BR","@id":"https:\/\/blogs.funiber.org\/pt\/#\/schema\/person\/image\/","url":"https:\/\/secure.gravatar.com\/avatar\/5e87041f7609dc50493cf216754fece1?s=96&d=mm&r=g","contentUrl":"https:\/\/secure.gravatar.com\/avatar\/5e87041f7609dc50493cf216754fece1?s=96&d=mm&r=g","caption":"Michelle"},"url":"https:\/\/www.funiber.blog\/pt\/author\/michelle-moreira"}]}},"jetpack_featured_media_url":"https:\/\/www.funiber.blog\/pt\/wp-content\/uploads\/2017\/12\/funiber-ciberseguranca.jpg","jetpack_shortlink":"https:\/\/wp.me\/p7ee1t-3Qy","jetpack_sharing_enabled":true,"_links":{"self":[{"href":"https:\/\/www.funiber.blog\/pt\/wp-json\/wp\/v2\/posts\/14790"}],"collection":[{"href":"https:\/\/www.funiber.blog\/pt\/wp-json\/wp\/v2\/posts"}],"about":[{"href":"https:\/\/www.funiber.blog\/pt\/wp-json\/wp\/v2\/types\/post"}],"author":[{"embeddable":true,"href":"https:\/\/www.funiber.blog\/pt\/wp-json\/wp\/v2\/users\/10"}],"replies":[{"embeddable":true,"href":"https:\/\/www.funiber.blog\/pt\/wp-json\/wp\/v2\/comments?post=14790"}],"version-history":[{"count":1,"href":"https:\/\/www.funiber.blog\/pt\/wp-json\/wp\/v2\/posts\/14790\/revisions"}],"predecessor-version":[{"id":14792,"href":"https:\/\/www.funiber.blog\/pt\/wp-json\/wp\/v2\/posts\/14790\/revisions\/14792"}],"wp:featuredmedia":[{"embeddable":true,"href":"https:\/\/www.funiber.blog\/pt\/wp-json\/wp\/v2\/media\/14791"}],"wp:attachment":[{"href":"https:\/\/www.funiber.blog\/pt\/wp-json\/wp\/v2\/media?parent=14790"}],"wp:term":[{"taxonomy":"category","embeddable":true,"href":"https:\/\/www.funiber.blog\/pt\/wp-json\/wp\/v2\/categories?post=14790"},{"taxonomy":"post_tag","embeddable":true,"href":"https:\/\/www.funiber.blog\/pt\/wp-json\/wp\/v2\/tags?post=14790"}],"curies":[{"name":"wp","href":"https:\/\/api.w.org\/{rel}","templated":true}]}}