{"id":14883,"date":"2017-12-28T12:00:03","date_gmt":"2017-12-28T12:00:03","guid":{"rendered":"https:\/\/blogs.funiber.org\/pt\/?p=14883"},"modified":"2017-12-22T18:05:35","modified_gmt":"2017-12-22T18:05:35","slug":"funiber-solidao-impacto-qualidade-vida-idosos","status":"publish","type":"post","link":"https:\/\/www.funiber.blog\/pt\/gerontologia\/2017\/12\/28\/funiber-solidao-impacto-qualidade-vida-idosos","title":{"rendered":"Solid\u00e3o tem impacto negativo na qualidade de vida dos idosos"},"content":{"rendered":"<h2><strong>A\u00a0<\/strong><a href=\"https:\/\/es.linkedin.com\/in\/raquel-lorente-martinez-24690669\" target=\"_blank\" rel=\"noopener\"><strong>Dra. Raquel Lorente Mart\u00ednez<\/strong><\/a><strong>, da Universidad Miguel Hern\u00e1ndez (Espanha), concluiu que a maioria dos idosos entende a solid\u00e3o como uma experi\u00eancia negativa<\/strong><\/h2>\n<p>A solid\u00e3o \u00e9 uma situa\u00e7\u00e3o de vida que prejudica \u00e0 sa\u00fade dos idosos. Esta \u00e9 a conclus\u00e3o da Dra. Raquel Lorente Mart\u00ednez no fim de sua tese de doutorado &#8220;Solid\u00e3o na velhice: an\u00e1lise e avalia\u00e7\u00e3o de um programa de interven\u00e7\u00e3o em idosos que vivem sozinhos&#8221;. Nela, a pesquisadora espanhola mostrou que as pessoas que atribuem sua solid\u00e3o a fatores externos e incontrol\u00e1veis a sua vontade, sofrem constantemente com a solid\u00e3o.<\/p>\n<p><!--more--><\/p>\n<p>Da mesma forma, Raquel Lorente explicou que, com base nos resultados, &#8220;as pessoas idosas preferem n\u00e3o se envolver em atividades sociais a longo prazo&#8221;. No entanto, tamb\u00e9m constatou que, depois de participar de programas de acompanhamento para evitar a solid\u00e3o e o isolamento, &#8220;manifestaram maior interesse em participar de novas atividades adaptadas \u00e0s suas necessidades&#8221;.<\/p>\n<p>Por outro lado, o estudo tamb\u00e9m revelou que um n\u00famero significativo de idosos consideram que a solid\u00e3o \u00e9 positiva. Nestes casos, a doutora Raquel assegura que &#8221; eles atribuem a solid\u00e3o a causas internas ou a causas control\u00e1veis, eles percebem o controle sobre a situa\u00e7\u00e3o&#8221;. Portanto, eles n\u00e3o percebem esse sentimento ou, se o experimentam, sentem que &#8220;\u00e9 suscept\u00edvel de ser alterado por eles mesmos&#8221;, sem ajuda.<\/p>\n<p>O\u00a0<a href=\"https:\/\/www.funiber.org.br\/maestria-en-gerontologia\" target=\"_blank\" rel=\"noopener\">Mestrado em Gerontologia<\/a>\u00a0patrocinado pela\u00a0<a href=\"https:\/\/www.funiber.org.br\/\" target=\"_blank\" rel=\"noopener\">FUNIBER<\/a>\u00a0educa os alunos para que possam realizar com sucesso fun\u00e7\u00f5es de acompanhamento e cuidados aos idosos, a fim de evitar que se sintam solit\u00e1rios.<\/p>\n<p>E voc\u00ea, qual a sua opini\u00e3o? Voc\u00ea considera que a solid\u00e3o pode afetar negativamente a qualidade de vida e a sa\u00fade dos idosos?<\/p>\n<p>Fonte:\u00a0<a href=\"https:\/\/www.researchgate.net\/profile\/Raquel_Martinez21\/publication\/320585688_La_soledad_en_la_vejez_Analisis_y_evaluacion_de_un_programa_de_intervencion_en_personas_mayores_que_viven_solas\/links\/59ef3e40aca2721ca5e92f05\/La-soledad-en-la-vejez-Analisis-y-evaluacion-de-un-programa-de-intervencion-en-personas-mayores-que-viven-solas.pdf\" target=\"_blank\" rel=\"noopener\">La soledad en la vejez: an\u00e1lisis y evaluaci\u00f3n de un programa de intervenci\u00f3n en personas mayores que viven solas<\/a><\/p>\n<p>Foto: Todos os direitos reservados.<\/p>\n","protected":false},"excerpt":{"rendered":"<p>A\u00a0Dra. Raquel Lorente Mart\u00ednez, da Universidad Miguel Hern\u00e1ndez (Espanha), concluiu que a maioria dos idosos entende a solid\u00e3o como uma experi\u00eancia negativa A solid\u00e3o \u00e9 uma situa\u00e7\u00e3o de vida que prejudica \u00e0 sa\u00fade dos idosos. Esta \u00e9 a conclus\u00e3o da Dra. Raquel Lorente Mart\u00ednez no fim de sua tese de doutorado &#8220;Solid\u00e3o na velhice: an\u00e1lise [&hellip;]<\/p>\n","protected":false},"author":20,"featured_media":14885,"comment_status":"closed","ping_status":"closed","sticky":false,"template":"","format":"standard","meta":{"jetpack_post_was_ever_published":false,"_jetpack_newsletter_access":"","_jetpack_newsletter_tier_id":0,"footnotes":"","jetpack_publicize_message":"","jetpack_is_tweetstorm":false,"jetpack_publicize_feature_enabled":true,"jetpack_social_post_already_shared":true,"jetpack_social_options":{"image_generator_settings":{"template":"highway","enabled":false}}},"categories":[1],"tags":[786,248,3310,2761,179,695,3311],"jetpack_publicize_connections":[],"yoast_head":"<!-- This site is optimized with the Yoast SEO plugin v21.7 - https:\/\/yoast.com\/wordpress\/plugins\/seo\/ -->\n<title>Solid\u00e3o tem impacto negativo na qualidade de vida dos idosos<\/title>\n<meta name=\"description\" content=\"A\u00a0Dra. Raquel Lorente Mart\u00ednez, da Universidad Miguel Hern\u00e1ndez (Espanha), concluiu que a maioria dos idosos entende a solid\u00e3o como uma experi\u00eancia negativa\" \/>\n<meta name=\"robots\" content=\"noindex, nofollow\" \/>\n<meta property=\"og:locale\" content=\"pt_BR\" \/>\n<meta property=\"og:type\" content=\"article\" \/>\n<meta property=\"og:title\" content=\"Solid\u00e3o tem impacto negativo na qualidade de vida dos idosos\" \/>\n<meta property=\"og:description\" content=\"A\u00a0Dra. Raquel Lorente Mart\u00ednez, da Universidad Miguel Hern\u00e1ndez (Espanha), concluiu que a maioria dos idosos entende a solid\u00e3o como uma experi\u00eancia negativa\" \/>\n<meta property=\"og:url\" content=\"https:\/\/blogs.funiber.org\/pt\/gerontologia\/2017\/12\/28\/funiber-solidao-impacto-qualidade-vida-idosos\" \/>\n<meta property=\"og:site_name\" content=\"FuniBlogs - FUNIBER\" \/>\n<meta property=\"article:publisher\" content=\"https:\/\/www.facebook.com\/funiber\" \/>\n<meta property=\"article:published_time\" content=\"2017-12-28T12:00:03+00:00\" \/>\n<meta property=\"article:modified_time\" content=\"2017-12-22T18:05:35+00:00\" \/>\n<meta property=\"og:image\" content=\"https:\/\/blogs.funiber.org\/pt\/wp-content\/uploads\/2017\/12\/FUNIBER-soledad-300x200.jpg\" \/>\n\t<meta property=\"og:image:width\" content=\"300\" \/>\n\t<meta property=\"og:image:height\" content=\"200\" \/>\n\t<meta property=\"og:image:type\" content=\"image\/jpeg\" \/>\n<meta name=\"author\" content=\"Elisa\" \/>\n<meta name=\"twitter:card\" content=\"summary_large_image\" \/>\n<meta name=\"twitter:creator\" content=\"@FUNIBER\" \/>\n<meta name=\"twitter:site\" content=\"@FUNIBER\" \/>\n<meta name=\"twitter:label1\" content=\"Escrito por\" \/>\n\t<meta name=\"twitter:data1\" content=\"Elisa\" \/>\n\t<meta name=\"twitter:label2\" content=\"Est. tempo de leitura\" \/>\n\t<meta name=\"twitter:data2\" content=\"2 minutos\" \/>\n<script type=\"application\/ld+json\" class=\"yoast-schema-graph\">{\"@context\":\"https:\/\/schema.org\",\"@graph\":[{\"@type\":\"Article\",\"@id\":\"https:\/\/blogs.funiber.org\/pt\/gerontologia\/2017\/12\/28\/funiber-solidao-impacto-qualidade-vida-idosos#article\",\"isPartOf\":{\"@id\":\"https:\/\/blogs.funiber.org\/pt\/gerontologia\/2017\/12\/28\/funiber-solidao-impacto-qualidade-vida-idosos\"},\"author\":{\"name\":\"Elisa\",\"@id\":\"https:\/\/blogs.funiber.org\/pt\/#\/schema\/person\/8fd6a27f7bf8ead478d58bb9ef63fb50\"},\"headline\":\"Solid\u00e3o tem impacto negativo na qualidade de vida dos idosos\",\"datePublished\":\"2017-12-28T12:00:03+00:00\",\"dateModified\":\"2017-12-22T18:05:35+00:00\",\"mainEntityOfPage\":{\"@id\":\"https:\/\/blogs.funiber.org\/pt\/gerontologia\/2017\/12\/28\/funiber-solidao-impacto-qualidade-vida-idosos\"},\"wordCount\":334,\"publisher\":{\"@id\":\"https:\/\/blogs.funiber.org\/pt\/#organization\"},\"keywords\":[\"estudo\",\"Funiber\",\"impacto negativo\",\"Mestrado em Gerontologia\",\"Qualidade de Vida\",\"solid\u00e3o\",\"Universidad Miguel Hern\u00e1ndez\"],\"articleSection\":[\"Gerontologia\"],\"inLanguage\":\"pt-BR\"},{\"@type\":\"WebPage\",\"@id\":\"https:\/\/blogs.funiber.org\/pt\/gerontologia\/2017\/12\/28\/funiber-solidao-impacto-qualidade-vida-idosos\",\"url\":\"https:\/\/blogs.funiber.org\/pt\/gerontologia\/2017\/12\/28\/funiber-solidao-impacto-qualidade-vida-idosos\",\"name\":\"Solid\u00e3o tem impacto negativo na qualidade de vida dos idosos\",\"isPartOf\":{\"@id\":\"https:\/\/blogs.funiber.org\/pt\/#website\"},\"datePublished\":\"2017-12-28T12:00:03+00:00\",\"dateModified\":\"2017-12-22T18:05:35+00:00\",\"description\":\"A\u00a0Dra. Raquel Lorente Mart\u00ednez, da Universidad Miguel Hern\u00e1ndez (Espanha), concluiu que a maioria dos idosos entende a solid\u00e3o como uma experi\u00eancia negativa\",\"breadcrumb\":{\"@id\":\"https:\/\/blogs.funiber.org\/pt\/gerontologia\/2017\/12\/28\/funiber-solidao-impacto-qualidade-vida-idosos#breadcrumb\"},\"inLanguage\":\"pt-BR\",\"potentialAction\":[{\"@type\":\"ReadAction\",\"target\":[\"https:\/\/blogs.funiber.org\/pt\/gerontologia\/2017\/12\/28\/funiber-solidao-impacto-qualidade-vida-idosos\"]}]},{\"@type\":\"BreadcrumbList\",\"@id\":\"https:\/\/blogs.funiber.org\/pt\/gerontologia\/2017\/12\/28\/funiber-solidao-impacto-qualidade-vida-idosos#breadcrumb\",\"itemListElement\":[{\"@type\":\"ListItem\",\"position\":1,\"name\":\"In\u00edcio\",\"item\":\"https:\/\/blogs.funiber.org\/pt\"},{\"@type\":\"ListItem\",\"position\":2,\"name\":\"Solid\u00e3o tem impacto negativo na qualidade de vida dos idosos\"}]},{\"@type\":\"WebSite\",\"@id\":\"https:\/\/blogs.funiber.org\/pt\/#website\",\"url\":\"https:\/\/blogs.funiber.org\/pt\/\",\"name\":\"FuniBlogs - FUNIBER\",\"description\":\"\",\"publisher\":{\"@id\":\"https:\/\/blogs.funiber.org\/pt\/#organization\"},\"potentialAction\":[{\"@type\":\"SearchAction\",\"target\":{\"@type\":\"EntryPoint\",\"urlTemplate\":\"https:\/\/blogs.funiber.org\/pt\/?s={search_term_string}\"},\"query-input\":\"required name=search_term_string\"}],\"inLanguage\":\"pt-BR\"},{\"@type\":\"Organization\",\"@id\":\"https:\/\/blogs.funiber.org\/pt\/#organization\",\"name\":\"FuniBlogs - FUNIBER\",\"url\":\"https:\/\/blogs.funiber.org\/pt\/\",\"logo\":{\"@type\":\"ImageObject\",\"inLanguage\":\"pt-BR\",\"@id\":\"https:\/\/blogs.funiber.org\/pt\/#\/schema\/logo\/image\/\",\"url\":\"https:\/\/www.funiber.blog\/pt\/wp-content\/uploads\/2022\/02\/logo-funiber-pt-br-v-dos.svg\",\"contentUrl\":\"https:\/\/www.funiber.blog\/pt\/wp-content\/uploads\/2022\/02\/logo-funiber-pt-br-v-dos.svg\",\"width\":1,\"height\":1,\"caption\":\"FuniBlogs - FUNIBER\"},\"image\":{\"@id\":\"https:\/\/blogs.funiber.org\/pt\/#\/schema\/logo\/image\/\"},\"sameAs\":[\"https:\/\/www.facebook.com\/funiber\",\"https:\/\/twitter.com\/FUNIBER\",\"https:\/\/www.instagram.com\/funiber_becas\",\"https:\/\/www.youtube.com\/user\/funiber\",\"https:\/\/www.linkedin.com\/company\/funiber\"]},{\"@type\":\"Person\",\"@id\":\"https:\/\/blogs.funiber.org\/pt\/#\/schema\/person\/8fd6a27f7bf8ead478d58bb9ef63fb50\",\"name\":\"Elisa\",\"image\":{\"@type\":\"ImageObject\",\"inLanguage\":\"pt-BR\",\"@id\":\"https:\/\/blogs.funiber.org\/pt\/#\/schema\/person\/image\/\",\"url\":\"https:\/\/secure.gravatar.com\/avatar\/fd1ffaa6ec1e016d0a5a66a97c8b1829?s=96&d=mm&r=g\",\"contentUrl\":\"https:\/\/secure.gravatar.com\/avatar\/fd1ffaa6ec1e016d0a5a66a97c8b1829?s=96&d=mm&r=g\",\"caption\":\"Elisa\"},\"url\":\"https:\/\/www.funiber.blog\/pt\/author\/elisa\"}]}<\/script>\n<!-- \/ Yoast SEO plugin. -->","yoast_head_json":{"title":"Solid\u00e3o tem impacto negativo na qualidade de vida dos idosos","description":"A\u00a0Dra. Raquel Lorente Mart\u00ednez, da Universidad Miguel Hern\u00e1ndez (Espanha), concluiu que a maioria dos idosos entende a solid\u00e3o como uma experi\u00eancia negativa","robots":{"index":"noindex","follow":"nofollow"},"og_locale":"pt_BR","og_type":"article","og_title":"Solid\u00e3o tem impacto negativo na qualidade de vida dos idosos","og_description":"A\u00a0Dra. Raquel Lorente Mart\u00ednez, da Universidad Miguel Hern\u00e1ndez (Espanha), concluiu que a maioria dos idosos entende a solid\u00e3o como uma experi\u00eancia negativa","og_url":"https:\/\/blogs.funiber.org\/pt\/gerontologia\/2017\/12\/28\/funiber-solidao-impacto-qualidade-vida-idosos","og_site_name":"FuniBlogs - FUNIBER","article_publisher":"https:\/\/www.facebook.com\/funiber","article_published_time":"2017-12-28T12:00:03+00:00","article_modified_time":"2017-12-22T18:05:35+00:00","og_image":[{"width":300,"height":200,"url":"https:\/\/blogs.funiber.org\/pt\/wp-content\/uploads\/2017\/12\/FUNIBER-soledad-300x200.jpg","type":"image\/jpeg"}],"author":"Elisa","twitter_card":"summary_large_image","twitter_creator":"@FUNIBER","twitter_site":"@FUNIBER","twitter_misc":{"Escrito por":"Elisa","Est. tempo de leitura":"2 minutos"},"schema":{"@context":"https:\/\/schema.org","@graph":[{"@type":"Article","@id":"https:\/\/blogs.funiber.org\/pt\/gerontologia\/2017\/12\/28\/funiber-solidao-impacto-qualidade-vida-idosos#article","isPartOf":{"@id":"https:\/\/blogs.funiber.org\/pt\/gerontologia\/2017\/12\/28\/funiber-solidao-impacto-qualidade-vida-idosos"},"author":{"name":"Elisa","@id":"https:\/\/blogs.funiber.org\/pt\/#\/schema\/person\/8fd6a27f7bf8ead478d58bb9ef63fb50"},"headline":"Solid\u00e3o tem impacto negativo na qualidade de vida dos idosos","datePublished":"2017-12-28T12:00:03+00:00","dateModified":"2017-12-22T18:05:35+00:00","mainEntityOfPage":{"@id":"https:\/\/blogs.funiber.org\/pt\/gerontologia\/2017\/12\/28\/funiber-solidao-impacto-qualidade-vida-idosos"},"wordCount":334,"publisher":{"@id":"https:\/\/blogs.funiber.org\/pt\/#organization"},"keywords":["estudo","Funiber","impacto negativo","Mestrado em Gerontologia","Qualidade de Vida","solid\u00e3o","Universidad Miguel Hern\u00e1ndez"],"articleSection":["Gerontologia"],"inLanguage":"pt-BR"},{"@type":"WebPage","@id":"https:\/\/blogs.funiber.org\/pt\/gerontologia\/2017\/12\/28\/funiber-solidao-impacto-qualidade-vida-idosos","url":"https:\/\/blogs.funiber.org\/pt\/gerontologia\/2017\/12\/28\/funiber-solidao-impacto-qualidade-vida-idosos","name":"Solid\u00e3o tem impacto negativo na qualidade de vida dos idosos","isPartOf":{"@id":"https:\/\/blogs.funiber.org\/pt\/#website"},"datePublished":"2017-12-28T12:00:03+00:00","dateModified":"2017-12-22T18:05:35+00:00","description":"A\u00a0Dra. Raquel Lorente Mart\u00ednez, da Universidad Miguel Hern\u00e1ndez (Espanha), concluiu que a maioria dos idosos entende a solid\u00e3o como uma experi\u00eancia negativa","breadcrumb":{"@id":"https:\/\/blogs.funiber.org\/pt\/gerontologia\/2017\/12\/28\/funiber-solidao-impacto-qualidade-vida-idosos#breadcrumb"},"inLanguage":"pt-BR","potentialAction":[{"@type":"ReadAction","target":["https:\/\/blogs.funiber.org\/pt\/gerontologia\/2017\/12\/28\/funiber-solidao-impacto-qualidade-vida-idosos"]}]},{"@type":"BreadcrumbList","@id":"https:\/\/blogs.funiber.org\/pt\/gerontologia\/2017\/12\/28\/funiber-solidao-impacto-qualidade-vida-idosos#breadcrumb","itemListElement":[{"@type":"ListItem","position":1,"name":"In\u00edcio","item":"https:\/\/blogs.funiber.org\/pt"},{"@type":"ListItem","position":2,"name":"Solid\u00e3o tem impacto negativo na qualidade de vida dos idosos"}]},{"@type":"WebSite","@id":"https:\/\/blogs.funiber.org\/pt\/#website","url":"https:\/\/blogs.funiber.org\/pt\/","name":"FuniBlogs - FUNIBER","description":"","publisher":{"@id":"https:\/\/blogs.funiber.org\/pt\/#organization"},"potentialAction":[{"@type":"SearchAction","target":{"@type":"EntryPoint","urlTemplate":"https:\/\/blogs.funiber.org\/pt\/?s={search_term_string}"},"query-input":"required name=search_term_string"}],"inLanguage":"pt-BR"},{"@type":"Organization","@id":"https:\/\/blogs.funiber.org\/pt\/#organization","name":"FuniBlogs - FUNIBER","url":"https:\/\/blogs.funiber.org\/pt\/","logo":{"@type":"ImageObject","inLanguage":"pt-BR","@id":"https:\/\/blogs.funiber.org\/pt\/#\/schema\/logo\/image\/","url":"https:\/\/www.funiber.blog\/pt\/wp-content\/uploads\/2022\/02\/logo-funiber-pt-br-v-dos.svg","contentUrl":"https:\/\/www.funiber.blog\/pt\/wp-content\/uploads\/2022\/02\/logo-funiber-pt-br-v-dos.svg","width":1,"height":1,"caption":"FuniBlogs - FUNIBER"},"image":{"@id":"https:\/\/blogs.funiber.org\/pt\/#\/schema\/logo\/image\/"},"sameAs":["https:\/\/www.facebook.com\/funiber","https:\/\/twitter.com\/FUNIBER","https:\/\/www.instagram.com\/funiber_becas","https:\/\/www.youtube.com\/user\/funiber","https:\/\/www.linkedin.com\/company\/funiber"]},{"@type":"Person","@id":"https:\/\/blogs.funiber.org\/pt\/#\/schema\/person\/8fd6a27f7bf8ead478d58bb9ef63fb50","name":"Elisa","image":{"@type":"ImageObject","inLanguage":"pt-BR","@id":"https:\/\/blogs.funiber.org\/pt\/#\/schema\/person\/image\/","url":"https:\/\/secure.gravatar.com\/avatar\/fd1ffaa6ec1e016d0a5a66a97c8b1829?s=96&d=mm&r=g","contentUrl":"https:\/\/secure.gravatar.com\/avatar\/fd1ffaa6ec1e016d0a5a66a97c8b1829?s=96&d=mm&r=g","caption":"Elisa"},"url":"https:\/\/www.funiber.blog\/pt\/author\/elisa"}]}},"jetpack_featured_media_url":"https:\/\/www.funiber.blog\/pt\/wp-content\/uploads\/2017\/12\/FUNIBER-soledad-300x200.jpg","jetpack_shortlink":"https:\/\/wp.me\/p7ee1t-3S3","jetpack_sharing_enabled":true,"_links":{"self":[{"href":"https:\/\/www.funiber.blog\/pt\/wp-json\/wp\/v2\/posts\/14883"}],"collection":[{"href":"https:\/\/www.funiber.blog\/pt\/wp-json\/wp\/v2\/posts"}],"about":[{"href":"https:\/\/www.funiber.blog\/pt\/wp-json\/wp\/v2\/types\/post"}],"author":[{"embeddable":true,"href":"https:\/\/www.funiber.blog\/pt\/wp-json\/wp\/v2\/users\/20"}],"replies":[{"embeddable":true,"href":"https:\/\/www.funiber.blog\/pt\/wp-json\/wp\/v2\/comments?post=14883"}],"version-history":[{"count":1,"href":"https:\/\/www.funiber.blog\/pt\/wp-json\/wp\/v2\/posts\/14883\/revisions"}],"predecessor-version":[{"id":14884,"href":"https:\/\/www.funiber.blog\/pt\/wp-json\/wp\/v2\/posts\/14883\/revisions\/14884"}],"wp:featuredmedia":[{"embeddable":true,"href":"https:\/\/www.funiber.blog\/pt\/wp-json\/wp\/v2\/media\/14885"}],"wp:attachment":[{"href":"https:\/\/www.funiber.blog\/pt\/wp-json\/wp\/v2\/media?parent=14883"}],"wp:term":[{"taxonomy":"category","embeddable":true,"href":"https:\/\/www.funiber.blog\/pt\/wp-json\/wp\/v2\/categories?post=14883"},{"taxonomy":"post_tag","embeddable":true,"href":"https:\/\/www.funiber.blog\/pt\/wp-json\/wp\/v2\/tags?post=14883"}],"curies":[{"name":"wp","href":"https:\/\/api.w.org\/{rel}","templated":true}]}}