{"id":14892,"date":"2017-12-29T07:00:09","date_gmt":"2017-12-29T07:00:09","guid":{"rendered":"https:\/\/blogs.funiber.org\/pt\/?p=14892"},"modified":"2017-12-28T17:51:53","modified_gmt":"2017-12-28T17:51:53","slug":"funiber-pesquisadores-molecula-frenar-alzheimer","status":"publish","type":"post","link":"https:\/\/www.funiber.blog\/pt\/gerontologia\/2017\/12\/29\/funiber-pesquisadores-molecula-frenar-alzheimer","title":{"rendered":"Pesquisadores espanh\u00f3is descobrem mol\u00e9cula capaz de frear o Alzheimer"},"content":{"rendered":"<h2><strong>Um grupo de cientistas espanh\u00f3is do <\/strong><a href=\"http:\/\/www.iqog.csic.es\/iqog\/es\" target=\"_blank\" rel=\"noopener\">Instituto de Qu\u00edmica Org\u00e2nica Geral de Madri (Espanha)<\/a><strong>, <\/strong><strong>liderado por <\/strong><a href=\"https:\/\/www.researchgate.net\/profile\/Jose_Marco-Contelles\" target=\"_blank\" rel=\"noopener\"><strong>Jos\u00e9 Luis Marco Contelles<\/strong><\/a><strong>, descobriu a mol\u00e9cula MBA 354. Segundo os pesquisadores, a MBA 354 poderia ajudar a criar f\u00e1rmacos eficientes contra o Alzheimer. <\/strong><\/h2>\n<p>As pesquisas cient\u00edficas no campo do Alzheimer e das doen\u00e7as neurodegenerativas est\u00e3o obtendo resultados encorajadores. Assim, cientistas do Instituto de Qu\u00edmica Org\u00e2nica Geral de Madri encontraram uma mol\u00e9cula capaz de deter o desenvolvimento do Alzheimer. Batizada como MBA 354, poderia contribuir no futuro na elabora\u00e7\u00e3o de novos medicamentos para curar esta patologia.<\/p>\n<p><!--more--><\/p>\n<p>Entretanto, o descobrimento mais relevante ocorreu na Universidade de Calif\u00f3rnia. A pesquisadora <a href=\"https:\/\/www.linkedin.com\/in\/dena-dubal-b69b83a\" target=\"_blank\" rel=\"noopener\">Dena Dubal<\/a> e sua equipe comprovaram que o horm\u00f4nio Klotho pode manter em melhor estado as fun\u00e7\u00f5es cerebrais das pessoas durante toda sua vida. Neste mesmo sentido, um grupo de cientistas brit\u00e2nicos dirigido por <a href=\"https:\/\/www.gla.ac.uk\/researchinstitutes\/biology\/staff\/andrewtobin\/\" target=\"_blank\" rel=\"noopener\">Andrew Tobin<\/a> testou em ratos um medicamento que palia a degenera\u00e7\u00e3o do c\u00e9rebro e consegue prolongar sua vida.<\/p>\n<p>Por outro lado, um grupo do <a href=\"https:\/\/www.imperial.ac.uk\/\" target=\"_blank\" rel=\"noopener\">Imperial College de Londres<\/a> liderado por <a href=\"http:\/\/www.imperial.ac.uk\/people\/m.sastre\" target=\"_blank\" rel=\"noopener\">Magdalena Sastre<\/a> desenvolveu um v\u00edrus portador do gene PGC1-Alpha. Testado em ratos, conseguiu frear neles o desenvolvimento do Alzheimer.<\/p>\n<p>Todas essas descobertas \u00e9 um convite otimista para o desenvolvimento de f\u00e1rmacos que consigam manter intacta a mem\u00f3ria das pessoas durante toda sua vida. A este respeito, a empresa gestora de resid\u00eancias <a href=\"https:\/\/orpea.es\/\" target=\"_blank\" rel=\"noopener\">ORPEA Ib\u00e9rica<\/a> publicou um estudo a respeito das principais lembran\u00e7as dos idosos. Assim, segundo esta empresa, os mais apreciados pelas pessoas da terceira idade est\u00e3o relacionados com o amor, a fam\u00edlia e a inf\u00e2ncia. De acordo com isso, 13% deles confessam que gostaria de reter em sua mem\u00f3ria mais momentos de sua inf\u00e2ncia.<\/p>\n<p>No <a href=\"https:\/\/www.funiber.org.br\/mestrados-saude-e-nutricao\/gerontologia\" target=\"_blank\" rel=\"noopener\">Mestrado em Gerontologia<\/a> patrocinado pela <a href=\"https:\/\/www.funiber.org.br\/\" target=\"_blank\" rel=\"noopener\">FUNIBER<\/a>, os alunos recebem uma forma\u00e7\u00e3o integral, permitindo que possam atender aos idosos que sofrem doen\u00e7as neurodegenerativas. Assim, esta titula\u00e7\u00e3o forma a profissionais competentes na administra\u00e7\u00e3o de cuidados socioculturais e sanit\u00e1rios a esta faixa et\u00e1ria.<\/p>\n<p>Fontes:\u00a0<a href=\"http:\/\/geriatricarea.com\/los-10-principales-avances-en-la-lucha-contra-el-alzheimer-segun-orpea-iberica\/\" target=\"_blank\" rel=\"noopener\">Los 10 principales avances en la lucha contra el Alzheimer, seg\u00fan ORPEA Ib\u00e9rica<\/a><\/p>\n<p><a href=\"http:\/\/geriatricarea.com\/orpea-iberica-radiografia-la-memoria-de-los-mayores-espanoles\/\" target=\"_blank\" rel=\"noopener\">Orpea Ib\u00e9rica \u201cradiograf\u00eda\u201d la memoria de los mayores espa\u00f1oles<\/a><\/p>\n<p>Foto: Todos os direitos reservados.<\/p>\n","protected":false},"excerpt":{"rendered":"<p>Um grupo de cientistas espanh\u00f3is do Instituto de Qu\u00edmica Org\u00e2nica Geral de Madri (Espanha), liderado por Jos\u00e9 Luis Marco Contelles, descobriu a mol\u00e9cula MBA 354. Segundo os pesquisadores, a MBA 354 poderia ajudar a criar f\u00e1rmacos eficientes contra o Alzheimer. As pesquisas cient\u00edficas no campo do Alzheimer e das doen\u00e7as neurodegenerativas est\u00e3o obtendo resultados encorajadores. [&hellip;]<\/p>\n","protected":false},"author":20,"featured_media":14893,"comment_status":"closed","ping_status":"closed","sticky":false,"template":"","format":"standard","meta":{"jetpack_post_was_ever_published":false,"_jetpack_newsletter_access":"","_jetpack_newsletter_tier_id":0,"footnotes":"","jetpack_publicize_message":"","jetpack_is_tweetstorm":false,"jetpack_publicize_feature_enabled":true,"jetpack_social_post_already_shared":true,"jetpack_social_options":{"image_generator_settings":{"template":"highway","enabled":false}}},"categories":[1],"tags":[108,3318,3316,248,3317,3315,113],"jetpack_publicize_connections":[],"yoast_head":"<!-- This site is optimized with the Yoast SEO plugin v21.7 - https:\/\/yoast.com\/wordpress\/plugins\/seo\/ -->\n<title>Pesquisadores espanh\u00f3is descobrem mol\u00e9cula capaz de frear o Alzheimer<\/title>\n<meta name=\"description\" content=\"Um grupo de cientistas espanh\u00f3is do Instituto de Qu\u00edmica Org\u00e2nica Geral de Madri (Espanha), liderado por Jos\u00e9 Luis Marco Contelles, descobriu a mol\u00e9cula MBA 354. Segundo os pesquisadores, a MBA 354 poderia ajudar a criar f\u00e1rmacos eficientes contra o Alzheimer.\" \/>\n<meta name=\"robots\" content=\"index, follow, max-snippet:-1, max-image-preview:large, max-video-preview:-1\" \/>\n<link rel=\"canonical\" href=\"https:\/\/blogs.funiber.org\/pt\/gerontologia\/2017\/12\/29\/funiber-pesquisadores-molecula-frenar-alzheimer\" \/>\n<meta property=\"og:locale\" content=\"pt_BR\" \/>\n<meta property=\"og:type\" content=\"article\" \/>\n<meta property=\"og:title\" content=\"Pesquisadores espanh\u00f3is descobrem mol\u00e9cula capaz de frear o Alzheimer\" \/>\n<meta property=\"og:description\" content=\"Um grupo de cientistas espanh\u00f3is do Instituto de Qu\u00edmica Org\u00e2nica Geral de Madri (Espanha), liderado por Jos\u00e9 Luis Marco Contelles, descobriu a mol\u00e9cula MBA 354. Segundo os pesquisadores, a MBA 354 poderia ajudar a criar f\u00e1rmacos eficientes contra o Alzheimer.\" \/>\n<meta property=\"og:url\" content=\"https:\/\/blogs.funiber.org\/pt\/gerontologia\/2017\/12\/29\/funiber-pesquisadores-molecula-frenar-alzheimer\" \/>\n<meta property=\"og:site_name\" content=\"FuniBlogs - FUNIBER\" \/>\n<meta property=\"article:publisher\" content=\"https:\/\/www.facebook.com\/funiber\" \/>\n<meta property=\"article:published_time\" content=\"2017-12-29T07:00:09+00:00\" \/>\n<meta property=\"article:modified_time\" content=\"2017-12-28T17:51:53+00:00\" \/>\n<meta property=\"og:image\" content=\"https:\/\/blogs.funiber.org\/pt\/wp-content\/uploads\/2017\/12\/funiber-pesquisadores-mol\u00e9cula-alzheimer.jpg\" \/>\n\t<meta property=\"og:image:width\" content=\"640\" \/>\n\t<meta property=\"og:image:height\" content=\"427\" \/>\n\t<meta property=\"og:image:type\" content=\"image\/jpeg\" \/>\n<meta name=\"author\" content=\"Elisa\" \/>\n<meta name=\"twitter:card\" content=\"summary_large_image\" \/>\n<meta name=\"twitter:creator\" content=\"@FUNIBER\" \/>\n<meta name=\"twitter:site\" content=\"@FUNIBER\" \/>\n<meta name=\"twitter:label1\" content=\"Escrito por\" \/>\n\t<meta name=\"twitter:data1\" content=\"Elisa\" \/>\n\t<meta name=\"twitter:label2\" content=\"Est. tempo de leitura\" \/>\n\t<meta name=\"twitter:data2\" content=\"2 minutos\" \/>\n<script type=\"application\/ld+json\" class=\"yoast-schema-graph\">{\"@context\":\"https:\/\/schema.org\",\"@graph\":[{\"@type\":\"Article\",\"@id\":\"https:\/\/blogs.funiber.org\/pt\/gerontologia\/2017\/12\/29\/funiber-pesquisadores-molecula-frenar-alzheimer#article\",\"isPartOf\":{\"@id\":\"https:\/\/blogs.funiber.org\/pt\/gerontologia\/2017\/12\/29\/funiber-pesquisadores-molecula-frenar-alzheimer\"},\"author\":{\"name\":\"Elisa\",\"@id\":\"https:\/\/blogs.funiber.org\/pt\/#\/schema\/person\/8fd6a27f7bf8ead478d58bb9ef63fb50\"},\"headline\":\"Pesquisadores espanh\u00f3is descobrem mol\u00e9cula capaz de frear o Alzheimer\",\"datePublished\":\"2017-12-29T07:00:09+00:00\",\"dateModified\":\"2017-12-28T17:51:53+00:00\",\"mainEntityOfPage\":{\"@id\":\"https:\/\/blogs.funiber.org\/pt\/gerontologia\/2017\/12\/29\/funiber-pesquisadores-molecula-frenar-alzheimer\"},\"wordCount\":387,\"publisher\":{\"@id\":\"https:\/\/blogs.funiber.org\/pt\/#organization\"},\"keywords\":[\"Alzheimer\",\"doen\u00e7as neurodegenerativas\",\"f\u00e1rmacos eficientes\",\"Funiber\",\"MBA 354\",\"Mestra em Gerontologia\",\"Sa\u00fade\"],\"articleSection\":[\"Gerontologia\"],\"inLanguage\":\"pt-BR\"},{\"@type\":\"WebPage\",\"@id\":\"https:\/\/blogs.funiber.org\/pt\/gerontologia\/2017\/12\/29\/funiber-pesquisadores-molecula-frenar-alzheimer\",\"url\":\"https:\/\/blogs.funiber.org\/pt\/gerontologia\/2017\/12\/29\/funiber-pesquisadores-molecula-frenar-alzheimer\",\"name\":\"Pesquisadores espanh\u00f3is descobrem mol\u00e9cula capaz de frear o Alzheimer\",\"isPartOf\":{\"@id\":\"https:\/\/blogs.funiber.org\/pt\/#website\"},\"datePublished\":\"2017-12-29T07:00:09+00:00\",\"dateModified\":\"2017-12-28T17:51:53+00:00\",\"description\":\"Um grupo de cientistas espanh\u00f3is do Instituto de Qu\u00edmica Org\u00e2nica Geral de Madri (Espanha), liderado por Jos\u00e9 Luis Marco Contelles, descobriu a mol\u00e9cula MBA 354. Segundo os pesquisadores, a MBA 354 poderia ajudar a criar f\u00e1rmacos eficientes contra o Alzheimer.\",\"breadcrumb\":{\"@id\":\"https:\/\/blogs.funiber.org\/pt\/gerontologia\/2017\/12\/29\/funiber-pesquisadores-molecula-frenar-alzheimer#breadcrumb\"},\"inLanguage\":\"pt-BR\",\"potentialAction\":[{\"@type\":\"ReadAction\",\"target\":[\"https:\/\/blogs.funiber.org\/pt\/gerontologia\/2017\/12\/29\/funiber-pesquisadores-molecula-frenar-alzheimer\"]}]},{\"@type\":\"BreadcrumbList\",\"@id\":\"https:\/\/blogs.funiber.org\/pt\/gerontologia\/2017\/12\/29\/funiber-pesquisadores-molecula-frenar-alzheimer#breadcrumb\",\"itemListElement\":[{\"@type\":\"ListItem\",\"position\":1,\"name\":\"In\u00edcio\",\"item\":\"https:\/\/blogs.funiber.org\/pt\"},{\"@type\":\"ListItem\",\"position\":2,\"name\":\"Pesquisadores espanh\u00f3is descobrem mol\u00e9cula capaz de frear o Alzheimer\"}]},{\"@type\":\"WebSite\",\"@id\":\"https:\/\/blogs.funiber.org\/pt\/#website\",\"url\":\"https:\/\/blogs.funiber.org\/pt\/\",\"name\":\"FuniBlogs - FUNIBER\",\"description\":\"\",\"publisher\":{\"@id\":\"https:\/\/blogs.funiber.org\/pt\/#organization\"},\"potentialAction\":[{\"@type\":\"SearchAction\",\"target\":{\"@type\":\"EntryPoint\",\"urlTemplate\":\"https:\/\/blogs.funiber.org\/pt\/?s={search_term_string}\"},\"query-input\":\"required name=search_term_string\"}],\"inLanguage\":\"pt-BR\"},{\"@type\":\"Organization\",\"@id\":\"https:\/\/blogs.funiber.org\/pt\/#organization\",\"name\":\"FuniBlogs - FUNIBER\",\"url\":\"https:\/\/blogs.funiber.org\/pt\/\",\"logo\":{\"@type\":\"ImageObject\",\"inLanguage\":\"pt-BR\",\"@id\":\"https:\/\/blogs.funiber.org\/pt\/#\/schema\/logo\/image\/\",\"url\":\"https:\/\/www.funiber.blog\/pt\/wp-content\/uploads\/2022\/02\/logo-funiber-pt-br-v-dos.svg\",\"contentUrl\":\"https:\/\/www.funiber.blog\/pt\/wp-content\/uploads\/2022\/02\/logo-funiber-pt-br-v-dos.svg\",\"width\":1,\"height\":1,\"caption\":\"FuniBlogs - FUNIBER\"},\"image\":{\"@id\":\"https:\/\/blogs.funiber.org\/pt\/#\/schema\/logo\/image\/\"},\"sameAs\":[\"https:\/\/www.facebook.com\/funiber\",\"https:\/\/twitter.com\/FUNIBER\",\"https:\/\/www.instagram.com\/funiber_becas\",\"https:\/\/www.youtube.com\/user\/funiber\",\"https:\/\/www.linkedin.com\/company\/funiber\"]},{\"@type\":\"Person\",\"@id\":\"https:\/\/blogs.funiber.org\/pt\/#\/schema\/person\/8fd6a27f7bf8ead478d58bb9ef63fb50\",\"name\":\"Elisa\",\"image\":{\"@type\":\"ImageObject\",\"inLanguage\":\"pt-BR\",\"@id\":\"https:\/\/blogs.funiber.org\/pt\/#\/schema\/person\/image\/\",\"url\":\"https:\/\/secure.gravatar.com\/avatar\/fd1ffaa6ec1e016d0a5a66a97c8b1829?s=96&d=mm&r=g\",\"contentUrl\":\"https:\/\/secure.gravatar.com\/avatar\/fd1ffaa6ec1e016d0a5a66a97c8b1829?s=96&d=mm&r=g\",\"caption\":\"Elisa\"},\"url\":\"https:\/\/www.funiber.blog\/pt\/author\/elisa\"}]}<\/script>\n<!-- \/ Yoast SEO plugin. -->","yoast_head_json":{"title":"Pesquisadores espanh\u00f3is descobrem mol\u00e9cula capaz de frear o Alzheimer","description":"Um grupo de cientistas espanh\u00f3is do Instituto de Qu\u00edmica Org\u00e2nica Geral de Madri (Espanha), liderado por Jos\u00e9 Luis Marco Contelles, descobriu a mol\u00e9cula MBA 354. Segundo os pesquisadores, a MBA 354 poderia ajudar a criar f\u00e1rmacos eficientes contra o Alzheimer.","robots":{"index":"index","follow":"follow","max-snippet":"max-snippet:-1","max-image-preview":"max-image-preview:large","max-video-preview":"max-video-preview:-1"},"canonical":"https:\/\/blogs.funiber.org\/pt\/gerontologia\/2017\/12\/29\/funiber-pesquisadores-molecula-frenar-alzheimer","og_locale":"pt_BR","og_type":"article","og_title":"Pesquisadores espanh\u00f3is descobrem mol\u00e9cula capaz de frear o Alzheimer","og_description":"Um grupo de cientistas espanh\u00f3is do Instituto de Qu\u00edmica Org\u00e2nica Geral de Madri (Espanha), liderado por Jos\u00e9 Luis Marco Contelles, descobriu a mol\u00e9cula MBA 354. Segundo os pesquisadores, a MBA 354 poderia ajudar a criar f\u00e1rmacos eficientes contra o Alzheimer.","og_url":"https:\/\/blogs.funiber.org\/pt\/gerontologia\/2017\/12\/29\/funiber-pesquisadores-molecula-frenar-alzheimer","og_site_name":"FuniBlogs - FUNIBER","article_publisher":"https:\/\/www.facebook.com\/funiber","article_published_time":"2017-12-29T07:00:09+00:00","article_modified_time":"2017-12-28T17:51:53+00:00","og_image":[{"width":640,"height":427,"url":"https:\/\/blogs.funiber.org\/pt\/wp-content\/uploads\/2017\/12\/funiber-pesquisadores-mol\u00e9cula-alzheimer.jpg","type":"image\/jpeg"}],"author":"Elisa","twitter_card":"summary_large_image","twitter_creator":"@FUNIBER","twitter_site":"@FUNIBER","twitter_misc":{"Escrito por":"Elisa","Est. tempo de leitura":"2 minutos"},"schema":{"@context":"https:\/\/schema.org","@graph":[{"@type":"Article","@id":"https:\/\/blogs.funiber.org\/pt\/gerontologia\/2017\/12\/29\/funiber-pesquisadores-molecula-frenar-alzheimer#article","isPartOf":{"@id":"https:\/\/blogs.funiber.org\/pt\/gerontologia\/2017\/12\/29\/funiber-pesquisadores-molecula-frenar-alzheimer"},"author":{"name":"Elisa","@id":"https:\/\/blogs.funiber.org\/pt\/#\/schema\/person\/8fd6a27f7bf8ead478d58bb9ef63fb50"},"headline":"Pesquisadores espanh\u00f3is descobrem mol\u00e9cula capaz de frear o Alzheimer","datePublished":"2017-12-29T07:00:09+00:00","dateModified":"2017-12-28T17:51:53+00:00","mainEntityOfPage":{"@id":"https:\/\/blogs.funiber.org\/pt\/gerontologia\/2017\/12\/29\/funiber-pesquisadores-molecula-frenar-alzheimer"},"wordCount":387,"publisher":{"@id":"https:\/\/blogs.funiber.org\/pt\/#organization"},"keywords":["Alzheimer","doen\u00e7as neurodegenerativas","f\u00e1rmacos eficientes","Funiber","MBA 354","Mestra em Gerontologia","Sa\u00fade"],"articleSection":["Gerontologia"],"inLanguage":"pt-BR"},{"@type":"WebPage","@id":"https:\/\/blogs.funiber.org\/pt\/gerontologia\/2017\/12\/29\/funiber-pesquisadores-molecula-frenar-alzheimer","url":"https:\/\/blogs.funiber.org\/pt\/gerontologia\/2017\/12\/29\/funiber-pesquisadores-molecula-frenar-alzheimer","name":"Pesquisadores espanh\u00f3is descobrem mol\u00e9cula capaz de frear o Alzheimer","isPartOf":{"@id":"https:\/\/blogs.funiber.org\/pt\/#website"},"datePublished":"2017-12-29T07:00:09+00:00","dateModified":"2017-12-28T17:51:53+00:00","description":"Um grupo de cientistas espanh\u00f3is do Instituto de Qu\u00edmica Org\u00e2nica Geral de Madri (Espanha), liderado por Jos\u00e9 Luis Marco Contelles, descobriu a mol\u00e9cula MBA 354. Segundo os pesquisadores, a MBA 354 poderia ajudar a criar f\u00e1rmacos eficientes contra o Alzheimer.","breadcrumb":{"@id":"https:\/\/blogs.funiber.org\/pt\/gerontologia\/2017\/12\/29\/funiber-pesquisadores-molecula-frenar-alzheimer#breadcrumb"},"inLanguage":"pt-BR","potentialAction":[{"@type":"ReadAction","target":["https:\/\/blogs.funiber.org\/pt\/gerontologia\/2017\/12\/29\/funiber-pesquisadores-molecula-frenar-alzheimer"]}]},{"@type":"BreadcrumbList","@id":"https:\/\/blogs.funiber.org\/pt\/gerontologia\/2017\/12\/29\/funiber-pesquisadores-molecula-frenar-alzheimer#breadcrumb","itemListElement":[{"@type":"ListItem","position":1,"name":"In\u00edcio","item":"https:\/\/blogs.funiber.org\/pt"},{"@type":"ListItem","position":2,"name":"Pesquisadores espanh\u00f3is descobrem mol\u00e9cula capaz de frear o Alzheimer"}]},{"@type":"WebSite","@id":"https:\/\/blogs.funiber.org\/pt\/#website","url":"https:\/\/blogs.funiber.org\/pt\/","name":"FuniBlogs - FUNIBER","description":"","publisher":{"@id":"https:\/\/blogs.funiber.org\/pt\/#organization"},"potentialAction":[{"@type":"SearchAction","target":{"@type":"EntryPoint","urlTemplate":"https:\/\/blogs.funiber.org\/pt\/?s={search_term_string}"},"query-input":"required name=search_term_string"}],"inLanguage":"pt-BR"},{"@type":"Organization","@id":"https:\/\/blogs.funiber.org\/pt\/#organization","name":"FuniBlogs - FUNIBER","url":"https:\/\/blogs.funiber.org\/pt\/","logo":{"@type":"ImageObject","inLanguage":"pt-BR","@id":"https:\/\/blogs.funiber.org\/pt\/#\/schema\/logo\/image\/","url":"https:\/\/www.funiber.blog\/pt\/wp-content\/uploads\/2022\/02\/logo-funiber-pt-br-v-dos.svg","contentUrl":"https:\/\/www.funiber.blog\/pt\/wp-content\/uploads\/2022\/02\/logo-funiber-pt-br-v-dos.svg","width":1,"height":1,"caption":"FuniBlogs - FUNIBER"},"image":{"@id":"https:\/\/blogs.funiber.org\/pt\/#\/schema\/logo\/image\/"},"sameAs":["https:\/\/www.facebook.com\/funiber","https:\/\/twitter.com\/FUNIBER","https:\/\/www.instagram.com\/funiber_becas","https:\/\/www.youtube.com\/user\/funiber","https:\/\/www.linkedin.com\/company\/funiber"]},{"@type":"Person","@id":"https:\/\/blogs.funiber.org\/pt\/#\/schema\/person\/8fd6a27f7bf8ead478d58bb9ef63fb50","name":"Elisa","image":{"@type":"ImageObject","inLanguage":"pt-BR","@id":"https:\/\/blogs.funiber.org\/pt\/#\/schema\/person\/image\/","url":"https:\/\/secure.gravatar.com\/avatar\/fd1ffaa6ec1e016d0a5a66a97c8b1829?s=96&d=mm&r=g","contentUrl":"https:\/\/secure.gravatar.com\/avatar\/fd1ffaa6ec1e016d0a5a66a97c8b1829?s=96&d=mm&r=g","caption":"Elisa"},"url":"https:\/\/www.funiber.blog\/pt\/author\/elisa"}]}},"jetpack_featured_media_url":"https:\/\/www.funiber.blog\/pt\/wp-content\/uploads\/2017\/12\/funiber-pesquisadores-mol\u00e9cula-alzheimer.jpg","jetpack_shortlink":"https:\/\/wp.me\/p7ee1t-3Sc","jetpack_sharing_enabled":true,"_links":{"self":[{"href":"https:\/\/www.funiber.blog\/pt\/wp-json\/wp\/v2\/posts\/14892"}],"collection":[{"href":"https:\/\/www.funiber.blog\/pt\/wp-json\/wp\/v2\/posts"}],"about":[{"href":"https:\/\/www.funiber.blog\/pt\/wp-json\/wp\/v2\/types\/post"}],"author":[{"embeddable":true,"href":"https:\/\/www.funiber.blog\/pt\/wp-json\/wp\/v2\/users\/20"}],"replies":[{"embeddable":true,"href":"https:\/\/www.funiber.blog\/pt\/wp-json\/wp\/v2\/comments?post=14892"}],"version-history":[{"count":2,"href":"https:\/\/www.funiber.blog\/pt\/wp-json\/wp\/v2\/posts\/14892\/revisions"}],"predecessor-version":[{"id":14899,"href":"https:\/\/www.funiber.blog\/pt\/wp-json\/wp\/v2\/posts\/14892\/revisions\/14899"}],"wp:featuredmedia":[{"embeddable":true,"href":"https:\/\/www.funiber.blog\/pt\/wp-json\/wp\/v2\/media\/14893"}],"wp:attachment":[{"href":"https:\/\/www.funiber.blog\/pt\/wp-json\/wp\/v2\/media?parent=14892"}],"wp:term":[{"taxonomy":"category","embeddable":true,"href":"https:\/\/www.funiber.blog\/pt\/wp-json\/wp\/v2\/categories?post=14892"},{"taxonomy":"post_tag","embeddable":true,"href":"https:\/\/www.funiber.blog\/pt\/wp-json\/wp\/v2\/tags?post=14892"}],"curies":[{"name":"wp","href":"https:\/\/api.w.org\/{rel}","templated":true}]}}