{"id":15007,"date":"2018-01-14T07:00:04","date_gmt":"2018-01-14T07:00:04","guid":{"rendered":"https:\/\/blogs.funiber.org\/pt\/?p=15007"},"modified":"2018-01-09T17:23:59","modified_gmt":"2018-01-09T17:23:59","slug":"funiber-cuidadores-alto-risco-depressao","status":"publish","type":"post","link":"https:\/\/www.funiber.blog\/pt\/gerontologia\/2018\/01\/14\/funiber-cuidadores-alto-risco-depressao","title":{"rendered":"Cuidadores de idosos t\u00eam alto risco de sofrer depress\u00e3o"},"content":{"rendered":"<h2><strong>Diversos estudos revelaram altas porcentagens de depress\u00e3o, de ansiedade e de estresse entre os cuidadores de idosos.<\/strong><\/h2>\n<p>Recentemente pesquisas indicaram altos percentuais de depress\u00e3o, de ansiedade e de estresse que experimentam os cuidadores de idosos. Neste sentido, o relat\u00f3rio \u201c<a href=\"https:\/\/www.embracingcarers.com\/en_US\/home.html\" target=\"_blank\" rel=\"noopener\">Embracing Carers<\/a>\u201d, impulsionado pela empresa tecnol\u00f3gica <a href=\"https:\/\/www.merckgroup.com\/en\" target=\"_blank\" rel=\"noopener\">Merck KGaA<\/a>, concluiu que 47% dos cuidadores n\u00e3o profissionais est\u00e3o deprimidos. Do mesmo modo, 58% n\u00e3o pode conciliar regularmente o sono e quase a metade apresenta problemas de ganho ou perda de peso durante o tempo de seu desempenho na aten\u00e7\u00e3o a outra pessoa.<\/p>\n<p><!--more--><\/p>\n<p>A pesquisa contou com a participa\u00e7\u00e3o de mais de 3.500 pessoas da Espanha, da Fran\u00e7a, da Alemanha, do Reino Unido, dos Estados Unidos e da Austr\u00e1lia. Seu objetivo foi \u201cdescobrir os desafios que eles enfrentam durante o per\u00edodo como cuidadores\u201d, explicaram os promotores da mesma.<\/p>\n<p>Outro dos muitos dados alarmantes que apresentou este estudo \u00e9 que, na Austr\u00e1lia, os cuidadores n\u00e3o profissionais de pessoas com doen\u00e7as mentais apresentam um risco elevado de sofrer dist\u00farbios psicol\u00f3gicos. Da mesma forma, 60% deles n\u00e3o t\u00eam tempo livre suficiente para realizar atividades f\u00edsicas.<\/p>\n<p>No caso da Espanha, 61% dos cuidadores n\u00e3o profissionais perceberam uma piora de sua sa\u00fade f\u00edsica por seu desempenho na aten\u00e7\u00e3o a outra pessoa, segundo \u201cEmbracing Carers\u201d. Do mesmo modo, 43% prioriza a sa\u00fade da pessoa a que cuida antes que o cuidado da sua pr\u00f3pria.<\/p>\n<p>Por outro lado, um grupo de cientistas encabe\u00e7ados pela pesquisa canadense <a href=\"https:\/\/www.uhnresearch.ca\/researcher\/jill-cameron\" target=\"_blank\" rel=\"noopener\">Jill I. Cameron<\/a> demonstrou que os sintomas depressivos em cuidadores de doentes de longa dura\u00e7\u00e3o ingressados em Unidades de Cuidados Intensivos (U.C.I.) podem prolongar durante mais de um ano depois da termina\u00e7\u00e3o da aten\u00e7\u00e3o.<\/p>\n<p>Os resultados de seu trabalho, publicados no <a href=\"http:\/\/www.nejm.org\/\" target=\"_blank\" rel=\"noopener\">The New England Journal of Medicine<\/a>, concordam com o estudo efetuado em 2003 por uma equipe dirigida pela <a href=\"http:\/\/faculty.psy.ohio-state.edu\/1\/kiecolt-glaser\/\" target=\"_blank\" rel=\"noopener\">Dra. Janice Kiecolt-Glaser<\/a>, da Universidade de Ohio (Estados Unidos). Nele foi determinado que as pessoas respons\u00e1veis pelo cuidado de idosos durante longo tempo sofrem de altera\u00e7\u00f5es em seu sistema imunol\u00f3gico que se mant\u00eam at\u00e9 tr\u00eas anos depois de ter finalizado o cuidado.<\/p>\n<p>Mais preocupantes foram os resultados de um estudo realizados pelo <a href=\"https:\/\/psychology.pitt.edu\/people\/richard-schulz-phd\" target=\"_blank\" rel=\"noopener\">Dr. Richard Schulz<\/a> e o <a href=\"https:\/\/www.psychology.pitt.edu\/sites\/default\/files\/u22\/Beach%20CV.pdf\" target=\"_blank\" rel=\"noopener\">Dr. Scott R. Beach<\/a>. Esta pesquisa concluiu que os cuidadores de idosos com estresse apresentavam 63% mais de probabilidades de falecer nos quatro anos seguintes de cessar sua atividade de aten\u00e7\u00e3o que as demais pessoas.<\/p>\n<p>Por tudo isso, a presidenta da <a href=\"https:\/\/www.ceafa.es\/\" target=\"_blank\" rel=\"noopener\">Confederacion Espa\u00f1ola de Asociaciones de Familiares de Personas de Alzheimer\u00a0(CEAFA)<\/a>, <a href=\"https:\/\/es.linkedin.com\/in\/cheles-cantabrana-al%C3%BAtiz-ba36193b\">Cheles Cantabrana<\/a>, manifestou que h\u00e1 um \u201cgrande n\u00famero de desafios enfrentados pelos cuidadores em todo o mundo. Os cuidadores dedicam muito tempo na sa\u00fade de seus entes queridos que carecem de tempo para cuidar de si mesmos\u201d. Sobre isso, o\u00a0<a href=\"https:\/\/www.funiber.org.br\/mestrados-saude-e-nutricao\/gerontologia\" target=\"_blank\" rel=\"noopener\">Mestrado em Gerontologia<\/a> patrocinado pela <a href=\"https:\/\/www.funiber.org.br\/\" target=\"_blank\" rel=\"noopener\">FUNIBER<\/a> defende a forma\u00e7\u00e3o de profissionais competentes capazes de dar uma resposta positiva \u00e0s necessidades de cuidado e aten\u00e7\u00e3o que exigem os idosos.<\/p>\n<p>Fonte:\u00a0<a href=\"https:\/\/psiquiatria.com\/depresion\/mas-de-la-mitad-de-los-cuidadores-en-espana-necesita-atencion-medica-por-depresion-ansiedad-y-estres\/\" target=\"_blank\" rel=\"noopener\">M\u00e1s de la mitad de los cuidadores en Espa\u00f1a necesita atenci\u00f3n m\u00e9dica por depresi\u00f3n, ansiedad y estr\u00e9s<\/a><\/p>\n<p><a href=\"https:\/\/www.nytimes.com\/2017\/01\/19\/upshot\/who-will-care-for-the-caregivers.html\" target=\"_blank\" rel=\"noopener\">Who Will Care for the Caregivers?<\/a><\/p>\n<p><a href=\"https:\/\/www.embracingcarers.com\/content\/dam\/web\/healthcare\/corporate\/embracing-carers\/media\/infographics\/us\/Embracing%20Carers%20Survey%20Results.KGaA.FINAL.pdf\" target=\"_blank\" rel=\"noopener\">Embracing CarersTM International Survey<\/a><\/p>\n<p><a href=\"https:\/\/www.embracingcarers.com\/en_US\/home\/research\/global-carer-facts.html\" target=\"_blank\" rel=\"noopener\">Global Carer Facts<\/a><\/p>\n<p>Foto: Todos os direitos reservados.<\/p>\n","protected":false},"excerpt":{"rendered":"<p>Diversos estudos revelaram altas porcentagens de depress\u00e3o, de ansiedade e de estresse entre os cuidadores de idosos. Recentemente pesquisas indicaram altos percentuais de depress\u00e3o, de ansiedade e de estresse que experimentam os cuidadores de idosos. Neste sentido, o relat\u00f3rio \u201cEmbracing Carers\u201d, impulsionado pela empresa tecnol\u00f3gica Merck KGaA, concluiu que 47% dos cuidadores n\u00e3o profissionais est\u00e3o [&hellip;]<\/p>\n","protected":false},"author":20,"featured_media":15008,"comment_status":"closed","ping_status":"closed","sticky":false,"template":"","format":"standard","meta":{"jetpack_post_was_ever_published":false,"_jetpack_newsletter_access":"","_jetpack_newsletter_tier_id":0,"footnotes":"","jetpack_publicize_message":"","jetpack_is_tweetstorm":false,"jetpack_publicize_feature_enabled":true,"jetpack_social_post_already_shared":true,"jetpack_social_options":{"image_generator_settings":{"template":"highway","enabled":false}}},"categories":[1],"tags":[1009,3402,3403,182,557,119,248,2761,3404],"jetpack_publicize_connections":[],"yoast_head":"<!-- This site is optimized with the Yoast SEO plugin v21.7 - https:\/\/yoast.com\/wordpress\/plugins\/seo\/ -->\n<title>Cuidadores de idosos t\u00eam alto risco de sofrer depress\u00e3o<\/title>\n<meta name=\"description\" content=\"Diversos estudos revelaram altas porcentagens de depress\u00e3o, de ansiedade e de estresse entre os cuidadores de idosos.\" \/>\n<meta name=\"robots\" content=\"noindex, nofollow\" \/>\n<meta property=\"og:locale\" content=\"pt_BR\" \/>\n<meta property=\"og:type\" content=\"article\" \/>\n<meta property=\"og:title\" content=\"Cuidadores de idosos t\u00eam alto risco de sofrer depress\u00e3o\" \/>\n<meta property=\"og:description\" content=\"Diversos estudos revelaram altas porcentagens de depress\u00e3o, de ansiedade e de estresse entre os cuidadores de idosos.\" \/>\n<meta property=\"og:url\" content=\"https:\/\/blogs.funiber.org\/pt\/gerontologia\/2018\/01\/14\/funiber-cuidadores-alto-risco-depressao\" \/>\n<meta property=\"og:site_name\" content=\"FuniBlogs - FUNIBER\" \/>\n<meta property=\"article:publisher\" content=\"https:\/\/www.facebook.com\/funiber\" \/>\n<meta property=\"article:published_time\" content=\"2018-01-14T07:00:04+00:00\" \/>\n<meta property=\"article:modified_time\" content=\"2018-01-09T17:23:59+00:00\" \/>\n<meta property=\"og:image\" content=\"https:\/\/blogs.funiber.org\/pt\/wp-content\/uploads\/2018\/01\/funiber-cuidadores-idosos-depressao.jpg\" \/>\n\t<meta property=\"og:image:width\" content=\"640\" \/>\n\t<meta property=\"og:image:height\" content=\"427\" \/>\n\t<meta property=\"og:image:type\" content=\"image\/jpeg\" \/>\n<meta name=\"author\" content=\"Elisa\" \/>\n<meta name=\"twitter:card\" content=\"summary_large_image\" \/>\n<meta name=\"twitter:creator\" content=\"@FUNIBER\" \/>\n<meta name=\"twitter:site\" content=\"@FUNIBER\" \/>\n<meta name=\"twitter:label1\" content=\"Escrito por\" \/>\n\t<meta name=\"twitter:data1\" content=\"Elisa\" \/>\n\t<meta name=\"twitter:label2\" content=\"Est. tempo de leitura\" \/>\n\t<meta name=\"twitter:data2\" content=\"3 minutos\" \/>\n<script type=\"application\/ld+json\" class=\"yoast-schema-graph\">{\"@context\":\"https:\/\/schema.org\",\"@graph\":[{\"@type\":\"Article\",\"@id\":\"https:\/\/blogs.funiber.org\/pt\/gerontologia\/2018\/01\/14\/funiber-cuidadores-alto-risco-depressao#article\",\"isPartOf\":{\"@id\":\"https:\/\/blogs.funiber.org\/pt\/gerontologia\/2018\/01\/14\/funiber-cuidadores-alto-risco-depressao\"},\"author\":{\"name\":\"Elisa\",\"@id\":\"https:\/\/blogs.funiber.org\/pt\/#\/schema\/person\/8fd6a27f7bf8ead478d58bb9ef63fb50\"},\"headline\":\"Cuidadores de idosos t\u00eam alto risco de sofrer depress\u00e3o\",\"datePublished\":\"2018-01-14T07:00:04+00:00\",\"dateModified\":\"2018-01-09T17:23:59+00:00\",\"mainEntityOfPage\":{\"@id\":\"https:\/\/blogs.funiber.org\/pt\/gerontologia\/2018\/01\/14\/funiber-cuidadores-alto-risco-depressao\"},\"wordCount\":558,\"publisher\":{\"@id\":\"https:\/\/blogs.funiber.org\/pt\/#organization\"},\"keywords\":[\"Ansiedade\",\"cuidadores de idosos\",\"cuidadores n\u00e3o profissionais\",\"Depress\u00e3o\",\"Estresse\",\"Estudos\",\"Funiber\",\"Mestrado em Gerontologia\",\"sistema imunol\u00f3gico\"],\"articleSection\":[\"Gerontologia\"],\"inLanguage\":\"pt-BR\"},{\"@type\":\"WebPage\",\"@id\":\"https:\/\/blogs.funiber.org\/pt\/gerontologia\/2018\/01\/14\/funiber-cuidadores-alto-risco-depressao\",\"url\":\"https:\/\/blogs.funiber.org\/pt\/gerontologia\/2018\/01\/14\/funiber-cuidadores-alto-risco-depressao\",\"name\":\"Cuidadores de idosos t\u00eam alto risco de sofrer depress\u00e3o\",\"isPartOf\":{\"@id\":\"https:\/\/blogs.funiber.org\/pt\/#website\"},\"datePublished\":\"2018-01-14T07:00:04+00:00\",\"dateModified\":\"2018-01-09T17:23:59+00:00\",\"description\":\"Diversos estudos revelaram altas porcentagens de depress\u00e3o, de ansiedade e de estresse entre os cuidadores de idosos.\",\"breadcrumb\":{\"@id\":\"https:\/\/blogs.funiber.org\/pt\/gerontologia\/2018\/01\/14\/funiber-cuidadores-alto-risco-depressao#breadcrumb\"},\"inLanguage\":\"pt-BR\",\"potentialAction\":[{\"@type\":\"ReadAction\",\"target\":[\"https:\/\/blogs.funiber.org\/pt\/gerontologia\/2018\/01\/14\/funiber-cuidadores-alto-risco-depressao\"]}]},{\"@type\":\"BreadcrumbList\",\"@id\":\"https:\/\/blogs.funiber.org\/pt\/gerontologia\/2018\/01\/14\/funiber-cuidadores-alto-risco-depressao#breadcrumb\",\"itemListElement\":[{\"@type\":\"ListItem\",\"position\":1,\"name\":\"In\u00edcio\",\"item\":\"https:\/\/blogs.funiber.org\/pt\"},{\"@type\":\"ListItem\",\"position\":2,\"name\":\"Cuidadores de idosos t\u00eam alto risco de sofrer depress\u00e3o\"}]},{\"@type\":\"WebSite\",\"@id\":\"https:\/\/blogs.funiber.org\/pt\/#website\",\"url\":\"https:\/\/blogs.funiber.org\/pt\/\",\"name\":\"FuniBlogs - FUNIBER\",\"description\":\"\",\"publisher\":{\"@id\":\"https:\/\/blogs.funiber.org\/pt\/#organization\"},\"potentialAction\":[{\"@type\":\"SearchAction\",\"target\":{\"@type\":\"EntryPoint\",\"urlTemplate\":\"https:\/\/blogs.funiber.org\/pt\/?s={search_term_string}\"},\"query-input\":\"required name=search_term_string\"}],\"inLanguage\":\"pt-BR\"},{\"@type\":\"Organization\",\"@id\":\"https:\/\/blogs.funiber.org\/pt\/#organization\",\"name\":\"FuniBlogs - FUNIBER\",\"url\":\"https:\/\/blogs.funiber.org\/pt\/\",\"logo\":{\"@type\":\"ImageObject\",\"inLanguage\":\"pt-BR\",\"@id\":\"https:\/\/blogs.funiber.org\/pt\/#\/schema\/logo\/image\/\",\"url\":\"https:\/\/www.funiber.blog\/pt\/wp-content\/uploads\/2022\/02\/logo-funiber-pt-br-v-dos.svg\",\"contentUrl\":\"https:\/\/www.funiber.blog\/pt\/wp-content\/uploads\/2022\/02\/logo-funiber-pt-br-v-dos.svg\",\"width\":1,\"height\":1,\"caption\":\"FuniBlogs - FUNIBER\"},\"image\":{\"@id\":\"https:\/\/blogs.funiber.org\/pt\/#\/schema\/logo\/image\/\"},\"sameAs\":[\"https:\/\/www.facebook.com\/funiber\",\"https:\/\/twitter.com\/FUNIBER\",\"https:\/\/www.instagram.com\/funiber_becas\",\"https:\/\/www.youtube.com\/user\/funiber\",\"https:\/\/www.linkedin.com\/company\/funiber\"]},{\"@type\":\"Person\",\"@id\":\"https:\/\/blogs.funiber.org\/pt\/#\/schema\/person\/8fd6a27f7bf8ead478d58bb9ef63fb50\",\"name\":\"Elisa\",\"image\":{\"@type\":\"ImageObject\",\"inLanguage\":\"pt-BR\",\"@id\":\"https:\/\/blogs.funiber.org\/pt\/#\/schema\/person\/image\/\",\"url\":\"https:\/\/secure.gravatar.com\/avatar\/fd1ffaa6ec1e016d0a5a66a97c8b1829?s=96&d=mm&r=g\",\"contentUrl\":\"https:\/\/secure.gravatar.com\/avatar\/fd1ffaa6ec1e016d0a5a66a97c8b1829?s=96&d=mm&r=g\",\"caption\":\"Elisa\"},\"url\":\"https:\/\/www.funiber.blog\/pt\/author\/elisa\"}]}<\/script>\n<!-- \/ Yoast SEO plugin. -->","yoast_head_json":{"title":"Cuidadores de idosos t\u00eam alto risco de sofrer depress\u00e3o","description":"Diversos estudos revelaram altas porcentagens de depress\u00e3o, de ansiedade e de estresse entre os cuidadores de idosos.","robots":{"index":"noindex","follow":"nofollow"},"og_locale":"pt_BR","og_type":"article","og_title":"Cuidadores de idosos t\u00eam alto risco de sofrer depress\u00e3o","og_description":"Diversos estudos revelaram altas porcentagens de depress\u00e3o, de ansiedade e de estresse entre os cuidadores de idosos.","og_url":"https:\/\/blogs.funiber.org\/pt\/gerontologia\/2018\/01\/14\/funiber-cuidadores-alto-risco-depressao","og_site_name":"FuniBlogs - FUNIBER","article_publisher":"https:\/\/www.facebook.com\/funiber","article_published_time":"2018-01-14T07:00:04+00:00","article_modified_time":"2018-01-09T17:23:59+00:00","og_image":[{"width":640,"height":427,"url":"https:\/\/blogs.funiber.org\/pt\/wp-content\/uploads\/2018\/01\/funiber-cuidadores-idosos-depressao.jpg","type":"image\/jpeg"}],"author":"Elisa","twitter_card":"summary_large_image","twitter_creator":"@FUNIBER","twitter_site":"@FUNIBER","twitter_misc":{"Escrito por":"Elisa","Est. tempo de leitura":"3 minutos"},"schema":{"@context":"https:\/\/schema.org","@graph":[{"@type":"Article","@id":"https:\/\/blogs.funiber.org\/pt\/gerontologia\/2018\/01\/14\/funiber-cuidadores-alto-risco-depressao#article","isPartOf":{"@id":"https:\/\/blogs.funiber.org\/pt\/gerontologia\/2018\/01\/14\/funiber-cuidadores-alto-risco-depressao"},"author":{"name":"Elisa","@id":"https:\/\/blogs.funiber.org\/pt\/#\/schema\/person\/8fd6a27f7bf8ead478d58bb9ef63fb50"},"headline":"Cuidadores de idosos t\u00eam alto risco de sofrer depress\u00e3o","datePublished":"2018-01-14T07:00:04+00:00","dateModified":"2018-01-09T17:23:59+00:00","mainEntityOfPage":{"@id":"https:\/\/blogs.funiber.org\/pt\/gerontologia\/2018\/01\/14\/funiber-cuidadores-alto-risco-depressao"},"wordCount":558,"publisher":{"@id":"https:\/\/blogs.funiber.org\/pt\/#organization"},"keywords":["Ansiedade","cuidadores de idosos","cuidadores n\u00e3o profissionais","Depress\u00e3o","Estresse","Estudos","Funiber","Mestrado em Gerontologia","sistema imunol\u00f3gico"],"articleSection":["Gerontologia"],"inLanguage":"pt-BR"},{"@type":"WebPage","@id":"https:\/\/blogs.funiber.org\/pt\/gerontologia\/2018\/01\/14\/funiber-cuidadores-alto-risco-depressao","url":"https:\/\/blogs.funiber.org\/pt\/gerontologia\/2018\/01\/14\/funiber-cuidadores-alto-risco-depressao","name":"Cuidadores de idosos t\u00eam alto risco de sofrer depress\u00e3o","isPartOf":{"@id":"https:\/\/blogs.funiber.org\/pt\/#website"},"datePublished":"2018-01-14T07:00:04+00:00","dateModified":"2018-01-09T17:23:59+00:00","description":"Diversos estudos revelaram altas porcentagens de depress\u00e3o, de ansiedade e de estresse entre os cuidadores de idosos.","breadcrumb":{"@id":"https:\/\/blogs.funiber.org\/pt\/gerontologia\/2018\/01\/14\/funiber-cuidadores-alto-risco-depressao#breadcrumb"},"inLanguage":"pt-BR","potentialAction":[{"@type":"ReadAction","target":["https:\/\/blogs.funiber.org\/pt\/gerontologia\/2018\/01\/14\/funiber-cuidadores-alto-risco-depressao"]}]},{"@type":"BreadcrumbList","@id":"https:\/\/blogs.funiber.org\/pt\/gerontologia\/2018\/01\/14\/funiber-cuidadores-alto-risco-depressao#breadcrumb","itemListElement":[{"@type":"ListItem","position":1,"name":"In\u00edcio","item":"https:\/\/blogs.funiber.org\/pt"},{"@type":"ListItem","position":2,"name":"Cuidadores de idosos t\u00eam alto risco de sofrer depress\u00e3o"}]},{"@type":"WebSite","@id":"https:\/\/blogs.funiber.org\/pt\/#website","url":"https:\/\/blogs.funiber.org\/pt\/","name":"FuniBlogs - FUNIBER","description":"","publisher":{"@id":"https:\/\/blogs.funiber.org\/pt\/#organization"},"potentialAction":[{"@type":"SearchAction","target":{"@type":"EntryPoint","urlTemplate":"https:\/\/blogs.funiber.org\/pt\/?s={search_term_string}"},"query-input":"required name=search_term_string"}],"inLanguage":"pt-BR"},{"@type":"Organization","@id":"https:\/\/blogs.funiber.org\/pt\/#organization","name":"FuniBlogs - FUNIBER","url":"https:\/\/blogs.funiber.org\/pt\/","logo":{"@type":"ImageObject","inLanguage":"pt-BR","@id":"https:\/\/blogs.funiber.org\/pt\/#\/schema\/logo\/image\/","url":"https:\/\/www.funiber.blog\/pt\/wp-content\/uploads\/2022\/02\/logo-funiber-pt-br-v-dos.svg","contentUrl":"https:\/\/www.funiber.blog\/pt\/wp-content\/uploads\/2022\/02\/logo-funiber-pt-br-v-dos.svg","width":1,"height":1,"caption":"FuniBlogs - FUNIBER"},"image":{"@id":"https:\/\/blogs.funiber.org\/pt\/#\/schema\/logo\/image\/"},"sameAs":["https:\/\/www.facebook.com\/funiber","https:\/\/twitter.com\/FUNIBER","https:\/\/www.instagram.com\/funiber_becas","https:\/\/www.youtube.com\/user\/funiber","https:\/\/www.linkedin.com\/company\/funiber"]},{"@type":"Person","@id":"https:\/\/blogs.funiber.org\/pt\/#\/schema\/person\/8fd6a27f7bf8ead478d58bb9ef63fb50","name":"Elisa","image":{"@type":"ImageObject","inLanguage":"pt-BR","@id":"https:\/\/blogs.funiber.org\/pt\/#\/schema\/person\/image\/","url":"https:\/\/secure.gravatar.com\/avatar\/fd1ffaa6ec1e016d0a5a66a97c8b1829?s=96&d=mm&r=g","contentUrl":"https:\/\/secure.gravatar.com\/avatar\/fd1ffaa6ec1e016d0a5a66a97c8b1829?s=96&d=mm&r=g","caption":"Elisa"},"url":"https:\/\/www.funiber.blog\/pt\/author\/elisa"}]}},"jetpack_featured_media_url":"https:\/\/www.funiber.blog\/pt\/wp-content\/uploads\/2018\/01\/funiber-cuidadores-idosos-depressao.jpg","jetpack_shortlink":"https:\/\/wp.me\/p7ee1t-3U3","jetpack_sharing_enabled":true,"_links":{"self":[{"href":"https:\/\/www.funiber.blog\/pt\/wp-json\/wp\/v2\/posts\/15007"}],"collection":[{"href":"https:\/\/www.funiber.blog\/pt\/wp-json\/wp\/v2\/posts"}],"about":[{"href":"https:\/\/www.funiber.blog\/pt\/wp-json\/wp\/v2\/types\/post"}],"author":[{"embeddable":true,"href":"https:\/\/www.funiber.blog\/pt\/wp-json\/wp\/v2\/users\/20"}],"replies":[{"embeddable":true,"href":"https:\/\/www.funiber.blog\/pt\/wp-json\/wp\/v2\/comments?post=15007"}],"version-history":[{"count":1,"href":"https:\/\/www.funiber.blog\/pt\/wp-json\/wp\/v2\/posts\/15007\/revisions"}],"predecessor-version":[{"id":15009,"href":"https:\/\/www.funiber.blog\/pt\/wp-json\/wp\/v2\/posts\/15007\/revisions\/15009"}],"wp:featuredmedia":[{"embeddable":true,"href":"https:\/\/www.funiber.blog\/pt\/wp-json\/wp\/v2\/media\/15008"}],"wp:attachment":[{"href":"https:\/\/www.funiber.blog\/pt\/wp-json\/wp\/v2\/media?parent=15007"}],"wp:term":[{"taxonomy":"category","embeddable":true,"href":"https:\/\/www.funiber.blog\/pt\/wp-json\/wp\/v2\/categories?post=15007"},{"taxonomy":"post_tag","embeddable":true,"href":"https:\/\/www.funiber.blog\/pt\/wp-json\/wp\/v2\/tags?post=15007"}],"curies":[{"name":"wp","href":"https:\/\/api.w.org\/{rel}","templated":true}]}}