{"id":15046,"date":"2018-01-12T08:00:14","date_gmt":"2018-01-12T08:00:14","guid":{"rendered":"https:\/\/blogs.funiber.org\/pt\/?p=15046"},"modified":"2018-01-12T15:42:17","modified_gmt":"2018-01-12T15:42:17","slug":"funiber-hortas-sociais-idosos-sem-recursos","status":"publish","type":"post","link":"https:\/\/www.funiber.blog\/pt\/gerontologia\/2018\/01\/12\/funiber-hortas-sociais-idosos-sem-recursos","title":{"rendered":"Um projeto de hortas sociais produz alimentos aos idosos sem recursos"},"content":{"rendered":"<h2><strong>A iniciativa \u201cHortas Sociais\u201d produz hortali\u00e7as para alimentar fam\u00edlias de adultos sem recursos da cidade de Fortaleza (Brasil). Este projeto recebeu o Pr\u00eamio Projeto Inovador 2017 pelo munic\u00edpio de Fortaleza.<\/strong><\/h2>\n<p>Garantir a seguran\u00e7a alimentar dos idosos, incentivar a agricultura familiar nas cidades e favorecer a socializa\u00e7\u00e3o das fam\u00edlias de idosos sem recursos. Estes tr\u00eas s\u00e3o os objetivos buscados pelo programa \u201cHortas Sociais\u201d, impulsionado pela Coordenadoria de Idosos do Munic\u00edpio de Fortaleza (Brasil).<\/p>\n<p><!--more--><\/p>\n<p>O \u201cHortas Sociais\u201d foi lan\u00e7ado em 2014, como parte de uma campanha global para tornar Fortaleza em uma cidade amig\u00e1vel com a terceira idade. Conta com tr\u00eas estufas com uma superf\u00edcie total de 2.250 m2. Nelas s\u00e3o cultivadas couves, tomates ou piment\u00f5es para alimentar a idosos de baixa renda.<\/p>\n<p>Neste sentido, como explicou os impulsores do projeto, s\u00e3o os pr\u00f3prios benefici\u00e1rios os respons\u00e1veis pelo cuidado das hortali\u00e7as. Deste modo, consegue melhorar sua qualidade de vida e conscientizar a todos sobre os h\u00e1bitos alimentares saud\u00e1veis. A este respeito, o <a href=\"https:\/\/www.funiber.org.br\/mestrados-saude-e-nutricao\/gerontologia\" target=\"_blank\" rel=\"noopener\">Mestrado em Gerontologia<\/a> patrocinado pela <a href=\"https:\/\/www.funiber.org.br\/\" target=\"_blank\" rel=\"noopener\">FUNIBER<\/a> forma profissionais capacitados para estimular \u00e0s pessoas a seu cargo e animar eles para que cuidem de sua alimenta\u00e7\u00e3o e de sua sa\u00fade.<\/p>\n<p>Recentemente, o munic\u00edpio de Fortaleza concedeu o Pr\u00eamio Projeto Inovador 2017 ao \u201cHortas Sociais\u201d. S\u00e9rgio Gomes, membro da Coordenadoria de Idosos do Munic\u00edpio de Fortaleza, aproveitou a ocasi\u00e3o para assegurar que o projeto \u00e9 uma obra de tecnologia social. Tamb\u00e9m, manifestou que a iniciativa j\u00e1 \u00e9 uma realidade em Fortaleza e que eles esperam que seja exportada \u00e0s demais cidades do Cear\u00e1.<\/p>\n<p>Fonte: <a href=\"http:\/\/www.portaldoenvelhecimento.com.br\/hortas-sociais-para-idosos-e-premiado-em-fortaleza\/\" target=\"_blank\" rel=\"noopener\">Hortas Sociais para Idosos \u00e9 Premiado em Fortaleza<\/a><\/p>\n<p>Foto: Todos os direitos reservados.<\/p>\n","protected":false},"excerpt":{"rendered":"<p>A iniciativa \u201cHortas Sociais\u201d produz hortali\u00e7as para alimentar fam\u00edlias de adultos sem recursos da cidade de Fortaleza (Brasil). Este projeto recebeu o Pr\u00eamio Projeto Inovador 2017 pelo munic\u00edpio de Fortaleza. Garantir a seguran\u00e7a alimentar dos idosos, incentivar a agricultura familiar nas cidades e favorecer a socializa\u00e7\u00e3o das fam\u00edlias de idosos sem recursos. Estes tr\u00eas s\u00e3o [&hellip;]<\/p>\n","protected":false},"author":20,"featured_media":15047,"comment_status":"closed","ping_status":"closed","sticky":false,"template":"","format":"standard","meta":{"jetpack_post_was_ever_published":false,"_jetpack_newsletter_access":"","_jetpack_newsletter_tier_id":0,"footnotes":"","jetpack_publicize_message":"","jetpack_is_tweetstorm":false,"jetpack_publicize_feature_enabled":true,"jetpack_social_post_already_shared":true,"jetpack_social_options":{"image_generator_settings":{"template":"highway","enabled":false}}},"categories":[1],"tags":[920,3442,248,3439,3440,2761,3441,113],"jetpack_publicize_connections":[],"yoast_head":"<!-- This site is optimized with the Yoast SEO plugin v21.7 - https:\/\/yoast.com\/wordpress\/plugins\/seo\/ -->\n<title>Um projeto de hortas sociais produz alimentos aos idosos sem recursos<\/title>\n<meta name=\"description\" content=\"A iniciativa \u201cHortas Sociais\u201d produz hortali\u00e7as para alimentar fam\u00edlias de adultos sem recursos da cidade de Fortaleza (Brasil). Este projeto recebeu o Pr\u00eamio Projeto Inovador 2017 pelo munic\u00edpio de Fortaleza.\" \/>\n<meta name=\"robots\" content=\"noindex, nofollow\" \/>\n<meta property=\"og:locale\" content=\"pt_BR\" \/>\n<meta property=\"og:type\" content=\"article\" \/>\n<meta property=\"og:title\" content=\"Um projeto de hortas sociais produz alimentos aos idosos sem recursos\" \/>\n<meta property=\"og:description\" content=\"A iniciativa \u201cHortas Sociais\u201d produz hortali\u00e7as para alimentar fam\u00edlias de adultos sem recursos da cidade de Fortaleza (Brasil). Este projeto recebeu o Pr\u00eamio Projeto Inovador 2017 pelo munic\u00edpio de Fortaleza.\" \/>\n<meta property=\"og:url\" content=\"https:\/\/blogs.funiber.org\/pt\/gerontologia\/2018\/01\/12\/funiber-hortas-sociais-idosos-sem-recursos\" \/>\n<meta property=\"og:site_name\" content=\"FuniBlogs - FUNIBER\" \/>\n<meta property=\"article:publisher\" content=\"https:\/\/www.facebook.com\/funiber\" \/>\n<meta property=\"article:published_time\" content=\"2018-01-12T08:00:14+00:00\" \/>\n<meta property=\"article:modified_time\" content=\"2018-01-12T15:42:17+00:00\" \/>\n<meta property=\"og:image\" content=\"https:\/\/blogs.funiber.org\/pt\/wp-content\/uploads\/2018\/01\/funiber-hortas-sociais-idosos-sem-recursos.jpg\" \/>\n\t<meta property=\"og:image:width\" content=\"640\" \/>\n\t<meta property=\"og:image:height\" content=\"427\" \/>\n\t<meta property=\"og:image:type\" content=\"image\/jpeg\" \/>\n<meta name=\"author\" content=\"Elisa\" \/>\n<meta name=\"twitter:card\" content=\"summary_large_image\" \/>\n<meta name=\"twitter:creator\" content=\"@FUNIBER\" \/>\n<meta name=\"twitter:site\" content=\"@FUNIBER\" \/>\n<meta name=\"twitter:label1\" content=\"Escrito por\" \/>\n\t<meta name=\"twitter:data1\" content=\"Elisa\" \/>\n\t<meta name=\"twitter:label2\" content=\"Est. tempo de leitura\" \/>\n\t<meta name=\"twitter:data2\" content=\"1 minuto\" \/>\n<script type=\"application\/ld+json\" class=\"yoast-schema-graph\">{\"@context\":\"https:\/\/schema.org\",\"@graph\":[{\"@type\":\"Article\",\"@id\":\"https:\/\/blogs.funiber.org\/pt\/gerontologia\/2018\/01\/12\/funiber-hortas-sociais-idosos-sem-recursos#article\",\"isPartOf\":{\"@id\":\"https:\/\/blogs.funiber.org\/pt\/gerontologia\/2018\/01\/12\/funiber-hortas-sociais-idosos-sem-recursos\"},\"author\":{\"name\":\"Elisa\",\"@id\":\"https:\/\/blogs.funiber.org\/pt\/#\/schema\/person\/8fd6a27f7bf8ead478d58bb9ef63fb50\"},\"headline\":\"Um projeto de hortas sociais produz alimentos aos idosos sem recursos\",\"datePublished\":\"2018-01-12T08:00:14+00:00\",\"dateModified\":\"2018-01-12T15:42:17+00:00\",\"mainEntityOfPage\":{\"@id\":\"https:\/\/blogs.funiber.org\/pt\/gerontologia\/2018\/01\/12\/funiber-hortas-sociais-idosos-sem-recursos\"},\"wordCount\":300,\"publisher\":{\"@id\":\"https:\/\/blogs.funiber.org\/pt\/#organization\"},\"keywords\":[\"Brasil\",\"Fortaleza\",\"Funiber\",\"huertos sociais\",\"idosos sem recursos\",\"Mestrado em Gerontologia\",\"Projeto Inovador 2017\",\"Sa\u00fade\"],\"articleSection\":[\"Gerontologia\"],\"inLanguage\":\"pt-BR\"},{\"@type\":\"WebPage\",\"@id\":\"https:\/\/blogs.funiber.org\/pt\/gerontologia\/2018\/01\/12\/funiber-hortas-sociais-idosos-sem-recursos\",\"url\":\"https:\/\/blogs.funiber.org\/pt\/gerontologia\/2018\/01\/12\/funiber-hortas-sociais-idosos-sem-recursos\",\"name\":\"Um projeto de hortas sociais produz alimentos aos idosos sem recursos\",\"isPartOf\":{\"@id\":\"https:\/\/blogs.funiber.org\/pt\/#website\"},\"datePublished\":\"2018-01-12T08:00:14+00:00\",\"dateModified\":\"2018-01-12T15:42:17+00:00\",\"description\":\"A iniciativa \u201cHortas Sociais\u201d produz hortali\u00e7as para alimentar fam\u00edlias de adultos sem recursos da cidade de Fortaleza (Brasil). Este projeto recebeu o Pr\u00eamio Projeto Inovador 2017 pelo munic\u00edpio de Fortaleza.\",\"breadcrumb\":{\"@id\":\"https:\/\/blogs.funiber.org\/pt\/gerontologia\/2018\/01\/12\/funiber-hortas-sociais-idosos-sem-recursos#breadcrumb\"},\"inLanguage\":\"pt-BR\",\"potentialAction\":[{\"@type\":\"ReadAction\",\"target\":[\"https:\/\/blogs.funiber.org\/pt\/gerontologia\/2018\/01\/12\/funiber-hortas-sociais-idosos-sem-recursos\"]}]},{\"@type\":\"BreadcrumbList\",\"@id\":\"https:\/\/blogs.funiber.org\/pt\/gerontologia\/2018\/01\/12\/funiber-hortas-sociais-idosos-sem-recursos#breadcrumb\",\"itemListElement\":[{\"@type\":\"ListItem\",\"position\":1,\"name\":\"In\u00edcio\",\"item\":\"https:\/\/blogs.funiber.org\/pt\"},{\"@type\":\"ListItem\",\"position\":2,\"name\":\"Um projeto de hortas sociais produz alimentos aos idosos sem recursos\"}]},{\"@type\":\"WebSite\",\"@id\":\"https:\/\/blogs.funiber.org\/pt\/#website\",\"url\":\"https:\/\/blogs.funiber.org\/pt\/\",\"name\":\"FuniBlogs - FUNIBER\",\"description\":\"\",\"publisher\":{\"@id\":\"https:\/\/blogs.funiber.org\/pt\/#organization\"},\"potentialAction\":[{\"@type\":\"SearchAction\",\"target\":{\"@type\":\"EntryPoint\",\"urlTemplate\":\"https:\/\/blogs.funiber.org\/pt\/?s={search_term_string}\"},\"query-input\":\"required name=search_term_string\"}],\"inLanguage\":\"pt-BR\"},{\"@type\":\"Organization\",\"@id\":\"https:\/\/blogs.funiber.org\/pt\/#organization\",\"name\":\"FuniBlogs - FUNIBER\",\"url\":\"https:\/\/blogs.funiber.org\/pt\/\",\"logo\":{\"@type\":\"ImageObject\",\"inLanguage\":\"pt-BR\",\"@id\":\"https:\/\/blogs.funiber.org\/pt\/#\/schema\/logo\/image\/\",\"url\":\"https:\/\/www.funiber.blog\/pt\/wp-content\/uploads\/2022\/02\/logo-funiber-pt-br-v-dos.svg\",\"contentUrl\":\"https:\/\/www.funiber.blog\/pt\/wp-content\/uploads\/2022\/02\/logo-funiber-pt-br-v-dos.svg\",\"width\":1,\"height\":1,\"caption\":\"FuniBlogs - FUNIBER\"},\"image\":{\"@id\":\"https:\/\/blogs.funiber.org\/pt\/#\/schema\/logo\/image\/\"},\"sameAs\":[\"https:\/\/www.facebook.com\/funiber\",\"https:\/\/twitter.com\/FUNIBER\",\"https:\/\/www.instagram.com\/funiber_becas\",\"https:\/\/www.youtube.com\/user\/funiber\",\"https:\/\/www.linkedin.com\/company\/funiber\"]},{\"@type\":\"Person\",\"@id\":\"https:\/\/blogs.funiber.org\/pt\/#\/schema\/person\/8fd6a27f7bf8ead478d58bb9ef63fb50\",\"name\":\"Elisa\",\"image\":{\"@type\":\"ImageObject\",\"inLanguage\":\"pt-BR\",\"@id\":\"https:\/\/blogs.funiber.org\/pt\/#\/schema\/person\/image\/\",\"url\":\"https:\/\/secure.gravatar.com\/avatar\/fd1ffaa6ec1e016d0a5a66a97c8b1829?s=96&d=mm&r=g\",\"contentUrl\":\"https:\/\/secure.gravatar.com\/avatar\/fd1ffaa6ec1e016d0a5a66a97c8b1829?s=96&d=mm&r=g\",\"caption\":\"Elisa\"},\"url\":\"https:\/\/www.funiber.blog\/pt\/author\/elisa\"}]}<\/script>\n<!-- \/ Yoast SEO plugin. -->","yoast_head_json":{"title":"Um projeto de hortas sociais produz alimentos aos idosos sem recursos","description":"A iniciativa \u201cHortas Sociais\u201d produz hortali\u00e7as para alimentar fam\u00edlias de adultos sem recursos da cidade de Fortaleza (Brasil). Este projeto recebeu o Pr\u00eamio Projeto Inovador 2017 pelo munic\u00edpio de Fortaleza.","robots":{"index":"noindex","follow":"nofollow"},"og_locale":"pt_BR","og_type":"article","og_title":"Um projeto de hortas sociais produz alimentos aos idosos sem recursos","og_description":"A iniciativa \u201cHortas Sociais\u201d produz hortali\u00e7as para alimentar fam\u00edlias de adultos sem recursos da cidade de Fortaleza (Brasil). Este projeto recebeu o Pr\u00eamio Projeto Inovador 2017 pelo munic\u00edpio de Fortaleza.","og_url":"https:\/\/blogs.funiber.org\/pt\/gerontologia\/2018\/01\/12\/funiber-hortas-sociais-idosos-sem-recursos","og_site_name":"FuniBlogs - FUNIBER","article_publisher":"https:\/\/www.facebook.com\/funiber","article_published_time":"2018-01-12T08:00:14+00:00","article_modified_time":"2018-01-12T15:42:17+00:00","og_image":[{"width":640,"height":427,"url":"https:\/\/blogs.funiber.org\/pt\/wp-content\/uploads\/2018\/01\/funiber-hortas-sociais-idosos-sem-recursos.jpg","type":"image\/jpeg"}],"author":"Elisa","twitter_card":"summary_large_image","twitter_creator":"@FUNIBER","twitter_site":"@FUNIBER","twitter_misc":{"Escrito por":"Elisa","Est. tempo de leitura":"1 minuto"},"schema":{"@context":"https:\/\/schema.org","@graph":[{"@type":"Article","@id":"https:\/\/blogs.funiber.org\/pt\/gerontologia\/2018\/01\/12\/funiber-hortas-sociais-idosos-sem-recursos#article","isPartOf":{"@id":"https:\/\/blogs.funiber.org\/pt\/gerontologia\/2018\/01\/12\/funiber-hortas-sociais-idosos-sem-recursos"},"author":{"name":"Elisa","@id":"https:\/\/blogs.funiber.org\/pt\/#\/schema\/person\/8fd6a27f7bf8ead478d58bb9ef63fb50"},"headline":"Um projeto de hortas sociais produz alimentos aos idosos sem recursos","datePublished":"2018-01-12T08:00:14+00:00","dateModified":"2018-01-12T15:42:17+00:00","mainEntityOfPage":{"@id":"https:\/\/blogs.funiber.org\/pt\/gerontologia\/2018\/01\/12\/funiber-hortas-sociais-idosos-sem-recursos"},"wordCount":300,"publisher":{"@id":"https:\/\/blogs.funiber.org\/pt\/#organization"},"keywords":["Brasil","Fortaleza","Funiber","huertos sociais","idosos sem recursos","Mestrado em Gerontologia","Projeto Inovador 2017","Sa\u00fade"],"articleSection":["Gerontologia"],"inLanguage":"pt-BR"},{"@type":"WebPage","@id":"https:\/\/blogs.funiber.org\/pt\/gerontologia\/2018\/01\/12\/funiber-hortas-sociais-idosos-sem-recursos","url":"https:\/\/blogs.funiber.org\/pt\/gerontologia\/2018\/01\/12\/funiber-hortas-sociais-idosos-sem-recursos","name":"Um projeto de hortas sociais produz alimentos aos idosos sem recursos","isPartOf":{"@id":"https:\/\/blogs.funiber.org\/pt\/#website"},"datePublished":"2018-01-12T08:00:14+00:00","dateModified":"2018-01-12T15:42:17+00:00","description":"A iniciativa \u201cHortas Sociais\u201d produz hortali\u00e7as para alimentar fam\u00edlias de adultos sem recursos da cidade de Fortaleza (Brasil). Este projeto recebeu o Pr\u00eamio Projeto Inovador 2017 pelo munic\u00edpio de Fortaleza.","breadcrumb":{"@id":"https:\/\/blogs.funiber.org\/pt\/gerontologia\/2018\/01\/12\/funiber-hortas-sociais-idosos-sem-recursos#breadcrumb"},"inLanguage":"pt-BR","potentialAction":[{"@type":"ReadAction","target":["https:\/\/blogs.funiber.org\/pt\/gerontologia\/2018\/01\/12\/funiber-hortas-sociais-idosos-sem-recursos"]}]},{"@type":"BreadcrumbList","@id":"https:\/\/blogs.funiber.org\/pt\/gerontologia\/2018\/01\/12\/funiber-hortas-sociais-idosos-sem-recursos#breadcrumb","itemListElement":[{"@type":"ListItem","position":1,"name":"In\u00edcio","item":"https:\/\/blogs.funiber.org\/pt"},{"@type":"ListItem","position":2,"name":"Um projeto de hortas sociais produz alimentos aos idosos sem recursos"}]},{"@type":"WebSite","@id":"https:\/\/blogs.funiber.org\/pt\/#website","url":"https:\/\/blogs.funiber.org\/pt\/","name":"FuniBlogs - FUNIBER","description":"","publisher":{"@id":"https:\/\/blogs.funiber.org\/pt\/#organization"},"potentialAction":[{"@type":"SearchAction","target":{"@type":"EntryPoint","urlTemplate":"https:\/\/blogs.funiber.org\/pt\/?s={search_term_string}"},"query-input":"required name=search_term_string"}],"inLanguage":"pt-BR"},{"@type":"Organization","@id":"https:\/\/blogs.funiber.org\/pt\/#organization","name":"FuniBlogs - FUNIBER","url":"https:\/\/blogs.funiber.org\/pt\/","logo":{"@type":"ImageObject","inLanguage":"pt-BR","@id":"https:\/\/blogs.funiber.org\/pt\/#\/schema\/logo\/image\/","url":"https:\/\/www.funiber.blog\/pt\/wp-content\/uploads\/2022\/02\/logo-funiber-pt-br-v-dos.svg","contentUrl":"https:\/\/www.funiber.blog\/pt\/wp-content\/uploads\/2022\/02\/logo-funiber-pt-br-v-dos.svg","width":1,"height":1,"caption":"FuniBlogs - FUNIBER"},"image":{"@id":"https:\/\/blogs.funiber.org\/pt\/#\/schema\/logo\/image\/"},"sameAs":["https:\/\/www.facebook.com\/funiber","https:\/\/twitter.com\/FUNIBER","https:\/\/www.instagram.com\/funiber_becas","https:\/\/www.youtube.com\/user\/funiber","https:\/\/www.linkedin.com\/company\/funiber"]},{"@type":"Person","@id":"https:\/\/blogs.funiber.org\/pt\/#\/schema\/person\/8fd6a27f7bf8ead478d58bb9ef63fb50","name":"Elisa","image":{"@type":"ImageObject","inLanguage":"pt-BR","@id":"https:\/\/blogs.funiber.org\/pt\/#\/schema\/person\/image\/","url":"https:\/\/secure.gravatar.com\/avatar\/fd1ffaa6ec1e016d0a5a66a97c8b1829?s=96&d=mm&r=g","contentUrl":"https:\/\/secure.gravatar.com\/avatar\/fd1ffaa6ec1e016d0a5a66a97c8b1829?s=96&d=mm&r=g","caption":"Elisa"},"url":"https:\/\/www.funiber.blog\/pt\/author\/elisa"}]}},"jetpack_featured_media_url":"https:\/\/www.funiber.blog\/pt\/wp-content\/uploads\/2018\/01\/funiber-hortas-sociais-idosos-sem-recursos.jpg","jetpack_shortlink":"https:\/\/wp.me\/p7ee1t-3UG","jetpack_sharing_enabled":true,"_links":{"self":[{"href":"https:\/\/www.funiber.blog\/pt\/wp-json\/wp\/v2\/posts\/15046"}],"collection":[{"href":"https:\/\/www.funiber.blog\/pt\/wp-json\/wp\/v2\/posts"}],"about":[{"href":"https:\/\/www.funiber.blog\/pt\/wp-json\/wp\/v2\/types\/post"}],"author":[{"embeddable":true,"href":"https:\/\/www.funiber.blog\/pt\/wp-json\/wp\/v2\/users\/20"}],"replies":[{"embeddable":true,"href":"https:\/\/www.funiber.blog\/pt\/wp-json\/wp\/v2\/comments?post=15046"}],"version-history":[{"count":1,"href":"https:\/\/www.funiber.blog\/pt\/wp-json\/wp\/v2\/posts\/15046\/revisions"}],"predecessor-version":[{"id":15048,"href":"https:\/\/www.funiber.blog\/pt\/wp-json\/wp\/v2\/posts\/15046\/revisions\/15048"}],"wp:featuredmedia":[{"embeddable":true,"href":"https:\/\/www.funiber.blog\/pt\/wp-json\/wp\/v2\/media\/15047"}],"wp:attachment":[{"href":"https:\/\/www.funiber.blog\/pt\/wp-json\/wp\/v2\/media?parent=15046"}],"wp:term":[{"taxonomy":"category","embeddable":true,"href":"https:\/\/www.funiber.blog\/pt\/wp-json\/wp\/v2\/categories?post=15046"},{"taxonomy":"post_tag","embeddable":true,"href":"https:\/\/www.funiber.blog\/pt\/wp-json\/wp\/v2\/tags?post=15046"}],"curies":[{"name":"wp","href":"https:\/\/api.w.org\/{rel}","templated":true}]}}