{"id":15091,"date":"2018-01-22T08:00:41","date_gmt":"2018-01-22T08:00:41","guid":{"rendered":"https:\/\/blogs.funiber.org\/pt\/?p=15091"},"modified":"2018-01-17T17:53:12","modified_gmt":"2018-01-17T17:53:12","slug":"funiber-avos-maes-retornarem-mercado-trabalho","status":"publish","type":"post","link":"https:\/\/www.funiber.blog\/pt\/gerontologia\/2018\/01\/22\/funiber-avos-maes-retornarem-mercado-trabalho","title":{"rendered":"Av\u00f3s ajudam as m\u00e3es a retornarem ao mercado de trabalho"},"content":{"rendered":"<h2><strong>Um estudo recentemente publicado pela revista cient\u00edfica <\/strong><a href=\"https:\/\/www.cambridge.org\/core\/journals\/journal-of-social-policy\" target=\"_blank\" rel=\"noopener\"><strong>Journal of Social Policy<\/strong><\/a><strong>\u00a0evidenciou o relevante papel desempenhado pelos av\u00f3s, assumindo o cuidado de seus netos, no retorno das m\u00e3es ao trabalho.<\/strong><\/h2>\n<p>\u00c9 comum a presen\u00e7a de av\u00f3s na porta da escola, nos playgrounds ou em locais onde as atividades extracurriculares ocorrem. Nesse sentido, o <a href=\"https:\/\/www.birmingham.ac.uk\/staff\/profiles\/business\/kanji-shireen.aspx\" target=\"_blank\" rel=\"noopener\">Dr. Shireen Kanji<\/a>, da\u00a0<a href=\"https:\/\/www.birmingham.ac.uk\/index.aspx\" target=\"_blank\" rel=\"noopener\">Universidade de Birmingham (Reino Unido)<\/a>\u00a0realizou uma pesquisa com o objetivo de determinar o grau de import\u00e2ncia que essas pessoas t\u00eam no cuidado de seus netos e na reincorpora\u00e7\u00e3o das m\u00e3es no mercado de trabalho.<\/p>\n<p><!--more--><\/p>\n<p>Em fun\u00e7\u00e3o dos resultados, o Dr. Shireen concluiu que, gra\u00e7as \u00e0 interven\u00e7\u00e3o dos av\u00f3s, a taxa de entrada das m\u00e3es, com filhos entre quatro e cinco anos, no mercado de trabalho aumentou em 26% em compara\u00e7\u00e3o com o que havia sido registrado sem a ajuda daqueles que cuidavam de seus filhos. Na verdade, o pesquisador destacou que a taxa de emprego geral das m\u00e3es inglesas aumentou quase 12% entre 1996 e 2017, passando agora para 73,7%.<\/p>\n<p>Da mesma forma, a pesquisa revelou que os av\u00f3s s\u00e3o os principais cuidadores das crian\u00e7as de 32% das m\u00e3es que trabalham com parceiros. Esta porcentagem aumenta para 36% no caso das m\u00e3es solteiras. A este respeito, o estudo diagnosticou que cerca de 40% das crian\u00e7as entre quatro e cinco anos moram a menos de 15 minutos de seus av\u00f3s maternos, diferente dos av\u00f3s paternos. Da mesma forma, ele determinou que as av\u00f3s passam mais tempo com seus netos do que av\u00f4s, n\u00e3o s\u00f3 na Inglaterra, mas tamb\u00e9m em todo o mundo.<\/p>\n<p>Por outro lado, a pesquisa confirmou que o cuidado dos netos pelos av\u00f3s \u00e9 uma realidade transversal na esfera social. Desta forma, provou-se que tanto as m\u00e3es com n\u00edvel superior quanto as que t\u00eam um n\u00edvel forma\u00e7\u00e3o b\u00e1sico, recorrem aos mais velhos para se encarregar de seus filhos.<\/p>\n<p>De acordo com os coment\u00e1rios, o Dr.Shireen reflete outras pesquisas desenvolvidas nos Estados Unidos que mostraram que \u00e0 medida que a renda das m\u00e3es solteiras aumentam, o tempo que os netos passam com os av\u00f3s diminui. De acordo com o pesquisador brit\u00e2nico, isso ocorre porque as m\u00e3es podem se permitir contratar um cuidador profissional.<\/p>\n<p>O\u00a0<a href=\"https:\/\/www.funiber.org.br\/mestrados-saude-e-nutricao\/gerontologia\" target=\"_blank\" rel=\"noopener\">Mestrado em Gerontologia<\/a>\u00a0patrocinado pela <a href=\"https:\/\/www.funiber.org.br\/\" target=\"_blank\" rel=\"noopener\">FUNIBER<\/a>\u00a0prepara profissionais capazes de cuidar dos idosos que, durante suas vidas, atenderam tanto ao cuidado de seus filhos quanto aos filhos de seus filhos, e que chegando \u00e0 idade avan\u00e7ada exigem uma aten\u00e7\u00e3o especializada adaptada \u00e0s suas necessidades.<\/p>\n<p>E voc\u00ea, qual a sua opini\u00e3o? Voc\u00ea acha que \u00e9 certo os av\u00f3s cuidarem e, \u00e0s vezes, tamb\u00e9m educarem seus netos?<\/p>\n<p>Fonte:\u00a0<a href=\"http:\/\/theconversation.com\/how-grandparent-childcare-is-helping-mums-back-into-work-86962?utm_medium=email&amp;utm_campaign=Latest%20from%20The%20Conversation%20for%20November%208%202017%20-%2087447290&amp;utm_content=Latest%20from%20The%20Conversation%20for%20November%208%202017%20-%2087447290+CID_6d797a02e17061aefbdafe973d9721eb&amp;utm_source=campaign_monitor_uk&amp;utm_term=How%20grandparent%20childcare%20is%20helping%20mums%20back%20into%20work\" target=\"_blank\" rel=\"noopener\">How grandparent childcare is helping mums back into\u00a0work<\/a><\/p>\n<p>Foto: Todos os direitos reservados.<\/p>\n","protected":false},"excerpt":{"rendered":"<p>Um estudo recentemente publicado pela revista cient\u00edfica Journal of Social Policy\u00a0evidenciou o relevante papel desempenhado pelos av\u00f3s, assumindo o cuidado de seus netos, no retorno das m\u00e3es ao trabalho. \u00c9 comum a presen\u00e7a de av\u00f3s na porta da escola, nos playgrounds ou em locais onde as atividades extracurriculares ocorrem. Nesse sentido, o Dr. Shireen Kanji, [&hellip;]<\/p>\n","protected":false},"author":20,"featured_media":15092,"comment_status":"closed","ping_status":"closed","sticky":false,"template":"","format":"standard","meta":{"jetpack_post_was_ever_published":false,"_jetpack_newsletter_access":"","_jetpack_newsletter_tier_id":0,"footnotes":"","jetpack_publicize_message":"","jetpack_is_tweetstorm":false,"jetpack_publicize_feature_enabled":true,"jetpack_social_post_already_shared":true,"jetpack_social_options":{"image_generator_settings":{"template":"highway","enabled":false}}},"categories":[1],"tags":[3476,786,420,248,3474,2761,113,3477,3475],"jetpack_publicize_connections":[],"yoast_head":"<!-- This site is optimized with the Yoast SEO plugin v21.7 - https:\/\/yoast.com\/wordpress\/plugins\/seo\/ -->\n<title>Av\u00f3s ajudam as m\u00e3es a retornarem ao mercado de trabalho<\/title>\n<meta name=\"description\" content=\"Um estudo recentemente publicado pela revista cient\u00edfica Journal of Social Policy\u00a0evidenciou o relevante papel desempenhado pelos av\u00f3s, assumindo o cuidado de seus netos, no retorno das m\u00e3es ao trabalho.\" \/>\n<meta name=\"robots\" content=\"index, follow, max-snippet:-1, max-image-preview:large, max-video-preview:-1\" \/>\n<link rel=\"canonical\" href=\"https:\/\/blogs.funiber.org\/pt\/gerontologia\/2018\/01\/22\/funiber-avos-maes-retornarem-mercado-trabalho\" \/>\n<meta property=\"og:locale\" content=\"pt_BR\" \/>\n<meta property=\"og:type\" content=\"article\" \/>\n<meta property=\"og:title\" content=\"Av\u00f3s ajudam as m\u00e3es a retornarem ao mercado de trabalho\" \/>\n<meta property=\"og:description\" content=\"Um estudo recentemente publicado pela revista cient\u00edfica Journal of Social Policy\u00a0evidenciou o relevante papel desempenhado pelos av\u00f3s, assumindo o cuidado de seus netos, no retorno das m\u00e3es ao trabalho.\" \/>\n<meta property=\"og:url\" content=\"https:\/\/blogs.funiber.org\/pt\/gerontologia\/2018\/01\/22\/funiber-avos-maes-retornarem-mercado-trabalho\" \/>\n<meta property=\"og:site_name\" content=\"FuniBlogs - FUNIBER\" \/>\n<meta property=\"article:publisher\" content=\"https:\/\/www.facebook.com\/funiber\" \/>\n<meta property=\"article:published_time\" content=\"2018-01-22T08:00:41+00:00\" \/>\n<meta property=\"article:modified_time\" content=\"2018-01-17T17:53:12+00:00\" \/>\n<meta property=\"og:image\" content=\"https:\/\/blogs.funiber.org\/pt\/wp-content\/uploads\/2018\/01\/funiber-abuelos-ayudan-madres-reincorporacion-laboral.jpg\" \/>\n\t<meta property=\"og:image:width\" content=\"640\" \/>\n\t<meta property=\"og:image:height\" content=\"427\" \/>\n\t<meta property=\"og:image:type\" content=\"image\/jpeg\" \/>\n<meta name=\"author\" content=\"Elisa\" \/>\n<meta name=\"twitter:card\" content=\"summary_large_image\" \/>\n<meta name=\"twitter:creator\" content=\"@FUNIBER\" \/>\n<meta name=\"twitter:site\" content=\"@FUNIBER\" \/>\n<meta name=\"twitter:label1\" content=\"Escrito por\" \/>\n\t<meta name=\"twitter:data1\" content=\"Elisa\" \/>\n\t<meta name=\"twitter:label2\" content=\"Est. tempo de leitura\" \/>\n\t<meta name=\"twitter:data2\" content=\"2 minutos\" \/>\n<script type=\"application\/ld+json\" class=\"yoast-schema-graph\">{\"@context\":\"https:\/\/schema.org\",\"@graph\":[{\"@type\":\"Article\",\"@id\":\"https:\/\/blogs.funiber.org\/pt\/gerontologia\/2018\/01\/22\/funiber-avos-maes-retornarem-mercado-trabalho#article\",\"isPartOf\":{\"@id\":\"https:\/\/blogs.funiber.org\/pt\/gerontologia\/2018\/01\/22\/funiber-avos-maes-retornarem-mercado-trabalho\"},\"author\":{\"name\":\"Elisa\",\"@id\":\"https:\/\/blogs.funiber.org\/pt\/#\/schema\/person\/8fd6a27f7bf8ead478d58bb9ef63fb50\"},\"headline\":\"Av\u00f3s ajudam as m\u00e3es a retornarem ao mercado de trabalho\",\"datePublished\":\"2018-01-22T08:00:41+00:00\",\"dateModified\":\"2018-01-17T17:53:12+00:00\",\"mainEntityOfPage\":{\"@id\":\"https:\/\/blogs.funiber.org\/pt\/gerontologia\/2018\/01\/22\/funiber-avos-maes-retornarem-mercado-trabalho\"},\"wordCount\":485,\"publisher\":{\"@id\":\"https:\/\/blogs.funiber.org\/pt\/#organization\"},\"keywords\":[\"cuidado dos netos\",\"estudo\",\"fam\u00edlia\",\"Funiber\",\"mercado do trabalho\",\"Mestrado em Gerontologia\",\"Sa\u00fade\",\"taxa de emprego\",\"Universidade de Birmingham\"],\"articleSection\":[\"Gerontologia\"],\"inLanguage\":\"pt-BR\"},{\"@type\":\"WebPage\",\"@id\":\"https:\/\/blogs.funiber.org\/pt\/gerontologia\/2018\/01\/22\/funiber-avos-maes-retornarem-mercado-trabalho\",\"url\":\"https:\/\/blogs.funiber.org\/pt\/gerontologia\/2018\/01\/22\/funiber-avos-maes-retornarem-mercado-trabalho\",\"name\":\"Av\u00f3s ajudam as m\u00e3es a retornarem ao mercado de trabalho\",\"isPartOf\":{\"@id\":\"https:\/\/blogs.funiber.org\/pt\/#website\"},\"datePublished\":\"2018-01-22T08:00:41+00:00\",\"dateModified\":\"2018-01-17T17:53:12+00:00\",\"description\":\"Um estudo recentemente publicado pela revista cient\u00edfica Journal of Social Policy\u00a0evidenciou o relevante papel desempenhado pelos av\u00f3s, assumindo o cuidado de seus netos, no retorno das m\u00e3es ao trabalho.\",\"breadcrumb\":{\"@id\":\"https:\/\/blogs.funiber.org\/pt\/gerontologia\/2018\/01\/22\/funiber-avos-maes-retornarem-mercado-trabalho#breadcrumb\"},\"inLanguage\":\"pt-BR\",\"potentialAction\":[{\"@type\":\"ReadAction\",\"target\":[\"https:\/\/blogs.funiber.org\/pt\/gerontologia\/2018\/01\/22\/funiber-avos-maes-retornarem-mercado-trabalho\"]}]},{\"@type\":\"BreadcrumbList\",\"@id\":\"https:\/\/blogs.funiber.org\/pt\/gerontologia\/2018\/01\/22\/funiber-avos-maes-retornarem-mercado-trabalho#breadcrumb\",\"itemListElement\":[{\"@type\":\"ListItem\",\"position\":1,\"name\":\"In\u00edcio\",\"item\":\"https:\/\/blogs.funiber.org\/pt\"},{\"@type\":\"ListItem\",\"position\":2,\"name\":\"Av\u00f3s ajudam as m\u00e3es a retornarem ao mercado de trabalho\"}]},{\"@type\":\"WebSite\",\"@id\":\"https:\/\/blogs.funiber.org\/pt\/#website\",\"url\":\"https:\/\/blogs.funiber.org\/pt\/\",\"name\":\"FuniBlogs - FUNIBER\",\"description\":\"\",\"publisher\":{\"@id\":\"https:\/\/blogs.funiber.org\/pt\/#organization\"},\"potentialAction\":[{\"@type\":\"SearchAction\",\"target\":{\"@type\":\"EntryPoint\",\"urlTemplate\":\"https:\/\/blogs.funiber.org\/pt\/?s={search_term_string}\"},\"query-input\":\"required name=search_term_string\"}],\"inLanguage\":\"pt-BR\"},{\"@type\":\"Organization\",\"@id\":\"https:\/\/blogs.funiber.org\/pt\/#organization\",\"name\":\"FuniBlogs - FUNIBER\",\"url\":\"https:\/\/blogs.funiber.org\/pt\/\",\"logo\":{\"@type\":\"ImageObject\",\"inLanguage\":\"pt-BR\",\"@id\":\"https:\/\/blogs.funiber.org\/pt\/#\/schema\/logo\/image\/\",\"url\":\"https:\/\/www.funiber.blog\/pt\/wp-content\/uploads\/2022\/02\/logo-funiber-pt-br-v-dos.svg\",\"contentUrl\":\"https:\/\/www.funiber.blog\/pt\/wp-content\/uploads\/2022\/02\/logo-funiber-pt-br-v-dos.svg\",\"width\":1,\"height\":1,\"caption\":\"FuniBlogs - FUNIBER\"},\"image\":{\"@id\":\"https:\/\/blogs.funiber.org\/pt\/#\/schema\/logo\/image\/\"},\"sameAs\":[\"https:\/\/www.facebook.com\/funiber\",\"https:\/\/twitter.com\/FUNIBER\",\"https:\/\/www.instagram.com\/funiber_becas\",\"https:\/\/www.youtube.com\/user\/funiber\",\"https:\/\/www.linkedin.com\/company\/funiber\"]},{\"@type\":\"Person\",\"@id\":\"https:\/\/blogs.funiber.org\/pt\/#\/schema\/person\/8fd6a27f7bf8ead478d58bb9ef63fb50\",\"name\":\"Elisa\",\"image\":{\"@type\":\"ImageObject\",\"inLanguage\":\"pt-BR\",\"@id\":\"https:\/\/blogs.funiber.org\/pt\/#\/schema\/person\/image\/\",\"url\":\"https:\/\/secure.gravatar.com\/avatar\/fd1ffaa6ec1e016d0a5a66a97c8b1829?s=96&d=mm&r=g\",\"contentUrl\":\"https:\/\/secure.gravatar.com\/avatar\/fd1ffaa6ec1e016d0a5a66a97c8b1829?s=96&d=mm&r=g\",\"caption\":\"Elisa\"},\"url\":\"https:\/\/www.funiber.blog\/pt\/author\/elisa\"}]}<\/script>\n<!-- \/ Yoast SEO plugin. -->","yoast_head_json":{"title":"Av\u00f3s ajudam as m\u00e3es a retornarem ao mercado de trabalho","description":"Um estudo recentemente publicado pela revista cient\u00edfica Journal of Social Policy\u00a0evidenciou o relevante papel desempenhado pelos av\u00f3s, assumindo o cuidado de seus netos, no retorno das m\u00e3es ao trabalho.","robots":{"index":"index","follow":"follow","max-snippet":"max-snippet:-1","max-image-preview":"max-image-preview:large","max-video-preview":"max-video-preview:-1"},"canonical":"https:\/\/blogs.funiber.org\/pt\/gerontologia\/2018\/01\/22\/funiber-avos-maes-retornarem-mercado-trabalho","og_locale":"pt_BR","og_type":"article","og_title":"Av\u00f3s ajudam as m\u00e3es a retornarem ao mercado de trabalho","og_description":"Um estudo recentemente publicado pela revista cient\u00edfica Journal of Social Policy\u00a0evidenciou o relevante papel desempenhado pelos av\u00f3s, assumindo o cuidado de seus netos, no retorno das m\u00e3es ao trabalho.","og_url":"https:\/\/blogs.funiber.org\/pt\/gerontologia\/2018\/01\/22\/funiber-avos-maes-retornarem-mercado-trabalho","og_site_name":"FuniBlogs - FUNIBER","article_publisher":"https:\/\/www.facebook.com\/funiber","article_published_time":"2018-01-22T08:00:41+00:00","article_modified_time":"2018-01-17T17:53:12+00:00","og_image":[{"width":640,"height":427,"url":"https:\/\/blogs.funiber.org\/pt\/wp-content\/uploads\/2018\/01\/funiber-abuelos-ayudan-madres-reincorporacion-laboral.jpg","type":"image\/jpeg"}],"author":"Elisa","twitter_card":"summary_large_image","twitter_creator":"@FUNIBER","twitter_site":"@FUNIBER","twitter_misc":{"Escrito por":"Elisa","Est. tempo de leitura":"2 minutos"},"schema":{"@context":"https:\/\/schema.org","@graph":[{"@type":"Article","@id":"https:\/\/blogs.funiber.org\/pt\/gerontologia\/2018\/01\/22\/funiber-avos-maes-retornarem-mercado-trabalho#article","isPartOf":{"@id":"https:\/\/blogs.funiber.org\/pt\/gerontologia\/2018\/01\/22\/funiber-avos-maes-retornarem-mercado-trabalho"},"author":{"name":"Elisa","@id":"https:\/\/blogs.funiber.org\/pt\/#\/schema\/person\/8fd6a27f7bf8ead478d58bb9ef63fb50"},"headline":"Av\u00f3s ajudam as m\u00e3es a retornarem ao mercado de trabalho","datePublished":"2018-01-22T08:00:41+00:00","dateModified":"2018-01-17T17:53:12+00:00","mainEntityOfPage":{"@id":"https:\/\/blogs.funiber.org\/pt\/gerontologia\/2018\/01\/22\/funiber-avos-maes-retornarem-mercado-trabalho"},"wordCount":485,"publisher":{"@id":"https:\/\/blogs.funiber.org\/pt\/#organization"},"keywords":["cuidado dos netos","estudo","fam\u00edlia","Funiber","mercado do trabalho","Mestrado em Gerontologia","Sa\u00fade","taxa de emprego","Universidade de Birmingham"],"articleSection":["Gerontologia"],"inLanguage":"pt-BR"},{"@type":"WebPage","@id":"https:\/\/blogs.funiber.org\/pt\/gerontologia\/2018\/01\/22\/funiber-avos-maes-retornarem-mercado-trabalho","url":"https:\/\/blogs.funiber.org\/pt\/gerontologia\/2018\/01\/22\/funiber-avos-maes-retornarem-mercado-trabalho","name":"Av\u00f3s ajudam as m\u00e3es a retornarem ao mercado de trabalho","isPartOf":{"@id":"https:\/\/blogs.funiber.org\/pt\/#website"},"datePublished":"2018-01-22T08:00:41+00:00","dateModified":"2018-01-17T17:53:12+00:00","description":"Um estudo recentemente publicado pela revista cient\u00edfica Journal of Social Policy\u00a0evidenciou o relevante papel desempenhado pelos av\u00f3s, assumindo o cuidado de seus netos, no retorno das m\u00e3es ao trabalho.","breadcrumb":{"@id":"https:\/\/blogs.funiber.org\/pt\/gerontologia\/2018\/01\/22\/funiber-avos-maes-retornarem-mercado-trabalho#breadcrumb"},"inLanguage":"pt-BR","potentialAction":[{"@type":"ReadAction","target":["https:\/\/blogs.funiber.org\/pt\/gerontologia\/2018\/01\/22\/funiber-avos-maes-retornarem-mercado-trabalho"]}]},{"@type":"BreadcrumbList","@id":"https:\/\/blogs.funiber.org\/pt\/gerontologia\/2018\/01\/22\/funiber-avos-maes-retornarem-mercado-trabalho#breadcrumb","itemListElement":[{"@type":"ListItem","position":1,"name":"In\u00edcio","item":"https:\/\/blogs.funiber.org\/pt"},{"@type":"ListItem","position":2,"name":"Av\u00f3s ajudam as m\u00e3es a retornarem ao mercado de trabalho"}]},{"@type":"WebSite","@id":"https:\/\/blogs.funiber.org\/pt\/#website","url":"https:\/\/blogs.funiber.org\/pt\/","name":"FuniBlogs - FUNIBER","description":"","publisher":{"@id":"https:\/\/blogs.funiber.org\/pt\/#organization"},"potentialAction":[{"@type":"SearchAction","target":{"@type":"EntryPoint","urlTemplate":"https:\/\/blogs.funiber.org\/pt\/?s={search_term_string}"},"query-input":"required name=search_term_string"}],"inLanguage":"pt-BR"},{"@type":"Organization","@id":"https:\/\/blogs.funiber.org\/pt\/#organization","name":"FuniBlogs - FUNIBER","url":"https:\/\/blogs.funiber.org\/pt\/","logo":{"@type":"ImageObject","inLanguage":"pt-BR","@id":"https:\/\/blogs.funiber.org\/pt\/#\/schema\/logo\/image\/","url":"https:\/\/www.funiber.blog\/pt\/wp-content\/uploads\/2022\/02\/logo-funiber-pt-br-v-dos.svg","contentUrl":"https:\/\/www.funiber.blog\/pt\/wp-content\/uploads\/2022\/02\/logo-funiber-pt-br-v-dos.svg","width":1,"height":1,"caption":"FuniBlogs - FUNIBER"},"image":{"@id":"https:\/\/blogs.funiber.org\/pt\/#\/schema\/logo\/image\/"},"sameAs":["https:\/\/www.facebook.com\/funiber","https:\/\/twitter.com\/FUNIBER","https:\/\/www.instagram.com\/funiber_becas","https:\/\/www.youtube.com\/user\/funiber","https:\/\/www.linkedin.com\/company\/funiber"]},{"@type":"Person","@id":"https:\/\/blogs.funiber.org\/pt\/#\/schema\/person\/8fd6a27f7bf8ead478d58bb9ef63fb50","name":"Elisa","image":{"@type":"ImageObject","inLanguage":"pt-BR","@id":"https:\/\/blogs.funiber.org\/pt\/#\/schema\/person\/image\/","url":"https:\/\/secure.gravatar.com\/avatar\/fd1ffaa6ec1e016d0a5a66a97c8b1829?s=96&d=mm&r=g","contentUrl":"https:\/\/secure.gravatar.com\/avatar\/fd1ffaa6ec1e016d0a5a66a97c8b1829?s=96&d=mm&r=g","caption":"Elisa"},"url":"https:\/\/www.funiber.blog\/pt\/author\/elisa"}]}},"jetpack_featured_media_url":"https:\/\/www.funiber.blog\/pt\/wp-content\/uploads\/2018\/01\/funiber-abuelos-ayudan-madres-reincorporacion-laboral.jpg","jetpack_shortlink":"https:\/\/wp.me\/p7ee1t-3Vp","jetpack_sharing_enabled":true,"_links":{"self":[{"href":"https:\/\/www.funiber.blog\/pt\/wp-json\/wp\/v2\/posts\/15091"}],"collection":[{"href":"https:\/\/www.funiber.blog\/pt\/wp-json\/wp\/v2\/posts"}],"about":[{"href":"https:\/\/www.funiber.blog\/pt\/wp-json\/wp\/v2\/types\/post"}],"author":[{"embeddable":true,"href":"https:\/\/www.funiber.blog\/pt\/wp-json\/wp\/v2\/users\/20"}],"replies":[{"embeddable":true,"href":"https:\/\/www.funiber.blog\/pt\/wp-json\/wp\/v2\/comments?post=15091"}],"version-history":[{"count":2,"href":"https:\/\/www.funiber.blog\/pt\/wp-json\/wp\/v2\/posts\/15091\/revisions"}],"predecessor-version":[{"id":15094,"href":"https:\/\/www.funiber.blog\/pt\/wp-json\/wp\/v2\/posts\/15091\/revisions\/15094"}],"wp:featuredmedia":[{"embeddable":true,"href":"https:\/\/www.funiber.blog\/pt\/wp-json\/wp\/v2\/media\/15092"}],"wp:attachment":[{"href":"https:\/\/www.funiber.blog\/pt\/wp-json\/wp\/v2\/media?parent=15091"}],"wp:term":[{"taxonomy":"category","embeddable":true,"href":"https:\/\/www.funiber.blog\/pt\/wp-json\/wp\/v2\/categories?post=15091"},{"taxonomy":"post_tag","embeddable":true,"href":"https:\/\/www.funiber.blog\/pt\/wp-json\/wp\/v2\/tags?post=15091"}],"curies":[{"name":"wp","href":"https:\/\/api.w.org\/{rel}","templated":true}]}}