{"id":15184,"date":"2018-01-31T13:01:22","date_gmt":"2018-01-31T13:01:22","guid":{"rendered":"https:\/\/blogs.funiber.org\/pt\/?p=15184"},"modified":"2018-01-31T13:01:22","modified_gmt":"2018-01-31T13:01:22","slug":"funiber-seca-espanha","status":"publish","type":"post","link":"https:\/\/www.funiber.blog\/pt\/meio-ambiente\/2018\/01\/31\/funiber-seca-espanha","title":{"rendered":"Seca de 2017 aumentar\u00e1 as emiss\u00f5es de CO2 na Espanha"},"content":{"rendered":"<h2>Governo afirma que a seca afetar\u00e1 as emiss\u00f5es, mas que a Espanha seguir\u00e1 cumprindo com o compromisso assinado no Acordo de Paris<\/h2>\n<p>Na Espanha,<a href=\"https:\/\/www.funiber.blog\/pt\/meio-ambiente\/2017\/12\/19\/funiber-seca-prolongada\" target=\"_blank\" rel=\"noopener\"> a seca registrada no ano 2017<\/a> ter\u00e1 consequ\u00eancias tamb\u00e9m sobre as emiss\u00f5es de CO2. Apesar dos esfor\u00e7os realizados, de acordo com a ministra de Agricultura e Pesca, Alimenta\u00e7\u00e3o e Meio Ambiente, <a href=\"http:\/\/www.mapama.gob.es\/es\/ministerio\/funciones-estructura\/organizacion-organismos\/organigrama\/Ministra.aspx\" target=\"_blank\" rel=\"noopener\">Isabel Garc\u00eda Tejerina<\/a>, para diminuir as emiss\u00f5es a partir do <a href=\"https:\/\/ec.europa.eu\/clima\/policies\/international\/negotiations\/paris_es\" target=\"_blank\" rel=\"noopener\"><strong>Acordo de Paris (COP21)<\/strong><\/a>, a seca poder\u00e1 afetar os valores esperados para a redu\u00e7\u00e3o do efeito estufa, no pa\u00eds.<!--more--><\/p>\n<p>A ministra afirmou que, entretanto, a Espanha vai 10 por cento adiante das obriga\u00e7\u00f5es e que em 2016 conseguiu reduzir os n\u00edveis em 3,3, em rela\u00e7\u00e3o ao ano anterior.<\/p>\n<p>As declara\u00e7\u00f5es ocorreram durante encontro da Comiss\u00e3o de Estudo da Mudan\u00e7a Clim\u00e1tica, no Congresso espanhol. A principal preocupa\u00e7\u00e3o se refere \u00e0s cr\u00edticas recebida por partidos pol\u00edticos que afirmaram apatia do governo em responder com iniciativas \u00e0 seca. A ministra reafirmou o compromisso em cumprir com o Acordo de Paris, e manter adiante <a href=\"https:\/\/www.funiber.blog\/pt\/meio-ambiente\/2017\/11\/10\/funiber-mudanca-climatica-energetica\" target=\"_blank\" rel=\"noopener\">Lei de Mudan\u00e7a Clim\u00e1tica<\/a>, que est\u00e1 em fase de elabora\u00e7\u00e3o do primeiro rascunho.<\/p>\n<p>Os partidos pol\u00edticos de oposi\u00e7\u00e3o ao governo coincidiram sobre as contradi\u00e7\u00f5es entre as declara\u00e7\u00f5es da ministra e as do ministro de Energia, Turismo e Agenda Digital, \u00c1lvaro Nadal. A ministra se defendeu afirmando: \u201cn\u00e3o \u00e9 incompat\u00edvel p\u00f4r a energia a pre\u00e7os competitivos, uma vez satisfeitas as necessidades meio-ambientais\u201d.<\/p>\n<p>Os profissionais interessados nas quest\u00f5es clim\u00e1ticas podem se especializar com os programas de mestrado patrocinados pela <a href=\"http:\/\/www.funiber.org.br\/\" target=\"_blank\" rel=\"noopener\">FUNIBER<\/a>, como por exemplo, o <a href=\"https:\/\/www.funiber.org.br\/mestrado-em-mudancas-climaticas\" target=\"_blank\" rel=\"noopener\">Mestrado em Mudan\u00e7as Clim\u00e1ticas<\/a>.<\/p>\n<p>Fonte: <a href=\"http:\/\/www.europapress.es\/turismo\/turismo-verde-noticias\/noticia-medio-ambiente-reconoce-sequia-2017-afectara-reduccion-emisiones-co2-20180130153900.html\" target=\"_blank\" rel=\"noopener\"><strong>Medio Ambiente reconoce que la sequ\u00eda de 2017 afectar\u00e1 a la reducci\u00f3n de emisiones de CO2<\/strong><\/a><\/p>\n<p>Foto: Todos os direitos reservados<\/p>\n","protected":false},"excerpt":{"rendered":"<p>Governo afirma que a seca afetar\u00e1 as emiss\u00f5es, mas que a Espanha seguir\u00e1 cumprindo com o compromisso assinado no Acordo de Paris Na Espanha, a seca registrada no ano 2017 ter\u00e1 consequ\u00eancias tamb\u00e9m sobre as emiss\u00f5es de CO2. Apesar dos esfor\u00e7os realizados, de acordo com a ministra de Agricultura e Pesca, Alimenta\u00e7\u00e3o e Meio Ambiente, [&hellip;]<\/p>\n","protected":false},"author":10,"featured_media":15185,"comment_status":"closed","ping_status":"closed","sticky":false,"template":"","format":"standard","meta":{"jetpack_post_was_ever_published":false,"_jetpack_newsletter_access":"","_jetpack_newsletter_tier_id":0,"footnotes":"","jetpack_publicize_message":"","jetpack_is_tweetstorm":false,"jetpack_publicize_feature_enabled":true,"jetpack_social_post_already_shared":true,"jetpack_social_options":{"image_generator_settings":{"template":"highway","enabled":false}}},"categories":[2],"tags":[105,1242,855,408,598,757,119,248,911,835,671,398,641,255,439,84],"jetpack_publicize_connections":[],"yoast_head":"<!-- This site is optimized with the Yoast SEO plugin v21.7 - https:\/\/yoast.com\/wordpress\/plugins\/seo\/ -->\n<title>Seca de 2017 aumentar\u00e1 as emiss\u00f5es de CO2 na Espanha<\/title>\n<meta name=\"description\" content=\"Governo afirma que a seca afetar\u00e1 as emiss\u00f5es, mas que a Espanha seguir\u00e1 cumprindo com o compromisso assinado no Acordo de Paris\" \/>\n<meta name=\"robots\" content=\"index, follow, max-snippet:-1, max-image-preview:large, max-video-preview:-1\" \/>\n<link rel=\"canonical\" href=\"https:\/\/blogs.funiber.org\/pt\/meio-ambiente\/2018\/01\/31\/funiber-seca-espanha\" \/>\n<meta property=\"og:locale\" content=\"pt_BR\" \/>\n<meta property=\"og:type\" content=\"article\" \/>\n<meta property=\"og:title\" content=\"Seca de 2017 aumentar\u00e1 as emiss\u00f5es de CO2 na Espanha\" \/>\n<meta property=\"og:description\" content=\"Governo afirma que a seca afetar\u00e1 as emiss\u00f5es, mas que a Espanha seguir\u00e1 cumprindo com o compromisso assinado no Acordo de Paris\" \/>\n<meta property=\"og:url\" content=\"https:\/\/blogs.funiber.org\/pt\/meio-ambiente\/2018\/01\/31\/funiber-seca-espanha\" \/>\n<meta property=\"og:site_name\" content=\"FuniBlogs - FUNIBER\" \/>\n<meta property=\"article:publisher\" content=\"https:\/\/www.facebook.com\/funiber\" \/>\n<meta property=\"article:published_time\" content=\"2018-01-31T13:01:22+00:00\" \/>\n<meta property=\"og:image\" content=\"https:\/\/blogs.funiber.org\/pt\/wp-content\/uploads\/2018\/01\/funiber-seca-espanha-emissoes.jpg\" \/>\n\t<meta property=\"og:image:width\" content=\"700\" \/>\n\t<meta property=\"og:image:height\" content=\"467\" \/>\n\t<meta property=\"og:image:type\" content=\"image\/jpeg\" \/>\n<meta name=\"author\" content=\"Michelle\" \/>\n<meta name=\"twitter:card\" content=\"summary_large_image\" \/>\n<meta name=\"twitter:creator\" content=\"@FUNIBER\" \/>\n<meta name=\"twitter:site\" content=\"@FUNIBER\" \/>\n<meta name=\"twitter:label1\" content=\"Escrito por\" \/>\n\t<meta name=\"twitter:data1\" content=\"Michelle\" \/>\n\t<meta name=\"twitter:label2\" content=\"Est. tempo de leitura\" \/>\n\t<meta name=\"twitter:data2\" content=\"2 minutos\" \/>\n<script type=\"application\/ld+json\" class=\"yoast-schema-graph\">{\"@context\":\"https:\/\/schema.org\",\"@graph\":[{\"@type\":\"Article\",\"@id\":\"https:\/\/blogs.funiber.org\/pt\/meio-ambiente\/2018\/01\/31\/funiber-seca-espanha#article\",\"isPartOf\":{\"@id\":\"https:\/\/blogs.funiber.org\/pt\/meio-ambiente\/2018\/01\/31\/funiber-seca-espanha\"},\"author\":{\"name\":\"Michelle\",\"@id\":\"https:\/\/blogs.funiber.org\/pt\/#\/schema\/person\/a1eaaa5e57eac866a8c5946946bcf80d\"},\"headline\":\"Seca de 2017 aumentar\u00e1 as emiss\u00f5es de CO2 na Espanha\",\"datePublished\":\"2018-01-31T13:01:22+00:00\",\"dateModified\":\"2018-01-31T13:01:22+00:00\",\"mainEntityOfPage\":{\"@id\":\"https:\/\/blogs.funiber.org\/pt\/meio-ambiente\/2018\/01\/31\/funiber-seca-espanha\"},\"wordCount\":313,\"publisher\":{\"@id\":\"https:\/\/blogs.funiber.org\/pt\/#organization\"},\"keywords\":[\"Aquecimento Global\",\"Bolsas\",\"Doutorado\",\"Educa\u00e7\u00e3o a Dist\u00e2ncia\",\"Emiss\u00e3o de CO2\",\"Espanha\",\"Estudos\",\"Funiber\",\"FUNIBER Opini\u00f5es\",\"Meio Ambiente\",\"mestrado\",\"Mudan\u00e7a Clim\u00e1tica\",\"Opini\u00e3o FUNIBER\",\"Opini\u00f5es Funiber\",\"Seca\",\"Sustentabilidade\"],\"articleSection\":[\"Meio Ambiente\"],\"inLanguage\":\"pt-BR\"},{\"@type\":\"WebPage\",\"@id\":\"https:\/\/blogs.funiber.org\/pt\/meio-ambiente\/2018\/01\/31\/funiber-seca-espanha\",\"url\":\"https:\/\/blogs.funiber.org\/pt\/meio-ambiente\/2018\/01\/31\/funiber-seca-espanha\",\"name\":\"Seca de 2017 aumentar\u00e1 as emiss\u00f5es de CO2 na Espanha\",\"isPartOf\":{\"@id\":\"https:\/\/blogs.funiber.org\/pt\/#website\"},\"datePublished\":\"2018-01-31T13:01:22+00:00\",\"dateModified\":\"2018-01-31T13:01:22+00:00\",\"description\":\"Governo afirma que a seca afetar\u00e1 as emiss\u00f5es, mas que a Espanha seguir\u00e1 cumprindo com o compromisso assinado no Acordo de Paris\",\"breadcrumb\":{\"@id\":\"https:\/\/blogs.funiber.org\/pt\/meio-ambiente\/2018\/01\/31\/funiber-seca-espanha#breadcrumb\"},\"inLanguage\":\"pt-BR\",\"potentialAction\":[{\"@type\":\"ReadAction\",\"target\":[\"https:\/\/blogs.funiber.org\/pt\/meio-ambiente\/2018\/01\/31\/funiber-seca-espanha\"]}]},{\"@type\":\"BreadcrumbList\",\"@id\":\"https:\/\/blogs.funiber.org\/pt\/meio-ambiente\/2018\/01\/31\/funiber-seca-espanha#breadcrumb\",\"itemListElement\":[{\"@type\":\"ListItem\",\"position\":1,\"name\":\"In\u00edcio\",\"item\":\"https:\/\/blogs.funiber.org\/pt\"},{\"@type\":\"ListItem\",\"position\":2,\"name\":\"Seca de 2017 aumentar\u00e1 as emiss\u00f5es de CO2 na Espanha\"}]},{\"@type\":\"WebSite\",\"@id\":\"https:\/\/blogs.funiber.org\/pt\/#website\",\"url\":\"https:\/\/blogs.funiber.org\/pt\/\",\"name\":\"FuniBlogs - FUNIBER\",\"description\":\"\",\"publisher\":{\"@id\":\"https:\/\/blogs.funiber.org\/pt\/#organization\"},\"potentialAction\":[{\"@type\":\"SearchAction\",\"target\":{\"@type\":\"EntryPoint\",\"urlTemplate\":\"https:\/\/blogs.funiber.org\/pt\/?s={search_term_string}\"},\"query-input\":\"required name=search_term_string\"}],\"inLanguage\":\"pt-BR\"},{\"@type\":\"Organization\",\"@id\":\"https:\/\/blogs.funiber.org\/pt\/#organization\",\"name\":\"FuniBlogs - FUNIBER\",\"url\":\"https:\/\/blogs.funiber.org\/pt\/\",\"logo\":{\"@type\":\"ImageObject\",\"inLanguage\":\"pt-BR\",\"@id\":\"https:\/\/blogs.funiber.org\/pt\/#\/schema\/logo\/image\/\",\"url\":\"https:\/\/www.funiber.blog\/pt\/wp-content\/uploads\/2022\/02\/logo-funiber-pt-br-v-dos.svg\",\"contentUrl\":\"https:\/\/www.funiber.blog\/pt\/wp-content\/uploads\/2022\/02\/logo-funiber-pt-br-v-dos.svg\",\"width\":1,\"height\":1,\"caption\":\"FuniBlogs - FUNIBER\"},\"image\":{\"@id\":\"https:\/\/blogs.funiber.org\/pt\/#\/schema\/logo\/image\/\"},\"sameAs\":[\"https:\/\/www.facebook.com\/funiber\",\"https:\/\/twitter.com\/FUNIBER\",\"https:\/\/www.instagram.com\/funiber_becas\",\"https:\/\/www.youtube.com\/user\/funiber\",\"https:\/\/www.linkedin.com\/company\/funiber\"]},{\"@type\":\"Person\",\"@id\":\"https:\/\/blogs.funiber.org\/pt\/#\/schema\/person\/a1eaaa5e57eac866a8c5946946bcf80d\",\"name\":\"Michelle\",\"image\":{\"@type\":\"ImageObject\",\"inLanguage\":\"pt-BR\",\"@id\":\"https:\/\/blogs.funiber.org\/pt\/#\/schema\/person\/image\/\",\"url\":\"https:\/\/secure.gravatar.com\/avatar\/5e87041f7609dc50493cf216754fece1?s=96&d=mm&r=g\",\"contentUrl\":\"https:\/\/secure.gravatar.com\/avatar\/5e87041f7609dc50493cf216754fece1?s=96&d=mm&r=g\",\"caption\":\"Michelle\"},\"url\":\"https:\/\/www.funiber.blog\/pt\/author\/michelle-moreira\"}]}<\/script>\n<!-- \/ Yoast SEO plugin. -->","yoast_head_json":{"title":"Seca de 2017 aumentar\u00e1 as emiss\u00f5es de CO2 na Espanha","description":"Governo afirma que a seca afetar\u00e1 as emiss\u00f5es, mas que a Espanha seguir\u00e1 cumprindo com o compromisso assinado no Acordo de Paris","robots":{"index":"index","follow":"follow","max-snippet":"max-snippet:-1","max-image-preview":"max-image-preview:large","max-video-preview":"max-video-preview:-1"},"canonical":"https:\/\/blogs.funiber.org\/pt\/meio-ambiente\/2018\/01\/31\/funiber-seca-espanha","og_locale":"pt_BR","og_type":"article","og_title":"Seca de 2017 aumentar\u00e1 as emiss\u00f5es de CO2 na Espanha","og_description":"Governo afirma que a seca afetar\u00e1 as emiss\u00f5es, mas que a Espanha seguir\u00e1 cumprindo com o compromisso assinado no Acordo de Paris","og_url":"https:\/\/blogs.funiber.org\/pt\/meio-ambiente\/2018\/01\/31\/funiber-seca-espanha","og_site_name":"FuniBlogs - FUNIBER","article_publisher":"https:\/\/www.facebook.com\/funiber","article_published_time":"2018-01-31T13:01:22+00:00","og_image":[{"width":700,"height":467,"url":"https:\/\/blogs.funiber.org\/pt\/wp-content\/uploads\/2018\/01\/funiber-seca-espanha-emissoes.jpg","type":"image\/jpeg"}],"author":"Michelle","twitter_card":"summary_large_image","twitter_creator":"@FUNIBER","twitter_site":"@FUNIBER","twitter_misc":{"Escrito por":"Michelle","Est. tempo de leitura":"2 minutos"},"schema":{"@context":"https:\/\/schema.org","@graph":[{"@type":"Article","@id":"https:\/\/blogs.funiber.org\/pt\/meio-ambiente\/2018\/01\/31\/funiber-seca-espanha#article","isPartOf":{"@id":"https:\/\/blogs.funiber.org\/pt\/meio-ambiente\/2018\/01\/31\/funiber-seca-espanha"},"author":{"name":"Michelle","@id":"https:\/\/blogs.funiber.org\/pt\/#\/schema\/person\/a1eaaa5e57eac866a8c5946946bcf80d"},"headline":"Seca de 2017 aumentar\u00e1 as emiss\u00f5es de CO2 na Espanha","datePublished":"2018-01-31T13:01:22+00:00","dateModified":"2018-01-31T13:01:22+00:00","mainEntityOfPage":{"@id":"https:\/\/blogs.funiber.org\/pt\/meio-ambiente\/2018\/01\/31\/funiber-seca-espanha"},"wordCount":313,"publisher":{"@id":"https:\/\/blogs.funiber.org\/pt\/#organization"},"keywords":["Aquecimento Global","Bolsas","Doutorado","Educa\u00e7\u00e3o a Dist\u00e2ncia","Emiss\u00e3o de CO2","Espanha","Estudos","Funiber","FUNIBER Opini\u00f5es","Meio Ambiente","mestrado","Mudan\u00e7a Clim\u00e1tica","Opini\u00e3o FUNIBER","Opini\u00f5es Funiber","Seca","Sustentabilidade"],"articleSection":["Meio Ambiente"],"inLanguage":"pt-BR"},{"@type":"WebPage","@id":"https:\/\/blogs.funiber.org\/pt\/meio-ambiente\/2018\/01\/31\/funiber-seca-espanha","url":"https:\/\/blogs.funiber.org\/pt\/meio-ambiente\/2018\/01\/31\/funiber-seca-espanha","name":"Seca de 2017 aumentar\u00e1 as emiss\u00f5es de CO2 na Espanha","isPartOf":{"@id":"https:\/\/blogs.funiber.org\/pt\/#website"},"datePublished":"2018-01-31T13:01:22+00:00","dateModified":"2018-01-31T13:01:22+00:00","description":"Governo afirma que a seca afetar\u00e1 as emiss\u00f5es, mas que a Espanha seguir\u00e1 cumprindo com o compromisso assinado no Acordo de Paris","breadcrumb":{"@id":"https:\/\/blogs.funiber.org\/pt\/meio-ambiente\/2018\/01\/31\/funiber-seca-espanha#breadcrumb"},"inLanguage":"pt-BR","potentialAction":[{"@type":"ReadAction","target":["https:\/\/blogs.funiber.org\/pt\/meio-ambiente\/2018\/01\/31\/funiber-seca-espanha"]}]},{"@type":"BreadcrumbList","@id":"https:\/\/blogs.funiber.org\/pt\/meio-ambiente\/2018\/01\/31\/funiber-seca-espanha#breadcrumb","itemListElement":[{"@type":"ListItem","position":1,"name":"In\u00edcio","item":"https:\/\/blogs.funiber.org\/pt"},{"@type":"ListItem","position":2,"name":"Seca de 2017 aumentar\u00e1 as emiss\u00f5es de CO2 na Espanha"}]},{"@type":"WebSite","@id":"https:\/\/blogs.funiber.org\/pt\/#website","url":"https:\/\/blogs.funiber.org\/pt\/","name":"FuniBlogs - FUNIBER","description":"","publisher":{"@id":"https:\/\/blogs.funiber.org\/pt\/#organization"},"potentialAction":[{"@type":"SearchAction","target":{"@type":"EntryPoint","urlTemplate":"https:\/\/blogs.funiber.org\/pt\/?s={search_term_string}"},"query-input":"required name=search_term_string"}],"inLanguage":"pt-BR"},{"@type":"Organization","@id":"https:\/\/blogs.funiber.org\/pt\/#organization","name":"FuniBlogs - FUNIBER","url":"https:\/\/blogs.funiber.org\/pt\/","logo":{"@type":"ImageObject","inLanguage":"pt-BR","@id":"https:\/\/blogs.funiber.org\/pt\/#\/schema\/logo\/image\/","url":"https:\/\/www.funiber.blog\/pt\/wp-content\/uploads\/2022\/02\/logo-funiber-pt-br-v-dos.svg","contentUrl":"https:\/\/www.funiber.blog\/pt\/wp-content\/uploads\/2022\/02\/logo-funiber-pt-br-v-dos.svg","width":1,"height":1,"caption":"FuniBlogs - FUNIBER"},"image":{"@id":"https:\/\/blogs.funiber.org\/pt\/#\/schema\/logo\/image\/"},"sameAs":["https:\/\/www.facebook.com\/funiber","https:\/\/twitter.com\/FUNIBER","https:\/\/www.instagram.com\/funiber_becas","https:\/\/www.youtube.com\/user\/funiber","https:\/\/www.linkedin.com\/company\/funiber"]},{"@type":"Person","@id":"https:\/\/blogs.funiber.org\/pt\/#\/schema\/person\/a1eaaa5e57eac866a8c5946946bcf80d","name":"Michelle","image":{"@type":"ImageObject","inLanguage":"pt-BR","@id":"https:\/\/blogs.funiber.org\/pt\/#\/schema\/person\/image\/","url":"https:\/\/secure.gravatar.com\/avatar\/5e87041f7609dc50493cf216754fece1?s=96&d=mm&r=g","contentUrl":"https:\/\/secure.gravatar.com\/avatar\/5e87041f7609dc50493cf216754fece1?s=96&d=mm&r=g","caption":"Michelle"},"url":"https:\/\/www.funiber.blog\/pt\/author\/michelle-moreira"}]}},"jetpack_featured_media_url":"https:\/\/www.funiber.blog\/pt\/wp-content\/uploads\/2018\/01\/funiber-seca-espanha-emissoes.jpg","jetpack_shortlink":"https:\/\/wp.me\/p7ee1t-3WU","jetpack_sharing_enabled":true,"_links":{"self":[{"href":"https:\/\/www.funiber.blog\/pt\/wp-json\/wp\/v2\/posts\/15184"}],"collection":[{"href":"https:\/\/www.funiber.blog\/pt\/wp-json\/wp\/v2\/posts"}],"about":[{"href":"https:\/\/www.funiber.blog\/pt\/wp-json\/wp\/v2\/types\/post"}],"author":[{"embeddable":true,"href":"https:\/\/www.funiber.blog\/pt\/wp-json\/wp\/v2\/users\/10"}],"replies":[{"embeddable":true,"href":"https:\/\/www.funiber.blog\/pt\/wp-json\/wp\/v2\/comments?post=15184"}],"version-history":[{"count":1,"href":"https:\/\/www.funiber.blog\/pt\/wp-json\/wp\/v2\/posts\/15184\/revisions"}],"predecessor-version":[{"id":15186,"href":"https:\/\/www.funiber.blog\/pt\/wp-json\/wp\/v2\/posts\/15184\/revisions\/15186"}],"wp:featuredmedia":[{"embeddable":true,"href":"https:\/\/www.funiber.blog\/pt\/wp-json\/wp\/v2\/media\/15185"}],"wp:attachment":[{"href":"https:\/\/www.funiber.blog\/pt\/wp-json\/wp\/v2\/media?parent=15184"}],"wp:term":[{"taxonomy":"category","embeddable":true,"href":"https:\/\/www.funiber.blog\/pt\/wp-json\/wp\/v2\/categories?post=15184"},{"taxonomy":"post_tag","embeddable":true,"href":"https:\/\/www.funiber.blog\/pt\/wp-json\/wp\/v2\/tags?post=15184"}],"curies":[{"name":"wp","href":"https:\/\/api.w.org\/{rel}","templated":true}]}}