{"id":15364,"date":"2018-02-26T12:26:48","date_gmt":"2018-02-26T12:26:48","guid":{"rendered":"https:\/\/blogs.funiber.org\/pt\/?p=15364"},"modified":"2018-02-26T12:26:48","modified_gmt":"2018-02-26T12:26:48","slug":"funiber-demandas-anos","status":"publish","type":"post","link":"https:\/\/www.funiber.blog\/pt\/gerontologia\/2018\/02\/26\/funiber-demandas-anos","title":{"rendered":"Demandas ap\u00f3s os 50 anos"},"content":{"rendered":"<h2>Um dos segmentos mais atraentes da popula\u00e7\u00e3o s\u00e3o os maiores de 50 anos, visto que requerem uma aten\u00e7\u00e3o mais detalhada e personalizada devido \u00e0s suas mudan\u00e7as f\u00edsicas, sociais e mentais<\/h2>\n<p>A partir do <a href=\"https:\/\/www.ipsos.com\/es-es\/el-futuro-y-el-presente-es-de-los-mayores-de-50-anos\" target=\"_blank\" rel=\"noopener\">estudo<\/a>\u00a0\u201cO futuro \u00e9 FaB (maiores de 50 anos)\u201d realizado pela <a href=\"https:\/\/www.ipsos.com\/es-es\" target=\"_blank\" rel=\"noopener\">Ipsos<\/a>, chega-se \u00e0 conclus\u00e3o de que o grupo populacional correspondente a pessoas com mais de 50 anos adquire, atualmente, um maior protagonismo do ponto de vista econ\u00f4mico e de consumo ao longo dos mil\u00eanios.<!--more--><\/p>\n<p>A organiza\u00e7\u00e3o de pesquisa comprovou que o perfil dos maiores de 50 anos j\u00e1 n\u00e3o \u00e9 o de quem se dedica ao cuidado dos netos, com um perfil passivo que busca a seguran\u00e7a na rotina e muito menos os que se identificam com os novos adolescentes obcecados em n\u00e3o revelar sua idade real.<\/p>\n<p>Atualmente, os maiores de 50 anos s\u00e3o uma das faixas et\u00e1rias com maior poder aquisitivo, livres de obriga\u00e7\u00f5es e com mais tempo livre, por\u00e9m nem sempre sentem-se identificados com a imagem que os meios e a publicidades oferecem \u00e0 eles.<\/p>\n<p>A diretora de Comunica\u00e7\u00e3o do <a href=\"https:\/\/es.pg.com\/\" target=\"_blank\" rel=\"noopener\">Project &amp; Gama<\/a>\u00a0(P&amp;G),\u00a0<a href=\"https:\/\/www.linkedin.com\/in\/mar%C3%ADa-luisa-chac%C3%B3n-7133761\/\" target=\"_blank\" rel=\"noopener\">Mar\u00eda Luisa Chac\u00f3n<\/a>, afirmou que a partir do P&amp;G, e ap\u00f3s v\u00e1rios anos de pesquisa para conhecer a mulher com mais de 50 anos, est\u00e3o convencidos que \u201cas mulheres ganham com a idade\u201d. Entre algumas das conclus\u00f5es obtidas de suas pesquisas, cabe ressaltar que 80% das mulheres com mais de 50 anos tem mais vontade de viver, 83% ganharam seguran\u00e7a com os anos, 72% cuidam mais de si mesmas, 71% sente-se feliz com seu corpo e 97% prefere envelhecer com eleg\u00e2ncia.<\/p>\n<p>O <a href=\"http:\/\/www.funiber.org.br\/mestrado-em-gerontologia\" target=\"_blank\" rel=\"noopener\">Mestrado em Gerontologia<\/a>\u00a0patrocinado pela\u00a0<a href=\"http:\/\/www.funiber.org.br\/\" target=\"_blank\" rel=\"noopener\">FUNIBER<\/a>\u00a0oferece uma forma\u00e7\u00e3o ampla e espec\u00edfica destinada a todos os profissionais envolvidos no tema de envelhecimento que querem contribuir com as demandas das pessoas com mais de 50 anos.<\/p>\n<p>Fonte:\u00a0<a href=\"http:\/\/www.sendasenior.com\/Los-mayores-de-50-anos-un-segmento-muy-atractivo-con-mucho-que-decir_a4807.html\" target=\"_blank\" rel=\"noopener\">Los mayores de 50 a\u00f1os, un segmento muy atractivo con mucho que decir<\/a><\/p>\n<p>Foto: Todos os direitos reservados.<\/p>\n","protected":false},"excerpt":{"rendered":"<p>Um dos segmentos mais atraentes da popula\u00e7\u00e3o s\u00e3o os maiores de 50 anos, visto que requerem uma aten\u00e7\u00e3o mais detalhada e personalizada devido \u00e0s suas mudan\u00e7as f\u00edsicas, sociais e mentais A partir do estudo\u00a0\u201cO futuro \u00e9 FaB (maiores de 50 anos)\u201d realizado pela Ipsos, chega-se \u00e0 conclus\u00e3o de que o grupo populacional correspondente a pessoas [&hellip;]<\/p>\n","protected":false},"author":10,"featured_media":15365,"comment_status":"closed","ping_status":"closed","sticky":false,"template":"","format":"standard","meta":{"jetpack_post_was_ever_published":false,"_jetpack_newsletter_access":"","_jetpack_newsletter_tier_id":0,"footnotes":"","jetpack_publicize_message":"","jetpack_is_tweetstorm":false,"jetpack_publicize_feature_enabled":true,"jetpack_social_post_already_shared":true,"jetpack_social_options":{"image_generator_settings":{"template":"highway","enabled":false}}},"categories":[1],"tags":[1242,3592,855,285,408,100,119,248,911,739,505,267,641,255],"jetpack_publicize_connections":[],"yoast_head":"<!-- This site is optimized with the Yoast SEO plugin v21.7 - https:\/\/yoast.com\/wordpress\/plugins\/seo\/ -->\n<title>Demandas ap\u00f3s os 50 anos<\/title>\n<meta name=\"description\" content=\"Um dos segmentos mais atraentes da popula\u00e7\u00e3o s\u00e3o os maiores de 50 anos, visto que requerem uma aten\u00e7\u00e3o mais detalhada e personalizada devido \u00e0s suas mudan\u00e7as f\u00edsicas, sociais e mentais\" \/>\n<meta name=\"robots\" content=\"index, follow, max-snippet:-1, max-image-preview:large, max-video-preview:-1\" \/>\n<link rel=\"canonical\" href=\"https:\/\/blogs.funiber.org\/pt\/gerontologia\/2018\/02\/26\/funiber-demandas-anos\" \/>\n<meta property=\"og:locale\" content=\"pt_BR\" \/>\n<meta property=\"og:type\" content=\"article\" \/>\n<meta property=\"og:title\" content=\"Demandas ap\u00f3s os 50 anos\" \/>\n<meta property=\"og:description\" content=\"Um dos segmentos mais atraentes da popula\u00e7\u00e3o s\u00e3o os maiores de 50 anos, visto que requerem uma aten\u00e7\u00e3o mais detalhada e personalizada devido \u00e0s suas mudan\u00e7as f\u00edsicas, sociais e mentais\" \/>\n<meta property=\"og:url\" content=\"https:\/\/blogs.funiber.org\/pt\/gerontologia\/2018\/02\/26\/funiber-demandas-anos\" \/>\n<meta property=\"og:site_name\" content=\"FuniBlogs - FUNIBER\" \/>\n<meta property=\"article:publisher\" content=\"https:\/\/www.facebook.com\/funiber\" \/>\n<meta property=\"article:published_time\" content=\"2018-02-26T12:26:48+00:00\" \/>\n<meta property=\"og:image\" content=\"https:\/\/blogs.funiber.org\/pt\/wp-content\/uploads\/2018\/02\/funiber-demandas-idosos.jpg\" \/>\n\t<meta property=\"og:image:width\" content=\"640\" \/>\n\t<meta property=\"og:image:height\" content=\"427\" \/>\n\t<meta property=\"og:image:type\" content=\"image\/jpeg\" \/>\n<meta name=\"author\" content=\"Michelle\" \/>\n<meta name=\"twitter:card\" content=\"summary_large_image\" \/>\n<meta name=\"twitter:creator\" content=\"@FUNIBER\" \/>\n<meta name=\"twitter:site\" content=\"@FUNIBER\" \/>\n<meta name=\"twitter:label1\" content=\"Escrito por\" \/>\n\t<meta name=\"twitter:data1\" content=\"Michelle\" \/>\n\t<meta name=\"twitter:label2\" content=\"Est. tempo de leitura\" \/>\n\t<meta name=\"twitter:data2\" content=\"2 minutos\" \/>\n<script type=\"application\/ld+json\" class=\"yoast-schema-graph\">{\"@context\":\"https:\/\/schema.org\",\"@graph\":[{\"@type\":\"Article\",\"@id\":\"https:\/\/blogs.funiber.org\/pt\/gerontologia\/2018\/02\/26\/funiber-demandas-anos#article\",\"isPartOf\":{\"@id\":\"https:\/\/blogs.funiber.org\/pt\/gerontologia\/2018\/02\/26\/funiber-demandas-anos\"},\"author\":{\"name\":\"Michelle\",\"@id\":\"https:\/\/blogs.funiber.org\/pt\/#\/schema\/person\/a1eaaa5e57eac866a8c5946946bcf80d\"},\"headline\":\"Demandas ap\u00f3s os 50 anos\",\"datePublished\":\"2018-02-26T12:26:48+00:00\",\"dateModified\":\"2018-02-26T12:26:48+00:00\",\"mainEntityOfPage\":{\"@id\":\"https:\/\/blogs.funiber.org\/pt\/gerontologia\/2018\/02\/26\/funiber-demandas-anos\"},\"wordCount\":335,\"publisher\":{\"@id\":\"https:\/\/blogs.funiber.org\/pt\/#organization\"},\"keywords\":[\"Bolsas\",\"demandas\",\"Doutorado\",\"Educa\u00e7\u00e3o\",\"Educa\u00e7\u00e3o a Dist\u00e2ncia\",\"Envelhecimento\",\"Estudos\",\"Funiber\",\"FUNIBER Opini\u00f5es\",\"gerontologia\",\"Idade\",\"Idosos\",\"Opini\u00e3o FUNIBER\",\"Opini\u00f5es Funiber\"],\"articleSection\":[\"Gerontologia\"],\"inLanguage\":\"pt-BR\"},{\"@type\":\"WebPage\",\"@id\":\"https:\/\/blogs.funiber.org\/pt\/gerontologia\/2018\/02\/26\/funiber-demandas-anos\",\"url\":\"https:\/\/blogs.funiber.org\/pt\/gerontologia\/2018\/02\/26\/funiber-demandas-anos\",\"name\":\"Demandas ap\u00f3s os 50 anos\",\"isPartOf\":{\"@id\":\"https:\/\/blogs.funiber.org\/pt\/#website\"},\"datePublished\":\"2018-02-26T12:26:48+00:00\",\"dateModified\":\"2018-02-26T12:26:48+00:00\",\"description\":\"Um dos segmentos mais atraentes da popula\u00e7\u00e3o s\u00e3o os maiores de 50 anos, visto que requerem uma aten\u00e7\u00e3o mais detalhada e personalizada devido \u00e0s suas mudan\u00e7as f\u00edsicas, sociais e mentais\",\"breadcrumb\":{\"@id\":\"https:\/\/blogs.funiber.org\/pt\/gerontologia\/2018\/02\/26\/funiber-demandas-anos#breadcrumb\"},\"inLanguage\":\"pt-BR\",\"potentialAction\":[{\"@type\":\"ReadAction\",\"target\":[\"https:\/\/blogs.funiber.org\/pt\/gerontologia\/2018\/02\/26\/funiber-demandas-anos\"]}]},{\"@type\":\"BreadcrumbList\",\"@id\":\"https:\/\/blogs.funiber.org\/pt\/gerontologia\/2018\/02\/26\/funiber-demandas-anos#breadcrumb\",\"itemListElement\":[{\"@type\":\"ListItem\",\"position\":1,\"name\":\"In\u00edcio\",\"item\":\"https:\/\/blogs.funiber.org\/pt\"},{\"@type\":\"ListItem\",\"position\":2,\"name\":\"Demandas ap\u00f3s os 50 anos\"}]},{\"@type\":\"WebSite\",\"@id\":\"https:\/\/blogs.funiber.org\/pt\/#website\",\"url\":\"https:\/\/blogs.funiber.org\/pt\/\",\"name\":\"FuniBlogs - FUNIBER\",\"description\":\"\",\"publisher\":{\"@id\":\"https:\/\/blogs.funiber.org\/pt\/#organization\"},\"potentialAction\":[{\"@type\":\"SearchAction\",\"target\":{\"@type\":\"EntryPoint\",\"urlTemplate\":\"https:\/\/blogs.funiber.org\/pt\/?s={search_term_string}\"},\"query-input\":\"required name=search_term_string\"}],\"inLanguage\":\"pt-BR\"},{\"@type\":\"Organization\",\"@id\":\"https:\/\/blogs.funiber.org\/pt\/#organization\",\"name\":\"FuniBlogs - FUNIBER\",\"url\":\"https:\/\/blogs.funiber.org\/pt\/\",\"logo\":{\"@type\":\"ImageObject\",\"inLanguage\":\"pt-BR\",\"@id\":\"https:\/\/blogs.funiber.org\/pt\/#\/schema\/logo\/image\/\",\"url\":\"https:\/\/www.funiber.blog\/pt\/wp-content\/uploads\/2022\/02\/logo-funiber-pt-br-v-dos.svg\",\"contentUrl\":\"https:\/\/www.funiber.blog\/pt\/wp-content\/uploads\/2022\/02\/logo-funiber-pt-br-v-dos.svg\",\"width\":1,\"height\":1,\"caption\":\"FuniBlogs - FUNIBER\"},\"image\":{\"@id\":\"https:\/\/blogs.funiber.org\/pt\/#\/schema\/logo\/image\/\"},\"sameAs\":[\"https:\/\/www.facebook.com\/funiber\",\"https:\/\/twitter.com\/FUNIBER\",\"https:\/\/www.instagram.com\/funiber_becas\",\"https:\/\/www.youtube.com\/user\/funiber\",\"https:\/\/www.linkedin.com\/company\/funiber\"]},{\"@type\":\"Person\",\"@id\":\"https:\/\/blogs.funiber.org\/pt\/#\/schema\/person\/a1eaaa5e57eac866a8c5946946bcf80d\",\"name\":\"Michelle\",\"image\":{\"@type\":\"ImageObject\",\"inLanguage\":\"pt-BR\",\"@id\":\"https:\/\/blogs.funiber.org\/pt\/#\/schema\/person\/image\/\",\"url\":\"https:\/\/secure.gravatar.com\/avatar\/5e87041f7609dc50493cf216754fece1?s=96&d=mm&r=g\",\"contentUrl\":\"https:\/\/secure.gravatar.com\/avatar\/5e87041f7609dc50493cf216754fece1?s=96&d=mm&r=g\",\"caption\":\"Michelle\"},\"url\":\"https:\/\/www.funiber.blog\/pt\/author\/michelle-moreira\"}]}<\/script>\n<!-- \/ Yoast SEO plugin. -->","yoast_head_json":{"title":"Demandas ap\u00f3s os 50 anos","description":"Um dos segmentos mais atraentes da popula\u00e7\u00e3o s\u00e3o os maiores de 50 anos, visto que requerem uma aten\u00e7\u00e3o mais detalhada e personalizada devido \u00e0s suas mudan\u00e7as f\u00edsicas, sociais e mentais","robots":{"index":"index","follow":"follow","max-snippet":"max-snippet:-1","max-image-preview":"max-image-preview:large","max-video-preview":"max-video-preview:-1"},"canonical":"https:\/\/blogs.funiber.org\/pt\/gerontologia\/2018\/02\/26\/funiber-demandas-anos","og_locale":"pt_BR","og_type":"article","og_title":"Demandas ap\u00f3s os 50 anos","og_description":"Um dos segmentos mais atraentes da popula\u00e7\u00e3o s\u00e3o os maiores de 50 anos, visto que requerem uma aten\u00e7\u00e3o mais detalhada e personalizada devido \u00e0s suas mudan\u00e7as f\u00edsicas, sociais e mentais","og_url":"https:\/\/blogs.funiber.org\/pt\/gerontologia\/2018\/02\/26\/funiber-demandas-anos","og_site_name":"FuniBlogs - FUNIBER","article_publisher":"https:\/\/www.facebook.com\/funiber","article_published_time":"2018-02-26T12:26:48+00:00","og_image":[{"width":640,"height":427,"url":"https:\/\/blogs.funiber.org\/pt\/wp-content\/uploads\/2018\/02\/funiber-demandas-idosos.jpg","type":"image\/jpeg"}],"author":"Michelle","twitter_card":"summary_large_image","twitter_creator":"@FUNIBER","twitter_site":"@FUNIBER","twitter_misc":{"Escrito por":"Michelle","Est. tempo de leitura":"2 minutos"},"schema":{"@context":"https:\/\/schema.org","@graph":[{"@type":"Article","@id":"https:\/\/blogs.funiber.org\/pt\/gerontologia\/2018\/02\/26\/funiber-demandas-anos#article","isPartOf":{"@id":"https:\/\/blogs.funiber.org\/pt\/gerontologia\/2018\/02\/26\/funiber-demandas-anos"},"author":{"name":"Michelle","@id":"https:\/\/blogs.funiber.org\/pt\/#\/schema\/person\/a1eaaa5e57eac866a8c5946946bcf80d"},"headline":"Demandas ap\u00f3s os 50 anos","datePublished":"2018-02-26T12:26:48+00:00","dateModified":"2018-02-26T12:26:48+00:00","mainEntityOfPage":{"@id":"https:\/\/blogs.funiber.org\/pt\/gerontologia\/2018\/02\/26\/funiber-demandas-anos"},"wordCount":335,"publisher":{"@id":"https:\/\/blogs.funiber.org\/pt\/#organization"},"keywords":["Bolsas","demandas","Doutorado","Educa\u00e7\u00e3o","Educa\u00e7\u00e3o a Dist\u00e2ncia","Envelhecimento","Estudos","Funiber","FUNIBER Opini\u00f5es","gerontologia","Idade","Idosos","Opini\u00e3o FUNIBER","Opini\u00f5es Funiber"],"articleSection":["Gerontologia"],"inLanguage":"pt-BR"},{"@type":"WebPage","@id":"https:\/\/blogs.funiber.org\/pt\/gerontologia\/2018\/02\/26\/funiber-demandas-anos","url":"https:\/\/blogs.funiber.org\/pt\/gerontologia\/2018\/02\/26\/funiber-demandas-anos","name":"Demandas ap\u00f3s os 50 anos","isPartOf":{"@id":"https:\/\/blogs.funiber.org\/pt\/#website"},"datePublished":"2018-02-26T12:26:48+00:00","dateModified":"2018-02-26T12:26:48+00:00","description":"Um dos segmentos mais atraentes da popula\u00e7\u00e3o s\u00e3o os maiores de 50 anos, visto que requerem uma aten\u00e7\u00e3o mais detalhada e personalizada devido \u00e0s suas mudan\u00e7as f\u00edsicas, sociais e mentais","breadcrumb":{"@id":"https:\/\/blogs.funiber.org\/pt\/gerontologia\/2018\/02\/26\/funiber-demandas-anos#breadcrumb"},"inLanguage":"pt-BR","potentialAction":[{"@type":"ReadAction","target":["https:\/\/blogs.funiber.org\/pt\/gerontologia\/2018\/02\/26\/funiber-demandas-anos"]}]},{"@type":"BreadcrumbList","@id":"https:\/\/blogs.funiber.org\/pt\/gerontologia\/2018\/02\/26\/funiber-demandas-anos#breadcrumb","itemListElement":[{"@type":"ListItem","position":1,"name":"In\u00edcio","item":"https:\/\/blogs.funiber.org\/pt"},{"@type":"ListItem","position":2,"name":"Demandas ap\u00f3s os 50 anos"}]},{"@type":"WebSite","@id":"https:\/\/blogs.funiber.org\/pt\/#website","url":"https:\/\/blogs.funiber.org\/pt\/","name":"FuniBlogs - FUNIBER","description":"","publisher":{"@id":"https:\/\/blogs.funiber.org\/pt\/#organization"},"potentialAction":[{"@type":"SearchAction","target":{"@type":"EntryPoint","urlTemplate":"https:\/\/blogs.funiber.org\/pt\/?s={search_term_string}"},"query-input":"required name=search_term_string"}],"inLanguage":"pt-BR"},{"@type":"Organization","@id":"https:\/\/blogs.funiber.org\/pt\/#organization","name":"FuniBlogs - FUNIBER","url":"https:\/\/blogs.funiber.org\/pt\/","logo":{"@type":"ImageObject","inLanguage":"pt-BR","@id":"https:\/\/blogs.funiber.org\/pt\/#\/schema\/logo\/image\/","url":"https:\/\/www.funiber.blog\/pt\/wp-content\/uploads\/2022\/02\/logo-funiber-pt-br-v-dos.svg","contentUrl":"https:\/\/www.funiber.blog\/pt\/wp-content\/uploads\/2022\/02\/logo-funiber-pt-br-v-dos.svg","width":1,"height":1,"caption":"FuniBlogs - FUNIBER"},"image":{"@id":"https:\/\/blogs.funiber.org\/pt\/#\/schema\/logo\/image\/"},"sameAs":["https:\/\/www.facebook.com\/funiber","https:\/\/twitter.com\/FUNIBER","https:\/\/www.instagram.com\/funiber_becas","https:\/\/www.youtube.com\/user\/funiber","https:\/\/www.linkedin.com\/company\/funiber"]},{"@type":"Person","@id":"https:\/\/blogs.funiber.org\/pt\/#\/schema\/person\/a1eaaa5e57eac866a8c5946946bcf80d","name":"Michelle","image":{"@type":"ImageObject","inLanguage":"pt-BR","@id":"https:\/\/blogs.funiber.org\/pt\/#\/schema\/person\/image\/","url":"https:\/\/secure.gravatar.com\/avatar\/5e87041f7609dc50493cf216754fece1?s=96&d=mm&r=g","contentUrl":"https:\/\/secure.gravatar.com\/avatar\/5e87041f7609dc50493cf216754fece1?s=96&d=mm&r=g","caption":"Michelle"},"url":"https:\/\/www.funiber.blog\/pt\/author\/michelle-moreira"}]}},"jetpack_featured_media_url":"https:\/\/www.funiber.blog\/pt\/wp-content\/uploads\/2018\/02\/funiber-demandas-idosos.jpg","jetpack_shortlink":"https:\/\/wp.me\/p7ee1t-3ZO","jetpack_sharing_enabled":true,"_links":{"self":[{"href":"https:\/\/www.funiber.blog\/pt\/wp-json\/wp\/v2\/posts\/15364"}],"collection":[{"href":"https:\/\/www.funiber.blog\/pt\/wp-json\/wp\/v2\/posts"}],"about":[{"href":"https:\/\/www.funiber.blog\/pt\/wp-json\/wp\/v2\/types\/post"}],"author":[{"embeddable":true,"href":"https:\/\/www.funiber.blog\/pt\/wp-json\/wp\/v2\/users\/10"}],"replies":[{"embeddable":true,"href":"https:\/\/www.funiber.blog\/pt\/wp-json\/wp\/v2\/comments?post=15364"}],"version-history":[{"count":1,"href":"https:\/\/www.funiber.blog\/pt\/wp-json\/wp\/v2\/posts\/15364\/revisions"}],"predecessor-version":[{"id":15366,"href":"https:\/\/www.funiber.blog\/pt\/wp-json\/wp\/v2\/posts\/15364\/revisions\/15366"}],"wp:featuredmedia":[{"embeddable":true,"href":"https:\/\/www.funiber.blog\/pt\/wp-json\/wp\/v2\/media\/15365"}],"wp:attachment":[{"href":"https:\/\/www.funiber.blog\/pt\/wp-json\/wp\/v2\/media?parent=15364"}],"wp:term":[{"taxonomy":"category","embeddable":true,"href":"https:\/\/www.funiber.blog\/pt\/wp-json\/wp\/v2\/categories?post=15364"},{"taxonomy":"post_tag","embeddable":true,"href":"https:\/\/www.funiber.blog\/pt\/wp-json\/wp\/v2\/tags?post=15364"}],"curies":[{"name":"wp","href":"https:\/\/api.w.org\/{rel}","templated":true}]}}