{"id":15383,"date":"2018-02-28T11:48:24","date_gmt":"2018-02-28T11:48:24","guid":{"rendered":"https:\/\/blogs.funiber.org\/pt\/?p=15383"},"modified":"2018-02-28T14:53:43","modified_gmt":"2018-02-28T14:53:43","slug":"funiber-avaliar-dor","status":"publish","type":"post","link":"https:\/\/www.funiber.blog\/pt\/gerontologia\/2018\/02\/28\/funiber-avaliar-dor","title":{"rendered":"Import\u00e2ncia de avaliar corretamente a dor nos idosos"},"content":{"rendered":"<h2>A dor \u00e9 um sintoma que quase sempre est\u00e1 presente nos idosos, na atualidade entre 50% \u00e0 80% da popula\u00e7\u00e3o maior de 65 anos sofre de dores<\/h2>\n<p>O tratamento da dor nos idosos requer conhecimentos espec\u00edficos sobre o processo de envelhecimento e das particularidades com as quais a dor se apresenta nesse grupo de pessoas de acordo com o Tratado de Geriatria para Residentes da <a href=\"https:\/\/www.segg.es\/\" target=\"_blank\" rel=\"noopener\">Sociedade Espanhola de Geriatria e Gerontologia.<\/a><!--more--><\/p>\n<p>Um <a href=\"https:\/\/repositorio.uam.es\/bitstream\/handle\/10486\/680417\/aveiga_loor_nicole%20alejandratfg.pdf?sequence=1\" target=\"_blank\" rel=\"noopener\">trabalho final de gradua\u00e7\u00e3o em enfermagem<\/a>, realizado pela Nicole Alejandra Aveiga Loor, sobre a avalia\u00e7\u00e3o da dor nos idosos, buscou analisar a realidade sobre as interven\u00e7\u00f5es das enfermeiras nessa avalia\u00e7\u00e3o.<\/p>\n<p>O m\u00e9todo implementado na pesquisa foi a revis\u00e3o narrativa por meio da busca bibliogr\u00e1fica na base de dados de Ci\u00eancias da Sa\u00fade: <a href=\"https:\/\/www.ncbi.nlm.nih.gov\/pubmed\/\" target=\"_blank\" rel=\"noopener\">Pubmed<\/a>,\u00a0<a href=\"http:\/\/www.index-f.com\/new\/acceso.php\" target=\"_blank\" rel=\"noopener\">CUIDEN<\/a>,\u00a0<a href=\"https:\/\/www.ebscohost.com\/nursing\/products\/cinahl-databases\/cinahl-complete\" target=\"_blank\" rel=\"noopener\">CINAHL<\/a>, e no buscador <a href=\"https:\/\/dialnet.unirioja.es\/\" target=\"_blank\" rel=\"noopener\">Dialnet<\/a>. Foram selecionados 26 artigos e foram criados tr\u00eas categorias de an\u00e1lises:<\/p>\n<ol>\n<li>Estrat\u00e9gias adotadas pelas enfermeiras na avalia\u00e7\u00e3o da dor.<\/li>\n<li>Ferramentas para a avalia\u00e7\u00e3o em idosos.<\/li>\n<li>Barreiras que dificultam a avalia\u00e7\u00e3o da dor.<\/li>\n<\/ol>\n<p>Das principais conclus\u00f5es, destaca-se a import\u00e2ncia de uma correta avalia\u00e7\u00e3o da dor para poder assim diferenci\u00e1-las e poder agir rapidamente. S\u00e3o destacadas as estrat\u00e9gias como a auto refer\u00eancia da dor e a observa\u00e7\u00e3o que requerem tempo, mas s\u00e3o de f\u00e1cil acesso.<\/p>\n<p>Uma das barreiras encontradas \u00e9 o desconhecimento sobre a dor dos idosos por parte do pessoal capacitado, o que incide na diminui\u00e7\u00e3o da qualidade de vida deles.<\/p>\n<p>Por \u00faltimo, destaca-se a necessidade que os profissionais adquiram conhecimentos sobre a dor e habilidades comunicativas relacionadas \u00e0 enfermaria para se comunicar com os pacientes da melhor maneira.<\/p>\n<p>Os alunos do <a href=\"http:\/\/www.funiber.org.br\/mestrado-em-gerontologia\" target=\"_blank\" rel=\"noopener\">Mestrado em Gerontologia<\/a>\u00a0proporcionado pela\u00a0<a href=\"http:\/\/www.funiber.org.br\/\" target=\"_blank\" rel=\"noopener\">FUNIBER<\/a>\u00a0recebem a forma\u00e7\u00e3o necess\u00e1ria para atender as necessidades de avalia\u00e7\u00e3o da dor nesse tipo de pacientes.<\/p>\n<p>Fonte:\u00a0<a href=\"https:\/\/repositorio.uam.es\/bitstream\/handle\/10486\/680417\/aveiga_loor_nicole%20alejandratfg.pdf?sequence=1\" target=\"_blank\" rel=\"noopener\">Valoraci\u00f3n del dolor en las personas mayores<\/a><\/p>\n<p>Foto: Todos os direitos reservados<\/p>\n","protected":false},"excerpt":{"rendered":"<p>A dor \u00e9 um sintoma que quase sempre est\u00e1 presente nos idosos, na atualidade entre 50% \u00e0 80% da popula\u00e7\u00e3o maior de 65 anos sofre de dores O tratamento da dor nos idosos requer conhecimentos espec\u00edficos sobre o processo de envelhecimento e das particularidades com as quais a dor se apresenta nesse grupo de pessoas [&hellip;]<\/p>\n","protected":false},"author":10,"featured_media":15384,"comment_status":"closed","ping_status":"closed","sticky":false,"template":"","format":"standard","meta":{"jetpack_post_was_ever_published":false,"_jetpack_newsletter_access":"","_jetpack_newsletter_tier_id":0,"footnotes":"","jetpack_publicize_message":"","jetpack_is_tweetstorm":false,"jetpack_publicize_feature_enabled":true,"jetpack_social_post_already_shared":true,"jetpack_social_options":{"image_generator_settings":{"template":"highway","enabled":false}}},"categories":[1],"tags":[186,1242,1796,855,285,408,119,248,911,739,267,671,641,255,113,217],"jetpack_publicize_connections":[],"yoast_head":"<!-- This site is optimized with the Yoast SEO plugin v21.7 - https:\/\/yoast.com\/wordpress\/plugins\/seo\/ -->\n<title>Import\u00e2ncia de avaliar corretamente a dor nos idosos<\/title>\n<meta name=\"description\" content=\"A dor \u00e9 um sintoma que quase sempre est\u00e1 presente nos idosos, na atualidade entre 50% \u00e0 80% da popula\u00e7\u00e3o maior de 65 anos sofre de dores\" \/>\n<meta name=\"robots\" content=\"noindex, nofollow\" \/>\n<meta property=\"og:locale\" content=\"pt_BR\" \/>\n<meta property=\"og:type\" content=\"article\" \/>\n<meta property=\"og:title\" content=\"Import\u00e2ncia de avaliar corretamente a dor nos idosos\" \/>\n<meta property=\"og:description\" content=\"A dor \u00e9 um sintoma que quase sempre est\u00e1 presente nos idosos, na atualidade entre 50% \u00e0 80% da popula\u00e7\u00e3o maior de 65 anos sofre de dores\" \/>\n<meta property=\"og:url\" content=\"https:\/\/blogs.funiber.org\/pt\/gerontologia\/2018\/02\/28\/funiber-avaliar-dor\" \/>\n<meta property=\"og:site_name\" content=\"FuniBlogs - FUNIBER\" \/>\n<meta property=\"article:publisher\" content=\"https:\/\/www.facebook.com\/funiber\" \/>\n<meta property=\"article:published_time\" content=\"2018-02-28T11:48:24+00:00\" \/>\n<meta property=\"article:modified_time\" content=\"2018-02-28T14:53:43+00:00\" \/>\n<meta property=\"og:image\" content=\"https:\/\/blogs.funiber.org\/pt\/wp-content\/uploads\/2018\/02\/funiber-dor-idosos.jpg\" \/>\n\t<meta property=\"og:image:width\" content=\"640\" \/>\n\t<meta property=\"og:image:height\" content=\"427\" \/>\n\t<meta property=\"og:image:type\" content=\"image\/jpeg\" \/>\n<meta name=\"author\" content=\"Michelle\" \/>\n<meta name=\"twitter:card\" content=\"summary_large_image\" \/>\n<meta name=\"twitter:creator\" content=\"@FUNIBER\" \/>\n<meta name=\"twitter:site\" content=\"@FUNIBER\" \/>\n<meta name=\"twitter:label1\" content=\"Escrito por\" \/>\n\t<meta name=\"twitter:data1\" content=\"Michelle\" \/>\n\t<meta name=\"twitter:label2\" content=\"Est. tempo de leitura\" \/>\n\t<meta name=\"twitter:data2\" content=\"2 minutos\" \/>\n<script type=\"application\/ld+json\" class=\"yoast-schema-graph\">{\"@context\":\"https:\/\/schema.org\",\"@graph\":[{\"@type\":\"Article\",\"@id\":\"https:\/\/blogs.funiber.org\/pt\/gerontologia\/2018\/02\/28\/funiber-avaliar-dor#article\",\"isPartOf\":{\"@id\":\"https:\/\/blogs.funiber.org\/pt\/gerontologia\/2018\/02\/28\/funiber-avaliar-dor\"},\"author\":{\"name\":\"Michelle\",\"@id\":\"https:\/\/blogs.funiber.org\/pt\/#\/schema\/person\/a1eaaa5e57eac866a8c5946946bcf80d\"},\"headline\":\"Import\u00e2ncia de avaliar corretamente a dor nos idosos\",\"datePublished\":\"2018-02-28T11:48:24+00:00\",\"dateModified\":\"2018-02-28T14:53:43+00:00\",\"mainEntityOfPage\":{\"@id\":\"https:\/\/blogs.funiber.org\/pt\/gerontologia\/2018\/02\/28\/funiber-avaliar-dor\"},\"wordCount\":330,\"publisher\":{\"@id\":\"https:\/\/blogs.funiber.org\/pt\/#organization\"},\"keywords\":[\"Avalia\u00e7\u00e3o\",\"Bolsas\",\"Dor\",\"Doutorado\",\"Educa\u00e7\u00e3o\",\"Educa\u00e7\u00e3o a Dist\u00e2ncia\",\"Estudos\",\"Funiber\",\"FUNIBER Opini\u00f5es\",\"gerontologia\",\"Idosos\",\"mestrado\",\"Opini\u00e3o FUNIBER\",\"Opini\u00f5es Funiber\",\"Sa\u00fade\",\"Terceira idade\"],\"articleSection\":[\"Gerontologia\"],\"inLanguage\":\"pt-BR\"},{\"@type\":\"WebPage\",\"@id\":\"https:\/\/blogs.funiber.org\/pt\/gerontologia\/2018\/02\/28\/funiber-avaliar-dor\",\"url\":\"https:\/\/blogs.funiber.org\/pt\/gerontologia\/2018\/02\/28\/funiber-avaliar-dor\",\"name\":\"Import\u00e2ncia de avaliar corretamente a dor nos idosos\",\"isPartOf\":{\"@id\":\"https:\/\/blogs.funiber.org\/pt\/#website\"},\"datePublished\":\"2018-02-28T11:48:24+00:00\",\"dateModified\":\"2018-02-28T14:53:43+00:00\",\"description\":\"A dor \u00e9 um sintoma que quase sempre est\u00e1 presente nos idosos, na atualidade entre 50% \u00e0 80% da popula\u00e7\u00e3o maior de 65 anos sofre de dores\",\"breadcrumb\":{\"@id\":\"https:\/\/blogs.funiber.org\/pt\/gerontologia\/2018\/02\/28\/funiber-avaliar-dor#breadcrumb\"},\"inLanguage\":\"pt-BR\",\"potentialAction\":[{\"@type\":\"ReadAction\",\"target\":[\"https:\/\/blogs.funiber.org\/pt\/gerontologia\/2018\/02\/28\/funiber-avaliar-dor\"]}]},{\"@type\":\"BreadcrumbList\",\"@id\":\"https:\/\/blogs.funiber.org\/pt\/gerontologia\/2018\/02\/28\/funiber-avaliar-dor#breadcrumb\",\"itemListElement\":[{\"@type\":\"ListItem\",\"position\":1,\"name\":\"In\u00edcio\",\"item\":\"https:\/\/blogs.funiber.org\/pt\"},{\"@type\":\"ListItem\",\"position\":2,\"name\":\"Import\u00e2ncia de avaliar corretamente a dor nos idosos\"}]},{\"@type\":\"WebSite\",\"@id\":\"https:\/\/blogs.funiber.org\/pt\/#website\",\"url\":\"https:\/\/blogs.funiber.org\/pt\/\",\"name\":\"FuniBlogs - FUNIBER\",\"description\":\"\",\"publisher\":{\"@id\":\"https:\/\/blogs.funiber.org\/pt\/#organization\"},\"potentialAction\":[{\"@type\":\"SearchAction\",\"target\":{\"@type\":\"EntryPoint\",\"urlTemplate\":\"https:\/\/blogs.funiber.org\/pt\/?s={search_term_string}\"},\"query-input\":\"required name=search_term_string\"}],\"inLanguage\":\"pt-BR\"},{\"@type\":\"Organization\",\"@id\":\"https:\/\/blogs.funiber.org\/pt\/#organization\",\"name\":\"FuniBlogs - FUNIBER\",\"url\":\"https:\/\/blogs.funiber.org\/pt\/\",\"logo\":{\"@type\":\"ImageObject\",\"inLanguage\":\"pt-BR\",\"@id\":\"https:\/\/blogs.funiber.org\/pt\/#\/schema\/logo\/image\/\",\"url\":\"https:\/\/www.funiber.blog\/pt\/wp-content\/uploads\/2022\/02\/logo-funiber-pt-br-v-dos.svg\",\"contentUrl\":\"https:\/\/www.funiber.blog\/pt\/wp-content\/uploads\/2022\/02\/logo-funiber-pt-br-v-dos.svg\",\"width\":1,\"height\":1,\"caption\":\"FuniBlogs - FUNIBER\"},\"image\":{\"@id\":\"https:\/\/blogs.funiber.org\/pt\/#\/schema\/logo\/image\/\"},\"sameAs\":[\"https:\/\/www.facebook.com\/funiber\",\"https:\/\/twitter.com\/FUNIBER\",\"https:\/\/www.instagram.com\/funiber_becas\",\"https:\/\/www.youtube.com\/user\/funiber\",\"https:\/\/www.linkedin.com\/company\/funiber\"]},{\"@type\":\"Person\",\"@id\":\"https:\/\/blogs.funiber.org\/pt\/#\/schema\/person\/a1eaaa5e57eac866a8c5946946bcf80d\",\"name\":\"Michelle\",\"image\":{\"@type\":\"ImageObject\",\"inLanguage\":\"pt-BR\",\"@id\":\"https:\/\/blogs.funiber.org\/pt\/#\/schema\/person\/image\/\",\"url\":\"https:\/\/secure.gravatar.com\/avatar\/5e87041f7609dc50493cf216754fece1?s=96&d=mm&r=g\",\"contentUrl\":\"https:\/\/secure.gravatar.com\/avatar\/5e87041f7609dc50493cf216754fece1?s=96&d=mm&r=g\",\"caption\":\"Michelle\"},\"url\":\"https:\/\/www.funiber.blog\/pt\/author\/michelle-moreira\"}]}<\/script>\n<!-- \/ Yoast SEO plugin. -->","yoast_head_json":{"title":"Import\u00e2ncia de avaliar corretamente a dor nos idosos","description":"A dor \u00e9 um sintoma que quase sempre est\u00e1 presente nos idosos, na atualidade entre 50% \u00e0 80% da popula\u00e7\u00e3o maior de 65 anos sofre de dores","robots":{"index":"noindex","follow":"nofollow"},"og_locale":"pt_BR","og_type":"article","og_title":"Import\u00e2ncia de avaliar corretamente a dor nos idosos","og_description":"A dor \u00e9 um sintoma que quase sempre est\u00e1 presente nos idosos, na atualidade entre 50% \u00e0 80% da popula\u00e7\u00e3o maior de 65 anos sofre de dores","og_url":"https:\/\/blogs.funiber.org\/pt\/gerontologia\/2018\/02\/28\/funiber-avaliar-dor","og_site_name":"FuniBlogs - FUNIBER","article_publisher":"https:\/\/www.facebook.com\/funiber","article_published_time":"2018-02-28T11:48:24+00:00","article_modified_time":"2018-02-28T14:53:43+00:00","og_image":[{"width":640,"height":427,"url":"https:\/\/blogs.funiber.org\/pt\/wp-content\/uploads\/2018\/02\/funiber-dor-idosos.jpg","type":"image\/jpeg"}],"author":"Michelle","twitter_card":"summary_large_image","twitter_creator":"@FUNIBER","twitter_site":"@FUNIBER","twitter_misc":{"Escrito por":"Michelle","Est. tempo de leitura":"2 minutos"},"schema":{"@context":"https:\/\/schema.org","@graph":[{"@type":"Article","@id":"https:\/\/blogs.funiber.org\/pt\/gerontologia\/2018\/02\/28\/funiber-avaliar-dor#article","isPartOf":{"@id":"https:\/\/blogs.funiber.org\/pt\/gerontologia\/2018\/02\/28\/funiber-avaliar-dor"},"author":{"name":"Michelle","@id":"https:\/\/blogs.funiber.org\/pt\/#\/schema\/person\/a1eaaa5e57eac866a8c5946946bcf80d"},"headline":"Import\u00e2ncia de avaliar corretamente a dor nos idosos","datePublished":"2018-02-28T11:48:24+00:00","dateModified":"2018-02-28T14:53:43+00:00","mainEntityOfPage":{"@id":"https:\/\/blogs.funiber.org\/pt\/gerontologia\/2018\/02\/28\/funiber-avaliar-dor"},"wordCount":330,"publisher":{"@id":"https:\/\/blogs.funiber.org\/pt\/#organization"},"keywords":["Avalia\u00e7\u00e3o","Bolsas","Dor","Doutorado","Educa\u00e7\u00e3o","Educa\u00e7\u00e3o a Dist\u00e2ncia","Estudos","Funiber","FUNIBER Opini\u00f5es","gerontologia","Idosos","mestrado","Opini\u00e3o FUNIBER","Opini\u00f5es Funiber","Sa\u00fade","Terceira idade"],"articleSection":["Gerontologia"],"inLanguage":"pt-BR"},{"@type":"WebPage","@id":"https:\/\/blogs.funiber.org\/pt\/gerontologia\/2018\/02\/28\/funiber-avaliar-dor","url":"https:\/\/blogs.funiber.org\/pt\/gerontologia\/2018\/02\/28\/funiber-avaliar-dor","name":"Import\u00e2ncia de avaliar corretamente a dor nos idosos","isPartOf":{"@id":"https:\/\/blogs.funiber.org\/pt\/#website"},"datePublished":"2018-02-28T11:48:24+00:00","dateModified":"2018-02-28T14:53:43+00:00","description":"A dor \u00e9 um sintoma que quase sempre est\u00e1 presente nos idosos, na atualidade entre 50% \u00e0 80% da popula\u00e7\u00e3o maior de 65 anos sofre de dores","breadcrumb":{"@id":"https:\/\/blogs.funiber.org\/pt\/gerontologia\/2018\/02\/28\/funiber-avaliar-dor#breadcrumb"},"inLanguage":"pt-BR","potentialAction":[{"@type":"ReadAction","target":["https:\/\/blogs.funiber.org\/pt\/gerontologia\/2018\/02\/28\/funiber-avaliar-dor"]}]},{"@type":"BreadcrumbList","@id":"https:\/\/blogs.funiber.org\/pt\/gerontologia\/2018\/02\/28\/funiber-avaliar-dor#breadcrumb","itemListElement":[{"@type":"ListItem","position":1,"name":"In\u00edcio","item":"https:\/\/blogs.funiber.org\/pt"},{"@type":"ListItem","position":2,"name":"Import\u00e2ncia de avaliar corretamente a dor nos idosos"}]},{"@type":"WebSite","@id":"https:\/\/blogs.funiber.org\/pt\/#website","url":"https:\/\/blogs.funiber.org\/pt\/","name":"FuniBlogs - FUNIBER","description":"","publisher":{"@id":"https:\/\/blogs.funiber.org\/pt\/#organization"},"potentialAction":[{"@type":"SearchAction","target":{"@type":"EntryPoint","urlTemplate":"https:\/\/blogs.funiber.org\/pt\/?s={search_term_string}"},"query-input":"required name=search_term_string"}],"inLanguage":"pt-BR"},{"@type":"Organization","@id":"https:\/\/blogs.funiber.org\/pt\/#organization","name":"FuniBlogs - FUNIBER","url":"https:\/\/blogs.funiber.org\/pt\/","logo":{"@type":"ImageObject","inLanguage":"pt-BR","@id":"https:\/\/blogs.funiber.org\/pt\/#\/schema\/logo\/image\/","url":"https:\/\/www.funiber.blog\/pt\/wp-content\/uploads\/2022\/02\/logo-funiber-pt-br-v-dos.svg","contentUrl":"https:\/\/www.funiber.blog\/pt\/wp-content\/uploads\/2022\/02\/logo-funiber-pt-br-v-dos.svg","width":1,"height":1,"caption":"FuniBlogs - FUNIBER"},"image":{"@id":"https:\/\/blogs.funiber.org\/pt\/#\/schema\/logo\/image\/"},"sameAs":["https:\/\/www.facebook.com\/funiber","https:\/\/twitter.com\/FUNIBER","https:\/\/www.instagram.com\/funiber_becas","https:\/\/www.youtube.com\/user\/funiber","https:\/\/www.linkedin.com\/company\/funiber"]},{"@type":"Person","@id":"https:\/\/blogs.funiber.org\/pt\/#\/schema\/person\/a1eaaa5e57eac866a8c5946946bcf80d","name":"Michelle","image":{"@type":"ImageObject","inLanguage":"pt-BR","@id":"https:\/\/blogs.funiber.org\/pt\/#\/schema\/person\/image\/","url":"https:\/\/secure.gravatar.com\/avatar\/5e87041f7609dc50493cf216754fece1?s=96&d=mm&r=g","contentUrl":"https:\/\/secure.gravatar.com\/avatar\/5e87041f7609dc50493cf216754fece1?s=96&d=mm&r=g","caption":"Michelle"},"url":"https:\/\/www.funiber.blog\/pt\/author\/michelle-moreira"}]}},"jetpack_featured_media_url":"https:\/\/www.funiber.blog\/pt\/wp-content\/uploads\/2018\/02\/funiber-dor-idosos.jpg","jetpack_shortlink":"https:\/\/wp.me\/p7ee1t-407","jetpack_sharing_enabled":true,"_links":{"self":[{"href":"https:\/\/www.funiber.blog\/pt\/wp-json\/wp\/v2\/posts\/15383"}],"collection":[{"href":"https:\/\/www.funiber.blog\/pt\/wp-json\/wp\/v2\/posts"}],"about":[{"href":"https:\/\/www.funiber.blog\/pt\/wp-json\/wp\/v2\/types\/post"}],"author":[{"embeddable":true,"href":"https:\/\/www.funiber.blog\/pt\/wp-json\/wp\/v2\/users\/10"}],"replies":[{"embeddable":true,"href":"https:\/\/www.funiber.blog\/pt\/wp-json\/wp\/v2\/comments?post=15383"}],"version-history":[{"count":1,"href":"https:\/\/www.funiber.blog\/pt\/wp-json\/wp\/v2\/posts\/15383\/revisions"}],"predecessor-version":[{"id":15385,"href":"https:\/\/www.funiber.blog\/pt\/wp-json\/wp\/v2\/posts\/15383\/revisions\/15385"}],"wp:featuredmedia":[{"embeddable":true,"href":"https:\/\/www.funiber.blog\/pt\/wp-json\/wp\/v2\/media\/15384"}],"wp:attachment":[{"href":"https:\/\/www.funiber.blog\/pt\/wp-json\/wp\/v2\/media?parent=15383"}],"wp:term":[{"taxonomy":"category","embeddable":true,"href":"https:\/\/www.funiber.blog\/pt\/wp-json\/wp\/v2\/categories?post=15383"},{"taxonomy":"post_tag","embeddable":true,"href":"https:\/\/www.funiber.blog\/pt\/wp-json\/wp\/v2\/tags?post=15383"}],"curies":[{"name":"wp","href":"https:\/\/api.w.org\/{rel}","templated":true}]}}