{"id":15439,"date":"2018-03-07T12:38:11","date_gmt":"2018-03-07T12:38:11","guid":{"rendered":"https:\/\/blogs.funiber.org\/pt\/?p=15439"},"modified":"2018-03-07T12:38:59","modified_gmt":"2018-03-07T12:38:59","slug":"funiber-desnutricao-idosos","status":"publish","type":"post","link":"https:\/\/www.funiber.blog\/pt\/gerontologia\/2018\/03\/07\/funiber-desnutricao-idosos","title":{"rendered":"Desnutri\u00e7\u00e3o em idosos"},"content":{"rendered":"<h2>De acordo com <a href=\"http:\/\/revista.nutricion.org\/PDF\/GARCIA.pdf\" target=\"_blank\" rel=\"noopener\">um estudo<\/a>, as pessoas de 65 anos ou mais, que ainda possuem autonomia funcional, s\u00e3o um grupo de risco nutricional por reduzir a ingest\u00e3o de alimentos e sofrer mudan\u00e7as f\u00edsicas, mentais e sociais que leva ao processo de envelhecimento<\/h2>\n<p>Atualmente, a desnutri\u00e7\u00e3o \u00e9 um problema crescente e pode passar despercebida diante dos profissionais de sa\u00fade <a href=\"http:\/\/www.who.int\/mediacentre\/factsheets\/malnutrition\/es\/\" target=\"_blank\" rel=\"noopener\">de acordo com a Organiza\u00e7\u00e3o Mundial da Sa\u00fade<\/a>, evidenciando a falta de treinamento ou de motiva\u00e7\u00e3o para a avalia\u00e7\u00e3o nutricional dos pacientes.<!--more--><\/p>\n<p>A metodologia usada <a href=\"http:\/\/revista.nutricion.org\/PDF\/GARCIA.pdf\">no estudo<\/a>, feito pela <a href=\"http:\/\/revista.nutricion.org\/\" target=\"_blank\" rel=\"noopener\">nutri\u00e7\u00e3o cl\u00ednica e Diet\u00e9tica Hospitalar<\/a> consistiu em selecionar duas ferramentas de triagem nutricional, simples e de f\u00e1cil aplica\u00e7\u00e3o, dispon\u00edveis na literatura para os profissionais de enfermagem dos centros de Aten\u00e7\u00e3o Prim\u00e1ria.<\/p>\n<p>O estudo concluiu que \u00e9 necess\u00e1rio intervir e melhorar a aten\u00e7\u00e3o para a sa\u00fade nutricional, respondendo a demanda das institui\u00e7\u00f5es enfrentando a desnutri\u00e7\u00e3o.<\/p>\n<p>O processo de envelhecimento \u00e9 caracterizado pela perda progressiva de energia vital, influenciados por fatores gen\u00e9ticos, biol\u00f3gicos, ambientais e h\u00e1bitos de vida como a alimenta\u00e7\u00e3o.<\/p>\n<p>\u00c9 poss\u00edvel abordar alguns desses problemas de sa\u00fade mediante uma interven\u00e7\u00e3o nutricional que contribua para melhorar a qualidade de vida do idoso, para reduzir a fragilidade e a susceptibilidade para contrair doen\u00e7as mais frequentes.<\/p>\n<p>Nesse sentido, o Dr. Bruno Medeiros, professor da rede universit\u00e1ria patrocinada pela <a href=\"http:\/\/www.funiber.org.br\/\" target=\"_blank\" rel=\"noopener\">FUNIBER<\/a>, d\u00e1 algumas dicas em <a href=\"https:\/\/blogs.funiber.org\/gerontologia\/2018\/02\/08\/funiber-opiniones-envejecer\" target=\"_blank\" rel=\"noopener\">uma entrevista<\/a> para alcan\u00e7ar bem-estar na longevidade.<\/p>\n<p>Por exemplo, a <a href=\"https:\/\/europa.eu\/european-union\/about-eu\/agencies\/efsa_es\">Uni\u00e3o Europeia oferece<\/a> assessoramento cient\u00edfico sobre os riscos existentes associados a cadeia alimentar.<\/p>\n<p>O <a href=\"http:\/\/www.funiber.org.br\/mestrado-em-gerontologia\" target=\"_blank\" rel=\"noopener\">Mestrado em Gerontologia<\/a>,\u00a0promovido pela\u00a0FUNIBER, forma profissionais capacitados para estimular as pessoas, sob seus cuidados, e incentiv\u00e1-las a cuidar da alimenta\u00e7\u00e3o e sa\u00fade e evitar doen\u00e7as ou desnutri\u00e7\u00e3o nos pacientes.<\/p>\n<p>Fonte:\u00a0<a href=\"http:\/\/revista.nutricion.org\/PDF\/GARCIA.pdf\">Detecci\u00f3n de personas mayores en riesgo de desnutrici\u00f3n<\/a><\/p>\n<p>Foto: Todos os direitos reservados<\/p>\n","protected":false},"excerpt":{"rendered":"<p>De acordo com um estudo, as pessoas de 65 anos ou mais, que ainda possuem autonomia funcional, s\u00e3o um grupo de risco nutricional por reduzir a ingest\u00e3o de alimentos e sofrer mudan\u00e7as f\u00edsicas, mentais e sociais que leva ao processo de envelhecimento Atualmente, a desnutri\u00e7\u00e3o \u00e9 um problema crescente e pode passar despercebida diante dos [&hellip;]<\/p>\n","protected":false},"author":10,"featured_media":15441,"comment_status":"closed","ping_status":"closed","sticky":false,"template":"","format":"standard","meta":{"jetpack_post_was_ever_published":false,"_jetpack_newsletter_access":"","_jetpack_newsletter_tier_id":0,"footnotes":"","jetpack_publicize_message":"","jetpack_is_tweetstorm":false,"jetpack_publicize_feature_enabled":true,"jetpack_social_post_already_shared":false,"jetpack_social_options":{"image_generator_settings":{"template":"highway","enabled":false}}},"categories":[1],"tags":[67,1242,2487,855,285,119,248,911,739,267,671,125,641,255],"jetpack_publicize_connections":[],"yoast_head":"<!-- This site is optimized with the Yoast SEO plugin v21.7 - https:\/\/yoast.com\/wordpress\/plugins\/seo\/ -->\n<title>Desnutri\u00e7\u00e3o em idosos<\/title>\n<meta name=\"description\" content=\"De acordo com um estudo, as pessoas de 65 anos ou mais, que ainda possuem autonomia funcional, s\u00e3o um grupo de risco nutricional por reduzir a ingest\u00e3o de alimentos e sofrer mudan\u00e7as f\u00edsicas, mentais e sociais que leva ao processo de envelhecimento\" \/>\n<meta name=\"robots\" content=\"noindex, nofollow\" \/>\n<meta property=\"og:locale\" content=\"pt_BR\" \/>\n<meta property=\"og:type\" content=\"article\" \/>\n<meta property=\"og:title\" content=\"Desnutri\u00e7\u00e3o em idosos\" \/>\n<meta property=\"og:description\" content=\"De acordo com um estudo, as pessoas de 65 anos ou mais, que ainda possuem autonomia funcional, s\u00e3o um grupo de risco nutricional por reduzir a ingest\u00e3o de alimentos e sofrer mudan\u00e7as f\u00edsicas, mentais e sociais que leva ao processo de envelhecimento\" \/>\n<meta property=\"og:url\" content=\"https:\/\/blogs.funiber.org\/pt\/gerontologia\/2018\/03\/07\/funiber-desnutricao-idosos\" \/>\n<meta property=\"og:site_name\" content=\"FuniBlogs - FUNIBER\" \/>\n<meta property=\"article:publisher\" content=\"https:\/\/www.facebook.com\/funiber\" \/>\n<meta property=\"article:published_time\" content=\"2018-03-07T12:38:11+00:00\" \/>\n<meta property=\"article:modified_time\" content=\"2018-03-07T12:38:59+00:00\" \/>\n<meta property=\"og:image\" content=\"https:\/\/blogs.funiber.org\/pt\/wp-content\/uploads\/2018\/03\/funiber-desnutricao-idosos.jpg\" \/>\n\t<meta property=\"og:image:width\" content=\"640\" \/>\n\t<meta property=\"og:image:height\" content=\"426\" \/>\n\t<meta property=\"og:image:type\" content=\"image\/jpeg\" \/>\n<meta name=\"author\" content=\"Michelle\" \/>\n<meta name=\"twitter:card\" content=\"summary_large_image\" \/>\n<meta name=\"twitter:creator\" content=\"@FUNIBER\" \/>\n<meta name=\"twitter:site\" content=\"@FUNIBER\" \/>\n<meta name=\"twitter:label1\" content=\"Escrito por\" \/>\n\t<meta name=\"twitter:data1\" content=\"Michelle\" \/>\n\t<meta name=\"twitter:label2\" content=\"Est. tempo de leitura\" \/>\n\t<meta name=\"twitter:data2\" content=\"2 minutos\" \/>\n<script type=\"application\/ld+json\" class=\"yoast-schema-graph\">{\"@context\":\"https:\/\/schema.org\",\"@graph\":[{\"@type\":\"Article\",\"@id\":\"https:\/\/blogs.funiber.org\/pt\/gerontologia\/2018\/03\/07\/funiber-desnutricao-idosos#article\",\"isPartOf\":{\"@id\":\"https:\/\/blogs.funiber.org\/pt\/gerontologia\/2018\/03\/07\/funiber-desnutricao-idosos\"},\"author\":{\"name\":\"Michelle\",\"@id\":\"https:\/\/blogs.funiber.org\/pt\/#\/schema\/person\/a1eaaa5e57eac866a8c5946946bcf80d\"},\"headline\":\"Desnutri\u00e7\u00e3o em idosos\",\"datePublished\":\"2018-03-07T12:38:11+00:00\",\"dateModified\":\"2018-03-07T12:38:59+00:00\",\"mainEntityOfPage\":{\"@id\":\"https:\/\/blogs.funiber.org\/pt\/gerontologia\/2018\/03\/07\/funiber-desnutricao-idosos\"},\"wordCount\":327,\"publisher\":{\"@id\":\"https:\/\/blogs.funiber.org\/pt\/#organization\"},\"keywords\":[\"Alimenta\u00e7\u00e3o\",\"Bolsas\",\"desnutri\u00e7\u00e3o\",\"Doutorado\",\"Educa\u00e7\u00e3o\",\"Estudos\",\"Funiber\",\"FUNIBER Opini\u00f5es\",\"gerontologia\",\"Idosos\",\"mestrado\",\"Nutri\u00e7\u00e3o\",\"Opini\u00e3o FUNIBER\",\"Opini\u00f5es Funiber\"],\"articleSection\":[\"Gerontologia\"],\"inLanguage\":\"pt-BR\"},{\"@type\":\"WebPage\",\"@id\":\"https:\/\/blogs.funiber.org\/pt\/gerontologia\/2018\/03\/07\/funiber-desnutricao-idosos\",\"url\":\"https:\/\/blogs.funiber.org\/pt\/gerontologia\/2018\/03\/07\/funiber-desnutricao-idosos\",\"name\":\"Desnutri\u00e7\u00e3o em idosos\",\"isPartOf\":{\"@id\":\"https:\/\/blogs.funiber.org\/pt\/#website\"},\"datePublished\":\"2018-03-07T12:38:11+00:00\",\"dateModified\":\"2018-03-07T12:38:59+00:00\",\"description\":\"De acordo com um estudo, as pessoas de 65 anos ou mais, que ainda possuem autonomia funcional, s\u00e3o um grupo de risco nutricional por reduzir a ingest\u00e3o de alimentos e sofrer mudan\u00e7as f\u00edsicas, mentais e sociais que leva ao processo de envelhecimento\",\"breadcrumb\":{\"@id\":\"https:\/\/blogs.funiber.org\/pt\/gerontologia\/2018\/03\/07\/funiber-desnutricao-idosos#breadcrumb\"},\"inLanguage\":\"pt-BR\",\"potentialAction\":[{\"@type\":\"ReadAction\",\"target\":[\"https:\/\/blogs.funiber.org\/pt\/gerontologia\/2018\/03\/07\/funiber-desnutricao-idosos\"]}]},{\"@type\":\"BreadcrumbList\",\"@id\":\"https:\/\/blogs.funiber.org\/pt\/gerontologia\/2018\/03\/07\/funiber-desnutricao-idosos#breadcrumb\",\"itemListElement\":[{\"@type\":\"ListItem\",\"position\":1,\"name\":\"In\u00edcio\",\"item\":\"https:\/\/blogs.funiber.org\/pt\"},{\"@type\":\"ListItem\",\"position\":2,\"name\":\"Desnutri\u00e7\u00e3o em idosos\"}]},{\"@type\":\"WebSite\",\"@id\":\"https:\/\/blogs.funiber.org\/pt\/#website\",\"url\":\"https:\/\/blogs.funiber.org\/pt\/\",\"name\":\"FuniBlogs - FUNIBER\",\"description\":\"\",\"publisher\":{\"@id\":\"https:\/\/blogs.funiber.org\/pt\/#organization\"},\"potentialAction\":[{\"@type\":\"SearchAction\",\"target\":{\"@type\":\"EntryPoint\",\"urlTemplate\":\"https:\/\/blogs.funiber.org\/pt\/?s={search_term_string}\"},\"query-input\":\"required name=search_term_string\"}],\"inLanguage\":\"pt-BR\"},{\"@type\":\"Organization\",\"@id\":\"https:\/\/blogs.funiber.org\/pt\/#organization\",\"name\":\"FuniBlogs - FUNIBER\",\"url\":\"https:\/\/blogs.funiber.org\/pt\/\",\"logo\":{\"@type\":\"ImageObject\",\"inLanguage\":\"pt-BR\",\"@id\":\"https:\/\/blogs.funiber.org\/pt\/#\/schema\/logo\/image\/\",\"url\":\"https:\/\/www.funiber.blog\/pt\/wp-content\/uploads\/2022\/02\/logo-funiber-pt-br-v-dos.svg\",\"contentUrl\":\"https:\/\/www.funiber.blog\/pt\/wp-content\/uploads\/2022\/02\/logo-funiber-pt-br-v-dos.svg\",\"width\":1,\"height\":1,\"caption\":\"FuniBlogs - FUNIBER\"},\"image\":{\"@id\":\"https:\/\/blogs.funiber.org\/pt\/#\/schema\/logo\/image\/\"},\"sameAs\":[\"https:\/\/www.facebook.com\/funiber\",\"https:\/\/twitter.com\/FUNIBER\",\"https:\/\/www.instagram.com\/funiber_becas\",\"https:\/\/www.youtube.com\/user\/funiber\",\"https:\/\/www.linkedin.com\/company\/funiber\"]},{\"@type\":\"Person\",\"@id\":\"https:\/\/blogs.funiber.org\/pt\/#\/schema\/person\/a1eaaa5e57eac866a8c5946946bcf80d\",\"name\":\"Michelle\",\"image\":{\"@type\":\"ImageObject\",\"inLanguage\":\"pt-BR\",\"@id\":\"https:\/\/blogs.funiber.org\/pt\/#\/schema\/person\/image\/\",\"url\":\"https:\/\/secure.gravatar.com\/avatar\/5e87041f7609dc50493cf216754fece1?s=96&d=mm&r=g\",\"contentUrl\":\"https:\/\/secure.gravatar.com\/avatar\/5e87041f7609dc50493cf216754fece1?s=96&d=mm&r=g\",\"caption\":\"Michelle\"},\"url\":\"https:\/\/www.funiber.blog\/pt\/author\/michelle-moreira\"}]}<\/script>\n<!-- \/ Yoast SEO plugin. -->","yoast_head_json":{"title":"Desnutri\u00e7\u00e3o em idosos","description":"De acordo com um estudo, as pessoas de 65 anos ou mais, que ainda possuem autonomia funcional, s\u00e3o um grupo de risco nutricional por reduzir a ingest\u00e3o de alimentos e sofrer mudan\u00e7as f\u00edsicas, mentais e sociais que leva ao processo de envelhecimento","robots":{"index":"noindex","follow":"nofollow"},"og_locale":"pt_BR","og_type":"article","og_title":"Desnutri\u00e7\u00e3o em idosos","og_description":"De acordo com um estudo, as pessoas de 65 anos ou mais, que ainda possuem autonomia funcional, s\u00e3o um grupo de risco nutricional por reduzir a ingest\u00e3o de alimentos e sofrer mudan\u00e7as f\u00edsicas, mentais e sociais que leva ao processo de envelhecimento","og_url":"https:\/\/blogs.funiber.org\/pt\/gerontologia\/2018\/03\/07\/funiber-desnutricao-idosos","og_site_name":"FuniBlogs - FUNIBER","article_publisher":"https:\/\/www.facebook.com\/funiber","article_published_time":"2018-03-07T12:38:11+00:00","article_modified_time":"2018-03-07T12:38:59+00:00","og_image":[{"width":640,"height":426,"url":"https:\/\/blogs.funiber.org\/pt\/wp-content\/uploads\/2018\/03\/funiber-desnutricao-idosos.jpg","type":"image\/jpeg"}],"author":"Michelle","twitter_card":"summary_large_image","twitter_creator":"@FUNIBER","twitter_site":"@FUNIBER","twitter_misc":{"Escrito por":"Michelle","Est. tempo de leitura":"2 minutos"},"schema":{"@context":"https:\/\/schema.org","@graph":[{"@type":"Article","@id":"https:\/\/blogs.funiber.org\/pt\/gerontologia\/2018\/03\/07\/funiber-desnutricao-idosos#article","isPartOf":{"@id":"https:\/\/blogs.funiber.org\/pt\/gerontologia\/2018\/03\/07\/funiber-desnutricao-idosos"},"author":{"name":"Michelle","@id":"https:\/\/blogs.funiber.org\/pt\/#\/schema\/person\/a1eaaa5e57eac866a8c5946946bcf80d"},"headline":"Desnutri\u00e7\u00e3o em idosos","datePublished":"2018-03-07T12:38:11+00:00","dateModified":"2018-03-07T12:38:59+00:00","mainEntityOfPage":{"@id":"https:\/\/blogs.funiber.org\/pt\/gerontologia\/2018\/03\/07\/funiber-desnutricao-idosos"},"wordCount":327,"publisher":{"@id":"https:\/\/blogs.funiber.org\/pt\/#organization"},"keywords":["Alimenta\u00e7\u00e3o","Bolsas","desnutri\u00e7\u00e3o","Doutorado","Educa\u00e7\u00e3o","Estudos","Funiber","FUNIBER Opini\u00f5es","gerontologia","Idosos","mestrado","Nutri\u00e7\u00e3o","Opini\u00e3o FUNIBER","Opini\u00f5es Funiber"],"articleSection":["Gerontologia"],"inLanguage":"pt-BR"},{"@type":"WebPage","@id":"https:\/\/blogs.funiber.org\/pt\/gerontologia\/2018\/03\/07\/funiber-desnutricao-idosos","url":"https:\/\/blogs.funiber.org\/pt\/gerontologia\/2018\/03\/07\/funiber-desnutricao-idosos","name":"Desnutri\u00e7\u00e3o em idosos","isPartOf":{"@id":"https:\/\/blogs.funiber.org\/pt\/#website"},"datePublished":"2018-03-07T12:38:11+00:00","dateModified":"2018-03-07T12:38:59+00:00","description":"De acordo com um estudo, as pessoas de 65 anos ou mais, que ainda possuem autonomia funcional, s\u00e3o um grupo de risco nutricional por reduzir a ingest\u00e3o de alimentos e sofrer mudan\u00e7as f\u00edsicas, mentais e sociais que leva ao processo de envelhecimento","breadcrumb":{"@id":"https:\/\/blogs.funiber.org\/pt\/gerontologia\/2018\/03\/07\/funiber-desnutricao-idosos#breadcrumb"},"inLanguage":"pt-BR","potentialAction":[{"@type":"ReadAction","target":["https:\/\/blogs.funiber.org\/pt\/gerontologia\/2018\/03\/07\/funiber-desnutricao-idosos"]}]},{"@type":"BreadcrumbList","@id":"https:\/\/blogs.funiber.org\/pt\/gerontologia\/2018\/03\/07\/funiber-desnutricao-idosos#breadcrumb","itemListElement":[{"@type":"ListItem","position":1,"name":"In\u00edcio","item":"https:\/\/blogs.funiber.org\/pt"},{"@type":"ListItem","position":2,"name":"Desnutri\u00e7\u00e3o em idosos"}]},{"@type":"WebSite","@id":"https:\/\/blogs.funiber.org\/pt\/#website","url":"https:\/\/blogs.funiber.org\/pt\/","name":"FuniBlogs - FUNIBER","description":"","publisher":{"@id":"https:\/\/blogs.funiber.org\/pt\/#organization"},"potentialAction":[{"@type":"SearchAction","target":{"@type":"EntryPoint","urlTemplate":"https:\/\/blogs.funiber.org\/pt\/?s={search_term_string}"},"query-input":"required name=search_term_string"}],"inLanguage":"pt-BR"},{"@type":"Organization","@id":"https:\/\/blogs.funiber.org\/pt\/#organization","name":"FuniBlogs - FUNIBER","url":"https:\/\/blogs.funiber.org\/pt\/","logo":{"@type":"ImageObject","inLanguage":"pt-BR","@id":"https:\/\/blogs.funiber.org\/pt\/#\/schema\/logo\/image\/","url":"https:\/\/www.funiber.blog\/pt\/wp-content\/uploads\/2022\/02\/logo-funiber-pt-br-v-dos.svg","contentUrl":"https:\/\/www.funiber.blog\/pt\/wp-content\/uploads\/2022\/02\/logo-funiber-pt-br-v-dos.svg","width":1,"height":1,"caption":"FuniBlogs - FUNIBER"},"image":{"@id":"https:\/\/blogs.funiber.org\/pt\/#\/schema\/logo\/image\/"},"sameAs":["https:\/\/www.facebook.com\/funiber","https:\/\/twitter.com\/FUNIBER","https:\/\/www.instagram.com\/funiber_becas","https:\/\/www.youtube.com\/user\/funiber","https:\/\/www.linkedin.com\/company\/funiber"]},{"@type":"Person","@id":"https:\/\/blogs.funiber.org\/pt\/#\/schema\/person\/a1eaaa5e57eac866a8c5946946bcf80d","name":"Michelle","image":{"@type":"ImageObject","inLanguage":"pt-BR","@id":"https:\/\/blogs.funiber.org\/pt\/#\/schema\/person\/image\/","url":"https:\/\/secure.gravatar.com\/avatar\/5e87041f7609dc50493cf216754fece1?s=96&d=mm&r=g","contentUrl":"https:\/\/secure.gravatar.com\/avatar\/5e87041f7609dc50493cf216754fece1?s=96&d=mm&r=g","caption":"Michelle"},"url":"https:\/\/www.funiber.blog\/pt\/author\/michelle-moreira"}]}},"jetpack_featured_media_url":"https:\/\/www.funiber.blog\/pt\/wp-content\/uploads\/2018\/03\/funiber-desnutricao-idosos.jpg","jetpack_shortlink":"https:\/\/wp.me\/p7ee1t-411","jetpack_sharing_enabled":true,"_links":{"self":[{"href":"https:\/\/www.funiber.blog\/pt\/wp-json\/wp\/v2\/posts\/15439"}],"collection":[{"href":"https:\/\/www.funiber.blog\/pt\/wp-json\/wp\/v2\/posts"}],"about":[{"href":"https:\/\/www.funiber.blog\/pt\/wp-json\/wp\/v2\/types\/post"}],"author":[{"embeddable":true,"href":"https:\/\/www.funiber.blog\/pt\/wp-json\/wp\/v2\/users\/10"}],"replies":[{"embeddable":true,"href":"https:\/\/www.funiber.blog\/pt\/wp-json\/wp\/v2\/comments?post=15439"}],"version-history":[{"count":1,"href":"https:\/\/www.funiber.blog\/pt\/wp-json\/wp\/v2\/posts\/15439\/revisions"}],"predecessor-version":[{"id":15440,"href":"https:\/\/www.funiber.blog\/pt\/wp-json\/wp\/v2\/posts\/15439\/revisions\/15440"}],"wp:featuredmedia":[{"embeddable":true,"href":"https:\/\/www.funiber.blog\/pt\/wp-json\/wp\/v2\/media\/15441"}],"wp:attachment":[{"href":"https:\/\/www.funiber.blog\/pt\/wp-json\/wp\/v2\/media?parent=15439"}],"wp:term":[{"taxonomy":"category","embeddable":true,"href":"https:\/\/www.funiber.blog\/pt\/wp-json\/wp\/v2\/categories?post=15439"},{"taxonomy":"post_tag","embeddable":true,"href":"https:\/\/www.funiber.blog\/pt\/wp-json\/wp\/v2\/tags?post=15439"}],"curies":[{"name":"wp","href":"https:\/\/api.w.org\/{rel}","templated":true}]}}