{"id":15552,"date":"2018-03-21T14:05:25","date_gmt":"2018-03-21T14:05:25","guid":{"rendered":"https:\/\/blogs.funiber.org\/pt\/?p=15552"},"modified":"2018-03-21T14:05:25","modified_gmt":"2018-03-21T14:05:25","slug":"funiber-competencias-digitais-professores","status":"publish","type":"post","link":"https:\/\/www.funiber.blog\/pt\/formacao-professores\/2018\/03\/21\/funiber-competencias-digitais-professores","title":{"rendered":"Compet\u00eancias digitais entre professores"},"content":{"rendered":"<h2>At\u00e9 que ponto \u00e9 necess\u00e1rio que os professores dominem as novas tecnologias? Artigo de educador espanhol analisa a exig\u00eancia de professores habilidosos em TIC e o cuidado para n\u00e3o transbordar os docentes com mais tarefas<\/h2>\n<p>Exigimos muito dos professores. Al\u00e9m de saber sobre conte\u00fados curriculares, did\u00e1tica, psicologia, conhecer os alunos, suas fam\u00edlias, tamb\u00e9m pedimos que se especializem em tecnologias. O educador espanhol <a href=\"https:\/\/twitter.com\/juancarlosga59\" target=\"_blank\" rel=\"noopener\">Juan Carlos Garc\u00eda Alonso<\/a> questiona qual deve ser o conhecimento do professor sobre as novas tecnologias, diante de todas as exig\u00eancias profissionais como docentes.<!--more--><\/p>\n<p>\u201cVoc\u00eas imaginam ju\u00edzes, fiscais, especialistas m\u00e9dicos ou outros reconhecidos profissionais aprendendo a desenhar e manter o seu blog institucional, a desenhar um programa de gest\u00e3o de hist\u00f3ricas cl\u00ednicas ou de manejo e troca de expedientes judiciais?\u201d, questiona no artigo publicado no <a href=\"http:\/\/blog.smconectados.com\/2018\/02\/14\/tic-que-no-tics\/\" target=\"_blank\" rel=\"noopener\">blog SM CONECTADOS<\/a>.<\/p>\n<p>Desta mesma maneira, os professores tiveram uma forma\u00e7\u00e3o especializada em outros temas, que n\u00e3o no desenvolvimento de recursos tecnol\u00f3gicos e digitais. Ent\u00e3o, talvez dever\u00edamos avaliar se realmente \u00e9 necess\u00e1rio solicitar este conhecimento aos professores, para qual finalidade e prioridade.<\/p>\n<p>Juan Garc\u00eda Alonso lembra que pressionados pelas exig\u00eancias nas novas plataformas, muitos professores devem fazer cursos de forma\u00e7\u00e3o que muitas vezes se tornam obsoletos, j\u00e1 que o uso destes recursos tecnol\u00f3gicos pode mudar constantemente.<\/p>\n<p>\u201cPode ser que ca\u00edmos na tenta\u00e7\u00e3o de formar habilidosos para substituir profissionais e pessoas que est\u00e3o formadas neste campo\u201d, afirma. Assim, com tantas tarefas e ocupa\u00e7\u00f5es, os professores talvez se descuidem de compet\u00eancias importantes dos alunos.<\/p>\n<p>A <a href=\"http:\/\/www.funiber.org.br\/\" target=\"_blank\" rel=\"noopener\">FUNIBER<\/a> patrocina cursos na \u00e1rea de <a href=\"https:\/\/www.funiber.org.br\/mestrados-formacao-professores\" target=\"_blank\" rel=\"noopener\">Forma\u00e7\u00e3o de Professores<\/a>, que abrangem conte\u00fado de excelente qualidade, para a aquisi\u00e7\u00e3o de conhecimento e metodologias para a pr\u00e1tica docente.<\/p>\n<p>Fonte: <a href=\"http:\/\/blog.smconectados.com\/2018\/02\/14\/tic-que-no-tics\/\" target=\"_blank\" rel=\"noopener\">TIC que no tics<\/a><\/p>\n<p>Foto: Todos os direitos reservados<\/p>\n","protected":false},"excerpt":{"rendered":"<p>At\u00e9 que ponto \u00e9 necess\u00e1rio que os professores dominem as novas tecnologias? Artigo de educador espanhol analisa a exig\u00eancia de professores habilidosos em TIC e o cuidado para n\u00e3o transbordar os docentes com mais tarefas Exigimos muito dos professores. Al\u00e9m de saber sobre conte\u00fados curriculares, did\u00e1tica, psicologia, conhecer os alunos, suas fam\u00edlias, tamb\u00e9m pedimos que [&hellip;]<\/p>\n","protected":false},"author":10,"featured_media":15553,"comment_status":"closed","ping_status":"closed","sticky":false,"template":"","format":"standard","meta":{"jetpack_post_was_ever_published":false,"_jetpack_newsletter_access":"","_jetpack_newsletter_tier_id":0,"footnotes":"","jetpack_publicize_message":"","jetpack_is_tweetstorm":false,"jetpack_publicize_feature_enabled":true,"jetpack_social_post_already_shared":true,"jetpack_social_options":{"image_generator_settings":{"template":"highway","enabled":false}}},"categories":[5],"tags":[1242,2897,336,855,285,408,119,504,686,248,911,671,641,255,642,26,198],"jetpack_publicize_connections":[],"yoast_head":"<!-- This site is optimized with the Yoast SEO plugin v21.7 - https:\/\/yoast.com\/wordpress\/plugins\/seo\/ -->\n<title>Compet\u00eancias digitais entre professores<\/title>\n<meta name=\"description\" content=\"At\u00e9 que ponto \u00e9 necess\u00e1rio que os professores dominem as novas tecnologias? Artigo de educador espanhol analisa a exig\u00eancia de professores habilidosos em TIC e o cuidado para n\u00e3o transbordar os docentes com mais tarefas\" \/>\n<meta name=\"robots\" content=\"index, follow, max-snippet:-1, max-image-preview:large, max-video-preview:-1\" \/>\n<link rel=\"canonical\" href=\"https:\/\/blogs.funiber.org\/pt\/formacao-professores\/2018\/03\/21\/funiber-competencias-digitais-professores\" \/>\n<meta property=\"og:locale\" content=\"pt_BR\" \/>\n<meta property=\"og:type\" content=\"article\" \/>\n<meta property=\"og:title\" content=\"Compet\u00eancias digitais entre professores\" \/>\n<meta property=\"og:description\" content=\"At\u00e9 que ponto \u00e9 necess\u00e1rio que os professores dominem as novas tecnologias? Artigo de educador espanhol analisa a exig\u00eancia de professores habilidosos em TIC e o cuidado para n\u00e3o transbordar os docentes com mais tarefas\" \/>\n<meta property=\"og:url\" content=\"https:\/\/blogs.funiber.org\/pt\/formacao-professores\/2018\/03\/21\/funiber-competencias-digitais-professores\" \/>\n<meta property=\"og:site_name\" content=\"FuniBlogs - FUNIBER\" \/>\n<meta property=\"article:publisher\" content=\"https:\/\/www.facebook.com\/funiber\" \/>\n<meta property=\"article:published_time\" content=\"2018-03-21T14:05:25+00:00\" \/>\n<meta property=\"og:image\" content=\"https:\/\/blogs.funiber.org\/pt\/wp-content\/uploads\/2018\/03\/funiber-tic-professores.jpg\" \/>\n\t<meta property=\"og:image:width\" content=\"800\" \/>\n\t<meta property=\"og:image:height\" content=\"533\" \/>\n\t<meta property=\"og:image:type\" content=\"image\/jpeg\" \/>\n<meta name=\"author\" content=\"Michelle\" \/>\n<meta name=\"twitter:card\" content=\"summary_large_image\" \/>\n<meta name=\"twitter:creator\" content=\"@FUNIBER\" \/>\n<meta name=\"twitter:site\" content=\"@FUNIBER\" \/>\n<meta name=\"twitter:label1\" content=\"Escrito por\" \/>\n\t<meta name=\"twitter:data1\" content=\"Michelle\" \/>\n\t<meta name=\"twitter:label2\" content=\"Est. tempo de leitura\" \/>\n\t<meta name=\"twitter:data2\" content=\"2 minutos\" \/>\n<script type=\"application\/ld+json\" class=\"yoast-schema-graph\">{\"@context\":\"https:\/\/schema.org\",\"@graph\":[{\"@type\":\"Article\",\"@id\":\"https:\/\/blogs.funiber.org\/pt\/formacao-professores\/2018\/03\/21\/funiber-competencias-digitais-professores#article\",\"isPartOf\":{\"@id\":\"https:\/\/blogs.funiber.org\/pt\/formacao-professores\/2018\/03\/21\/funiber-competencias-digitais-professores\"},\"author\":{\"name\":\"Michelle\",\"@id\":\"https:\/\/blogs.funiber.org\/pt\/#\/schema\/person\/a1eaaa5e57eac866a8c5946946bcf80d\"},\"headline\":\"Compet\u00eancias digitais entre professores\",\"datePublished\":\"2018-03-21T14:05:25+00:00\",\"dateModified\":\"2018-03-21T14:05:25+00:00\",\"mainEntityOfPage\":{\"@id\":\"https:\/\/blogs.funiber.org\/pt\/formacao-professores\/2018\/03\/21\/funiber-competencias-digitais-professores\"},\"wordCount\":314,\"publisher\":{\"@id\":\"https:\/\/blogs.funiber.org\/pt\/#organization\"},\"keywords\":[\"Bolsas\",\"Compet\u00eancias digitais\",\"Conhecimento\",\"Doutorado\",\"Educa\u00e7\u00e3o\",\"Educa\u00e7\u00e3o a Dist\u00e2ncia\",\"Estudos\",\"Forma\u00e7\u00e3o\",\"Forma\u00e7\u00e3o de Professores\",\"Funiber\",\"FUNIBER Opini\u00f5es\",\"mestrado\",\"Opini\u00e3o FUNIBER\",\"Opini\u00f5es Funiber\",\"Professores\",\"tecnologia\",\"TIC\"],\"articleSection\":[\"Educa\u00e7\u00e3o,\u00a0Forma\u00e7\u00e3o Professores\"],\"inLanguage\":\"pt-BR\"},{\"@type\":\"WebPage\",\"@id\":\"https:\/\/blogs.funiber.org\/pt\/formacao-professores\/2018\/03\/21\/funiber-competencias-digitais-professores\",\"url\":\"https:\/\/blogs.funiber.org\/pt\/formacao-professores\/2018\/03\/21\/funiber-competencias-digitais-professores\",\"name\":\"Compet\u00eancias digitais entre professores\",\"isPartOf\":{\"@id\":\"https:\/\/blogs.funiber.org\/pt\/#website\"},\"datePublished\":\"2018-03-21T14:05:25+00:00\",\"dateModified\":\"2018-03-21T14:05:25+00:00\",\"description\":\"At\u00e9 que ponto \u00e9 necess\u00e1rio que os professores dominem as novas tecnologias? Artigo de educador espanhol analisa a exig\u00eancia de professores habilidosos em TIC e o cuidado para n\u00e3o transbordar os docentes com mais tarefas\",\"breadcrumb\":{\"@id\":\"https:\/\/blogs.funiber.org\/pt\/formacao-professores\/2018\/03\/21\/funiber-competencias-digitais-professores#breadcrumb\"},\"inLanguage\":\"pt-BR\",\"potentialAction\":[{\"@type\":\"ReadAction\",\"target\":[\"https:\/\/blogs.funiber.org\/pt\/formacao-professores\/2018\/03\/21\/funiber-competencias-digitais-professores\"]}]},{\"@type\":\"BreadcrumbList\",\"@id\":\"https:\/\/blogs.funiber.org\/pt\/formacao-professores\/2018\/03\/21\/funiber-competencias-digitais-professores#breadcrumb\",\"itemListElement\":[{\"@type\":\"ListItem\",\"position\":1,\"name\":\"In\u00edcio\",\"item\":\"https:\/\/blogs.funiber.org\/pt\"},{\"@type\":\"ListItem\",\"position\":2,\"name\":\"Compet\u00eancias digitais entre professores\"}]},{\"@type\":\"WebSite\",\"@id\":\"https:\/\/blogs.funiber.org\/pt\/#website\",\"url\":\"https:\/\/blogs.funiber.org\/pt\/\",\"name\":\"FuniBlogs - FUNIBER\",\"description\":\"\",\"publisher\":{\"@id\":\"https:\/\/blogs.funiber.org\/pt\/#organization\"},\"potentialAction\":[{\"@type\":\"SearchAction\",\"target\":{\"@type\":\"EntryPoint\",\"urlTemplate\":\"https:\/\/blogs.funiber.org\/pt\/?s={search_term_string}\"},\"query-input\":\"required name=search_term_string\"}],\"inLanguage\":\"pt-BR\"},{\"@type\":\"Organization\",\"@id\":\"https:\/\/blogs.funiber.org\/pt\/#organization\",\"name\":\"FuniBlogs - FUNIBER\",\"url\":\"https:\/\/blogs.funiber.org\/pt\/\",\"logo\":{\"@type\":\"ImageObject\",\"inLanguage\":\"pt-BR\",\"@id\":\"https:\/\/blogs.funiber.org\/pt\/#\/schema\/logo\/image\/\",\"url\":\"https:\/\/www.funiber.blog\/pt\/wp-content\/uploads\/2022\/02\/logo-funiber-pt-br-v-dos.svg\",\"contentUrl\":\"https:\/\/www.funiber.blog\/pt\/wp-content\/uploads\/2022\/02\/logo-funiber-pt-br-v-dos.svg\",\"width\":1,\"height\":1,\"caption\":\"FuniBlogs - FUNIBER\"},\"image\":{\"@id\":\"https:\/\/blogs.funiber.org\/pt\/#\/schema\/logo\/image\/\"},\"sameAs\":[\"https:\/\/www.facebook.com\/funiber\",\"https:\/\/twitter.com\/FUNIBER\",\"https:\/\/www.instagram.com\/funiber_becas\",\"https:\/\/www.youtube.com\/user\/funiber\",\"https:\/\/www.linkedin.com\/company\/funiber\"]},{\"@type\":\"Person\",\"@id\":\"https:\/\/blogs.funiber.org\/pt\/#\/schema\/person\/a1eaaa5e57eac866a8c5946946bcf80d\",\"name\":\"Michelle\",\"image\":{\"@type\":\"ImageObject\",\"inLanguage\":\"pt-BR\",\"@id\":\"https:\/\/blogs.funiber.org\/pt\/#\/schema\/person\/image\/\",\"url\":\"https:\/\/secure.gravatar.com\/avatar\/5e87041f7609dc50493cf216754fece1?s=96&d=mm&r=g\",\"contentUrl\":\"https:\/\/secure.gravatar.com\/avatar\/5e87041f7609dc50493cf216754fece1?s=96&d=mm&r=g\",\"caption\":\"Michelle\"},\"url\":\"https:\/\/www.funiber.blog\/pt\/author\/michelle-moreira\"}]}<\/script>\n<!-- \/ Yoast SEO plugin. -->","yoast_head_json":{"title":"Compet\u00eancias digitais entre professores","description":"At\u00e9 que ponto \u00e9 necess\u00e1rio que os professores dominem as novas tecnologias? Artigo de educador espanhol analisa a exig\u00eancia de professores habilidosos em TIC e o cuidado para n\u00e3o transbordar os docentes com mais tarefas","robots":{"index":"index","follow":"follow","max-snippet":"max-snippet:-1","max-image-preview":"max-image-preview:large","max-video-preview":"max-video-preview:-1"},"canonical":"https:\/\/blogs.funiber.org\/pt\/formacao-professores\/2018\/03\/21\/funiber-competencias-digitais-professores","og_locale":"pt_BR","og_type":"article","og_title":"Compet\u00eancias digitais entre professores","og_description":"At\u00e9 que ponto \u00e9 necess\u00e1rio que os professores dominem as novas tecnologias? Artigo de educador espanhol analisa a exig\u00eancia de professores habilidosos em TIC e o cuidado para n\u00e3o transbordar os docentes com mais tarefas","og_url":"https:\/\/blogs.funiber.org\/pt\/formacao-professores\/2018\/03\/21\/funiber-competencias-digitais-professores","og_site_name":"FuniBlogs - FUNIBER","article_publisher":"https:\/\/www.facebook.com\/funiber","article_published_time":"2018-03-21T14:05:25+00:00","og_image":[{"width":800,"height":533,"url":"https:\/\/blogs.funiber.org\/pt\/wp-content\/uploads\/2018\/03\/funiber-tic-professores.jpg","type":"image\/jpeg"}],"author":"Michelle","twitter_card":"summary_large_image","twitter_creator":"@FUNIBER","twitter_site":"@FUNIBER","twitter_misc":{"Escrito por":"Michelle","Est. tempo de leitura":"2 minutos"},"schema":{"@context":"https:\/\/schema.org","@graph":[{"@type":"Article","@id":"https:\/\/blogs.funiber.org\/pt\/formacao-professores\/2018\/03\/21\/funiber-competencias-digitais-professores#article","isPartOf":{"@id":"https:\/\/blogs.funiber.org\/pt\/formacao-professores\/2018\/03\/21\/funiber-competencias-digitais-professores"},"author":{"name":"Michelle","@id":"https:\/\/blogs.funiber.org\/pt\/#\/schema\/person\/a1eaaa5e57eac866a8c5946946bcf80d"},"headline":"Compet\u00eancias digitais entre professores","datePublished":"2018-03-21T14:05:25+00:00","dateModified":"2018-03-21T14:05:25+00:00","mainEntityOfPage":{"@id":"https:\/\/blogs.funiber.org\/pt\/formacao-professores\/2018\/03\/21\/funiber-competencias-digitais-professores"},"wordCount":314,"publisher":{"@id":"https:\/\/blogs.funiber.org\/pt\/#organization"},"keywords":["Bolsas","Compet\u00eancias digitais","Conhecimento","Doutorado","Educa\u00e7\u00e3o","Educa\u00e7\u00e3o a Dist\u00e2ncia","Estudos","Forma\u00e7\u00e3o","Forma\u00e7\u00e3o de Professores","Funiber","FUNIBER Opini\u00f5es","mestrado","Opini\u00e3o FUNIBER","Opini\u00f5es Funiber","Professores","tecnologia","TIC"],"articleSection":["Educa\u00e7\u00e3o,\u00a0Forma\u00e7\u00e3o Professores"],"inLanguage":"pt-BR"},{"@type":"WebPage","@id":"https:\/\/blogs.funiber.org\/pt\/formacao-professores\/2018\/03\/21\/funiber-competencias-digitais-professores","url":"https:\/\/blogs.funiber.org\/pt\/formacao-professores\/2018\/03\/21\/funiber-competencias-digitais-professores","name":"Compet\u00eancias digitais entre professores","isPartOf":{"@id":"https:\/\/blogs.funiber.org\/pt\/#website"},"datePublished":"2018-03-21T14:05:25+00:00","dateModified":"2018-03-21T14:05:25+00:00","description":"At\u00e9 que ponto \u00e9 necess\u00e1rio que os professores dominem as novas tecnologias? Artigo de educador espanhol analisa a exig\u00eancia de professores habilidosos em TIC e o cuidado para n\u00e3o transbordar os docentes com mais tarefas","breadcrumb":{"@id":"https:\/\/blogs.funiber.org\/pt\/formacao-professores\/2018\/03\/21\/funiber-competencias-digitais-professores#breadcrumb"},"inLanguage":"pt-BR","potentialAction":[{"@type":"ReadAction","target":["https:\/\/blogs.funiber.org\/pt\/formacao-professores\/2018\/03\/21\/funiber-competencias-digitais-professores"]}]},{"@type":"BreadcrumbList","@id":"https:\/\/blogs.funiber.org\/pt\/formacao-professores\/2018\/03\/21\/funiber-competencias-digitais-professores#breadcrumb","itemListElement":[{"@type":"ListItem","position":1,"name":"In\u00edcio","item":"https:\/\/blogs.funiber.org\/pt"},{"@type":"ListItem","position":2,"name":"Compet\u00eancias digitais entre professores"}]},{"@type":"WebSite","@id":"https:\/\/blogs.funiber.org\/pt\/#website","url":"https:\/\/blogs.funiber.org\/pt\/","name":"FuniBlogs - FUNIBER","description":"","publisher":{"@id":"https:\/\/blogs.funiber.org\/pt\/#organization"},"potentialAction":[{"@type":"SearchAction","target":{"@type":"EntryPoint","urlTemplate":"https:\/\/blogs.funiber.org\/pt\/?s={search_term_string}"},"query-input":"required name=search_term_string"}],"inLanguage":"pt-BR"},{"@type":"Organization","@id":"https:\/\/blogs.funiber.org\/pt\/#organization","name":"FuniBlogs - FUNIBER","url":"https:\/\/blogs.funiber.org\/pt\/","logo":{"@type":"ImageObject","inLanguage":"pt-BR","@id":"https:\/\/blogs.funiber.org\/pt\/#\/schema\/logo\/image\/","url":"https:\/\/www.funiber.blog\/pt\/wp-content\/uploads\/2022\/02\/logo-funiber-pt-br-v-dos.svg","contentUrl":"https:\/\/www.funiber.blog\/pt\/wp-content\/uploads\/2022\/02\/logo-funiber-pt-br-v-dos.svg","width":1,"height":1,"caption":"FuniBlogs - FUNIBER"},"image":{"@id":"https:\/\/blogs.funiber.org\/pt\/#\/schema\/logo\/image\/"},"sameAs":["https:\/\/www.facebook.com\/funiber","https:\/\/twitter.com\/FUNIBER","https:\/\/www.instagram.com\/funiber_becas","https:\/\/www.youtube.com\/user\/funiber","https:\/\/www.linkedin.com\/company\/funiber"]},{"@type":"Person","@id":"https:\/\/blogs.funiber.org\/pt\/#\/schema\/person\/a1eaaa5e57eac866a8c5946946bcf80d","name":"Michelle","image":{"@type":"ImageObject","inLanguage":"pt-BR","@id":"https:\/\/blogs.funiber.org\/pt\/#\/schema\/person\/image\/","url":"https:\/\/secure.gravatar.com\/avatar\/5e87041f7609dc50493cf216754fece1?s=96&d=mm&r=g","contentUrl":"https:\/\/secure.gravatar.com\/avatar\/5e87041f7609dc50493cf216754fece1?s=96&d=mm&r=g","caption":"Michelle"},"url":"https:\/\/www.funiber.blog\/pt\/author\/michelle-moreira"}]}},"jetpack_featured_media_url":"https:\/\/www.funiber.blog\/pt\/wp-content\/uploads\/2018\/03\/funiber-tic-professores.jpg","jetpack_shortlink":"https:\/\/wp.me\/p7ee1t-42Q","jetpack_sharing_enabled":true,"_links":{"self":[{"href":"https:\/\/www.funiber.blog\/pt\/wp-json\/wp\/v2\/posts\/15552"}],"collection":[{"href":"https:\/\/www.funiber.blog\/pt\/wp-json\/wp\/v2\/posts"}],"about":[{"href":"https:\/\/www.funiber.blog\/pt\/wp-json\/wp\/v2\/types\/post"}],"author":[{"embeddable":true,"href":"https:\/\/www.funiber.blog\/pt\/wp-json\/wp\/v2\/users\/10"}],"replies":[{"embeddable":true,"href":"https:\/\/www.funiber.blog\/pt\/wp-json\/wp\/v2\/comments?post=15552"}],"version-history":[{"count":1,"href":"https:\/\/www.funiber.blog\/pt\/wp-json\/wp\/v2\/posts\/15552\/revisions"}],"predecessor-version":[{"id":15554,"href":"https:\/\/www.funiber.blog\/pt\/wp-json\/wp\/v2\/posts\/15552\/revisions\/15554"}],"wp:featuredmedia":[{"embeddable":true,"href":"https:\/\/www.funiber.blog\/pt\/wp-json\/wp\/v2\/media\/15553"}],"wp:attachment":[{"href":"https:\/\/www.funiber.blog\/pt\/wp-json\/wp\/v2\/media?parent=15552"}],"wp:term":[{"taxonomy":"category","embeddable":true,"href":"https:\/\/www.funiber.blog\/pt\/wp-json\/wp\/v2\/categories?post=15552"},{"taxonomy":"post_tag","embeddable":true,"href":"https:\/\/www.funiber.blog\/pt\/wp-json\/wp\/v2\/tags?post=15552"}],"curies":[{"name":"wp","href":"https:\/\/api.w.org\/{rel}","templated":true}]}}