{"id":15742,"date":"2018-04-14T10:53:55","date_gmt":"2018-04-14T10:53:55","guid":{"rendered":"https:\/\/blogs.funiber.org\/pt\/?p=15742"},"modified":"2018-04-13T10:58:29","modified_gmt":"2018-04-13T10:58:29","slug":"funiber-inclusao-idosos-chile","status":"publish","type":"post","link":"https:\/\/www.funiber.blog\/pt\/gerontologia\/2018\/04\/14\/funiber-inclusao-idosos-chile","title":{"rendered":"Chile busca inclus\u00e3o laboral para idosos"},"content":{"rendered":"<h2>Um <a href=\"http:\/\/www.uc.cl\/la-universidad\/noticias\/30552-primer-estudio-nacional-sobre-inclusion-laboral-en-la-vejez-fue-presentado-en-la-uc\" target=\"_blank\" rel=\"noopener\">estudo<\/a>\u00a0sobre \u201cTrabalhos e pessoas idosas no Chile\u201d revelou que 48% das pessoas entre 55 e 74 anos trabalham. Os resultados do estudo buscam conhecer a realidade laboral das pessoas idosas no pa\u00eds<\/h2>\n<p>O estudo tomou como amostra 1.978 pessoas entre 55 e 74 anos e foi realizado pelo Centro UC de Estudos sobre a Velhice e do Envelhecimento da <a href=\"http:\/\/www.uc.cl+\/\" target=\"_blank\" rel=\"noopener\">Universidad Cat\u00f3lica de Chile<\/a>, a Corpora\u00e7\u00e3o de capacita\u00e7\u00e3o da <u>C\u00e1mara de Comercio \u201cOTIC del Comercio, Servicios y Turismo\u201d<\/u> e o <a href=\"http:\/\/www.sence.cl\/\" target=\"_blank\" rel=\"noopener\">Servicio Nacional de Capacitaci\u00f3n y Empleo SENCE<\/a>.<!--more--><\/p>\n<p>Durante os question\u00e1rios na realiza\u00e7\u00e3o do relat\u00f3rio, foram abordados temas como pol\u00edticas de aposentadoria, capacita\u00e7\u00e3o e reconvers\u00e3o laboral, assim como sobre a imagem dos empregadores sobre a velhice em rela\u00e7\u00e3o \u00e0s possibilidades de inclus\u00e3o profissional.<\/p>\n<p>Os resultados mostraram que entre os 55 e 59 anos, 67% trabalha, havendo mais de 30 pontos percentuais entre homens (85% trabalham) e mulheres (51% trabalham).<\/p>\n<p>Em rela\u00e7\u00e3o \u00e0 aposentadoria, a an\u00e1lise revela que a m\u00e9dia de idade para se aposentar \u00e9 de 62 anos. Al\u00e9m disso, a taxa de participa\u00e7\u00e3o profissional dos homens \u00e9 reduzida em 50% entre 65 e 69 anos, e cerca de 30% entre 70 e 74 anos. Enquanto que nas mulheres, a redu\u00e7\u00e3o na participa\u00e7\u00e3o profissional \u00e9 produzida na mesma propor\u00e7\u00e3o que os homens, mas entre 60 e 64 anos em rela\u00e7\u00e3o ao escopo entre 65 e 69 anos, e no escopo entre 65 e 69 em rela\u00e7\u00e3o do de 70 e 74 anos.<\/p>\n<p>Em rela\u00e7\u00e3o \u00e0 qualidade da vida associada ao emprego, \u00e9 evidenciado que a maioria da popula\u00e7\u00e3o da amostra trabalha pr\u00f3ximo \u00e0 sua casa. S\u00f3 14% dos empregados trabalham em sua casa, cerca de 72% demora uma hora ou menos para chegar ao trabalho e s\u00f3 14% demora mais de uma hora.<\/p>\n<p>Neste ponto, o professor da faculdade de Ci\u00eancias Sociais e diretor do CEVE, <a href=\"https:\/\/www.linkedin.com\/in\/eduardo-valenzuela-534a47b7\/\" target=\"_blank\" rel=\"noopener\">Eduardo Valenzuela<\/a>, destacou que \u201c\u00e9 necess\u00e1rio flexibilizar o mercado profissional para melhorar a situa\u00e7\u00e3o dos idosos\u201d. Devem ser geradas pol\u00edticas p\u00fablicas e \u00e9 o que busca impulsionar este estudo do um foco de direitos, orientado \u00e0 cria\u00e7\u00e3o de medidas que melhorem a inclus\u00e3o laboral destas pessoas.<\/p>\n<p>Atualmente, 16,2% dos chilenos t\u00eam 60 anos ou mais, segundo o \u00faltimo <a href=\"http:\/\/www.ine.cl\/\" target=\"_blank\" rel=\"noopener\">censo nacional<\/a>. Nesta linha, estima-se que para o ano de 2035 cerca de 25% da popula\u00e7\u00e3o ser\u00e1 idosa e, portanto, o estudo busca preval\u00eancia para implementar pol\u00edticas de inclus\u00e3o laboral.<\/p>\n<p>Sobre a interpreta\u00e7\u00e3o de resultados ap\u00f3s as entrevistas com empregadores (gerentes de RH ou encarregados da \u00e1rea) \u00e9 poss\u00edvel concluir que a presen\u00e7a de pessoas idosas nas empresas \u00e9 muito pequena, tanto globalmente, o Chile tem altos n\u00fameros de participa\u00e7\u00e3o ativa de idosos. Vale mencionar que 17,3% dos idosos se encontram trabalhando, n\u00famero que supera a m\u00e9dia dos pa\u00edses da OECD que chega nos 14,4%.<\/p>\n<p>\u00c9 indispens\u00e1vel que cada pa\u00eds garanta direitos e inclus\u00e3o laboral neste setor da popula\u00e7\u00e3o e, por isto, o <a href=\"http:\/\/www.funiber.org.br\/mestrado-em-gerontologia\" target=\"_blank\" rel=\"noopener\">Mestrado em Gerontologia<\/a> patrocinado pela <a href=\"http:\/\/www.funiber.org.br\/\" target=\"_blank\" rel=\"noopener\">FUNIBER<\/a>\u00a0\u00e9 uma op\u00e7\u00e3o de forma\u00e7\u00e3o ideal para aquelas pessoas que desejem ampliar seus conhecimentos no campo da aten\u00e7\u00e3o social, cultural e jur\u00eddica dos idosos.<\/p>\n<p>Fonte:\u00a0<a href=\"http:\/\/www.uc.cl\/es\/la-universidad\/noticias\/30552-primer-estudio-nacional-sobre-inclusion-laboral-en-la-vejez-fue-presentado-en-la-uc\" target=\"_blank\" rel=\"noopener\">Primer estudio nacional sobre inclusi\u00f3n laboral en la vejez fue presentado en la UC<\/a><\/p>\n<p>Foto: Todos os direitos reservados<\/p>\n","protected":false},"excerpt":{"rendered":"<p>Um estudo\u00a0sobre \u201cTrabalhos e pessoas idosas no Chile\u201d revelou que 48% das pessoas entre 55 e 74 anos trabalham. Os resultados do estudo buscam conhecer a realidade laboral das pessoas idosas no pa\u00eds O estudo tomou como amostra 1.978 pessoas entre 55 e 74 anos e foi realizado pelo Centro UC de Estudos sobre a [&hellip;]<\/p>\n","protected":false},"author":10,"featured_media":15743,"comment_status":"closed","ping_status":"closed","sticky":false,"template":"","format":"standard","meta":{"jetpack_post_was_ever_published":false,"_jetpack_newsletter_access":"","_jetpack_newsletter_tier_id":0,"footnotes":"","jetpack_publicize_message":"","jetpack_is_tweetstorm":false,"jetpack_publicize_feature_enabled":true,"jetpack_social_post_already_shared":true,"jetpack_social_options":{"image_generator_settings":{"template":"highway","enabled":false}}},"categories":[1],"tags":[1242,453,228,855,285,119,248,911,739,267,767,671,641,255,113,217],"jetpack_publicize_connections":[],"yoast_head":"<!-- This site is optimized with the Yoast SEO plugin v21.7 - https:\/\/yoast.com\/wordpress\/plugins\/seo\/ -->\n<title>Chile busca inclus\u00e3o laboral para idosos<\/title>\n<meta name=\"description\" content=\"Um estudo\u00a0sobre \u201cTrabalhos e pessoas idosas no Chile\u201d revelou que 48% das pessoas entre 55 e 74 anos trabalham. Os resultados do estudo buscam conhecer a realidade laboral das pessoas idosas no pa\u00eds\" \/>\n<meta name=\"robots\" content=\"index, follow, max-snippet:-1, max-image-preview:large, max-video-preview:-1\" \/>\n<link rel=\"canonical\" href=\"https:\/\/blogs.funiber.org\/pt\/gerontologia\/2018\/04\/14\/funiber-inclusao-idosos-chile\" \/>\n<meta property=\"og:locale\" content=\"pt_BR\" \/>\n<meta property=\"og:type\" content=\"article\" \/>\n<meta property=\"og:title\" content=\"Chile busca inclus\u00e3o laboral para idosos\" \/>\n<meta property=\"og:description\" content=\"Um estudo\u00a0sobre \u201cTrabalhos e pessoas idosas no Chile\u201d revelou que 48% das pessoas entre 55 e 74 anos trabalham. Os resultados do estudo buscam conhecer a realidade laboral das pessoas idosas no pa\u00eds\" \/>\n<meta property=\"og:url\" content=\"https:\/\/blogs.funiber.org\/pt\/gerontologia\/2018\/04\/14\/funiber-inclusao-idosos-chile\" \/>\n<meta property=\"og:site_name\" content=\"FuniBlogs - FUNIBER\" \/>\n<meta property=\"article:publisher\" content=\"https:\/\/www.facebook.com\/funiber\" \/>\n<meta property=\"article:published_time\" content=\"2018-04-14T10:53:55+00:00\" \/>\n<meta property=\"article:modified_time\" content=\"2018-04-13T10:58:29+00:00\" \/>\n<meta property=\"og:image\" content=\"https:\/\/blogs.funiber.org\/pt\/wp-content\/uploads\/2018\/04\/funiber-inclusao-idosos-chile.jpg\" \/>\n\t<meta property=\"og:image:width\" content=\"768\" \/>\n\t<meta property=\"og:image:height\" content=\"576\" \/>\n\t<meta property=\"og:image:type\" content=\"image\/jpeg\" \/>\n<meta name=\"author\" content=\"Michelle\" \/>\n<meta name=\"twitter:card\" content=\"summary_large_image\" \/>\n<meta name=\"twitter:creator\" content=\"@FUNIBER\" \/>\n<meta name=\"twitter:site\" content=\"@FUNIBER\" \/>\n<meta name=\"twitter:label1\" content=\"Escrito por\" \/>\n\t<meta name=\"twitter:data1\" content=\"Michelle\" \/>\n\t<meta name=\"twitter:label2\" content=\"Est. tempo de leitura\" \/>\n\t<meta name=\"twitter:data2\" content=\"3 minutos\" \/>\n<script type=\"application\/ld+json\" class=\"yoast-schema-graph\">{\"@context\":\"https:\/\/schema.org\",\"@graph\":[{\"@type\":\"Article\",\"@id\":\"https:\/\/blogs.funiber.org\/pt\/gerontologia\/2018\/04\/14\/funiber-inclusao-idosos-chile#article\",\"isPartOf\":{\"@id\":\"https:\/\/blogs.funiber.org\/pt\/gerontologia\/2018\/04\/14\/funiber-inclusao-idosos-chile\"},\"author\":{\"name\":\"Michelle\",\"@id\":\"https:\/\/blogs.funiber.org\/pt\/#\/schema\/person\/a1eaaa5e57eac866a8c5946946bcf80d\"},\"headline\":\"Chile busca inclus\u00e3o laboral para idosos\",\"datePublished\":\"2018-04-14T10:53:55+00:00\",\"dateModified\":\"2018-04-13T10:58:29+00:00\",\"mainEntityOfPage\":{\"@id\":\"https:\/\/blogs.funiber.org\/pt\/gerontologia\/2018\/04\/14\/funiber-inclusao-idosos-chile\"},\"wordCount\":541,\"publisher\":{\"@id\":\"https:\/\/blogs.funiber.org\/pt\/#organization\"},\"keywords\":[\"Bolsas\",\"Chile\",\"Cuidados\",\"Doutorado\",\"Educa\u00e7\u00e3o\",\"Estudos\",\"Funiber\",\"FUNIBER Opini\u00f5es\",\"gerontologia\",\"Idosos\",\"Inclus\u00e3o\",\"mestrado\",\"Opini\u00e3o FUNIBER\",\"Opini\u00f5es Funiber\",\"Sa\u00fade\",\"Terceira idade\"],\"articleSection\":[\"Gerontologia\"],\"inLanguage\":\"pt-BR\"},{\"@type\":\"WebPage\",\"@id\":\"https:\/\/blogs.funiber.org\/pt\/gerontologia\/2018\/04\/14\/funiber-inclusao-idosos-chile\",\"url\":\"https:\/\/blogs.funiber.org\/pt\/gerontologia\/2018\/04\/14\/funiber-inclusao-idosos-chile\",\"name\":\"Chile busca inclus\u00e3o laboral para idosos\",\"isPartOf\":{\"@id\":\"https:\/\/blogs.funiber.org\/pt\/#website\"},\"datePublished\":\"2018-04-14T10:53:55+00:00\",\"dateModified\":\"2018-04-13T10:58:29+00:00\",\"description\":\"Um estudo\u00a0sobre \u201cTrabalhos e pessoas idosas no Chile\u201d revelou que 48% das pessoas entre 55 e 74 anos trabalham. Os resultados do estudo buscam conhecer a realidade laboral das pessoas idosas no pa\u00eds\",\"breadcrumb\":{\"@id\":\"https:\/\/blogs.funiber.org\/pt\/gerontologia\/2018\/04\/14\/funiber-inclusao-idosos-chile#breadcrumb\"},\"inLanguage\":\"pt-BR\",\"potentialAction\":[{\"@type\":\"ReadAction\",\"target\":[\"https:\/\/blogs.funiber.org\/pt\/gerontologia\/2018\/04\/14\/funiber-inclusao-idosos-chile\"]}]},{\"@type\":\"BreadcrumbList\",\"@id\":\"https:\/\/blogs.funiber.org\/pt\/gerontologia\/2018\/04\/14\/funiber-inclusao-idosos-chile#breadcrumb\",\"itemListElement\":[{\"@type\":\"ListItem\",\"position\":1,\"name\":\"In\u00edcio\",\"item\":\"https:\/\/blogs.funiber.org\/pt\"},{\"@type\":\"ListItem\",\"position\":2,\"name\":\"Chile busca inclus\u00e3o laboral para idosos\"}]},{\"@type\":\"WebSite\",\"@id\":\"https:\/\/blogs.funiber.org\/pt\/#website\",\"url\":\"https:\/\/blogs.funiber.org\/pt\/\",\"name\":\"FuniBlogs - FUNIBER\",\"description\":\"\",\"publisher\":{\"@id\":\"https:\/\/blogs.funiber.org\/pt\/#organization\"},\"potentialAction\":[{\"@type\":\"SearchAction\",\"target\":{\"@type\":\"EntryPoint\",\"urlTemplate\":\"https:\/\/blogs.funiber.org\/pt\/?s={search_term_string}\"},\"query-input\":\"required name=search_term_string\"}],\"inLanguage\":\"pt-BR\"},{\"@type\":\"Organization\",\"@id\":\"https:\/\/blogs.funiber.org\/pt\/#organization\",\"name\":\"FuniBlogs - FUNIBER\",\"url\":\"https:\/\/blogs.funiber.org\/pt\/\",\"logo\":{\"@type\":\"ImageObject\",\"inLanguage\":\"pt-BR\",\"@id\":\"https:\/\/blogs.funiber.org\/pt\/#\/schema\/logo\/image\/\",\"url\":\"https:\/\/www.funiber.blog\/pt\/wp-content\/uploads\/2022\/02\/logo-funiber-pt-br-v-dos.svg\",\"contentUrl\":\"https:\/\/www.funiber.blog\/pt\/wp-content\/uploads\/2022\/02\/logo-funiber-pt-br-v-dos.svg\",\"width\":1,\"height\":1,\"caption\":\"FuniBlogs - FUNIBER\"},\"image\":{\"@id\":\"https:\/\/blogs.funiber.org\/pt\/#\/schema\/logo\/image\/\"},\"sameAs\":[\"https:\/\/www.facebook.com\/funiber\",\"https:\/\/twitter.com\/FUNIBER\",\"https:\/\/www.instagram.com\/funiber_becas\",\"https:\/\/www.youtube.com\/user\/funiber\",\"https:\/\/www.linkedin.com\/company\/funiber\"]},{\"@type\":\"Person\",\"@id\":\"https:\/\/blogs.funiber.org\/pt\/#\/schema\/person\/a1eaaa5e57eac866a8c5946946bcf80d\",\"name\":\"Michelle\",\"image\":{\"@type\":\"ImageObject\",\"inLanguage\":\"pt-BR\",\"@id\":\"https:\/\/blogs.funiber.org\/pt\/#\/schema\/person\/image\/\",\"url\":\"https:\/\/secure.gravatar.com\/avatar\/5e87041f7609dc50493cf216754fece1?s=96&d=mm&r=g\",\"contentUrl\":\"https:\/\/secure.gravatar.com\/avatar\/5e87041f7609dc50493cf216754fece1?s=96&d=mm&r=g\",\"caption\":\"Michelle\"},\"url\":\"https:\/\/www.funiber.blog\/pt\/author\/michelle-moreira\"}]}<\/script>\n<!-- \/ Yoast SEO plugin. -->","yoast_head_json":{"title":"Chile busca inclus\u00e3o laboral para idosos","description":"Um estudo\u00a0sobre \u201cTrabalhos e pessoas idosas no Chile\u201d revelou que 48% das pessoas entre 55 e 74 anos trabalham. Os resultados do estudo buscam conhecer a realidade laboral das pessoas idosas no pa\u00eds","robots":{"index":"index","follow":"follow","max-snippet":"max-snippet:-1","max-image-preview":"max-image-preview:large","max-video-preview":"max-video-preview:-1"},"canonical":"https:\/\/blogs.funiber.org\/pt\/gerontologia\/2018\/04\/14\/funiber-inclusao-idosos-chile","og_locale":"pt_BR","og_type":"article","og_title":"Chile busca inclus\u00e3o laboral para idosos","og_description":"Um estudo\u00a0sobre \u201cTrabalhos e pessoas idosas no Chile\u201d revelou que 48% das pessoas entre 55 e 74 anos trabalham. Os resultados do estudo buscam conhecer a realidade laboral das pessoas idosas no pa\u00eds","og_url":"https:\/\/blogs.funiber.org\/pt\/gerontologia\/2018\/04\/14\/funiber-inclusao-idosos-chile","og_site_name":"FuniBlogs - FUNIBER","article_publisher":"https:\/\/www.facebook.com\/funiber","article_published_time":"2018-04-14T10:53:55+00:00","article_modified_time":"2018-04-13T10:58:29+00:00","og_image":[{"width":768,"height":576,"url":"https:\/\/blogs.funiber.org\/pt\/wp-content\/uploads\/2018\/04\/funiber-inclusao-idosos-chile.jpg","type":"image\/jpeg"}],"author":"Michelle","twitter_card":"summary_large_image","twitter_creator":"@FUNIBER","twitter_site":"@FUNIBER","twitter_misc":{"Escrito por":"Michelle","Est. tempo de leitura":"3 minutos"},"schema":{"@context":"https:\/\/schema.org","@graph":[{"@type":"Article","@id":"https:\/\/blogs.funiber.org\/pt\/gerontologia\/2018\/04\/14\/funiber-inclusao-idosos-chile#article","isPartOf":{"@id":"https:\/\/blogs.funiber.org\/pt\/gerontologia\/2018\/04\/14\/funiber-inclusao-idosos-chile"},"author":{"name":"Michelle","@id":"https:\/\/blogs.funiber.org\/pt\/#\/schema\/person\/a1eaaa5e57eac866a8c5946946bcf80d"},"headline":"Chile busca inclus\u00e3o laboral para idosos","datePublished":"2018-04-14T10:53:55+00:00","dateModified":"2018-04-13T10:58:29+00:00","mainEntityOfPage":{"@id":"https:\/\/blogs.funiber.org\/pt\/gerontologia\/2018\/04\/14\/funiber-inclusao-idosos-chile"},"wordCount":541,"publisher":{"@id":"https:\/\/blogs.funiber.org\/pt\/#organization"},"keywords":["Bolsas","Chile","Cuidados","Doutorado","Educa\u00e7\u00e3o","Estudos","Funiber","FUNIBER Opini\u00f5es","gerontologia","Idosos","Inclus\u00e3o","mestrado","Opini\u00e3o FUNIBER","Opini\u00f5es Funiber","Sa\u00fade","Terceira idade"],"articleSection":["Gerontologia"],"inLanguage":"pt-BR"},{"@type":"WebPage","@id":"https:\/\/blogs.funiber.org\/pt\/gerontologia\/2018\/04\/14\/funiber-inclusao-idosos-chile","url":"https:\/\/blogs.funiber.org\/pt\/gerontologia\/2018\/04\/14\/funiber-inclusao-idosos-chile","name":"Chile busca inclus\u00e3o laboral para idosos","isPartOf":{"@id":"https:\/\/blogs.funiber.org\/pt\/#website"},"datePublished":"2018-04-14T10:53:55+00:00","dateModified":"2018-04-13T10:58:29+00:00","description":"Um estudo\u00a0sobre \u201cTrabalhos e pessoas idosas no Chile\u201d revelou que 48% das pessoas entre 55 e 74 anos trabalham. Os resultados do estudo buscam conhecer a realidade laboral das pessoas idosas no pa\u00eds","breadcrumb":{"@id":"https:\/\/blogs.funiber.org\/pt\/gerontologia\/2018\/04\/14\/funiber-inclusao-idosos-chile#breadcrumb"},"inLanguage":"pt-BR","potentialAction":[{"@type":"ReadAction","target":["https:\/\/blogs.funiber.org\/pt\/gerontologia\/2018\/04\/14\/funiber-inclusao-idosos-chile"]}]},{"@type":"BreadcrumbList","@id":"https:\/\/blogs.funiber.org\/pt\/gerontologia\/2018\/04\/14\/funiber-inclusao-idosos-chile#breadcrumb","itemListElement":[{"@type":"ListItem","position":1,"name":"In\u00edcio","item":"https:\/\/blogs.funiber.org\/pt"},{"@type":"ListItem","position":2,"name":"Chile busca inclus\u00e3o laboral para idosos"}]},{"@type":"WebSite","@id":"https:\/\/blogs.funiber.org\/pt\/#website","url":"https:\/\/blogs.funiber.org\/pt\/","name":"FuniBlogs - FUNIBER","description":"","publisher":{"@id":"https:\/\/blogs.funiber.org\/pt\/#organization"},"potentialAction":[{"@type":"SearchAction","target":{"@type":"EntryPoint","urlTemplate":"https:\/\/blogs.funiber.org\/pt\/?s={search_term_string}"},"query-input":"required name=search_term_string"}],"inLanguage":"pt-BR"},{"@type":"Organization","@id":"https:\/\/blogs.funiber.org\/pt\/#organization","name":"FuniBlogs - FUNIBER","url":"https:\/\/blogs.funiber.org\/pt\/","logo":{"@type":"ImageObject","inLanguage":"pt-BR","@id":"https:\/\/blogs.funiber.org\/pt\/#\/schema\/logo\/image\/","url":"https:\/\/www.funiber.blog\/pt\/wp-content\/uploads\/2022\/02\/logo-funiber-pt-br-v-dos.svg","contentUrl":"https:\/\/www.funiber.blog\/pt\/wp-content\/uploads\/2022\/02\/logo-funiber-pt-br-v-dos.svg","width":1,"height":1,"caption":"FuniBlogs - FUNIBER"},"image":{"@id":"https:\/\/blogs.funiber.org\/pt\/#\/schema\/logo\/image\/"},"sameAs":["https:\/\/www.facebook.com\/funiber","https:\/\/twitter.com\/FUNIBER","https:\/\/www.instagram.com\/funiber_becas","https:\/\/www.youtube.com\/user\/funiber","https:\/\/www.linkedin.com\/company\/funiber"]},{"@type":"Person","@id":"https:\/\/blogs.funiber.org\/pt\/#\/schema\/person\/a1eaaa5e57eac866a8c5946946bcf80d","name":"Michelle","image":{"@type":"ImageObject","inLanguage":"pt-BR","@id":"https:\/\/blogs.funiber.org\/pt\/#\/schema\/person\/image\/","url":"https:\/\/secure.gravatar.com\/avatar\/5e87041f7609dc50493cf216754fece1?s=96&d=mm&r=g","contentUrl":"https:\/\/secure.gravatar.com\/avatar\/5e87041f7609dc50493cf216754fece1?s=96&d=mm&r=g","caption":"Michelle"},"url":"https:\/\/www.funiber.blog\/pt\/author\/michelle-moreira"}]}},"jetpack_featured_media_url":"https:\/\/www.funiber.blog\/pt\/wp-content\/uploads\/2018\/04\/funiber-inclusao-idosos-chile.jpg","jetpack_shortlink":"https:\/\/wp.me\/p7ee1t-45U","jetpack_sharing_enabled":true,"_links":{"self":[{"href":"https:\/\/www.funiber.blog\/pt\/wp-json\/wp\/v2\/posts\/15742"}],"collection":[{"href":"https:\/\/www.funiber.blog\/pt\/wp-json\/wp\/v2\/posts"}],"about":[{"href":"https:\/\/www.funiber.blog\/pt\/wp-json\/wp\/v2\/types\/post"}],"author":[{"embeddable":true,"href":"https:\/\/www.funiber.blog\/pt\/wp-json\/wp\/v2\/users\/10"}],"replies":[{"embeddable":true,"href":"https:\/\/www.funiber.blog\/pt\/wp-json\/wp\/v2\/comments?post=15742"}],"version-history":[{"count":1,"href":"https:\/\/www.funiber.blog\/pt\/wp-json\/wp\/v2\/posts\/15742\/revisions"}],"predecessor-version":[{"id":15744,"href":"https:\/\/www.funiber.blog\/pt\/wp-json\/wp\/v2\/posts\/15742\/revisions\/15744"}],"wp:featuredmedia":[{"embeddable":true,"href":"https:\/\/www.funiber.blog\/pt\/wp-json\/wp\/v2\/media\/15743"}],"wp:attachment":[{"href":"https:\/\/www.funiber.blog\/pt\/wp-json\/wp\/v2\/media?parent=15742"}],"wp:term":[{"taxonomy":"category","embeddable":true,"href":"https:\/\/www.funiber.blog\/pt\/wp-json\/wp\/v2\/categories?post=15742"},{"taxonomy":"post_tag","embeddable":true,"href":"https:\/\/www.funiber.blog\/pt\/wp-json\/wp\/v2\/tags?post=15742"}],"curies":[{"name":"wp","href":"https:\/\/api.w.org\/{rel}","templated":true}]}}