{"id":15770,"date":"2018-04-18T10:31:27","date_gmt":"2018-04-18T10:31:27","guid":{"rendered":"https:\/\/blogs.funiber.org\/pt\/?p=15770"},"modified":"2018-04-18T12:00:03","modified_gmt":"2018-04-18T12:00:03","slug":"funiber-ferro-renovavel","status":"publish","type":"post","link":"https:\/\/www.funiber.blog\/pt\/meio-ambiente\/2018\/04\/18\/funiber-ferro-renovavel","title":{"rendered":"Ilha do Ferro espera usar energia exclusivamente renov\u00e1vel"},"content":{"rendered":"<h2>A implanta\u00e7\u00e3o de uma central de energia limpa na <a href=\"https:\/\/www.olailhascanarias.com\/el-hierro\/\" target=\"_blank\" rel=\"noopener\">Ilha do Ferro<\/a>, na Espanha, conseguiu reduzir o consumo de combust\u00edveis f\u00f3sseis e prev\u00ea o abastecimento totalmente renov\u00e1vel<\/h2>\n<p>O Ferro \u00e9 uma das menores ilhas do arquip\u00e9lago das Can\u00e1rias, na Espanha. Em 2000, foi declarada pela <a href=\"https:\/\/en.unesco.org\/\" target=\"_blank\" rel=\"noopener\">UNESCO<\/a> como Reserva da Biosfera. Recentemente, conseguiu abastecer com energia 100% renov\u00e1vel todo o seu territ\u00f3rio, durante 18 dias consecutivos, considerado um recorde mundial.<!--more--><\/p>\n<p>Os logros s\u00e3o resultado do plano <a href=\"http:\/\/www.goronadelviento.es\/\" target=\"_blank\" rel=\"noopener\">Gorona del Viento<\/a>, uma central de energia hidroe\u00f3lica instalada em 2014 que transformou a pequena ilha num laborat\u00f3rio de energias limpas. O projeto custou 82 milh\u00f5es de euros.<\/p>\n<p>A central est\u00e1 formada por cinco aerogeradores, dois dep\u00f3sitos de \u00e1gua, quatro turbinas hidr\u00e1ulicas e uma central de bombeio. Um dos respons\u00e1veis pela central, <a href=\"https:\/\/www.eldiario.es\/elhierroahora\/isla\/Hierro-Torres-Earth-autosuficiencia-energetica_0_752075589.html\" target=\"_blank\" rel=\"noopener\">Juan Pedro S\u00e1nchez<\/a>, afirmou ao jornal El Pa\u00eds que \u201cuma parte da energia que produz o parque e\u00f3lico vai diretamente aos clientes e outra a umas bombas que sobem \u00e1gua desde um dep\u00f3sito inferior quase ao n\u00edvel do mar a um superior a uma cota de 700 metros\u201d.<\/p>\n<p>Um dos m\u00e9ritos da central de Gorona \u00e9 conseguir aproveitar as mudan\u00e7as repentinas do clima, um dos desafios comuns para a produ\u00e7\u00e3o de energia renov\u00e1vel. \u00c9 certo que na ilha, os ventos sempre aceleram os geradores que t\u00eam capacidade de produzir 11 megawatts, suficiente para o consumo da ilha, calculado em 7 megawatts nas horas de maior pico.<\/p>\n<p>No ano passado, a Ilha de Ferro conseguiu consumir 47% da eletricidade gerada pela central, o que equivale a 6.070 toneladas de diesel e 40.000 barris de petr\u00f3leo. Al\u00e9m de evitar o uso de combust\u00edvel f\u00f3ssil, tamb\u00e9m contribu\u00edram para reduzir a contamina\u00e7\u00e3o por g\u00e1s de efeito estufa. S\u00e1nchez afirma que para este ano, espera-se superar os 60%.<\/p>\n<p>A <a href=\"http:\/\/www.funiber.org.br\/\" target=\"_blank\" rel=\"noopener\">FUNIBER<\/a> patrocina o\u00a0<a href=\"https:\/\/www.funiber.org.br\/mestrado-em-energias-renovaveis\" hreflang=\"pt-br\">Mestrado em Energias Renov\u00e1veis<\/a>\u00a0que possibilita a capacita\u00e7\u00e3o dos profissionais interessados nas especificidades das formas limpas de energia no contexto energ\u00e9tico atual e dos potenciais cen\u00e1rios futuros.<\/p>\n<p>Fontes:\u00a0<a href=\"https:\/\/elpais.com\/internacional\/2018\/03\/26\/actualidad\/1522044301_177241.html\" target=\"_blank\" rel=\"noopener\">LA BATALLA DE EL HIERRO POR SER 100% RENOVABLE<\/a><\/p>\n<p id=\"articulo-titulo\" class=\"articulo-titulo \"><a href=\"https:\/\/elpais.com\/elpais\/2018\/03\/25\/album\/1521986976_990888.html#foto_gal_2\" target=\"_blank\" rel=\"noopener\">El Hierro, la isla sostenible<\/a><\/p>\n<p class=\"pg-headline\"><a href=\"https:\/\/www.eldiario.es\/elhierroahora\/isla\/Hierro-Torres-Earth-autosuficiencia-energetica_0_752075589.html\" target=\"_blank\" rel=\"noopener\">El Hierro recibe el premio Torres &amp; Earth por aspirar a la autosuficiencia energ\u00e9tica<\/a><\/p>\n<p>Foto: Todos os direitos reservados<\/p>\n","protected":false},"excerpt":{"rendered":"<p>A implanta\u00e7\u00e3o de uma central de energia limpa na Ilha do Ferro, na Espanha, conseguiu reduzir o consumo de combust\u00edveis f\u00f3sseis e prev\u00ea o abastecimento totalmente renov\u00e1vel O Ferro \u00e9 uma das menores ilhas do arquip\u00e9lago das Can\u00e1rias, na Espanha. Em 2000, foi declarada pela UNESCO como Reserva da Biosfera. Recentemente, conseguiu abastecer com energia [&hellip;]<\/p>\n","protected":false},"author":10,"featured_media":15773,"comment_status":"closed","ping_status":"closed","sticky":false,"template":"","format":"standard","meta":{"jetpack_post_was_ever_published":false,"_jetpack_newsletter_access":"","_jetpack_newsletter_tier_id":0,"footnotes":"","jetpack_publicize_message":"","jetpack_is_tweetstorm":false,"jetpack_publicize_feature_enabled":true,"jetpack_social_post_already_shared":true,"jetpack_social_options":{"image_generator_settings":{"template":"highway","enabled":false}}},"categories":[2],"tags":[105,1242,3751,855,285,408,124,94,69,757,119,248,911,3750,835,671,641,255,84],"jetpack_publicize_connections":[],"yoast_head":"<!-- This site is optimized with the Yoast SEO plugin v21.7 - https:\/\/yoast.com\/wordpress\/plugins\/seo\/ -->\n<title>Ilha do Ferro espera usar energia exclusivamente renov\u00e1vel<\/title>\n<meta name=\"description\" content=\"A implanta\u00e7\u00e3o de uma central de energia limpa na Ilha do Ferro, na Espanha, conseguiu reduzir o consumo de combust\u00edveis f\u00f3sseis e prev\u00ea o abastecimento totalmente renov\u00e1ve\" \/>\n<meta name=\"robots\" content=\"index, follow, max-snippet:-1, max-image-preview:large, max-video-preview:-1\" \/>\n<link rel=\"canonical\" href=\"https:\/\/blogs.funiber.org\/pt\/meio-ambiente\/2018\/04\/18\/funiber-ferro-renovavel\" \/>\n<meta property=\"og:locale\" content=\"pt_BR\" \/>\n<meta property=\"og:type\" content=\"article\" \/>\n<meta property=\"og:title\" content=\"Ilha do Ferro espera usar energia exclusivamente renov\u00e1vel\" \/>\n<meta property=\"og:description\" content=\"A implanta\u00e7\u00e3o de uma central de energia limpa na Ilha do Ferro, na Espanha, conseguiu reduzir o consumo de combust\u00edveis f\u00f3sseis e prev\u00ea o abastecimento totalmente renov\u00e1ve\" \/>\n<meta property=\"og:url\" content=\"https:\/\/blogs.funiber.org\/pt\/meio-ambiente\/2018\/04\/18\/funiber-ferro-renovavel\" \/>\n<meta property=\"og:site_name\" content=\"FuniBlogs - FUNIBER\" \/>\n<meta property=\"article:publisher\" content=\"https:\/\/www.facebook.com\/funiber\" \/>\n<meta property=\"article:published_time\" content=\"2018-04-18T10:31:27+00:00\" \/>\n<meta property=\"article:modified_time\" content=\"2018-04-18T12:00:03+00:00\" \/>\n<meta property=\"og:image\" content=\"https:\/\/blogs.funiber.org\/pt\/wp-content\/uploads\/2018\/04\/funiber-ferro-sustentabilidade.jpg\" \/>\n\t<meta property=\"og:image:width\" content=\"800\" \/>\n\t<meta property=\"og:image:height\" content=\"533\" \/>\n\t<meta property=\"og:image:type\" content=\"image\/jpeg\" \/>\n<meta name=\"author\" content=\"Michelle\" \/>\n<meta name=\"twitter:card\" content=\"summary_large_image\" \/>\n<meta name=\"twitter:creator\" content=\"@FUNIBER\" \/>\n<meta name=\"twitter:site\" content=\"@FUNIBER\" \/>\n<meta name=\"twitter:label1\" content=\"Escrito por\" \/>\n\t<meta name=\"twitter:data1\" content=\"Michelle\" \/>\n\t<meta name=\"twitter:label2\" content=\"Est. tempo de leitura\" \/>\n\t<meta name=\"twitter:data2\" content=\"2 minutos\" \/>\n<script type=\"application\/ld+json\" class=\"yoast-schema-graph\">{\"@context\":\"https:\/\/schema.org\",\"@graph\":[{\"@type\":\"Article\",\"@id\":\"https:\/\/blogs.funiber.org\/pt\/meio-ambiente\/2018\/04\/18\/funiber-ferro-renovavel#article\",\"isPartOf\":{\"@id\":\"https:\/\/blogs.funiber.org\/pt\/meio-ambiente\/2018\/04\/18\/funiber-ferro-renovavel\"},\"author\":{\"name\":\"Michelle\",\"@id\":\"https:\/\/blogs.funiber.org\/pt\/#\/schema\/person\/a1eaaa5e57eac866a8c5946946bcf80d\"},\"headline\":\"Ilha do Ferro espera usar energia exclusivamente renov\u00e1vel\",\"datePublished\":\"2018-04-18T10:31:27+00:00\",\"dateModified\":\"2018-04-18T12:00:03+00:00\",\"mainEntityOfPage\":{\"@id\":\"https:\/\/blogs.funiber.org\/pt\/meio-ambiente\/2018\/04\/18\/funiber-ferro-renovavel\"},\"wordCount\":387,\"publisher\":{\"@id\":\"https:\/\/blogs.funiber.org\/pt\/#organization\"},\"keywords\":[\"Aquecimento Global\",\"Bolsas\",\"Can\u00e1rias\",\"Doutorado\",\"Educa\u00e7\u00e3o\",\"Educa\u00e7\u00e3o a Dist\u00e2ncia\",\"Energ\u00eda\",\"energia Limpa\",\"Energia Renov\u00e1vel\",\"Espanha\",\"Estudos\",\"Funiber\",\"FUNIBER Opini\u00f5es\",\"Ilha do Ferro\",\"Meio Ambiente\",\"mestrado\",\"Opini\u00e3o FUNIBER\",\"Opini\u00f5es Funiber\",\"Sustentabilidade\"],\"articleSection\":[\"Meio Ambiente\"],\"inLanguage\":\"pt-BR\"},{\"@type\":\"WebPage\",\"@id\":\"https:\/\/blogs.funiber.org\/pt\/meio-ambiente\/2018\/04\/18\/funiber-ferro-renovavel\",\"url\":\"https:\/\/blogs.funiber.org\/pt\/meio-ambiente\/2018\/04\/18\/funiber-ferro-renovavel\",\"name\":\"Ilha do Ferro espera usar energia exclusivamente renov\u00e1vel\",\"isPartOf\":{\"@id\":\"https:\/\/blogs.funiber.org\/pt\/#website\"},\"datePublished\":\"2018-04-18T10:31:27+00:00\",\"dateModified\":\"2018-04-18T12:00:03+00:00\",\"description\":\"A implanta\u00e7\u00e3o de uma central de energia limpa na Ilha do Ferro, na Espanha, conseguiu reduzir o consumo de combust\u00edveis f\u00f3sseis e prev\u00ea o abastecimento totalmente renov\u00e1ve\",\"breadcrumb\":{\"@id\":\"https:\/\/blogs.funiber.org\/pt\/meio-ambiente\/2018\/04\/18\/funiber-ferro-renovavel#breadcrumb\"},\"inLanguage\":\"pt-BR\",\"potentialAction\":[{\"@type\":\"ReadAction\",\"target\":[\"https:\/\/blogs.funiber.org\/pt\/meio-ambiente\/2018\/04\/18\/funiber-ferro-renovavel\"]}]},{\"@type\":\"BreadcrumbList\",\"@id\":\"https:\/\/blogs.funiber.org\/pt\/meio-ambiente\/2018\/04\/18\/funiber-ferro-renovavel#breadcrumb\",\"itemListElement\":[{\"@type\":\"ListItem\",\"position\":1,\"name\":\"In\u00edcio\",\"item\":\"https:\/\/blogs.funiber.org\/pt\"},{\"@type\":\"ListItem\",\"position\":2,\"name\":\"Ilha do Ferro espera usar energia exclusivamente renov\u00e1vel\"}]},{\"@type\":\"WebSite\",\"@id\":\"https:\/\/blogs.funiber.org\/pt\/#website\",\"url\":\"https:\/\/blogs.funiber.org\/pt\/\",\"name\":\"FuniBlogs - FUNIBER\",\"description\":\"\",\"publisher\":{\"@id\":\"https:\/\/blogs.funiber.org\/pt\/#organization\"},\"potentialAction\":[{\"@type\":\"SearchAction\",\"target\":{\"@type\":\"EntryPoint\",\"urlTemplate\":\"https:\/\/blogs.funiber.org\/pt\/?s={search_term_string}\"},\"query-input\":\"required name=search_term_string\"}],\"inLanguage\":\"pt-BR\"},{\"@type\":\"Organization\",\"@id\":\"https:\/\/blogs.funiber.org\/pt\/#organization\",\"name\":\"FuniBlogs - FUNIBER\",\"url\":\"https:\/\/blogs.funiber.org\/pt\/\",\"logo\":{\"@type\":\"ImageObject\",\"inLanguage\":\"pt-BR\",\"@id\":\"https:\/\/blogs.funiber.org\/pt\/#\/schema\/logo\/image\/\",\"url\":\"https:\/\/www.funiber.blog\/pt\/wp-content\/uploads\/2022\/02\/logo-funiber-pt-br-v-dos.svg\",\"contentUrl\":\"https:\/\/www.funiber.blog\/pt\/wp-content\/uploads\/2022\/02\/logo-funiber-pt-br-v-dos.svg\",\"width\":1,\"height\":1,\"caption\":\"FuniBlogs - FUNIBER\"},\"image\":{\"@id\":\"https:\/\/blogs.funiber.org\/pt\/#\/schema\/logo\/image\/\"},\"sameAs\":[\"https:\/\/www.facebook.com\/funiber\",\"https:\/\/twitter.com\/FUNIBER\",\"https:\/\/www.instagram.com\/funiber_becas\",\"https:\/\/www.youtube.com\/user\/funiber\",\"https:\/\/www.linkedin.com\/company\/funiber\"]},{\"@type\":\"Person\",\"@id\":\"https:\/\/blogs.funiber.org\/pt\/#\/schema\/person\/a1eaaa5e57eac866a8c5946946bcf80d\",\"name\":\"Michelle\",\"image\":{\"@type\":\"ImageObject\",\"inLanguage\":\"pt-BR\",\"@id\":\"https:\/\/blogs.funiber.org\/pt\/#\/schema\/person\/image\/\",\"url\":\"https:\/\/secure.gravatar.com\/avatar\/5e87041f7609dc50493cf216754fece1?s=96&d=mm&r=g\",\"contentUrl\":\"https:\/\/secure.gravatar.com\/avatar\/5e87041f7609dc50493cf216754fece1?s=96&d=mm&r=g\",\"caption\":\"Michelle\"},\"url\":\"https:\/\/www.funiber.blog\/pt\/author\/michelle-moreira\"}]}<\/script>\n<!-- \/ Yoast SEO plugin. -->","yoast_head_json":{"title":"Ilha do Ferro espera usar energia exclusivamente renov\u00e1vel","description":"A implanta\u00e7\u00e3o de uma central de energia limpa na Ilha do Ferro, na Espanha, conseguiu reduzir o consumo de combust\u00edveis f\u00f3sseis e prev\u00ea o abastecimento totalmente renov\u00e1ve","robots":{"index":"index","follow":"follow","max-snippet":"max-snippet:-1","max-image-preview":"max-image-preview:large","max-video-preview":"max-video-preview:-1"},"canonical":"https:\/\/blogs.funiber.org\/pt\/meio-ambiente\/2018\/04\/18\/funiber-ferro-renovavel","og_locale":"pt_BR","og_type":"article","og_title":"Ilha do Ferro espera usar energia exclusivamente renov\u00e1vel","og_description":"A implanta\u00e7\u00e3o de uma central de energia limpa na Ilha do Ferro, na Espanha, conseguiu reduzir o consumo de combust\u00edveis f\u00f3sseis e prev\u00ea o abastecimento totalmente renov\u00e1ve","og_url":"https:\/\/blogs.funiber.org\/pt\/meio-ambiente\/2018\/04\/18\/funiber-ferro-renovavel","og_site_name":"FuniBlogs - FUNIBER","article_publisher":"https:\/\/www.facebook.com\/funiber","article_published_time":"2018-04-18T10:31:27+00:00","article_modified_time":"2018-04-18T12:00:03+00:00","og_image":[{"width":800,"height":533,"url":"https:\/\/blogs.funiber.org\/pt\/wp-content\/uploads\/2018\/04\/funiber-ferro-sustentabilidade.jpg","type":"image\/jpeg"}],"author":"Michelle","twitter_card":"summary_large_image","twitter_creator":"@FUNIBER","twitter_site":"@FUNIBER","twitter_misc":{"Escrito por":"Michelle","Est. tempo de leitura":"2 minutos"},"schema":{"@context":"https:\/\/schema.org","@graph":[{"@type":"Article","@id":"https:\/\/blogs.funiber.org\/pt\/meio-ambiente\/2018\/04\/18\/funiber-ferro-renovavel#article","isPartOf":{"@id":"https:\/\/blogs.funiber.org\/pt\/meio-ambiente\/2018\/04\/18\/funiber-ferro-renovavel"},"author":{"name":"Michelle","@id":"https:\/\/blogs.funiber.org\/pt\/#\/schema\/person\/a1eaaa5e57eac866a8c5946946bcf80d"},"headline":"Ilha do Ferro espera usar energia exclusivamente renov\u00e1vel","datePublished":"2018-04-18T10:31:27+00:00","dateModified":"2018-04-18T12:00:03+00:00","mainEntityOfPage":{"@id":"https:\/\/blogs.funiber.org\/pt\/meio-ambiente\/2018\/04\/18\/funiber-ferro-renovavel"},"wordCount":387,"publisher":{"@id":"https:\/\/blogs.funiber.org\/pt\/#organization"},"keywords":["Aquecimento Global","Bolsas","Can\u00e1rias","Doutorado","Educa\u00e7\u00e3o","Educa\u00e7\u00e3o a Dist\u00e2ncia","Energ\u00eda","energia Limpa","Energia Renov\u00e1vel","Espanha","Estudos","Funiber","FUNIBER Opini\u00f5es","Ilha do Ferro","Meio Ambiente","mestrado","Opini\u00e3o FUNIBER","Opini\u00f5es Funiber","Sustentabilidade"],"articleSection":["Meio Ambiente"],"inLanguage":"pt-BR"},{"@type":"WebPage","@id":"https:\/\/blogs.funiber.org\/pt\/meio-ambiente\/2018\/04\/18\/funiber-ferro-renovavel","url":"https:\/\/blogs.funiber.org\/pt\/meio-ambiente\/2018\/04\/18\/funiber-ferro-renovavel","name":"Ilha do Ferro espera usar energia exclusivamente renov\u00e1vel","isPartOf":{"@id":"https:\/\/blogs.funiber.org\/pt\/#website"},"datePublished":"2018-04-18T10:31:27+00:00","dateModified":"2018-04-18T12:00:03+00:00","description":"A implanta\u00e7\u00e3o de uma central de energia limpa na Ilha do Ferro, na Espanha, conseguiu reduzir o consumo de combust\u00edveis f\u00f3sseis e prev\u00ea o abastecimento totalmente renov\u00e1ve","breadcrumb":{"@id":"https:\/\/blogs.funiber.org\/pt\/meio-ambiente\/2018\/04\/18\/funiber-ferro-renovavel#breadcrumb"},"inLanguage":"pt-BR","potentialAction":[{"@type":"ReadAction","target":["https:\/\/blogs.funiber.org\/pt\/meio-ambiente\/2018\/04\/18\/funiber-ferro-renovavel"]}]},{"@type":"BreadcrumbList","@id":"https:\/\/blogs.funiber.org\/pt\/meio-ambiente\/2018\/04\/18\/funiber-ferro-renovavel#breadcrumb","itemListElement":[{"@type":"ListItem","position":1,"name":"In\u00edcio","item":"https:\/\/blogs.funiber.org\/pt"},{"@type":"ListItem","position":2,"name":"Ilha do Ferro espera usar energia exclusivamente renov\u00e1vel"}]},{"@type":"WebSite","@id":"https:\/\/blogs.funiber.org\/pt\/#website","url":"https:\/\/blogs.funiber.org\/pt\/","name":"FuniBlogs - FUNIBER","description":"","publisher":{"@id":"https:\/\/blogs.funiber.org\/pt\/#organization"},"potentialAction":[{"@type":"SearchAction","target":{"@type":"EntryPoint","urlTemplate":"https:\/\/blogs.funiber.org\/pt\/?s={search_term_string}"},"query-input":"required name=search_term_string"}],"inLanguage":"pt-BR"},{"@type":"Organization","@id":"https:\/\/blogs.funiber.org\/pt\/#organization","name":"FuniBlogs - FUNIBER","url":"https:\/\/blogs.funiber.org\/pt\/","logo":{"@type":"ImageObject","inLanguage":"pt-BR","@id":"https:\/\/blogs.funiber.org\/pt\/#\/schema\/logo\/image\/","url":"https:\/\/www.funiber.blog\/pt\/wp-content\/uploads\/2022\/02\/logo-funiber-pt-br-v-dos.svg","contentUrl":"https:\/\/www.funiber.blog\/pt\/wp-content\/uploads\/2022\/02\/logo-funiber-pt-br-v-dos.svg","width":1,"height":1,"caption":"FuniBlogs - FUNIBER"},"image":{"@id":"https:\/\/blogs.funiber.org\/pt\/#\/schema\/logo\/image\/"},"sameAs":["https:\/\/www.facebook.com\/funiber","https:\/\/twitter.com\/FUNIBER","https:\/\/www.instagram.com\/funiber_becas","https:\/\/www.youtube.com\/user\/funiber","https:\/\/www.linkedin.com\/company\/funiber"]},{"@type":"Person","@id":"https:\/\/blogs.funiber.org\/pt\/#\/schema\/person\/a1eaaa5e57eac866a8c5946946bcf80d","name":"Michelle","image":{"@type":"ImageObject","inLanguage":"pt-BR","@id":"https:\/\/blogs.funiber.org\/pt\/#\/schema\/person\/image\/","url":"https:\/\/secure.gravatar.com\/avatar\/5e87041f7609dc50493cf216754fece1?s=96&d=mm&r=g","contentUrl":"https:\/\/secure.gravatar.com\/avatar\/5e87041f7609dc50493cf216754fece1?s=96&d=mm&r=g","caption":"Michelle"},"url":"https:\/\/www.funiber.blog\/pt\/author\/michelle-moreira"}]}},"jetpack_featured_media_url":"https:\/\/www.funiber.blog\/pt\/wp-content\/uploads\/2018\/04\/funiber-ferro-sustentabilidade.jpg","jetpack_shortlink":"https:\/\/wp.me\/p7ee1t-46m","jetpack_sharing_enabled":true,"_links":{"self":[{"href":"https:\/\/www.funiber.blog\/pt\/wp-json\/wp\/v2\/posts\/15770"}],"collection":[{"href":"https:\/\/www.funiber.blog\/pt\/wp-json\/wp\/v2\/posts"}],"about":[{"href":"https:\/\/www.funiber.blog\/pt\/wp-json\/wp\/v2\/types\/post"}],"author":[{"embeddable":true,"href":"https:\/\/www.funiber.blog\/pt\/wp-json\/wp\/v2\/users\/10"}],"replies":[{"embeddable":true,"href":"https:\/\/www.funiber.blog\/pt\/wp-json\/wp\/v2\/comments?post=15770"}],"version-history":[{"count":3,"href":"https:\/\/www.funiber.blog\/pt\/wp-json\/wp\/v2\/posts\/15770\/revisions"}],"predecessor-version":[{"id":15784,"href":"https:\/\/www.funiber.blog\/pt\/wp-json\/wp\/v2\/posts\/15770\/revisions\/15784"}],"wp:featuredmedia":[{"embeddable":true,"href":"https:\/\/www.funiber.blog\/pt\/wp-json\/wp\/v2\/media\/15773"}],"wp:attachment":[{"href":"https:\/\/www.funiber.blog\/pt\/wp-json\/wp\/v2\/media?parent=15770"}],"wp:term":[{"taxonomy":"category","embeddable":true,"href":"https:\/\/www.funiber.blog\/pt\/wp-json\/wp\/v2\/categories?post=15770"},{"taxonomy":"post_tag","embeddable":true,"href":"https:\/\/www.funiber.blog\/pt\/wp-json\/wp\/v2\/tags?post=15770"}],"curies":[{"name":"wp","href":"https:\/\/api.w.org\/{rel}","templated":true}]}}