{"id":15830,"date":"2018-04-27T13:27:19","date_gmt":"2018-04-27T13:27:19","guid":{"rendered":"https:\/\/blogs.funiber.org\/pt\/?p=15830"},"modified":"2018-04-25T13:31:15","modified_gmt":"2018-04-25T13:31:15","slug":"funiber-memoria-idosos","status":"publish","type":"post","link":"https:\/\/www.funiber.blog\/pt\/gerontologia\/2018\/04\/27\/funiber-memoria-idosos","title":{"rendered":"Idosos melhoram a mem\u00f3ria voltando para o col\u00e9gio"},"content":{"rendered":"<h2>Nos Estados Unidos, o projeto <a href=\"http:\/\/tisonline.org\/\" target=\"_blank\" rel=\"noopener\"><em>The Intergenerational School<\/em><\/a>, demonstrou que os adultos e idosos em salas de aula de prim\u00e1rio geram mudan\u00e7as positivas, melhorando a qualidade de ensino e rela\u00e7\u00f5es das crian\u00e7as com os adultos<\/h2>\n<p>Segundo uma <a href=\"https:\/\/www.researchgate.net\/publication\/321844526_Aportacion_de_las_personas_mayores_en_los_colegios_intergeneracionales_La_experiencia_del_proyecto_ISCI\" target=\"_blank\" rel=\"noopener\">pesquisa<\/a> com base em um modelo de col\u00e9gio intergeracional, os idosos que praticam de forma regular o voluntariado com crian\u00e7as queimam 20% mais de calorias por semana, t\u00eam menos quedas, utilizam menos a fortifica\u00e7\u00e3o, e conseguem melhores resultados em provas de mem\u00f3ria.<!--more--><\/p>\n<p>No caso de idosos dependentes, puderam concluir que um grupo diagnosticado com dem\u00eancia, depois de interagir durante 18 meses com 60 crian\u00e7as de 6 e 7 anos procedentes de um centro escolar vizinho, aumentaram seus n\u00edveis de expressividade comparando-o com atividades n\u00e3o intergeracionais.<\/p>\n<p>O objetivo da investiga\u00e7\u00e3o \u00e9 projetar e validar um modelo de col\u00e9gio intergeracional em tr\u00eas centros de Educa\u00e7\u00e3o Prim\u00e1ria na Espanha inspirado no <em>The Intergenerational School<\/em> (TIS), na cidade de Cleveland (Ohio), Estados Unidos.<\/p>\n<p>TIS \u00e9 uma escola p\u00fablica para meninos de 5 a 14 anos, fundada no ano 2000. Na escola existem dois tipos de salas de aula:<\/p>\n<ul>\n<li>Salas de aula multi-grau: Em lugar de atribuir aos alunos a uma sala de aula de acordo a sua idade, a escola trabalha com salas de aula multi-et\u00e1rias organizadas em tr\u00eas etapas de desenvolvimento.<\/li>\n<li>Pessoas adultas como tutores-mentores: Aproximadamente 70 pessoas adultas -algumas delas com dem\u00eancia &#8211; participam, de forma cotidiana, planejada e fiscalizada, nas tarefas educativas apoiando aos professores. Por exemplo, atuam como tutores volunt\u00e1rios ajudando crian\u00e7as para melhorar sua compet\u00eancia leitora e matem\u00e1tica.<\/li>\n<\/ul>\n<p>A mentoriza\u00e7\u00e3o \u00e9 o modelo de programa intergeracional mais estendido e em torno do qual fornece mais conhecimento cient\u00edfico-t\u00e9cnico.<\/p>\n<p>Segundo te\u00f3ricos em educa\u00e7\u00e3o mencionados na pesquisa, comprovou-se que os alunos, gra\u00e7as ao apoio de um mentor, sentem-se mais conectados com seu centro escolar e, por isso, diminuem a probabilidade de fracasso escolar, melhorando os resultados acad\u00eamicos durante a educa\u00e7\u00e3o obrigat\u00f3ria.<\/p>\n<p>Conclui a pesquisa que os mentores v\u00e3o aos col\u00e9gios pelo prazer de participar e introduzem no dia a dia momentos de rela\u00e7\u00f5es n\u00e3o por obriga\u00e7\u00e3o, papel ou status, mas sim pelo desejo de encontrar-se. Em um col\u00e9gio intergeracional como TIS aumentam as oportunidades e benef\u00edcios para a sa\u00fade nos idosos.<\/p>\n<p>Para os interessados em temas vinculados a idosos, o <a href=\"http:\/\/www.funiber.org.br\/mestrado-em-gerontologia\" target=\"_blank\" rel=\"noopener\">Mestrado na Gerontologia<\/a> patrocinado pela <a href=\"http:\/\/www.funiber.org.br\/\" target=\"_blank\" rel=\"noopener\">FUNIBER<\/a> defende pela forma\u00e7\u00e3o de profissionais competentes capazes de dar uma resposta positiva \u00e0s necessidades de cuidado e aten\u00e7\u00e3o que requerem os idosos.<\/p>\n<p>Estudo:\u00a0<a href=\"https:\/\/www.researchgate.net\/publication\/321844526_Aportacion_de_las_personas_mayores_en_los_colegios_intergeneracionales_La_experiencia_del_proyecto_ISCI\" target=\"_blank\" rel=\"noopener\">Aportaci\u00f3n de las personas mayores en los colegios intergeneracionales. La experiencia del proyecto ISCI<\/a><\/p>\n<p>Foto: Todos os direitos reservados.<\/p>\n<p>&nbsp;<\/p>\n","protected":false},"excerpt":{"rendered":"<p>Nos Estados Unidos, o projeto The Intergenerational School, demonstrou que os adultos e idosos em salas de aula de prim\u00e1rio geram mudan\u00e7as positivas, melhorando a qualidade de ensino e rela\u00e7\u00f5es das crian\u00e7as com os adultos Segundo uma pesquisa com base em um modelo de col\u00e9gio intergeracional, os idosos que praticam de forma regular o voluntariado [&hellip;]<\/p>\n","protected":false},"author":10,"featured_media":15831,"comment_status":"closed","ping_status":"closed","sticky":false,"template":"","format":"standard","meta":{"jetpack_post_was_ever_published":false,"_jetpack_newsletter_access":"","_jetpack_newsletter_tier_id":0,"footnotes":"","jetpack_publicize_message":"","jetpack_is_tweetstorm":false,"jetpack_publicize_feature_enabled":true,"jetpack_social_post_already_shared":true,"jetpack_social_options":{"image_generator_settings":{"template":"highway","enabled":false}}},"categories":[1],"tags":[1242,3763,855,285,408,699,119,504,248,911,739,267,659,671,641,255],"jetpack_publicize_connections":[],"yoast_head":"<!-- This site is optimized with the Yoast SEO plugin v21.7 - https:\/\/yoast.com\/wordpress\/plugins\/seo\/ -->\n<title>Idosos melhoram a mem\u00f3ria voltando para o col\u00e9gio<\/title>\n<meta name=\"description\" content=\"Nos Estados Unidos, o projeto The Intergenerational School, demonstrou que os adultos e idosos em salas de aula de prim\u00e1rio geram mudan\u00e7as positivas, melhorando a qualidade de ensino e rela\u00e7\u00f5es das crian\u00e7as com os adultos\" \/>\n<meta name=\"robots\" content=\"noindex, nofollow\" \/>\n<meta property=\"og:locale\" content=\"pt_BR\" \/>\n<meta property=\"og:type\" content=\"article\" \/>\n<meta property=\"og:title\" content=\"Idosos melhoram a mem\u00f3ria voltando para o col\u00e9gio\" \/>\n<meta property=\"og:description\" content=\"Nos Estados Unidos, o projeto The Intergenerational School, demonstrou que os adultos e idosos em salas de aula de prim\u00e1rio geram mudan\u00e7as positivas, melhorando a qualidade de ensino e rela\u00e7\u00f5es das crian\u00e7as com os adultos\" \/>\n<meta property=\"og:url\" content=\"https:\/\/blogs.funiber.org\/pt\/gerontologia\/2018\/04\/27\/funiber-memoria-idosos\" \/>\n<meta property=\"og:site_name\" content=\"FuniBlogs - FUNIBER\" \/>\n<meta property=\"article:publisher\" content=\"https:\/\/www.facebook.com\/funiber\" \/>\n<meta property=\"article:published_time\" content=\"2018-04-27T13:27:19+00:00\" \/>\n<meta property=\"article:modified_time\" content=\"2018-04-25T13:31:15+00:00\" \/>\n<meta property=\"og:image\" content=\"https:\/\/blogs.funiber.org\/pt\/wp-content\/uploads\/2018\/04\/funiber-colegio-idosos-memoria.jpg\" \/>\n\t<meta property=\"og:image:width\" content=\"768\" \/>\n\t<meta property=\"og:image:height\" content=\"576\" \/>\n\t<meta property=\"og:image:type\" content=\"image\/jpeg\" \/>\n<meta name=\"author\" content=\"Michelle\" \/>\n<meta name=\"twitter:card\" content=\"summary_large_image\" \/>\n<meta name=\"twitter:creator\" content=\"@FUNIBER\" \/>\n<meta name=\"twitter:site\" content=\"@FUNIBER\" \/>\n<meta name=\"twitter:label1\" content=\"Escrito por\" \/>\n\t<meta name=\"twitter:data1\" content=\"Michelle\" \/>\n\t<meta name=\"twitter:label2\" content=\"Est. tempo de leitura\" \/>\n\t<meta name=\"twitter:data2\" content=\"2 minutos\" \/>\n<script type=\"application\/ld+json\" class=\"yoast-schema-graph\">{\"@context\":\"https:\/\/schema.org\",\"@graph\":[{\"@type\":\"Article\",\"@id\":\"https:\/\/blogs.funiber.org\/pt\/gerontologia\/2018\/04\/27\/funiber-memoria-idosos#article\",\"isPartOf\":{\"@id\":\"https:\/\/blogs.funiber.org\/pt\/gerontologia\/2018\/04\/27\/funiber-memoria-idosos\"},\"author\":{\"name\":\"Michelle\",\"@id\":\"https:\/\/blogs.funiber.org\/pt\/#\/schema\/person\/a1eaaa5e57eac866a8c5946946bcf80d\"},\"headline\":\"Idosos melhoram a mem\u00f3ria voltando para o col\u00e9gio\",\"datePublished\":\"2018-04-27T13:27:19+00:00\",\"dateModified\":\"2018-04-25T13:31:15+00:00\",\"mainEntityOfPage\":{\"@id\":\"https:\/\/blogs.funiber.org\/pt\/gerontologia\/2018\/04\/27\/funiber-memoria-idosos\"},\"wordCount\":468,\"publisher\":{\"@id\":\"https:\/\/blogs.funiber.org\/pt\/#organization\"},\"keywords\":[\"Bolsas\",\"col\u00e9gio\",\"Doutorado\",\"Educa\u00e7\u00e3o\",\"Educa\u00e7\u00e3o a Dist\u00e2ncia\",\"Estudar\",\"Estudos\",\"Forma\u00e7\u00e3o\",\"Funiber\",\"FUNIBER Opini\u00f5es\",\"gerontologia\",\"Idosos\",\"Mem\u00f3ria\",\"mestrado\",\"Opini\u00e3o FUNIBER\",\"Opini\u00f5es Funiber\"],\"articleSection\":[\"Gerontologia\"],\"inLanguage\":\"pt-BR\"},{\"@type\":\"WebPage\",\"@id\":\"https:\/\/blogs.funiber.org\/pt\/gerontologia\/2018\/04\/27\/funiber-memoria-idosos\",\"url\":\"https:\/\/blogs.funiber.org\/pt\/gerontologia\/2018\/04\/27\/funiber-memoria-idosos\",\"name\":\"Idosos melhoram a mem\u00f3ria voltando para o col\u00e9gio\",\"isPartOf\":{\"@id\":\"https:\/\/blogs.funiber.org\/pt\/#website\"},\"datePublished\":\"2018-04-27T13:27:19+00:00\",\"dateModified\":\"2018-04-25T13:31:15+00:00\",\"description\":\"Nos Estados Unidos, o projeto The Intergenerational School, demonstrou que os adultos e idosos em salas de aula de prim\u00e1rio geram mudan\u00e7as positivas, melhorando a qualidade de ensino e rela\u00e7\u00f5es das crian\u00e7as com os adultos\",\"breadcrumb\":{\"@id\":\"https:\/\/blogs.funiber.org\/pt\/gerontologia\/2018\/04\/27\/funiber-memoria-idosos#breadcrumb\"},\"inLanguage\":\"pt-BR\",\"potentialAction\":[{\"@type\":\"ReadAction\",\"target\":[\"https:\/\/blogs.funiber.org\/pt\/gerontologia\/2018\/04\/27\/funiber-memoria-idosos\"]}]},{\"@type\":\"BreadcrumbList\",\"@id\":\"https:\/\/blogs.funiber.org\/pt\/gerontologia\/2018\/04\/27\/funiber-memoria-idosos#breadcrumb\",\"itemListElement\":[{\"@type\":\"ListItem\",\"position\":1,\"name\":\"In\u00edcio\",\"item\":\"https:\/\/blogs.funiber.org\/pt\"},{\"@type\":\"ListItem\",\"position\":2,\"name\":\"Idosos melhoram a mem\u00f3ria voltando para o col\u00e9gio\"}]},{\"@type\":\"WebSite\",\"@id\":\"https:\/\/blogs.funiber.org\/pt\/#website\",\"url\":\"https:\/\/blogs.funiber.org\/pt\/\",\"name\":\"FuniBlogs - FUNIBER\",\"description\":\"\",\"publisher\":{\"@id\":\"https:\/\/blogs.funiber.org\/pt\/#organization\"},\"potentialAction\":[{\"@type\":\"SearchAction\",\"target\":{\"@type\":\"EntryPoint\",\"urlTemplate\":\"https:\/\/blogs.funiber.org\/pt\/?s={search_term_string}\"},\"query-input\":\"required name=search_term_string\"}],\"inLanguage\":\"pt-BR\"},{\"@type\":\"Organization\",\"@id\":\"https:\/\/blogs.funiber.org\/pt\/#organization\",\"name\":\"FuniBlogs - FUNIBER\",\"url\":\"https:\/\/blogs.funiber.org\/pt\/\",\"logo\":{\"@type\":\"ImageObject\",\"inLanguage\":\"pt-BR\",\"@id\":\"https:\/\/blogs.funiber.org\/pt\/#\/schema\/logo\/image\/\",\"url\":\"https:\/\/www.funiber.blog\/pt\/wp-content\/uploads\/2022\/02\/logo-funiber-pt-br-v-dos.svg\",\"contentUrl\":\"https:\/\/www.funiber.blog\/pt\/wp-content\/uploads\/2022\/02\/logo-funiber-pt-br-v-dos.svg\",\"width\":1,\"height\":1,\"caption\":\"FuniBlogs - FUNIBER\"},\"image\":{\"@id\":\"https:\/\/blogs.funiber.org\/pt\/#\/schema\/logo\/image\/\"},\"sameAs\":[\"https:\/\/www.facebook.com\/funiber\",\"https:\/\/twitter.com\/FUNIBER\",\"https:\/\/www.instagram.com\/funiber_becas\",\"https:\/\/www.youtube.com\/user\/funiber\",\"https:\/\/www.linkedin.com\/company\/funiber\"]},{\"@type\":\"Person\",\"@id\":\"https:\/\/blogs.funiber.org\/pt\/#\/schema\/person\/a1eaaa5e57eac866a8c5946946bcf80d\",\"name\":\"Michelle\",\"image\":{\"@type\":\"ImageObject\",\"inLanguage\":\"pt-BR\",\"@id\":\"https:\/\/blogs.funiber.org\/pt\/#\/schema\/person\/image\/\",\"url\":\"https:\/\/secure.gravatar.com\/avatar\/5e87041f7609dc50493cf216754fece1?s=96&d=mm&r=g\",\"contentUrl\":\"https:\/\/secure.gravatar.com\/avatar\/5e87041f7609dc50493cf216754fece1?s=96&d=mm&r=g\",\"caption\":\"Michelle\"},\"url\":\"https:\/\/www.funiber.blog\/pt\/author\/michelle-moreira\"}]}<\/script>\n<!-- \/ Yoast SEO plugin. -->","yoast_head_json":{"title":"Idosos melhoram a mem\u00f3ria voltando para o col\u00e9gio","description":"Nos Estados Unidos, o projeto The Intergenerational School, demonstrou que os adultos e idosos em salas de aula de prim\u00e1rio geram mudan\u00e7as positivas, melhorando a qualidade de ensino e rela\u00e7\u00f5es das crian\u00e7as com os adultos","robots":{"index":"noindex","follow":"nofollow"},"og_locale":"pt_BR","og_type":"article","og_title":"Idosos melhoram a mem\u00f3ria voltando para o col\u00e9gio","og_description":"Nos Estados Unidos, o projeto The Intergenerational School, demonstrou que os adultos e idosos em salas de aula de prim\u00e1rio geram mudan\u00e7as positivas, melhorando a qualidade de ensino e rela\u00e7\u00f5es das crian\u00e7as com os adultos","og_url":"https:\/\/blogs.funiber.org\/pt\/gerontologia\/2018\/04\/27\/funiber-memoria-idosos","og_site_name":"FuniBlogs - FUNIBER","article_publisher":"https:\/\/www.facebook.com\/funiber","article_published_time":"2018-04-27T13:27:19+00:00","article_modified_time":"2018-04-25T13:31:15+00:00","og_image":[{"width":768,"height":576,"url":"https:\/\/blogs.funiber.org\/pt\/wp-content\/uploads\/2018\/04\/funiber-colegio-idosos-memoria.jpg","type":"image\/jpeg"}],"author":"Michelle","twitter_card":"summary_large_image","twitter_creator":"@FUNIBER","twitter_site":"@FUNIBER","twitter_misc":{"Escrito por":"Michelle","Est. tempo de leitura":"2 minutos"},"schema":{"@context":"https:\/\/schema.org","@graph":[{"@type":"Article","@id":"https:\/\/blogs.funiber.org\/pt\/gerontologia\/2018\/04\/27\/funiber-memoria-idosos#article","isPartOf":{"@id":"https:\/\/blogs.funiber.org\/pt\/gerontologia\/2018\/04\/27\/funiber-memoria-idosos"},"author":{"name":"Michelle","@id":"https:\/\/blogs.funiber.org\/pt\/#\/schema\/person\/a1eaaa5e57eac866a8c5946946bcf80d"},"headline":"Idosos melhoram a mem\u00f3ria voltando para o col\u00e9gio","datePublished":"2018-04-27T13:27:19+00:00","dateModified":"2018-04-25T13:31:15+00:00","mainEntityOfPage":{"@id":"https:\/\/blogs.funiber.org\/pt\/gerontologia\/2018\/04\/27\/funiber-memoria-idosos"},"wordCount":468,"publisher":{"@id":"https:\/\/blogs.funiber.org\/pt\/#organization"},"keywords":["Bolsas","col\u00e9gio","Doutorado","Educa\u00e7\u00e3o","Educa\u00e7\u00e3o a Dist\u00e2ncia","Estudar","Estudos","Forma\u00e7\u00e3o","Funiber","FUNIBER Opini\u00f5es","gerontologia","Idosos","Mem\u00f3ria","mestrado","Opini\u00e3o FUNIBER","Opini\u00f5es Funiber"],"articleSection":["Gerontologia"],"inLanguage":"pt-BR"},{"@type":"WebPage","@id":"https:\/\/blogs.funiber.org\/pt\/gerontologia\/2018\/04\/27\/funiber-memoria-idosos","url":"https:\/\/blogs.funiber.org\/pt\/gerontologia\/2018\/04\/27\/funiber-memoria-idosos","name":"Idosos melhoram a mem\u00f3ria voltando para o col\u00e9gio","isPartOf":{"@id":"https:\/\/blogs.funiber.org\/pt\/#website"},"datePublished":"2018-04-27T13:27:19+00:00","dateModified":"2018-04-25T13:31:15+00:00","description":"Nos Estados Unidos, o projeto The Intergenerational School, demonstrou que os adultos e idosos em salas de aula de prim\u00e1rio geram mudan\u00e7as positivas, melhorando a qualidade de ensino e rela\u00e7\u00f5es das crian\u00e7as com os adultos","breadcrumb":{"@id":"https:\/\/blogs.funiber.org\/pt\/gerontologia\/2018\/04\/27\/funiber-memoria-idosos#breadcrumb"},"inLanguage":"pt-BR","potentialAction":[{"@type":"ReadAction","target":["https:\/\/blogs.funiber.org\/pt\/gerontologia\/2018\/04\/27\/funiber-memoria-idosos"]}]},{"@type":"BreadcrumbList","@id":"https:\/\/blogs.funiber.org\/pt\/gerontologia\/2018\/04\/27\/funiber-memoria-idosos#breadcrumb","itemListElement":[{"@type":"ListItem","position":1,"name":"In\u00edcio","item":"https:\/\/blogs.funiber.org\/pt"},{"@type":"ListItem","position":2,"name":"Idosos melhoram a mem\u00f3ria voltando para o col\u00e9gio"}]},{"@type":"WebSite","@id":"https:\/\/blogs.funiber.org\/pt\/#website","url":"https:\/\/blogs.funiber.org\/pt\/","name":"FuniBlogs - FUNIBER","description":"","publisher":{"@id":"https:\/\/blogs.funiber.org\/pt\/#organization"},"potentialAction":[{"@type":"SearchAction","target":{"@type":"EntryPoint","urlTemplate":"https:\/\/blogs.funiber.org\/pt\/?s={search_term_string}"},"query-input":"required name=search_term_string"}],"inLanguage":"pt-BR"},{"@type":"Organization","@id":"https:\/\/blogs.funiber.org\/pt\/#organization","name":"FuniBlogs - FUNIBER","url":"https:\/\/blogs.funiber.org\/pt\/","logo":{"@type":"ImageObject","inLanguage":"pt-BR","@id":"https:\/\/blogs.funiber.org\/pt\/#\/schema\/logo\/image\/","url":"https:\/\/www.funiber.blog\/pt\/wp-content\/uploads\/2022\/02\/logo-funiber-pt-br-v-dos.svg","contentUrl":"https:\/\/www.funiber.blog\/pt\/wp-content\/uploads\/2022\/02\/logo-funiber-pt-br-v-dos.svg","width":1,"height":1,"caption":"FuniBlogs - FUNIBER"},"image":{"@id":"https:\/\/blogs.funiber.org\/pt\/#\/schema\/logo\/image\/"},"sameAs":["https:\/\/www.facebook.com\/funiber","https:\/\/twitter.com\/FUNIBER","https:\/\/www.instagram.com\/funiber_becas","https:\/\/www.youtube.com\/user\/funiber","https:\/\/www.linkedin.com\/company\/funiber"]},{"@type":"Person","@id":"https:\/\/blogs.funiber.org\/pt\/#\/schema\/person\/a1eaaa5e57eac866a8c5946946bcf80d","name":"Michelle","image":{"@type":"ImageObject","inLanguage":"pt-BR","@id":"https:\/\/blogs.funiber.org\/pt\/#\/schema\/person\/image\/","url":"https:\/\/secure.gravatar.com\/avatar\/5e87041f7609dc50493cf216754fece1?s=96&d=mm&r=g","contentUrl":"https:\/\/secure.gravatar.com\/avatar\/5e87041f7609dc50493cf216754fece1?s=96&d=mm&r=g","caption":"Michelle"},"url":"https:\/\/www.funiber.blog\/pt\/author\/michelle-moreira"}]}},"jetpack_featured_media_url":"https:\/\/www.funiber.blog\/pt\/wp-content\/uploads\/2018\/04\/funiber-colegio-idosos-memoria.jpg","jetpack_shortlink":"https:\/\/wp.me\/p7ee1t-47k","jetpack_sharing_enabled":true,"_links":{"self":[{"href":"https:\/\/www.funiber.blog\/pt\/wp-json\/wp\/v2\/posts\/15830"}],"collection":[{"href":"https:\/\/www.funiber.blog\/pt\/wp-json\/wp\/v2\/posts"}],"about":[{"href":"https:\/\/www.funiber.blog\/pt\/wp-json\/wp\/v2\/types\/post"}],"author":[{"embeddable":true,"href":"https:\/\/www.funiber.blog\/pt\/wp-json\/wp\/v2\/users\/10"}],"replies":[{"embeddable":true,"href":"https:\/\/www.funiber.blog\/pt\/wp-json\/wp\/v2\/comments?post=15830"}],"version-history":[{"count":1,"href":"https:\/\/www.funiber.blog\/pt\/wp-json\/wp\/v2\/posts\/15830\/revisions"}],"predecessor-version":[{"id":15832,"href":"https:\/\/www.funiber.blog\/pt\/wp-json\/wp\/v2\/posts\/15830\/revisions\/15832"}],"wp:featuredmedia":[{"embeddable":true,"href":"https:\/\/www.funiber.blog\/pt\/wp-json\/wp\/v2\/media\/15831"}],"wp:attachment":[{"href":"https:\/\/www.funiber.blog\/pt\/wp-json\/wp\/v2\/media?parent=15830"}],"wp:term":[{"taxonomy":"category","embeddable":true,"href":"https:\/\/www.funiber.blog\/pt\/wp-json\/wp\/v2\/categories?post=15830"},{"taxonomy":"post_tag","embeddable":true,"href":"https:\/\/www.funiber.blog\/pt\/wp-json\/wp\/v2\/tags?post=15830"}],"curies":[{"name":"wp","href":"https:\/\/api.w.org\/{rel}","templated":true}]}}