{"id":15870,"date":"2018-05-01T10:42:51","date_gmt":"2018-05-01T10:42:51","guid":{"rendered":"https:\/\/blogs.funiber.org\/pt\/?p=15870"},"modified":"2018-05-02T13:11:31","modified_gmt":"2018-05-02T13:11:31","slug":"funiber-esporte-autismo","status":"publish","type":"post","link":"https:\/\/www.funiber.blog\/pt\/esportes\/2018\/05\/01\/funiber-esporte-autismo","title":{"rendered":"O esporte para as crian\u00e7as com autismo"},"content":{"rendered":"<h2>As pessoas com<strong> Transtorno de Espectro do Autista<\/strong> podem desenvolver muitas habilidades com a pr\u00e1tica do esporte, especialmente as de inclus\u00e3o<\/h2>\n<p>Como para qualquer pessoa, a pr\u00e1tica esportiva traz benef\u00edcios para a sa\u00fade, a condi\u00e7\u00e3o f\u00edsica, a sensa\u00e7\u00e3o de bem-estar e a qualidade de vida para as pessoas diagnosticadas com Transtorno de Espectro do Autismo (TEA).<!--more--><\/p>\n<p>A pesquisadora do instituto <a href=\"http:\/\/www.autismo.org.es\/\" target=\"_blank\" rel=\"noopener\">Autismo Espanha<\/a>, Cristina Guti\u00e9rrez, destaca, por\u00e9m, que a pr\u00e1tica de atividade f\u00edsica para estas pessoas pode ainda \u201cconverte-se numa oportunidade de inclus\u00e3o e participa\u00e7\u00e3o social na comunidade. Um aspecto especialmente valioso para eles\u201d, afirma para o jornal <a href=\"https:\/\/elpais.com\/elpais\/2018\/03\/31\/mamas_papas\/1522510668_245444.html\" target=\"_blank\" rel=\"noopener\">El Pa\u00eds<\/a>.<\/p>\n<p>O Transtorno de Espectro Autista (TEA) representa problemas sociais, de comunica\u00e7\u00e3o e de conduta para quem sofre com a condi\u00e7\u00e3o, de maneira muito variante. Como se sabe, n\u00e3o h\u00e1 uma cura para quem sofre de autismo, mas tratamentos que possam melhorar o desenvolvimento das crian\u00e7as.<\/p>\n<p>Entre as pr\u00e1ticas terap\u00eauticas, a atividade f\u00edsica se mostra muito ben\u00e9fica para estimular a intera\u00e7\u00e3o e o desenvolvimento f\u00edsico. Isto porque o movimento f\u00edsico ajuda no conhecimento de postura corporal, para uma no\u00e7\u00e3o maior da rela\u00e7\u00e3o espa\u00e7o-tempo e do entorno em que se vive.<\/p>\n<p>A pr\u00e1tica \u00e9 especialmente positiva se iniciada j\u00e1 nos primeiros anos da crian\u00e7a: \u201cnas primeiras etapas da vida, os especialistas prop\u00f5em \u00e0s crian\u00e7as com autismo jogos motores que fomentam a aten\u00e7\u00e3o sustenida, jogos simb\u00f3licos em grupos pequenos em que \u00e9 mais f\u00e1cil captar a aten\u00e7\u00e3o e fomentar a intera\u00e7\u00e3o da crian\u00e7a com o monitor. Quando j\u00e1 s\u00e3o mais velhos, pode-se passar a atividades esportivas como a nata\u00e7\u00e3o, o running ou o ciclismo\u201d, afirma a psic\u00f3loga cl\u00ednica e de psicomotricidade infantil, Ana Lucas.<\/p>\n<p>Mais do que encontrar um esporte ideal pelas t\u00e9cnicas ou benef\u00edcios, o ideal \u00e9 come\u00e7ar pelos interesses da pr\u00f3pria crian\u00e7a para a escolha da modalidade esportiva. O que os profissionais da \u00e1rea garantem \u00e9 que n\u00e3o h\u00e1 um esporte ideal, mas que o entorno deve ser trabalhado de maneira a favorecer o desenvolvimento da crian\u00e7a com autismo.<\/p>\n<p>Esta devem ser regras claras, que sejam compreens\u00edveis e demonstre o que se espera da crian\u00e7a com cada tarefa. Tamb\u00e9m \u00e9 importante que se utilizem recursos visuais como imagens e pictogramas para facilitar a compreens\u00e3o das regras e a comunica\u00e7\u00e3o entre o treinador e a crian\u00e7a.<\/p>\n<p>A capacita\u00e7\u00e3o na \u00e1rea de Esportes permite ampliar os conhecimentos sobre os benef\u00edcios da pr\u00e1tica esportiva para o cuidado da sa\u00fade. A\u00a0<a href=\"http:\/\/www.funiber.org.br\/\" target=\"_blank\" rel=\"noopener\">FUNIBER<\/a>\u00a0patrocina neste sentido o\u00a0<a href=\"https:\/\/www.funiber.org.br\/mestrado-em-atividade-fisica-e-saude\" target=\"_blank\" rel=\"noopener\">Mestrado em Atividade F\u00edsica e Sa\u00fade<\/a>.<\/p>\n<p>Fontes: <a href=\"https:\/\/elpais.com\/elpais\/2018\/03\/31\/mamas_papas\/1522510668_245444.html\" target=\"_blank\" rel=\"noopener\">El deporte, una oportunidad de inclusi\u00f3n para las personas con autismo<\/a><\/p>\n<p><a href=\"https:\/\/www.cdc.gov\/ncbddd\/spanish\/autism\/facts.html\" target=\"_blank\" rel=\"noopener\">Informaci\u00f3n b\u00e1sica sobre el trastorno del espectro autista<\/a><\/p>\n<p>Foto: Todos os direitos reservados<\/p>\n","protected":false},"excerpt":{"rendered":"<p>As pessoas com Transtorno de Espectro do Autista podem desenvolver muitas habilidades com a pr\u00e1tica do esporte, especialmente as de inclus\u00e3o Como para qualquer pessoa, a pr\u00e1tica esportiva traz benef\u00edcios para a sa\u00fade, a condi\u00e7\u00e3o f\u00edsica, a sensa\u00e7\u00e3o de bem-estar e a qualidade de vida para as pessoas diagnosticadas com Transtorno de Espectro do Autismo [&hellip;]<\/p>\n","protected":false},"author":10,"featured_media":15871,"comment_status":"closed","ping_status":"closed","sticky":false,"template":"","format":"standard","meta":{"jetpack_post_was_ever_published":false,"_jetpack_newsletter_access":"","_jetpack_newsletter_tier_id":0,"footnotes":"","jetpack_publicize_message":"","jetpack_is_tweetstorm":false,"jetpack_publicize_feature_enabled":true,"jetpack_social_post_already_shared":true,"jetpack_social_options":{"image_generator_settings":{"template":"highway","enabled":false}}},"categories":[4],"tags":[3777,534,341,1242,741,285,408,483,119,911,671,255,113,1961],"jetpack_publicize_connections":[],"yoast_head":"<!-- This site is optimized with the Yoast SEO plugin v21.7 - https:\/\/yoast.com\/wordpress\/plugins\/seo\/ -->\n<title>O esporte para as crian\u00e7as com autismo<\/title>\n<meta name=\"description\" content=\"As pessoas com Transtorno de Espectro do Autista podem desenvolver muitas habilidades com a pr\u00e1tica do esporte, especialmente as de inclus\u00e3o\" \/>\n<meta name=\"robots\" content=\"noindex, nofollow\" \/>\n<meta property=\"og:locale\" content=\"pt_BR\" \/>\n<meta property=\"og:type\" content=\"article\" \/>\n<meta property=\"og:title\" content=\"O esporte para as crian\u00e7as com autismo\" \/>\n<meta property=\"og:description\" content=\"As pessoas com Transtorno de Espectro do Autista podem desenvolver muitas habilidades com a pr\u00e1tica do esporte, especialmente as de inclus\u00e3o\" \/>\n<meta property=\"og:url\" content=\"https:\/\/blogs.funiber.org\/pt\/esportes\/2018\/05\/01\/funiber-esporte-autismo\" \/>\n<meta property=\"og:site_name\" content=\"FuniBlogs - FUNIBER\" \/>\n<meta property=\"article:publisher\" content=\"https:\/\/www.facebook.com\/funiber\" \/>\n<meta property=\"article:published_time\" content=\"2018-05-01T10:42:51+00:00\" \/>\n<meta property=\"article:modified_time\" content=\"2018-05-02T13:11:31+00:00\" \/>\n<meta property=\"og:image\" content=\"https:\/\/blogs.funiber.org\/pt\/wp-content\/uploads\/2018\/04\/funiber-autismo-esporte.jpg\" \/>\n\t<meta property=\"og:image:width\" content=\"800\" \/>\n\t<meta property=\"og:image:height\" content=\"533\" \/>\n\t<meta property=\"og:image:type\" content=\"image\/jpeg\" \/>\n<meta name=\"author\" content=\"Michelle\" \/>\n<meta name=\"twitter:card\" content=\"summary_large_image\" \/>\n<meta name=\"twitter:creator\" content=\"@FUNIBER\" \/>\n<meta name=\"twitter:site\" content=\"@FUNIBER\" \/>\n<meta name=\"twitter:label1\" content=\"Escrito por\" \/>\n\t<meta name=\"twitter:data1\" content=\"Michelle\" \/>\n\t<meta name=\"twitter:label2\" content=\"Est. tempo de leitura\" \/>\n\t<meta name=\"twitter:data2\" content=\"2 minutos\" \/>\n<script type=\"application\/ld+json\" class=\"yoast-schema-graph\">{\"@context\":\"https:\/\/schema.org\",\"@graph\":[{\"@type\":\"Article\",\"@id\":\"https:\/\/blogs.funiber.org\/pt\/esportes\/2018\/05\/01\/funiber-esporte-autismo#article\",\"isPartOf\":{\"@id\":\"https:\/\/blogs.funiber.org\/pt\/esportes\/2018\/05\/01\/funiber-esporte-autismo\"},\"author\":{\"name\":\"Michelle\",\"@id\":\"https:\/\/blogs.funiber.org\/pt\/#\/schema\/person\/a1eaaa5e57eac866a8c5946946bcf80d\"},\"headline\":\"O esporte para as crian\u00e7as com autismo\",\"datePublished\":\"2018-05-01T10:42:51+00:00\",\"dateModified\":\"2018-05-02T13:11:31+00:00\",\"mainEntityOfPage\":{\"@id\":\"https:\/\/blogs.funiber.org\/pt\/esportes\/2018\/05\/01\/funiber-esporte-autismo\"},\"wordCount\":499,\"publisher\":{\"@id\":\"https:\/\/blogs.funiber.org\/pt\/#organization\"},\"keywords\":[\"atividade f\u00edisica\",\"Autismo\",\"Benef\u00edcios\",\"Bolsas\",\"Crian\u00e7as\",\"Educa\u00e7\u00e3o\",\"Educa\u00e7\u00e3o a Dist\u00e2ncia\",\"Esporte\",\"Estudos\",\"FUNIBER Opini\u00f5es\",\"mestrado\",\"Opini\u00f5es Funiber\",\"Sa\u00fade\",\"Transtorno\"],\"articleSection\":[\"Esportes\"],\"inLanguage\":\"pt-BR\"},{\"@type\":\"WebPage\",\"@id\":\"https:\/\/blogs.funiber.org\/pt\/esportes\/2018\/05\/01\/funiber-esporte-autismo\",\"url\":\"https:\/\/blogs.funiber.org\/pt\/esportes\/2018\/05\/01\/funiber-esporte-autismo\",\"name\":\"O esporte para as crian\u00e7as com autismo\",\"isPartOf\":{\"@id\":\"https:\/\/blogs.funiber.org\/pt\/#website\"},\"datePublished\":\"2018-05-01T10:42:51+00:00\",\"dateModified\":\"2018-05-02T13:11:31+00:00\",\"description\":\"As pessoas com Transtorno de Espectro do Autista podem desenvolver muitas habilidades com a pr\u00e1tica do esporte, especialmente as de inclus\u00e3o\",\"breadcrumb\":{\"@id\":\"https:\/\/blogs.funiber.org\/pt\/esportes\/2018\/05\/01\/funiber-esporte-autismo#breadcrumb\"},\"inLanguage\":\"pt-BR\",\"potentialAction\":[{\"@type\":\"ReadAction\",\"target\":[\"https:\/\/blogs.funiber.org\/pt\/esportes\/2018\/05\/01\/funiber-esporte-autismo\"]}]},{\"@type\":\"BreadcrumbList\",\"@id\":\"https:\/\/blogs.funiber.org\/pt\/esportes\/2018\/05\/01\/funiber-esporte-autismo#breadcrumb\",\"itemListElement\":[{\"@type\":\"ListItem\",\"position\":1,\"name\":\"In\u00edcio\",\"item\":\"https:\/\/blogs.funiber.org\/pt\"},{\"@type\":\"ListItem\",\"position\":2,\"name\":\"O esporte para as crian\u00e7as com autismo\"}]},{\"@type\":\"WebSite\",\"@id\":\"https:\/\/blogs.funiber.org\/pt\/#website\",\"url\":\"https:\/\/blogs.funiber.org\/pt\/\",\"name\":\"FuniBlogs - FUNIBER\",\"description\":\"\",\"publisher\":{\"@id\":\"https:\/\/blogs.funiber.org\/pt\/#organization\"},\"potentialAction\":[{\"@type\":\"SearchAction\",\"target\":{\"@type\":\"EntryPoint\",\"urlTemplate\":\"https:\/\/blogs.funiber.org\/pt\/?s={search_term_string}\"},\"query-input\":\"required name=search_term_string\"}],\"inLanguage\":\"pt-BR\"},{\"@type\":\"Organization\",\"@id\":\"https:\/\/blogs.funiber.org\/pt\/#organization\",\"name\":\"FuniBlogs - FUNIBER\",\"url\":\"https:\/\/blogs.funiber.org\/pt\/\",\"logo\":{\"@type\":\"ImageObject\",\"inLanguage\":\"pt-BR\",\"@id\":\"https:\/\/blogs.funiber.org\/pt\/#\/schema\/logo\/image\/\",\"url\":\"https:\/\/www.funiber.blog\/pt\/wp-content\/uploads\/2022\/02\/logo-funiber-pt-br-v-dos.svg\",\"contentUrl\":\"https:\/\/www.funiber.blog\/pt\/wp-content\/uploads\/2022\/02\/logo-funiber-pt-br-v-dos.svg\",\"width\":1,\"height\":1,\"caption\":\"FuniBlogs - FUNIBER\"},\"image\":{\"@id\":\"https:\/\/blogs.funiber.org\/pt\/#\/schema\/logo\/image\/\"},\"sameAs\":[\"https:\/\/www.facebook.com\/funiber\",\"https:\/\/twitter.com\/FUNIBER\",\"https:\/\/www.instagram.com\/funiber_becas\",\"https:\/\/www.youtube.com\/user\/funiber\",\"https:\/\/www.linkedin.com\/company\/funiber\"]},{\"@type\":\"Person\",\"@id\":\"https:\/\/blogs.funiber.org\/pt\/#\/schema\/person\/a1eaaa5e57eac866a8c5946946bcf80d\",\"name\":\"Michelle\",\"image\":{\"@type\":\"ImageObject\",\"inLanguage\":\"pt-BR\",\"@id\":\"https:\/\/blogs.funiber.org\/pt\/#\/schema\/person\/image\/\",\"url\":\"https:\/\/secure.gravatar.com\/avatar\/5e87041f7609dc50493cf216754fece1?s=96&d=mm&r=g\",\"contentUrl\":\"https:\/\/secure.gravatar.com\/avatar\/5e87041f7609dc50493cf216754fece1?s=96&d=mm&r=g\",\"caption\":\"Michelle\"},\"url\":\"https:\/\/www.funiber.blog\/pt\/author\/michelle-moreira\"}]}<\/script>\n<!-- \/ Yoast SEO plugin. -->","yoast_head_json":{"title":"O esporte para as crian\u00e7as com autismo","description":"As pessoas com Transtorno de Espectro do Autista podem desenvolver muitas habilidades com a pr\u00e1tica do esporte, especialmente as de inclus\u00e3o","robots":{"index":"noindex","follow":"nofollow"},"og_locale":"pt_BR","og_type":"article","og_title":"O esporte para as crian\u00e7as com autismo","og_description":"As pessoas com Transtorno de Espectro do Autista podem desenvolver muitas habilidades com a pr\u00e1tica do esporte, especialmente as de inclus\u00e3o","og_url":"https:\/\/blogs.funiber.org\/pt\/esportes\/2018\/05\/01\/funiber-esporte-autismo","og_site_name":"FuniBlogs - FUNIBER","article_publisher":"https:\/\/www.facebook.com\/funiber","article_published_time":"2018-05-01T10:42:51+00:00","article_modified_time":"2018-05-02T13:11:31+00:00","og_image":[{"width":800,"height":533,"url":"https:\/\/blogs.funiber.org\/pt\/wp-content\/uploads\/2018\/04\/funiber-autismo-esporte.jpg","type":"image\/jpeg"}],"author":"Michelle","twitter_card":"summary_large_image","twitter_creator":"@FUNIBER","twitter_site":"@FUNIBER","twitter_misc":{"Escrito por":"Michelle","Est. tempo de leitura":"2 minutos"},"schema":{"@context":"https:\/\/schema.org","@graph":[{"@type":"Article","@id":"https:\/\/blogs.funiber.org\/pt\/esportes\/2018\/05\/01\/funiber-esporte-autismo#article","isPartOf":{"@id":"https:\/\/blogs.funiber.org\/pt\/esportes\/2018\/05\/01\/funiber-esporte-autismo"},"author":{"name":"Michelle","@id":"https:\/\/blogs.funiber.org\/pt\/#\/schema\/person\/a1eaaa5e57eac866a8c5946946bcf80d"},"headline":"O esporte para as crian\u00e7as com autismo","datePublished":"2018-05-01T10:42:51+00:00","dateModified":"2018-05-02T13:11:31+00:00","mainEntityOfPage":{"@id":"https:\/\/blogs.funiber.org\/pt\/esportes\/2018\/05\/01\/funiber-esporte-autismo"},"wordCount":499,"publisher":{"@id":"https:\/\/blogs.funiber.org\/pt\/#organization"},"keywords":["atividade f\u00edisica","Autismo","Benef\u00edcios","Bolsas","Crian\u00e7as","Educa\u00e7\u00e3o","Educa\u00e7\u00e3o a Dist\u00e2ncia","Esporte","Estudos","FUNIBER Opini\u00f5es","mestrado","Opini\u00f5es Funiber","Sa\u00fade","Transtorno"],"articleSection":["Esportes"],"inLanguage":"pt-BR"},{"@type":"WebPage","@id":"https:\/\/blogs.funiber.org\/pt\/esportes\/2018\/05\/01\/funiber-esporte-autismo","url":"https:\/\/blogs.funiber.org\/pt\/esportes\/2018\/05\/01\/funiber-esporte-autismo","name":"O esporte para as crian\u00e7as com autismo","isPartOf":{"@id":"https:\/\/blogs.funiber.org\/pt\/#website"},"datePublished":"2018-05-01T10:42:51+00:00","dateModified":"2018-05-02T13:11:31+00:00","description":"As pessoas com Transtorno de Espectro do Autista podem desenvolver muitas habilidades com a pr\u00e1tica do esporte, especialmente as de inclus\u00e3o","breadcrumb":{"@id":"https:\/\/blogs.funiber.org\/pt\/esportes\/2018\/05\/01\/funiber-esporte-autismo#breadcrumb"},"inLanguage":"pt-BR","potentialAction":[{"@type":"ReadAction","target":["https:\/\/blogs.funiber.org\/pt\/esportes\/2018\/05\/01\/funiber-esporte-autismo"]}]},{"@type":"BreadcrumbList","@id":"https:\/\/blogs.funiber.org\/pt\/esportes\/2018\/05\/01\/funiber-esporte-autismo#breadcrumb","itemListElement":[{"@type":"ListItem","position":1,"name":"In\u00edcio","item":"https:\/\/blogs.funiber.org\/pt"},{"@type":"ListItem","position":2,"name":"O esporte para as crian\u00e7as com autismo"}]},{"@type":"WebSite","@id":"https:\/\/blogs.funiber.org\/pt\/#website","url":"https:\/\/blogs.funiber.org\/pt\/","name":"FuniBlogs - FUNIBER","description":"","publisher":{"@id":"https:\/\/blogs.funiber.org\/pt\/#organization"},"potentialAction":[{"@type":"SearchAction","target":{"@type":"EntryPoint","urlTemplate":"https:\/\/blogs.funiber.org\/pt\/?s={search_term_string}"},"query-input":"required name=search_term_string"}],"inLanguage":"pt-BR"},{"@type":"Organization","@id":"https:\/\/blogs.funiber.org\/pt\/#organization","name":"FuniBlogs - FUNIBER","url":"https:\/\/blogs.funiber.org\/pt\/","logo":{"@type":"ImageObject","inLanguage":"pt-BR","@id":"https:\/\/blogs.funiber.org\/pt\/#\/schema\/logo\/image\/","url":"https:\/\/www.funiber.blog\/pt\/wp-content\/uploads\/2022\/02\/logo-funiber-pt-br-v-dos.svg","contentUrl":"https:\/\/www.funiber.blog\/pt\/wp-content\/uploads\/2022\/02\/logo-funiber-pt-br-v-dos.svg","width":1,"height":1,"caption":"FuniBlogs - FUNIBER"},"image":{"@id":"https:\/\/blogs.funiber.org\/pt\/#\/schema\/logo\/image\/"},"sameAs":["https:\/\/www.facebook.com\/funiber","https:\/\/twitter.com\/FUNIBER","https:\/\/www.instagram.com\/funiber_becas","https:\/\/www.youtube.com\/user\/funiber","https:\/\/www.linkedin.com\/company\/funiber"]},{"@type":"Person","@id":"https:\/\/blogs.funiber.org\/pt\/#\/schema\/person\/a1eaaa5e57eac866a8c5946946bcf80d","name":"Michelle","image":{"@type":"ImageObject","inLanguage":"pt-BR","@id":"https:\/\/blogs.funiber.org\/pt\/#\/schema\/person\/image\/","url":"https:\/\/secure.gravatar.com\/avatar\/5e87041f7609dc50493cf216754fece1?s=96&d=mm&r=g","contentUrl":"https:\/\/secure.gravatar.com\/avatar\/5e87041f7609dc50493cf216754fece1?s=96&d=mm&r=g","caption":"Michelle"},"url":"https:\/\/www.funiber.blog\/pt\/author\/michelle-moreira"}]}},"jetpack_featured_media_url":"https:\/\/www.funiber.blog\/pt\/wp-content\/uploads\/2018\/04\/funiber-autismo-esporte.jpg","jetpack_shortlink":"https:\/\/wp.me\/p7ee1t-47Y","jetpack_sharing_enabled":true,"_links":{"self":[{"href":"https:\/\/www.funiber.blog\/pt\/wp-json\/wp\/v2\/posts\/15870"}],"collection":[{"href":"https:\/\/www.funiber.blog\/pt\/wp-json\/wp\/v2\/posts"}],"about":[{"href":"https:\/\/www.funiber.blog\/pt\/wp-json\/wp\/v2\/types\/post"}],"author":[{"embeddable":true,"href":"https:\/\/www.funiber.blog\/pt\/wp-json\/wp\/v2\/users\/10"}],"replies":[{"embeddable":true,"href":"https:\/\/www.funiber.blog\/pt\/wp-json\/wp\/v2\/comments?post=15870"}],"version-history":[{"count":2,"href":"https:\/\/www.funiber.blog\/pt\/wp-json\/wp\/v2\/posts\/15870\/revisions"}],"predecessor-version":[{"id":15889,"href":"https:\/\/www.funiber.blog\/pt\/wp-json\/wp\/v2\/posts\/15870\/revisions\/15889"}],"wp:featuredmedia":[{"embeddable":true,"href":"https:\/\/www.funiber.blog\/pt\/wp-json\/wp\/v2\/media\/15871"}],"wp:attachment":[{"href":"https:\/\/www.funiber.blog\/pt\/wp-json\/wp\/v2\/media?parent=15870"}],"wp:term":[{"taxonomy":"category","embeddable":true,"href":"https:\/\/www.funiber.blog\/pt\/wp-json\/wp\/v2\/categories?post=15870"},{"taxonomy":"post_tag","embeddable":true,"href":"https:\/\/www.funiber.blog\/pt\/wp-json\/wp\/v2\/tags?post=15870"}],"curies":[{"name":"wp","href":"https:\/\/api.w.org\/{rel}","templated":true}]}}