{"id":15892,"date":"2018-05-03T14:18:44","date_gmt":"2018-05-03T14:18:44","guid":{"rendered":"https:\/\/blogs.funiber.org\/pt\/?p=15892"},"modified":"2018-05-03T14:18:44","modified_gmt":"2018-05-03T14:18:44","slug":"funiber-envelhecimento-saudavel","status":"publish","type":"post","link":"https:\/\/www.funiber.blog\/pt\/gerontologia\/2018\/05\/03\/funiber-envelhecimento-saudavel","title":{"rendered":"Aspectos integrais para um envelhecimento saud\u00e1vel"},"content":{"rendered":"<h2>Estrat\u00e9gias psicossociais, Mudan\u00e7a de comportamento, valoriza\u00e7\u00e3o da vida e interven\u00e7\u00f5es ecol\u00f3gicas como mediadores de bem-estar nas organiza\u00e7\u00f5es de sa\u00fade para os idosos, foram alguns dos temas desenvolvidos no Semin\u00e1rio Internacional \u201c<a href=\"http:\/\/www.uchile.cl\/agenda\/141642\/seminario-abordajes-innovadores-en-la-promocion-de-salud-en-la-vejez\">Abordagens inovadoras na promo\u00e7\u00e3o de sa\u00fade na velhice<\/a>\u201d realizado no Chile<\/h2>\n<p>No \u00faltimo dia 12 de abril na Casa Central da <a href=\"http:\/\/www.uchile.cl\/agenda\/141642\/seminario-abordajes-innovadores-en-la-promocion-de-salud-en-la-vejez\" target=\"_blank\" rel=\"noopener\">Universidade de Chile<\/a>, acad\u00eamicos, pesquisadores e profissionais debateram sobre a administra\u00e7\u00e3o de doen\u00e7as cr\u00f4nicas, o del\u00edrio e a dem\u00eancia, o isolamento social, e as consequ\u00eancias de patologias funcionais, entre outros temas. S\u00e3o, de fato, desafios de sa\u00fade p\u00fablica, que envolvem fatores inovadores no momento de planejar estrat\u00e9gias de interven\u00e7\u00e3o em organiza\u00e7\u00f5es de sa\u00fade para os idosos.<!--more--><\/p>\n<p>A convidada principal ao semin\u00e1rio, <a href=\"https:\/\/www.linkedin.com\/in\/ACoAAAddTRABrXki0WgOCmsjMqtm2XBGC00t_x0\/\" target=\"_blank\" rel=\"noopener\">Laura Gitlin<\/a>, acad\u00eamica e Decana da Faculdade de Enfermagem e Profiss\u00f5es da Sa\u00fade da <a href=\"http:\/\/drexel.edu\/\">Universidade de Drexel<\/a>\u00a0nos Estados Unidos, enfatizou que \u201co Chile est\u00e1 vivendo mudan\u00e7as demogr\u00e1ficas muito r\u00e1pidas em mat\u00e9ria de envelhecimento e exige o planejamento de novas metodologias para seu sistema de sa\u00fade. Devemos trabalhar em oferecer um verdadeiro suporte e cuidado aos idosos para lhes fazer entender que s\u00e3o membros valorosos em nossa comunidade\u201d.<\/p>\n<p>Neste sentido, ressalta que \u00e9 importante ajudar \u00e0s fam\u00edlias no cuidado e melhoria de sua qualidade de vida, entendendo o problema de uma <a href=\"https:\/\/prezi.com\/yhy3edoyzdp-\/modelos-de-intervencion-ecologico-y-cognitivo-del-trabajo-s\/\">vis\u00e3o ecol\u00f3gica<\/a>. Deste modo, prop\u00f4s uma transforma\u00e7\u00e3o da aten\u00e7\u00e3o m\u00e9dica, onde destacou que a sa\u00fade deve ser entendida al\u00e9m das limita\u00e7\u00f5es ou a enfermidade, devendo somar a participa\u00e7\u00e3o, conectividade social, compromisso e definir um prop\u00f3sito que traga sentido aos cuidados dos pacientes idosos<\/p>\n<p>\u201cO sistema de sa\u00fade deve ser capaz de reconhecer que tratamentos s\u00e3o adequados para intervir de maneira integral e n\u00e3o s\u00f3 medicar, j\u00e1 que existem consequ\u00eancias funcionais das doen\u00e7as que sofrem e que os limitam de sua autonomia diariamente\u201d, acrescentou Gitlin.<\/p>\n<p><strong>Iniciativas destacadas<\/strong><\/p>\n<p>Por um lado, o Projeto do <a href=\"http:\/\/www.conicyt.cl\/fonis\/\">Fundo Nacional de Investiga\u00e7\u00e3o e Desenvolvimento em Sa\u00fade<\/a> (FONIS) chamado \u201cPercep\u00e7\u00e3o usu\u00e1ria de benef\u00edcios em sa\u00fade do componente de estimula\u00e7\u00e3o funcional do Programa Mais Idosos Autovalentes do Servi\u00e7o de Sa\u00fade Metropolitano Norte\u201d, \u00e9 uma iniciativa de profissionais da Universidade do Chile que busca melhorar o servi\u00e7o de Sa\u00fade para idosos.<\/p>\n<p>O diretor da iniciativa e acad\u00eamico da Faculdade de Medicina da Universidade do Chile, <a href=\"https:\/\/www.linkedin.com\/in\/jean-gajardo-jauregui-84a50034\/\">Jean Gajardo Jauregui<\/a>, comentou que \u201cincorporar arestas sociais e afetivas dentro da qualidade de vida dos idosos, tem um maior benef\u00edcio que s\u00f3 avaliar os impactos f\u00edsicos e cognitivos. A evid\u00eancia cient\u00edfica demonstrou que a capacidade funcional e a autonomia durante a velhice n\u00e3o s\u00f3 est\u00e3o associadas \u00e0s medi\u00e7\u00f5es biol\u00f3gicas usadas comuns, pois tamb\u00e9m \u00e9 importante considerar a vincula\u00e7\u00e3o ou o sentido de vida\u201d.<\/p>\n<p>O Programa de Atividades Adaptadas (TAP) da Universidade do Chile, \u00e9 uma interven\u00e7\u00e3o de terapia ocupacional domiciliar que demonstrou reduzir os sintomas do comportamento e a carga das pessoas cuidadoras.<\/p>\n<p>Por outro lado, o Departamento de Sa\u00fade Mental do Minist\u00e9rio de Sa\u00fade do Chile, busca incorporar o <a href=\"http:\/\/www.minsal.cl\/wp-content\/uploads\/2017\/11\/PLAN-DE-DEMENCIA.pdf\">Plano Nacional de Dem\u00eancia<\/a> que come\u00e7ou a ser executado em 2017, com a ideia de construir um v\u00ednculo para o paciente e seu ambiente pr\u00f3ximo da aten\u00e7\u00e3o prim\u00e1ria.<\/p>\n<p>\u201cSomos um pa\u00eds envelhecido, onde aproximadamente habitam 200 mil pessoas com dem\u00eancia, somando pr\u00f3ximo de um milh\u00e3o entre cuidadores e fam\u00edlia que convivem com esta realidade\u201d, comentou Mar\u00eda Teresa Abusleme do Minist\u00e9rio de Sa\u00fade. Atualmente, o plano atende a quatro mil pessoas por meio de centros de apoio comunit\u00e1rio em sete comunas desde Coquimbo at\u00e9 Temuco, onde os pacientes assistem de duas a tr\u00eas vezes por semana para ser intervindos de maneira integral.<\/p>\n<p>O Programa de Cuidado de Pessoas com Dem\u00eancia em seus Ambientes (MONOPOLIZE), desenvolvido na <a href=\"https:\/\/www.jhu.edu\/\" target=\"_blank\" rel=\"noopener\">Universidade Johns Hopkins<\/a>dos Estados Unidos, busca apoiar e capacitar a pacientes e cuidadores para que dirijam de forma independente as dificuldades cotidianas diante desta doen\u00e7a que sofrem os idosos.<\/p>\n<p>Para os interessados em temas relacionados com organiza\u00e7\u00f5es de sa\u00fade, o <a href=\"https:\/\/www.funiber.org\/maestria-en-direccion-estrategica-de-organizaciones-de-salud\">Mestrado em Dire\u00e7\u00e3o Estrat\u00e9gica de Organiza\u00e7\u00f5es de Sa\u00fade<\/a> patrocinada pela <a href=\"http:\/\/www.funiber.org.br\/\" target=\"_blank\" rel=\"noopener\">FUNIBER<\/a> oferece uma prepara\u00e7\u00e3o integral que permite aos profissionais a tomada de decis\u00f5es acertadas na dire\u00e7\u00e3o, administra\u00e7\u00e3o, avalia\u00e7\u00e3o e planejamento dos processos necess\u00e1rios para o cumprimento dos objetivos institucionais.<\/p>\n<p>Fonte:\u00a0<a href=\"http:\/\/www.uchile.cl\/noticias\/142601\/academicos-proponen-intervenciones-integrales-para-una-vejez-saludable\" target=\"_blank\" rel=\"noopener\">Acad\u00e9micos proponen intervenciones integrales para promover una vejez saludable<\/a><\/p>\n<p>Foto: Todos os direitos reservados<\/p>\n","protected":false},"excerpt":{"rendered":"<p>Estrat\u00e9gias psicossociais, Mudan\u00e7a de comportamento, valoriza\u00e7\u00e3o da vida e interven\u00e7\u00f5es ecol\u00f3gicas como mediadores de bem-estar nas organiza\u00e7\u00f5es de sa\u00fade para os idosos, foram alguns dos temas desenvolvidos no Semin\u00e1rio Internacional \u201cAbordagens inovadoras na promo\u00e7\u00e3o de sa\u00fade na velhice\u201d realizado no Chile No \u00faltimo dia 12 de abril na Casa Central da Universidade de Chile, acad\u00eamicos, [&hellip;]<\/p>\n","protected":false},"author":10,"featured_media":15893,"comment_status":"closed","ping_status":"closed","sticky":false,"template":"","format":"standard","meta":{"jetpack_post_was_ever_published":false,"_jetpack_newsletter_access":"","_jetpack_newsletter_tier_id":0,"footnotes":"","jetpack_publicize_message":"","jetpack_is_tweetstorm":false,"jetpack_publicize_feature_enabled":true,"jetpack_social_post_already_shared":true,"jetpack_social_options":{"image_generator_settings":{"template":"highway","enabled":false}}},"categories":[1],"tags":[228,855,285,408,100,119,248,911,739,267,671,641,255,113,217],"jetpack_publicize_connections":[],"yoast_head":"<!-- This site is optimized with the Yoast SEO plugin v21.7 - https:\/\/yoast.com\/wordpress\/plugins\/seo\/ -->\n<title>Aspectos integrais para um envelhecimento saud\u00e1vel<\/title>\n<meta name=\"description\" content=\"Estrat\u00e9gias psicossociais, Mudan\u00e7a de comportamento, valoriza\u00e7\u00e3o da vida e interven\u00e7\u00f5es ecol\u00f3gicas como mediadores de bem-estar nas organiza\u00e7\u00f5es de sa\u00fade para os idosos, foram alguns dos temas desenvolvidos no Semin\u00e1rio Internacional \u201cAbordagens inovadoras na promo\u00e7\u00e3o de sa\u00fade na velhice\u201d realizado no Chile\" \/>\n<meta name=\"robots\" content=\"index, follow, max-snippet:-1, max-image-preview:large, max-video-preview:-1\" \/>\n<link rel=\"canonical\" href=\"https:\/\/blogs.funiber.org\/pt\/gerontologia\/2018\/05\/03\/funiber-envelhecimento-saudavel\" \/>\n<meta property=\"og:locale\" content=\"pt_BR\" \/>\n<meta property=\"og:type\" content=\"article\" \/>\n<meta property=\"og:title\" content=\"Aspectos integrais para um envelhecimento saud\u00e1vel\" \/>\n<meta property=\"og:description\" content=\"Estrat\u00e9gias psicossociais, Mudan\u00e7a de comportamento, valoriza\u00e7\u00e3o da vida e interven\u00e7\u00f5es ecol\u00f3gicas como mediadores de bem-estar nas organiza\u00e7\u00f5es de sa\u00fade para os idosos, foram alguns dos temas desenvolvidos no Semin\u00e1rio Internacional \u201cAbordagens inovadoras na promo\u00e7\u00e3o de sa\u00fade na velhice\u201d realizado no Chile\" \/>\n<meta property=\"og:url\" content=\"https:\/\/blogs.funiber.org\/pt\/gerontologia\/2018\/05\/03\/funiber-envelhecimento-saudavel\" \/>\n<meta property=\"og:site_name\" content=\"FuniBlogs - FUNIBER\" \/>\n<meta property=\"article:publisher\" content=\"https:\/\/www.facebook.com\/funiber\" \/>\n<meta property=\"article:published_time\" content=\"2018-05-03T14:18:44+00:00\" \/>\n<meta property=\"og:image\" content=\"https:\/\/blogs.funiber.org\/pt\/wp-content\/uploads\/2018\/05\/funiber-integral-idosos.jpg\" \/>\n\t<meta property=\"og:image:width\" content=\"768\" \/>\n\t<meta property=\"og:image:height\" content=\"576\" \/>\n\t<meta property=\"og:image:type\" content=\"image\/jpeg\" \/>\n<meta name=\"author\" content=\"Michelle\" \/>\n<meta name=\"twitter:card\" content=\"summary_large_image\" \/>\n<meta name=\"twitter:creator\" content=\"@FUNIBER\" \/>\n<meta name=\"twitter:site\" content=\"@FUNIBER\" \/>\n<meta name=\"twitter:label1\" content=\"Escrito por\" \/>\n\t<meta name=\"twitter:data1\" content=\"Michelle\" \/>\n\t<meta name=\"twitter:label2\" content=\"Est. tempo de leitura\" \/>\n\t<meta name=\"twitter:data2\" content=\"4 minutos\" \/>\n<script type=\"application\/ld+json\" class=\"yoast-schema-graph\">{\"@context\":\"https:\/\/schema.org\",\"@graph\":[{\"@type\":\"Article\",\"@id\":\"https:\/\/blogs.funiber.org\/pt\/gerontologia\/2018\/05\/03\/funiber-envelhecimento-saudavel#article\",\"isPartOf\":{\"@id\":\"https:\/\/blogs.funiber.org\/pt\/gerontologia\/2018\/05\/03\/funiber-envelhecimento-saudavel\"},\"author\":{\"name\":\"Michelle\",\"@id\":\"https:\/\/blogs.funiber.org\/pt\/#\/schema\/person\/a1eaaa5e57eac866a8c5946946bcf80d\"},\"headline\":\"Aspectos integrais para um envelhecimento saud\u00e1vel\",\"datePublished\":\"2018-05-03T14:18:44+00:00\",\"dateModified\":\"2018-05-03T14:18:44+00:00\",\"mainEntityOfPage\":{\"@id\":\"https:\/\/blogs.funiber.org\/pt\/gerontologia\/2018\/05\/03\/funiber-envelhecimento-saudavel\"},\"wordCount\":787,\"publisher\":{\"@id\":\"https:\/\/blogs.funiber.org\/pt\/#organization\"},\"keywords\":[\"Cuidados\",\"Doutorado\",\"Educa\u00e7\u00e3o\",\"Educa\u00e7\u00e3o a Dist\u00e2ncia\",\"Envelhecimento\",\"Estudos\",\"Funiber\",\"FUNIBER Opini\u00f5es\",\"gerontologia\",\"Idosos\",\"mestrado\",\"Opini\u00e3o FUNIBER\",\"Opini\u00f5es Funiber\",\"Sa\u00fade\",\"Terceira idade\"],\"articleSection\":[\"Gerontologia\"],\"inLanguage\":\"pt-BR\"},{\"@type\":\"WebPage\",\"@id\":\"https:\/\/blogs.funiber.org\/pt\/gerontologia\/2018\/05\/03\/funiber-envelhecimento-saudavel\",\"url\":\"https:\/\/blogs.funiber.org\/pt\/gerontologia\/2018\/05\/03\/funiber-envelhecimento-saudavel\",\"name\":\"Aspectos integrais para um envelhecimento saud\u00e1vel\",\"isPartOf\":{\"@id\":\"https:\/\/blogs.funiber.org\/pt\/#website\"},\"datePublished\":\"2018-05-03T14:18:44+00:00\",\"dateModified\":\"2018-05-03T14:18:44+00:00\",\"description\":\"Estrat\u00e9gias psicossociais, Mudan\u00e7a de comportamento, valoriza\u00e7\u00e3o da vida e interven\u00e7\u00f5es ecol\u00f3gicas como mediadores de bem-estar nas organiza\u00e7\u00f5es de sa\u00fade para os idosos, foram alguns dos temas desenvolvidos no Semin\u00e1rio Internacional \u201cAbordagens inovadoras na promo\u00e7\u00e3o de sa\u00fade na velhice\u201d realizado no Chile\",\"breadcrumb\":{\"@id\":\"https:\/\/blogs.funiber.org\/pt\/gerontologia\/2018\/05\/03\/funiber-envelhecimento-saudavel#breadcrumb\"},\"inLanguage\":\"pt-BR\",\"potentialAction\":[{\"@type\":\"ReadAction\",\"target\":[\"https:\/\/blogs.funiber.org\/pt\/gerontologia\/2018\/05\/03\/funiber-envelhecimento-saudavel\"]}]},{\"@type\":\"BreadcrumbList\",\"@id\":\"https:\/\/blogs.funiber.org\/pt\/gerontologia\/2018\/05\/03\/funiber-envelhecimento-saudavel#breadcrumb\",\"itemListElement\":[{\"@type\":\"ListItem\",\"position\":1,\"name\":\"In\u00edcio\",\"item\":\"https:\/\/blogs.funiber.org\/pt\"},{\"@type\":\"ListItem\",\"position\":2,\"name\":\"Aspectos integrais para um envelhecimento saud\u00e1vel\"}]},{\"@type\":\"WebSite\",\"@id\":\"https:\/\/blogs.funiber.org\/pt\/#website\",\"url\":\"https:\/\/blogs.funiber.org\/pt\/\",\"name\":\"FuniBlogs - FUNIBER\",\"description\":\"\",\"publisher\":{\"@id\":\"https:\/\/blogs.funiber.org\/pt\/#organization\"},\"potentialAction\":[{\"@type\":\"SearchAction\",\"target\":{\"@type\":\"EntryPoint\",\"urlTemplate\":\"https:\/\/blogs.funiber.org\/pt\/?s={search_term_string}\"},\"query-input\":\"required name=search_term_string\"}],\"inLanguage\":\"pt-BR\"},{\"@type\":\"Organization\",\"@id\":\"https:\/\/blogs.funiber.org\/pt\/#organization\",\"name\":\"FuniBlogs - FUNIBER\",\"url\":\"https:\/\/blogs.funiber.org\/pt\/\",\"logo\":{\"@type\":\"ImageObject\",\"inLanguage\":\"pt-BR\",\"@id\":\"https:\/\/blogs.funiber.org\/pt\/#\/schema\/logo\/image\/\",\"url\":\"https:\/\/www.funiber.blog\/pt\/wp-content\/uploads\/2022\/02\/logo-funiber-pt-br-v-dos.svg\",\"contentUrl\":\"https:\/\/www.funiber.blog\/pt\/wp-content\/uploads\/2022\/02\/logo-funiber-pt-br-v-dos.svg\",\"width\":1,\"height\":1,\"caption\":\"FuniBlogs - FUNIBER\"},\"image\":{\"@id\":\"https:\/\/blogs.funiber.org\/pt\/#\/schema\/logo\/image\/\"},\"sameAs\":[\"https:\/\/www.facebook.com\/funiber\",\"https:\/\/twitter.com\/FUNIBER\",\"https:\/\/www.instagram.com\/funiber_becas\",\"https:\/\/www.youtube.com\/user\/funiber\",\"https:\/\/www.linkedin.com\/company\/funiber\"]},{\"@type\":\"Person\",\"@id\":\"https:\/\/blogs.funiber.org\/pt\/#\/schema\/person\/a1eaaa5e57eac866a8c5946946bcf80d\",\"name\":\"Michelle\",\"image\":{\"@type\":\"ImageObject\",\"inLanguage\":\"pt-BR\",\"@id\":\"https:\/\/blogs.funiber.org\/pt\/#\/schema\/person\/image\/\",\"url\":\"https:\/\/secure.gravatar.com\/avatar\/5e87041f7609dc50493cf216754fece1?s=96&d=mm&r=g\",\"contentUrl\":\"https:\/\/secure.gravatar.com\/avatar\/5e87041f7609dc50493cf216754fece1?s=96&d=mm&r=g\",\"caption\":\"Michelle\"},\"url\":\"https:\/\/www.funiber.blog\/pt\/author\/michelle-moreira\"}]}<\/script>\n<!-- \/ Yoast SEO plugin. -->","yoast_head_json":{"title":"Aspectos integrais para um envelhecimento saud\u00e1vel","description":"Estrat\u00e9gias psicossociais, Mudan\u00e7a de comportamento, valoriza\u00e7\u00e3o da vida e interven\u00e7\u00f5es ecol\u00f3gicas como mediadores de bem-estar nas organiza\u00e7\u00f5es de sa\u00fade para os idosos, foram alguns dos temas desenvolvidos no Semin\u00e1rio Internacional \u201cAbordagens inovadoras na promo\u00e7\u00e3o de sa\u00fade na velhice\u201d realizado no Chile","robots":{"index":"index","follow":"follow","max-snippet":"max-snippet:-1","max-image-preview":"max-image-preview:large","max-video-preview":"max-video-preview:-1"},"canonical":"https:\/\/blogs.funiber.org\/pt\/gerontologia\/2018\/05\/03\/funiber-envelhecimento-saudavel","og_locale":"pt_BR","og_type":"article","og_title":"Aspectos integrais para um envelhecimento saud\u00e1vel","og_description":"Estrat\u00e9gias psicossociais, Mudan\u00e7a de comportamento, valoriza\u00e7\u00e3o da vida e interven\u00e7\u00f5es ecol\u00f3gicas como mediadores de bem-estar nas organiza\u00e7\u00f5es de sa\u00fade para os idosos, foram alguns dos temas desenvolvidos no Semin\u00e1rio Internacional \u201cAbordagens inovadoras na promo\u00e7\u00e3o de sa\u00fade na velhice\u201d realizado no Chile","og_url":"https:\/\/blogs.funiber.org\/pt\/gerontologia\/2018\/05\/03\/funiber-envelhecimento-saudavel","og_site_name":"FuniBlogs - FUNIBER","article_publisher":"https:\/\/www.facebook.com\/funiber","article_published_time":"2018-05-03T14:18:44+00:00","og_image":[{"width":768,"height":576,"url":"https:\/\/blogs.funiber.org\/pt\/wp-content\/uploads\/2018\/05\/funiber-integral-idosos.jpg","type":"image\/jpeg"}],"author":"Michelle","twitter_card":"summary_large_image","twitter_creator":"@FUNIBER","twitter_site":"@FUNIBER","twitter_misc":{"Escrito por":"Michelle","Est. tempo de leitura":"4 minutos"},"schema":{"@context":"https:\/\/schema.org","@graph":[{"@type":"Article","@id":"https:\/\/blogs.funiber.org\/pt\/gerontologia\/2018\/05\/03\/funiber-envelhecimento-saudavel#article","isPartOf":{"@id":"https:\/\/blogs.funiber.org\/pt\/gerontologia\/2018\/05\/03\/funiber-envelhecimento-saudavel"},"author":{"name":"Michelle","@id":"https:\/\/blogs.funiber.org\/pt\/#\/schema\/person\/a1eaaa5e57eac866a8c5946946bcf80d"},"headline":"Aspectos integrais para um envelhecimento saud\u00e1vel","datePublished":"2018-05-03T14:18:44+00:00","dateModified":"2018-05-03T14:18:44+00:00","mainEntityOfPage":{"@id":"https:\/\/blogs.funiber.org\/pt\/gerontologia\/2018\/05\/03\/funiber-envelhecimento-saudavel"},"wordCount":787,"publisher":{"@id":"https:\/\/blogs.funiber.org\/pt\/#organization"},"keywords":["Cuidados","Doutorado","Educa\u00e7\u00e3o","Educa\u00e7\u00e3o a Dist\u00e2ncia","Envelhecimento","Estudos","Funiber","FUNIBER Opini\u00f5es","gerontologia","Idosos","mestrado","Opini\u00e3o FUNIBER","Opini\u00f5es Funiber","Sa\u00fade","Terceira idade"],"articleSection":["Gerontologia"],"inLanguage":"pt-BR"},{"@type":"WebPage","@id":"https:\/\/blogs.funiber.org\/pt\/gerontologia\/2018\/05\/03\/funiber-envelhecimento-saudavel","url":"https:\/\/blogs.funiber.org\/pt\/gerontologia\/2018\/05\/03\/funiber-envelhecimento-saudavel","name":"Aspectos integrais para um envelhecimento saud\u00e1vel","isPartOf":{"@id":"https:\/\/blogs.funiber.org\/pt\/#website"},"datePublished":"2018-05-03T14:18:44+00:00","dateModified":"2018-05-03T14:18:44+00:00","description":"Estrat\u00e9gias psicossociais, Mudan\u00e7a de comportamento, valoriza\u00e7\u00e3o da vida e interven\u00e7\u00f5es ecol\u00f3gicas como mediadores de bem-estar nas organiza\u00e7\u00f5es de sa\u00fade para os idosos, foram alguns dos temas desenvolvidos no Semin\u00e1rio Internacional \u201cAbordagens inovadoras na promo\u00e7\u00e3o de sa\u00fade na velhice\u201d realizado no Chile","breadcrumb":{"@id":"https:\/\/blogs.funiber.org\/pt\/gerontologia\/2018\/05\/03\/funiber-envelhecimento-saudavel#breadcrumb"},"inLanguage":"pt-BR","potentialAction":[{"@type":"ReadAction","target":["https:\/\/blogs.funiber.org\/pt\/gerontologia\/2018\/05\/03\/funiber-envelhecimento-saudavel"]}]},{"@type":"BreadcrumbList","@id":"https:\/\/blogs.funiber.org\/pt\/gerontologia\/2018\/05\/03\/funiber-envelhecimento-saudavel#breadcrumb","itemListElement":[{"@type":"ListItem","position":1,"name":"In\u00edcio","item":"https:\/\/blogs.funiber.org\/pt"},{"@type":"ListItem","position":2,"name":"Aspectos integrais para um envelhecimento saud\u00e1vel"}]},{"@type":"WebSite","@id":"https:\/\/blogs.funiber.org\/pt\/#website","url":"https:\/\/blogs.funiber.org\/pt\/","name":"FuniBlogs - FUNIBER","description":"","publisher":{"@id":"https:\/\/blogs.funiber.org\/pt\/#organization"},"potentialAction":[{"@type":"SearchAction","target":{"@type":"EntryPoint","urlTemplate":"https:\/\/blogs.funiber.org\/pt\/?s={search_term_string}"},"query-input":"required name=search_term_string"}],"inLanguage":"pt-BR"},{"@type":"Organization","@id":"https:\/\/blogs.funiber.org\/pt\/#organization","name":"FuniBlogs - FUNIBER","url":"https:\/\/blogs.funiber.org\/pt\/","logo":{"@type":"ImageObject","inLanguage":"pt-BR","@id":"https:\/\/blogs.funiber.org\/pt\/#\/schema\/logo\/image\/","url":"https:\/\/www.funiber.blog\/pt\/wp-content\/uploads\/2022\/02\/logo-funiber-pt-br-v-dos.svg","contentUrl":"https:\/\/www.funiber.blog\/pt\/wp-content\/uploads\/2022\/02\/logo-funiber-pt-br-v-dos.svg","width":1,"height":1,"caption":"FuniBlogs - FUNIBER"},"image":{"@id":"https:\/\/blogs.funiber.org\/pt\/#\/schema\/logo\/image\/"},"sameAs":["https:\/\/www.facebook.com\/funiber","https:\/\/twitter.com\/FUNIBER","https:\/\/www.instagram.com\/funiber_becas","https:\/\/www.youtube.com\/user\/funiber","https:\/\/www.linkedin.com\/company\/funiber"]},{"@type":"Person","@id":"https:\/\/blogs.funiber.org\/pt\/#\/schema\/person\/a1eaaa5e57eac866a8c5946946bcf80d","name":"Michelle","image":{"@type":"ImageObject","inLanguage":"pt-BR","@id":"https:\/\/blogs.funiber.org\/pt\/#\/schema\/person\/image\/","url":"https:\/\/secure.gravatar.com\/avatar\/5e87041f7609dc50493cf216754fece1?s=96&d=mm&r=g","contentUrl":"https:\/\/secure.gravatar.com\/avatar\/5e87041f7609dc50493cf216754fece1?s=96&d=mm&r=g","caption":"Michelle"},"url":"https:\/\/www.funiber.blog\/pt\/author\/michelle-moreira"}]}},"jetpack_featured_media_url":"https:\/\/www.funiber.blog\/pt\/wp-content\/uploads\/2018\/05\/funiber-integral-idosos.jpg","jetpack_shortlink":"https:\/\/wp.me\/p7ee1t-48k","jetpack_sharing_enabled":true,"_links":{"self":[{"href":"https:\/\/www.funiber.blog\/pt\/wp-json\/wp\/v2\/posts\/15892"}],"collection":[{"href":"https:\/\/www.funiber.blog\/pt\/wp-json\/wp\/v2\/posts"}],"about":[{"href":"https:\/\/www.funiber.blog\/pt\/wp-json\/wp\/v2\/types\/post"}],"author":[{"embeddable":true,"href":"https:\/\/www.funiber.blog\/pt\/wp-json\/wp\/v2\/users\/10"}],"replies":[{"embeddable":true,"href":"https:\/\/www.funiber.blog\/pt\/wp-json\/wp\/v2\/comments?post=15892"}],"version-history":[{"count":1,"href":"https:\/\/www.funiber.blog\/pt\/wp-json\/wp\/v2\/posts\/15892\/revisions"}],"predecessor-version":[{"id":15894,"href":"https:\/\/www.funiber.blog\/pt\/wp-json\/wp\/v2\/posts\/15892\/revisions\/15894"}],"wp:featuredmedia":[{"embeddable":true,"href":"https:\/\/www.funiber.blog\/pt\/wp-json\/wp\/v2\/media\/15893"}],"wp:attachment":[{"href":"https:\/\/www.funiber.blog\/pt\/wp-json\/wp\/v2\/media?parent=15892"}],"wp:term":[{"taxonomy":"category","embeddable":true,"href":"https:\/\/www.funiber.blog\/pt\/wp-json\/wp\/v2\/categories?post=15892"},{"taxonomy":"post_tag","embeddable":true,"href":"https:\/\/www.funiber.blog\/pt\/wp-json\/wp\/v2\/tags?post=15892"}],"curies":[{"name":"wp","href":"https:\/\/api.w.org\/{rel}","templated":true}]}}