{"id":15976,"date":"2018-05-13T13:58:22","date_gmt":"2018-05-13T13:58:22","guid":{"rendered":"https:\/\/blogs.funiber.org\/pt\/?p=15976"},"modified":"2018-05-11T14:08:36","modified_gmt":"2018-05-11T14:08:36","slug":"funiber-argentina-glifosato","status":"publish","type":"post","link":"https:\/\/www.funiber.blog\/pt\/meio-ambiente\/2018\/05\/13\/funiber-argentina-glifosato","title":{"rendered":"Argentina se mobiliza contra uso do glifosato"},"content":{"rendered":"<h2>Movimentos espalhados pelo pa\u00eds defendem a proibi\u00e7\u00e3o do uso do qu\u00edmico nas cidades, preocupados com os efeitos danosos para a sa\u00fade associados ao herbicida<\/h2>\n<p>Na Argentina, algumas cidades adotaram medidas para proibir o uso, a venda e a comercializa\u00e7\u00e3o do glifosato. O munic\u00edpio Gualeguaych\u00fa, o mais recente em aprovar uma normativa proibitiva, levou cinco meses debatendo sobre os efeitos do qu\u00edmico para a sa\u00fade da popula\u00e7\u00e3o local com representantes de diversas institui\u00e7\u00f5es.<!--more--><\/p>\n<p>No final de abril, aprovaram por 9 votos a favor e 3 em contra o uso e a manipula\u00e7\u00e3o do qu\u00edmico no tecido urbano. A decis\u00e3o foi tomada a partir de casos de moradores que narraram problemas derivados do uso do herbicida aliados a estudos publicados que mostraram riscos do glifosato para o desenvolvimento de problemas end\u00f3crinos, danos celulares e gen\u00e9ticos.<\/p>\n<p>Gualeguaych\u00fa est\u00e1 localizado na regi\u00e3o de Entre R\u00edos, que produziu na \u00faltima colheita mais de 3 milh\u00f5es de toneladas de soja, segundo um relat\u00f3rio da <a href=\"http:\/\/www.bolsacer.org.ar\/Fuentes\/index.php\" target=\"_blank\" rel=\"noopener\">Bolsa de Cereais<\/a> regional. Atualmente, aproximadamente 400 cidades argentinas analisam poss\u00edveis limita\u00e7\u00f5es para a aplica\u00e7\u00e3o do glifosato.<\/p>\n<p>As cidades que j\u00e1 proibiram foram Bariloche, em 2010, El Bols\u00f3n, Cholila, Lago Puelo e Epuy\u00e9n, em 2015, General Alvear e Rosario, em 2017 e neste ano, Rinc\u00f3n, Concordia e Paran\u00e1.<\/p>\n<p>De acordo com a ativista ambiental da<a href=\"http:\/\/bios.org.ar\/\" target=\"_blank\" rel=\"noopener\"> organiza\u00e7\u00e3o Bios<\/a>, Silvana Buj\u00e1n, para o jornal <a href=\"https:\/\/www.elespectador.com\/noticias\/medio-ambiente\/doce-ciudades-en-argentina-ya-prohiben-el-glifosato-articulo-752576\" target=\"_blank\" rel=\"noopener\">El Espectador,<\/a> h\u00e1 ainda muitos produtos que est\u00e3o no mercado, ou est\u00e3o \u00e0 espera de aprova\u00e7\u00e3o de uso, que s\u00e3o t\u00e3o mal\u00e9ficas como o glifosato.<\/p>\n<p>Os profissionais na \u00e1rea ambiental podem especializar-se com o <a href=\"https:\/\/www.funiber.org.br\/mestrado-em-engenharia-e-tecnologia-ambiental\">Mestrado em Engenharia e Tecnologia Ambiental<\/a>, patrocinado pela <a href=\"http:\/\/www.funiber.org.br\/\" target=\"_blank\" rel=\"noopener\">FUNIBER<\/a>.<\/p>\n<p>Fonte:\u00a0\u00a0<a href=\"https:\/\/www.elespectador.com\/noticias\/medio-ambiente\/doce-ciudades-en-argentina-ya-prohiben-el-glifosato-articulo-752576\" target=\"_blank\" rel=\"noopener\"><span style=\"color: #000000;\">Doce ciudades en Argentina ya proh\u00edben el glifosato<\/span><\/a><\/p>\n<p>Foto: Todos os direitos reservados<\/p>\n<p>&nbsp;<\/p>\n","protected":false},"excerpt":{"rendered":"<p>Movimentos espalhados pelo pa\u00eds defendem a proibi\u00e7\u00e3o do uso do qu\u00edmico nas cidades, preocupados com os efeitos danosos para a sa\u00fade associados ao herbicida Na Argentina, algumas cidades adotaram medidas para proibir o uso, a venda e a comercializa\u00e7\u00e3o do glifosato. O munic\u00edpio Gualeguaych\u00fa, o mais recente em aprovar uma normativa proibitiva, levou cinco meses [&hellip;]<\/p>\n","protected":false},"author":10,"featured_media":15977,"comment_status":"closed","ping_status":"closed","sticky":false,"template":"","format":"standard","meta":{"jetpack_post_was_ever_published":false,"_jetpack_newsletter_access":"","_jetpack_newsletter_tier_id":0,"footnotes":"","jetpack_publicize_message":"","jetpack_is_tweetstorm":false,"jetpack_publicize_feature_enabled":true,"jetpack_social_post_already_shared":true,"jetpack_social_options":{"image_generator_settings":{"template":"highway","enabled":false}}},"categories":[2],"tags":[1242,410,855,285,408,119,248,911,3122,3124,835,671,641,255,3819,113],"jetpack_publicize_connections":[],"yoast_head":"<!-- This site is optimized with the Yoast SEO plugin v21.7 - https:\/\/yoast.com\/wordpress\/plugins\/seo\/ -->\n<title>Argentina se mobiliza contra uso do glifosato<\/title>\n<meta name=\"description\" content=\"Movimentos espalhados pelo pa\u00eds defendem a proibi\u00e7\u00e3o do uso do qu\u00edmico nas cidades, preocupados com os efeitos danosos para a sa\u00fade associados ao herbicida\" \/>\n<meta name=\"robots\" content=\"noindex, nofollow\" \/>\n<meta property=\"og:locale\" content=\"pt_BR\" \/>\n<meta property=\"og:type\" content=\"article\" \/>\n<meta property=\"og:title\" content=\"Argentina se mobiliza contra uso do glifosato\" \/>\n<meta property=\"og:description\" content=\"Movimentos espalhados pelo pa\u00eds defendem a proibi\u00e7\u00e3o do uso do qu\u00edmico nas cidades, preocupados com os efeitos danosos para a sa\u00fade associados ao herbicida\" \/>\n<meta property=\"og:url\" content=\"https:\/\/blogs.funiber.org\/pt\/meio-ambiente\/2018\/05\/13\/funiber-argentina-glifosato\" \/>\n<meta property=\"og:site_name\" content=\"FuniBlogs - FUNIBER\" \/>\n<meta property=\"article:publisher\" content=\"https:\/\/www.facebook.com\/funiber\" \/>\n<meta property=\"article:published_time\" content=\"2018-05-13T13:58:22+00:00\" \/>\n<meta property=\"article:modified_time\" content=\"2018-05-11T14:08:36+00:00\" \/>\n<meta property=\"og:image\" content=\"https:\/\/blogs.funiber.org\/pt\/wp-content\/uploads\/2018\/05\/funiber-glifosato-argentina.jpg\" \/>\n\t<meta property=\"og:image:width\" content=\"800\" \/>\n\t<meta property=\"og:image:height\" content=\"533\" \/>\n\t<meta property=\"og:image:type\" content=\"image\/jpeg\" \/>\n<meta name=\"author\" content=\"Michelle\" \/>\n<meta name=\"twitter:card\" content=\"summary_large_image\" \/>\n<meta name=\"twitter:creator\" content=\"@FUNIBER\" \/>\n<meta name=\"twitter:site\" content=\"@FUNIBER\" \/>\n<meta name=\"twitter:label1\" content=\"Escrito por\" \/>\n\t<meta name=\"twitter:data1\" content=\"Michelle\" \/>\n\t<meta name=\"twitter:label2\" content=\"Est. tempo de leitura\" \/>\n\t<meta name=\"twitter:data2\" content=\"2 minutos\" \/>\n<script type=\"application\/ld+json\" class=\"yoast-schema-graph\">{\"@context\":\"https:\/\/schema.org\",\"@graph\":[{\"@type\":\"Article\",\"@id\":\"https:\/\/blogs.funiber.org\/pt\/meio-ambiente\/2018\/05\/13\/funiber-argentina-glifosato#article\",\"isPartOf\":{\"@id\":\"https:\/\/blogs.funiber.org\/pt\/meio-ambiente\/2018\/05\/13\/funiber-argentina-glifosato\"},\"author\":{\"name\":\"Michelle\",\"@id\":\"https:\/\/blogs.funiber.org\/pt\/#\/schema\/person\/a1eaaa5e57eac866a8c5946946bcf80d\"},\"headline\":\"Argentina se mobiliza contra uso do glifosato\",\"datePublished\":\"2018-05-13T13:58:22+00:00\",\"dateModified\":\"2018-05-11T14:08:36+00:00\",\"mainEntityOfPage\":{\"@id\":\"https:\/\/blogs.funiber.org\/pt\/meio-ambiente\/2018\/05\/13\/funiber-argentina-glifosato\"},\"wordCount\":311,\"publisher\":{\"@id\":\"https:\/\/blogs.funiber.org\/pt\/#organization\"},\"keywords\":[\"Bolsas\",\"Contamina\u00e7\u00e3o\",\"Doutorado\",\"Educa\u00e7\u00e3o\",\"Educa\u00e7\u00e3o a Dist\u00e2ncia\",\"Estudos\",\"Funiber\",\"FUNIBER Opini\u00f5es\",\"glifosato\",\"herbicida\",\"Meio Ambiente\",\"mestrado\",\"Opini\u00e3o FUNIBER\",\"Opini\u00f5es Funiber\",\"qu\u00edmico\",\"Sa\u00fade\"],\"articleSection\":[\"Meio Ambiente\"],\"inLanguage\":\"pt-BR\"},{\"@type\":\"WebPage\",\"@id\":\"https:\/\/blogs.funiber.org\/pt\/meio-ambiente\/2018\/05\/13\/funiber-argentina-glifosato\",\"url\":\"https:\/\/blogs.funiber.org\/pt\/meio-ambiente\/2018\/05\/13\/funiber-argentina-glifosato\",\"name\":\"Argentina se mobiliza contra uso do glifosato\",\"isPartOf\":{\"@id\":\"https:\/\/blogs.funiber.org\/pt\/#website\"},\"datePublished\":\"2018-05-13T13:58:22+00:00\",\"dateModified\":\"2018-05-11T14:08:36+00:00\",\"description\":\"Movimentos espalhados pelo pa\u00eds defendem a proibi\u00e7\u00e3o do uso do qu\u00edmico nas cidades, preocupados com os efeitos danosos para a sa\u00fade associados ao herbicida\",\"breadcrumb\":{\"@id\":\"https:\/\/blogs.funiber.org\/pt\/meio-ambiente\/2018\/05\/13\/funiber-argentina-glifosato#breadcrumb\"},\"inLanguage\":\"pt-BR\",\"potentialAction\":[{\"@type\":\"ReadAction\",\"target\":[\"https:\/\/blogs.funiber.org\/pt\/meio-ambiente\/2018\/05\/13\/funiber-argentina-glifosato\"]}]},{\"@type\":\"BreadcrumbList\",\"@id\":\"https:\/\/blogs.funiber.org\/pt\/meio-ambiente\/2018\/05\/13\/funiber-argentina-glifosato#breadcrumb\",\"itemListElement\":[{\"@type\":\"ListItem\",\"position\":1,\"name\":\"In\u00edcio\",\"item\":\"https:\/\/blogs.funiber.org\/pt\"},{\"@type\":\"ListItem\",\"position\":2,\"name\":\"Argentina se mobiliza contra uso do glifosato\"}]},{\"@type\":\"WebSite\",\"@id\":\"https:\/\/blogs.funiber.org\/pt\/#website\",\"url\":\"https:\/\/blogs.funiber.org\/pt\/\",\"name\":\"FuniBlogs - FUNIBER\",\"description\":\"\",\"publisher\":{\"@id\":\"https:\/\/blogs.funiber.org\/pt\/#organization\"},\"potentialAction\":[{\"@type\":\"SearchAction\",\"target\":{\"@type\":\"EntryPoint\",\"urlTemplate\":\"https:\/\/blogs.funiber.org\/pt\/?s={search_term_string}\"},\"query-input\":\"required name=search_term_string\"}],\"inLanguage\":\"pt-BR\"},{\"@type\":\"Organization\",\"@id\":\"https:\/\/blogs.funiber.org\/pt\/#organization\",\"name\":\"FuniBlogs - FUNIBER\",\"url\":\"https:\/\/blogs.funiber.org\/pt\/\",\"logo\":{\"@type\":\"ImageObject\",\"inLanguage\":\"pt-BR\",\"@id\":\"https:\/\/blogs.funiber.org\/pt\/#\/schema\/logo\/image\/\",\"url\":\"https:\/\/www.funiber.blog\/pt\/wp-content\/uploads\/2022\/02\/logo-funiber-pt-br-v-dos.svg\",\"contentUrl\":\"https:\/\/www.funiber.blog\/pt\/wp-content\/uploads\/2022\/02\/logo-funiber-pt-br-v-dos.svg\",\"width\":1,\"height\":1,\"caption\":\"FuniBlogs - FUNIBER\"},\"image\":{\"@id\":\"https:\/\/blogs.funiber.org\/pt\/#\/schema\/logo\/image\/\"},\"sameAs\":[\"https:\/\/www.facebook.com\/funiber\",\"https:\/\/twitter.com\/FUNIBER\",\"https:\/\/www.instagram.com\/funiber_becas\",\"https:\/\/www.youtube.com\/user\/funiber\",\"https:\/\/www.linkedin.com\/company\/funiber\"]},{\"@type\":\"Person\",\"@id\":\"https:\/\/blogs.funiber.org\/pt\/#\/schema\/person\/a1eaaa5e57eac866a8c5946946bcf80d\",\"name\":\"Michelle\",\"image\":{\"@type\":\"ImageObject\",\"inLanguage\":\"pt-BR\",\"@id\":\"https:\/\/blogs.funiber.org\/pt\/#\/schema\/person\/image\/\",\"url\":\"https:\/\/secure.gravatar.com\/avatar\/5e87041f7609dc50493cf216754fece1?s=96&d=mm&r=g\",\"contentUrl\":\"https:\/\/secure.gravatar.com\/avatar\/5e87041f7609dc50493cf216754fece1?s=96&d=mm&r=g\",\"caption\":\"Michelle\"},\"url\":\"https:\/\/www.funiber.blog\/pt\/author\/michelle-moreira\"}]}<\/script>\n<!-- \/ Yoast SEO plugin. -->","yoast_head_json":{"title":"Argentina se mobiliza contra uso do glifosato","description":"Movimentos espalhados pelo pa\u00eds defendem a proibi\u00e7\u00e3o do uso do qu\u00edmico nas cidades, preocupados com os efeitos danosos para a sa\u00fade associados ao herbicida","robots":{"index":"noindex","follow":"nofollow"},"og_locale":"pt_BR","og_type":"article","og_title":"Argentina se mobiliza contra uso do glifosato","og_description":"Movimentos espalhados pelo pa\u00eds defendem a proibi\u00e7\u00e3o do uso do qu\u00edmico nas cidades, preocupados com os efeitos danosos para a sa\u00fade associados ao herbicida","og_url":"https:\/\/blogs.funiber.org\/pt\/meio-ambiente\/2018\/05\/13\/funiber-argentina-glifosato","og_site_name":"FuniBlogs - FUNIBER","article_publisher":"https:\/\/www.facebook.com\/funiber","article_published_time":"2018-05-13T13:58:22+00:00","article_modified_time":"2018-05-11T14:08:36+00:00","og_image":[{"width":800,"height":533,"url":"https:\/\/blogs.funiber.org\/pt\/wp-content\/uploads\/2018\/05\/funiber-glifosato-argentina.jpg","type":"image\/jpeg"}],"author":"Michelle","twitter_card":"summary_large_image","twitter_creator":"@FUNIBER","twitter_site":"@FUNIBER","twitter_misc":{"Escrito por":"Michelle","Est. tempo de leitura":"2 minutos"},"schema":{"@context":"https:\/\/schema.org","@graph":[{"@type":"Article","@id":"https:\/\/blogs.funiber.org\/pt\/meio-ambiente\/2018\/05\/13\/funiber-argentina-glifosato#article","isPartOf":{"@id":"https:\/\/blogs.funiber.org\/pt\/meio-ambiente\/2018\/05\/13\/funiber-argentina-glifosato"},"author":{"name":"Michelle","@id":"https:\/\/blogs.funiber.org\/pt\/#\/schema\/person\/a1eaaa5e57eac866a8c5946946bcf80d"},"headline":"Argentina se mobiliza contra uso do glifosato","datePublished":"2018-05-13T13:58:22+00:00","dateModified":"2018-05-11T14:08:36+00:00","mainEntityOfPage":{"@id":"https:\/\/blogs.funiber.org\/pt\/meio-ambiente\/2018\/05\/13\/funiber-argentina-glifosato"},"wordCount":311,"publisher":{"@id":"https:\/\/blogs.funiber.org\/pt\/#organization"},"keywords":["Bolsas","Contamina\u00e7\u00e3o","Doutorado","Educa\u00e7\u00e3o","Educa\u00e7\u00e3o a Dist\u00e2ncia","Estudos","Funiber","FUNIBER Opini\u00f5es","glifosato","herbicida","Meio Ambiente","mestrado","Opini\u00e3o FUNIBER","Opini\u00f5es Funiber","qu\u00edmico","Sa\u00fade"],"articleSection":["Meio Ambiente"],"inLanguage":"pt-BR"},{"@type":"WebPage","@id":"https:\/\/blogs.funiber.org\/pt\/meio-ambiente\/2018\/05\/13\/funiber-argentina-glifosato","url":"https:\/\/blogs.funiber.org\/pt\/meio-ambiente\/2018\/05\/13\/funiber-argentina-glifosato","name":"Argentina se mobiliza contra uso do glifosato","isPartOf":{"@id":"https:\/\/blogs.funiber.org\/pt\/#website"},"datePublished":"2018-05-13T13:58:22+00:00","dateModified":"2018-05-11T14:08:36+00:00","description":"Movimentos espalhados pelo pa\u00eds defendem a proibi\u00e7\u00e3o do uso do qu\u00edmico nas cidades, preocupados com os efeitos danosos para a sa\u00fade associados ao herbicida","breadcrumb":{"@id":"https:\/\/blogs.funiber.org\/pt\/meio-ambiente\/2018\/05\/13\/funiber-argentina-glifosato#breadcrumb"},"inLanguage":"pt-BR","potentialAction":[{"@type":"ReadAction","target":["https:\/\/blogs.funiber.org\/pt\/meio-ambiente\/2018\/05\/13\/funiber-argentina-glifosato"]}]},{"@type":"BreadcrumbList","@id":"https:\/\/blogs.funiber.org\/pt\/meio-ambiente\/2018\/05\/13\/funiber-argentina-glifosato#breadcrumb","itemListElement":[{"@type":"ListItem","position":1,"name":"In\u00edcio","item":"https:\/\/blogs.funiber.org\/pt"},{"@type":"ListItem","position":2,"name":"Argentina se mobiliza contra uso do glifosato"}]},{"@type":"WebSite","@id":"https:\/\/blogs.funiber.org\/pt\/#website","url":"https:\/\/blogs.funiber.org\/pt\/","name":"FuniBlogs - FUNIBER","description":"","publisher":{"@id":"https:\/\/blogs.funiber.org\/pt\/#organization"},"potentialAction":[{"@type":"SearchAction","target":{"@type":"EntryPoint","urlTemplate":"https:\/\/blogs.funiber.org\/pt\/?s={search_term_string}"},"query-input":"required name=search_term_string"}],"inLanguage":"pt-BR"},{"@type":"Organization","@id":"https:\/\/blogs.funiber.org\/pt\/#organization","name":"FuniBlogs - FUNIBER","url":"https:\/\/blogs.funiber.org\/pt\/","logo":{"@type":"ImageObject","inLanguage":"pt-BR","@id":"https:\/\/blogs.funiber.org\/pt\/#\/schema\/logo\/image\/","url":"https:\/\/www.funiber.blog\/pt\/wp-content\/uploads\/2022\/02\/logo-funiber-pt-br-v-dos.svg","contentUrl":"https:\/\/www.funiber.blog\/pt\/wp-content\/uploads\/2022\/02\/logo-funiber-pt-br-v-dos.svg","width":1,"height":1,"caption":"FuniBlogs - FUNIBER"},"image":{"@id":"https:\/\/blogs.funiber.org\/pt\/#\/schema\/logo\/image\/"},"sameAs":["https:\/\/www.facebook.com\/funiber","https:\/\/twitter.com\/FUNIBER","https:\/\/www.instagram.com\/funiber_becas","https:\/\/www.youtube.com\/user\/funiber","https:\/\/www.linkedin.com\/company\/funiber"]},{"@type":"Person","@id":"https:\/\/blogs.funiber.org\/pt\/#\/schema\/person\/a1eaaa5e57eac866a8c5946946bcf80d","name":"Michelle","image":{"@type":"ImageObject","inLanguage":"pt-BR","@id":"https:\/\/blogs.funiber.org\/pt\/#\/schema\/person\/image\/","url":"https:\/\/secure.gravatar.com\/avatar\/5e87041f7609dc50493cf216754fece1?s=96&d=mm&r=g","contentUrl":"https:\/\/secure.gravatar.com\/avatar\/5e87041f7609dc50493cf216754fece1?s=96&d=mm&r=g","caption":"Michelle"},"url":"https:\/\/www.funiber.blog\/pt\/author\/michelle-moreira"}]}},"jetpack_featured_media_url":"https:\/\/www.funiber.blog\/pt\/wp-content\/uploads\/2018\/05\/funiber-glifosato-argentina.jpg","jetpack_shortlink":"https:\/\/wp.me\/p7ee1t-49G","jetpack_sharing_enabled":true,"_links":{"self":[{"href":"https:\/\/www.funiber.blog\/pt\/wp-json\/wp\/v2\/posts\/15976"}],"collection":[{"href":"https:\/\/www.funiber.blog\/pt\/wp-json\/wp\/v2\/posts"}],"about":[{"href":"https:\/\/www.funiber.blog\/pt\/wp-json\/wp\/v2\/types\/post"}],"author":[{"embeddable":true,"href":"https:\/\/www.funiber.blog\/pt\/wp-json\/wp\/v2\/users\/10"}],"replies":[{"embeddable":true,"href":"https:\/\/www.funiber.blog\/pt\/wp-json\/wp\/v2\/comments?post=15976"}],"version-history":[{"count":1,"href":"https:\/\/www.funiber.blog\/pt\/wp-json\/wp\/v2\/posts\/15976\/revisions"}],"predecessor-version":[{"id":15978,"href":"https:\/\/www.funiber.blog\/pt\/wp-json\/wp\/v2\/posts\/15976\/revisions\/15978"}],"wp:featuredmedia":[{"embeddable":true,"href":"https:\/\/www.funiber.blog\/pt\/wp-json\/wp\/v2\/media\/15977"}],"wp:attachment":[{"href":"https:\/\/www.funiber.blog\/pt\/wp-json\/wp\/v2\/media?parent=15976"}],"wp:term":[{"taxonomy":"category","embeddable":true,"href":"https:\/\/www.funiber.blog\/pt\/wp-json\/wp\/v2\/categories?post=15976"},{"taxonomy":"post_tag","embeddable":true,"href":"https:\/\/www.funiber.blog\/pt\/wp-json\/wp\/v2\/tags?post=15976"}],"curies":[{"name":"wp","href":"https:\/\/api.w.org\/{rel}","templated":true}]}}