{"id":16244,"date":"2018-06-15T12:32:19","date_gmt":"2018-06-15T12:32:19","guid":{"rendered":"https:\/\/blogs.funiber.org\/pt\/?p=16244"},"modified":"2018-06-15T12:32:19","modified_gmt":"2018-06-15T12:32:19","slug":"funiber-direitos-idosos","status":"publish","type":"post","link":"https:\/\/www.funiber.blog\/pt\/gerontologia\/2018\/06\/15\/funiber-direitos-idosos","title":{"rendered":"Os direitos dos idosos s\u00e3o respeitados?"},"content":{"rendered":"<h2>Segundo a <a href=\"http:\/\/www.who.int\/mediacentre\/factsheets\/fs357\/es\/\" target=\"_blank\" rel=\"noopener\">Organiza\u00e7\u00e3o Mundial da Sa\u00fade (OMS),<\/a> aproximadamente uma de cada 10 idosos sofreu maus entendimentos em seu ambiente familiar ou institucional. Dia Mundial de Conscientiza\u00e7\u00e3o da Viol\u00eancia contra a Pessoa Idosa, aproveitamos para promover um debate que de uma vez gere uma conscientiza\u00e7\u00e3o: quais s\u00e3o os direitos humanos mais vulnerados em torno dos adultos. Participe!<\/h2>\n<p>Professores e alunos do <a href=\"https:\/\/www.funiber.org\/maestria-en-gerontologia\">Mestrado em Gerontologia,<\/a> que a <a href=\"http:\/\/www.funiber.org\/\">FUNIBER<\/a> promove, se unem ao manifesto elaborado pelo Grupo de Trabalho de Psicologia do Envelhecimento do <a href=\"https:\/\/www.copc.cat\/\" target=\"_blank\" rel=\"noopener\">Col\u00e9gio de Psicologia da Catalunia \u2013 COPC<\/a>, no marco do\u00a0Dia Mundial de Conscientiza\u00e7\u00e3o da Viol\u00eancia contra a Pessoa Idosa, que se celebra hoje, dia 15 de junho.<!--more--><\/p>\n<p>\u201cAcreditamos que a melhor maneira de lutar contra esta problem\u00e1tica \u00e9 evidenciar que, por tr\u00e1s de atitudes e comportamentos socialmente aceitos, escondem-se a\u00e7\u00f5es abusivas para idosos e que a sociedade ignora, normaliza ou silencia\u201d, apontam os professores e alunos do <a href=\"http:\/\/www.funiber.org.br\/mestrado-em-gerontologia\" target=\"_blank\" rel=\"noopener\">Mestrado de Gerontologia<\/a>\u00a0que a <a href=\"http:\/\/www.funiber.org.br\/\" target=\"_blank\" rel=\"noopener\">FUNIBER<\/a> promove.<\/p>\n<p>Para a elabora\u00e7\u00e3o do manifesto deste ano, pediu-se a alguns idosos que o complementem com suas opini\u00f5es em rela\u00e7\u00e3o a alguns direitos que, consideram, deveriam ser os mesmos de pessoas de qualquer idade: os Direitos humanos.<\/p>\n<p><strong>MANIFESTO<\/strong><\/p>\n<p>Os idosos devem ter garantidos, entre outros, os seguintes direitos:<\/p>\n<ul>\n<li><strong>DIREITO DE PRESERVAR A IDENTIDADE PESSOAL E A DIGNIDADE<\/strong>: Direito \u00e0 liberdade, \u00e0 autonomia e para ter um tratamento digno e de acordo com a hist\u00f3ria de vida.<\/li>\n<\/ul>\n<p>Toda a minha vida cantei em um coral. \u00c9 o que me faz mais feliz, mas j\u00e1 n\u00e3o posso ir porque ningu\u00e9m quer me acompanhar \u2013 Rosa<\/p>\n<ul>\n<li><strong>DIREITO AO SEU EMPODERAMENTO:<\/strong> O ambiente do idosos deve promover a dignidade e a autoestima da mesma, evitando provocar sentimentos negativos e de inutilidade.<\/li>\n<\/ul>\n<p><em>Os idosos n\u00e3o s\u00e3o velhos. Temos experi\u00eancia, ajudamos, criamos aos netos\u2026 Merecemos respeito \u2013 Pilar<\/em><\/p>\n<ul>\n<li><strong>DIREITO PARA DECIDIR:\u00a0<\/strong>Que a decis\u00e3o seja respeitada, embora seja contr\u00e1ria ao que pensam as pessoas com as que convive e amam o idoso.<\/li>\n<\/ul>\n<p><em>Minha irm\u00e3 ficou bravo comigo porque diz que se n\u00e3o for a uma resid\u00eancia dou muito trabalho, mas eu quero viver em minha casa! \u2013 <\/em>Antonio<\/p>\n<ul>\n<li><strong>\u00a0DIREITO DE OPINAR:\u00a0<\/strong>A opini\u00e3o do idoso deve ter o mesmo peso que a dos outros membros de seu \u00e2mbito social, familiar ou comunit\u00e1rio.<\/li>\n<\/ul>\n<p><em>Incomoda-me que em casa ningu\u00e9m me consulte nada e me expliquem as decis\u00f5es quando j\u00e1 est\u00e3o tomadas. Sinto que minha opini\u00e3o j\u00e1 n\u00e3o vale para nada\u2013\u00a0<\/em>Crist\u00f3bal<\/p>\n<ul>\n<li><strong>DIREITO DE ESCOLHER LIVREMENTE:\u00a0<\/strong>O idoso tem direito a escolher tudo o que concerne \u00e0 sua pessoa, como por exemplo o que comer, beber ou fazer e a n\u00e3o ser for\u00e7ado a atuar de maneira contr\u00e1ria \u00e0 sua vontade.<\/li>\n<\/ul>\n<p><em>N\u00e3o entendo por que minha filha tem que decidir onde vivo, que roupa uso, o que como\u2026 N\u00e3o sou uma crian\u00e7a! &#8211; \u00a0<\/em>Lola<\/p>\n<ul>\n<li><em>\u00a0<\/em><strong>DIREITO DE APRENDER E ACESSAR \u00c0S NOVAS TECNOLOGIAS:\u00a0<\/strong>idade n\u00e3o deve supor uma limita\u00e7\u00e3o para a aprendizagem. A sociedade deve facilitar a forma\u00e7\u00e3o e o acesso dos idosos \u00e0s TIC.<\/li>\n<\/ul>\n<p><em>Fica muito por aprender. A curiosidade me mant\u00e9m vivo!\u00a0 Eu gostaria de me apontar a um curso de astronomia, mas meu genro diz que \u00e9 jogar dinheiro \u2013 Juan<\/em><\/p>\n<ul>\n<li><strong>DIREITO DE SE APAIXONAR e DE DESFRUTAR DE SUA SEXUALIDADE:\u00a0<\/strong>O idoso tem direito de amar sem se sentir julgado ou culpado pelo fato de amar. Tem direito a desfrutar de uma sexualidade livre, digna e positiva.<\/li>\n<\/ul>\n<p><em>Meus filhos n\u00e3o aceitaram minha rela\u00e7\u00e3o com a pessoa da qual me apaixonei. Arrependo-me de ter escutado eles.\u00a0 Eu sinto muita falta! \u2013 Pepe<\/em><\/p>\n<ul>\n<li><em>\u00a0<\/em><strong>DIREITO DE EXPRESSAR EMO\u00c7\u00d5ES E SENTIMENTOS<\/strong>: O idoso tem direito a que n\u00e3o se reprima ou ignore a express\u00e3o de seu estado an\u00edmico e emocional.<\/li>\n<\/ul>\n<p><em>Por que n\u00e3o me deixam chorar quando estou triste?\u00a0 Por que n\u00e3o consideram ao que eu sinto? \u2013\u00a0<\/em>Mar\u00eda<\/p>\n<ul>\n<li><em>\u00a0<\/em><strong>DIREITO DE TER O CONTROLE E A ADMINISTRAR SEU PATRIM\u00d4NIO:<\/strong>\u00a0Os idosos devem ter controle sobre seus pertences e decidir como querem administr\u00e1-los. Esta decis\u00e3o deve ser respeitada em todo momento, embora n\u00e3o se esteja de acordo com ela. O patrim\u00f4nio acumulado \u00e9 fruto do trabalho de toda uma vida e somente o idoso deve decidir sobre o mesmo sem delegar em ningu\u00e9m, e sem ser limitado, condicionado ou manipulado por terceiros, bem sejam do \u00e2mbito familiar ou do \u00e2mbito social.<\/li>\n<\/ul>\n<p><em>Estou muito zangada com meus filhos. T\u00eam minha cartilha de economia e me dizem que agora levam as contas eles para que n\u00e3o me tenha que preocupar e que se necessitar algo que o pe\u00e7a. Por que tenho que pedir algo que \u00e9 meu? \u2013\u00a0<\/em>Rosa<\/p>\n<ul>\n<li><strong>DIREITO DE INTIMIDADE:\u00a0<\/strong>Busca que se respeite a privacidade do espa\u00e7o e as rela\u00e7\u00f5es do idoso. Este direito est\u00e1 especialmente vulnerado nas resid\u00eancias, sobretudo, quando a pessoa tem algum problema cognitivo.<\/li>\n<\/ul>\n<p><em>Sinto falta de poder falar com algu\u00e9m sem estar sempre rodeado de pessoas, com o ouvido pronto para saber o que estou dizendo\u2013\u00a0<\/em>Jos\u00e9<\/p>\n<ul>\n<li><em>\u00a0<\/em><strong>DIREITO DE DENUNCIAR:\u00a0<\/strong>Entender que \u00e9 denunci\u00e1vel qualquer situa\u00e7\u00e3o de mau trato, neglig\u00eancia ou tratamento inadequado, tanto no \u00e2mbito familiar como institucional.<\/li>\n<\/ul>\n<p><em>Mas como vai denunci\u00e1-lo! Depois tem que continuar morando com eles e ser\u00e1 pior\u2013\u00a0<\/em>Jos\u00e9<\/p>\n<ul>\n<li><strong>DIREITO DE N\u00c3O SER TRATADO DE MANEIRA INFANTIL:\u00a0<\/strong>O idoso tem direito de ser tratado com respeito, por seu nome, sem diminutivos nem express\u00f5es infantilizantes.<\/li>\n<\/ul>\n<p><em>N\u00e3o suporto que me troquem o meu nome! Meu nome \u00e9 M\u00aa Teresa, n\u00e3o Mait\u00ea nem Teresinha. Sei que fazem isso carinhosamente, mas n\u00e3o gosto \u2013\u00a0<\/em>Maria Teresa<\/p>\n<ul>\n<li><strong>DIREITO DE N\u00c3O SER IMOBILIZADO NEM POLIMEDICADO SEM NECESSIDADE:\u00a0<\/strong>Em caso de perda cognitiva grave, a pessoa tem direito \u00e0 prescri\u00e7\u00e3o de recursos alternativos \u00e0 conten\u00e7\u00e3o f\u00edsica ou farmacol\u00f3gica, que preservem a dignidade e n\u00e3o comportem efeitos negativos sobre a sa\u00fade.<\/li>\n<\/ul>\n<p><em>Aterroriza-me pensar que se perder a cabe\u00e7a me atem ou me mediquem para n\u00e3o incomodar. Prefiro morrer! \u2013\u00a0<\/em>Fernando<\/p>\n<ul>\n<li><em>\u00a0<\/em><strong>DIREITO DE VIVER MAIS E MELHOR:\u00a0<\/strong>O idoso tem direito a viver em condi\u00e7\u00f5es dignas e a uma assist\u00eancia psicol\u00f3gica, sanit\u00e1ria e social adequada \u00e0s suas necessidades, procurando com isso melhorar a qualidade de vida.<\/li>\n<\/ul>\n<p><em>\u00a0Como tenho muitos anos, diz o m\u00e9dico que j\u00e1 n\u00e3o vale a pena operar. Eu n\u00e3o sei os anos quantos anos restam para viver, mas estas dores de joelhos est\u00e3o me matando. Se tiver que viver assim prefiro morrer logo. \u2013\u00a0<\/em>\u00c2ngela<\/p>\n<ul>\n<li><strong>DIREITO DE DECIDIR SOBRE A PR\u00d3PRIA MORTE<\/strong>: Deve ser respeitada a vontade das pessoas a respeito de sua morte e garantido seu direito a morrer dignamente.<\/li>\n<\/ul>\n<p><em>Eu n\u00e3o gostaria de morrer em um hospital. Quando chegar o momento quero que meus filhos me levem \u00e0 casa para morrer em minha cama, rodeado de minhas coisas e minha fam\u00edlia. \u2013\u00a0<\/em>Pedro<\/p>\n<p>Conclui a fala que o bom trato \u00e9 universal, \u00e9 o resultado do respeito dos direitos, da dignidade da pessoa e n\u00e3o tem idade e envolve reconhecer ao outro de igual a igual.<\/p>\n<p>Nos idosos de seu pa\u00eds, <strong>quais direitos acredita que est\u00e3o vulner\u00e1veis? <\/strong>Especifique sua resposta com algum exemplo. Por outro lado, que medidas ou a\u00e7\u00f5es considera que s\u00e3o necess\u00e1rias estabelecer para melhorar o bom tratamento para o idoso?<\/p>\n<p>Tua reflex\u00e3o \u00e9 importante, \u00a1participe!<\/p>\n<p>Foto: Todos os direitos reservados.<\/p>\n","protected":false},"excerpt":{"rendered":"<p>Segundo a Organiza\u00e7\u00e3o Mundial da Sa\u00fade (OMS), aproximadamente uma de cada 10 idosos sofreu maus entendimentos em seu ambiente familiar ou institucional. Dia Mundial de Conscientiza\u00e7\u00e3o da Viol\u00eancia contra a Pessoa Idosa, aproveitamos para promover um debate que de uma vez gere uma conscientiza\u00e7\u00e3o: quais s\u00e3o os direitos humanos mais vulnerados em torno dos adultos. [&hellip;]<\/p>\n","protected":false},"author":10,"featured_media":16245,"comment_status":"closed","ping_status":"closed","sticky":false,"template":"","format":"standard","meta":{"jetpack_post_was_ever_published":false,"_jetpack_newsletter_access":"","_jetpack_newsletter_tier_id":0,"footnotes":"","jetpack_publicize_message":"","jetpack_is_tweetstorm":false,"jetpack_publicize_feature_enabled":true,"jetpack_social_post_already_shared":true,"jetpack_social_options":{"image_generator_settings":{"template":"highway","enabled":false}}},"categories":[1],"tags":[1242,228,2372,371,855,285,408,100,119,248,911,267,671,641,255,113,217,1438],"jetpack_publicize_connections":[],"yoast_head":"<!-- This site is optimized with the Yoast SEO plugin v21.7 - https:\/\/yoast.com\/wordpress\/plugins\/seo\/ -->\n<title>Os direitos dos idosos s\u00e3o respeitados?<\/title>\n<meta name=\"description\" content=\"Segundo a Organiza\u00e7\u00e3o Mundial da Sa\u00fade (OMS), aproximadamente uma de cada 10 idosos sofreu maus entendimentos em seu ambiente familiar ou institucional. Dia Mundial de Conscientiza\u00e7\u00e3o da Viol\u00eancia contra a Pessoa Idosa, aproveitamos para promover um debate que de uma vez gere uma conscientiza\u00e7\u00e3o: quais s\u00e3o os direitos humanos mais vulnerados em torno dos adultos. Participe!\" \/>\n<meta name=\"robots\" content=\"index, follow, max-snippet:-1, max-image-preview:large, max-video-preview:-1\" \/>\n<link rel=\"canonical\" href=\"https:\/\/blogs.funiber.org\/pt\/gerontologia\/2018\/06\/15\/funiber-direitos-idosos\" \/>\n<meta property=\"og:locale\" content=\"pt_BR\" \/>\n<meta property=\"og:type\" content=\"article\" \/>\n<meta property=\"og:title\" content=\"Os direitos dos idosos s\u00e3o respeitados?\" \/>\n<meta property=\"og:description\" content=\"Segundo a Organiza\u00e7\u00e3o Mundial da Sa\u00fade (OMS), aproximadamente uma de cada 10 idosos sofreu maus entendimentos em seu ambiente familiar ou institucional. Dia Mundial de Conscientiza\u00e7\u00e3o da Viol\u00eancia contra a Pessoa Idosa, aproveitamos para promover um debate que de uma vez gere uma conscientiza\u00e7\u00e3o: quais s\u00e3o os direitos humanos mais vulnerados em torno dos adultos. Participe!\" \/>\n<meta property=\"og:url\" content=\"https:\/\/blogs.funiber.org\/pt\/gerontologia\/2018\/06\/15\/funiber-direitos-idosos\" \/>\n<meta property=\"og:site_name\" content=\"FuniBlogs - FUNIBER\" \/>\n<meta property=\"article:publisher\" content=\"https:\/\/www.facebook.com\/funiber\" \/>\n<meta property=\"article:published_time\" content=\"2018-06-15T12:32:19+00:00\" \/>\n<meta property=\"og:image\" content=\"https:\/\/blogs.funiber.org\/pt\/wp-content\/uploads\/2018\/06\/funiber-violencia-dia-internacional.jpg\" \/>\n\t<meta property=\"og:image:width\" content=\"768\" \/>\n\t<meta property=\"og:image:height\" content=\"576\" \/>\n\t<meta property=\"og:image:type\" content=\"image\/jpeg\" \/>\n<meta name=\"author\" content=\"Michelle\" \/>\n<meta name=\"twitter:card\" content=\"summary_large_image\" \/>\n<meta name=\"twitter:creator\" content=\"@FUNIBER\" \/>\n<meta name=\"twitter:site\" content=\"@FUNIBER\" \/>\n<meta name=\"twitter:label1\" content=\"Escrito por\" \/>\n\t<meta name=\"twitter:data1\" content=\"Michelle\" \/>\n\t<meta name=\"twitter:label2\" content=\"Est. tempo de leitura\" \/>\n\t<meta name=\"twitter:data2\" content=\"6 minutos\" \/>\n<script type=\"application\/ld+json\" class=\"yoast-schema-graph\">{\"@context\":\"https:\/\/schema.org\",\"@graph\":[{\"@type\":\"Article\",\"@id\":\"https:\/\/blogs.funiber.org\/pt\/gerontologia\/2018\/06\/15\/funiber-direitos-idosos#article\",\"isPartOf\":{\"@id\":\"https:\/\/blogs.funiber.org\/pt\/gerontologia\/2018\/06\/15\/funiber-direitos-idosos\"},\"author\":{\"name\":\"Michelle\",\"@id\":\"https:\/\/blogs.funiber.org\/pt\/#\/schema\/person\/a1eaaa5e57eac866a8c5946946bcf80d\"},\"headline\":\"Os direitos dos idosos s\u00e3o respeitados?\",\"datePublished\":\"2018-06-15T12:32:19+00:00\",\"dateModified\":\"2018-06-15T12:32:19+00:00\",\"mainEntityOfPage\":{\"@id\":\"https:\/\/blogs.funiber.org\/pt\/gerontologia\/2018\/06\/15\/funiber-direitos-idosos\"},\"wordCount\":1251,\"publisher\":{\"@id\":\"https:\/\/blogs.funiber.org\/pt\/#organization\"},\"keywords\":[\"Bolsas\",\"Cuidados\",\"Dia Mundial\",\"Direitos\",\"Doutorado\",\"Educa\u00e7\u00e3o\",\"Educa\u00e7\u00e3o a Dist\u00e2ncia\",\"Envelhecimento\",\"Estudos\",\"Funiber\",\"FUNIBER Opini\u00f5es\",\"Idosos\",\"mestrado\",\"Opini\u00e3o FUNIBER\",\"Opini\u00f5es Funiber\",\"Sa\u00fade\",\"Terceira idade\",\"Viol\u00eancia\"],\"articleSection\":[\"Gerontologia\"],\"inLanguage\":\"pt-BR\"},{\"@type\":\"WebPage\",\"@id\":\"https:\/\/blogs.funiber.org\/pt\/gerontologia\/2018\/06\/15\/funiber-direitos-idosos\",\"url\":\"https:\/\/blogs.funiber.org\/pt\/gerontologia\/2018\/06\/15\/funiber-direitos-idosos\",\"name\":\"Os direitos dos idosos s\u00e3o respeitados?\",\"isPartOf\":{\"@id\":\"https:\/\/blogs.funiber.org\/pt\/#website\"},\"datePublished\":\"2018-06-15T12:32:19+00:00\",\"dateModified\":\"2018-06-15T12:32:19+00:00\",\"description\":\"Segundo a Organiza\u00e7\u00e3o Mundial da Sa\u00fade (OMS), aproximadamente uma de cada 10 idosos sofreu maus entendimentos em seu ambiente familiar ou institucional. Dia Mundial de Conscientiza\u00e7\u00e3o da Viol\u00eancia contra a Pessoa Idosa, aproveitamos para promover um debate que de uma vez gere uma conscientiza\u00e7\u00e3o: quais s\u00e3o os direitos humanos mais vulnerados em torno dos adultos. Participe!\",\"breadcrumb\":{\"@id\":\"https:\/\/blogs.funiber.org\/pt\/gerontologia\/2018\/06\/15\/funiber-direitos-idosos#breadcrumb\"},\"inLanguage\":\"pt-BR\",\"potentialAction\":[{\"@type\":\"ReadAction\",\"target\":[\"https:\/\/blogs.funiber.org\/pt\/gerontologia\/2018\/06\/15\/funiber-direitos-idosos\"]}]},{\"@type\":\"BreadcrumbList\",\"@id\":\"https:\/\/blogs.funiber.org\/pt\/gerontologia\/2018\/06\/15\/funiber-direitos-idosos#breadcrumb\",\"itemListElement\":[{\"@type\":\"ListItem\",\"position\":1,\"name\":\"In\u00edcio\",\"item\":\"https:\/\/blogs.funiber.org\/pt\"},{\"@type\":\"ListItem\",\"position\":2,\"name\":\"Os direitos dos idosos s\u00e3o respeitados?\"}]},{\"@type\":\"WebSite\",\"@id\":\"https:\/\/blogs.funiber.org\/pt\/#website\",\"url\":\"https:\/\/blogs.funiber.org\/pt\/\",\"name\":\"FuniBlogs - FUNIBER\",\"description\":\"\",\"publisher\":{\"@id\":\"https:\/\/blogs.funiber.org\/pt\/#organization\"},\"potentialAction\":[{\"@type\":\"SearchAction\",\"target\":{\"@type\":\"EntryPoint\",\"urlTemplate\":\"https:\/\/blogs.funiber.org\/pt\/?s={search_term_string}\"},\"query-input\":\"required name=search_term_string\"}],\"inLanguage\":\"pt-BR\"},{\"@type\":\"Organization\",\"@id\":\"https:\/\/blogs.funiber.org\/pt\/#organization\",\"name\":\"FuniBlogs - FUNIBER\",\"url\":\"https:\/\/blogs.funiber.org\/pt\/\",\"logo\":{\"@type\":\"ImageObject\",\"inLanguage\":\"pt-BR\",\"@id\":\"https:\/\/blogs.funiber.org\/pt\/#\/schema\/logo\/image\/\",\"url\":\"https:\/\/www.funiber.blog\/pt\/wp-content\/uploads\/2022\/02\/logo-funiber-pt-br-v-dos.svg\",\"contentUrl\":\"https:\/\/www.funiber.blog\/pt\/wp-content\/uploads\/2022\/02\/logo-funiber-pt-br-v-dos.svg\",\"width\":1,\"height\":1,\"caption\":\"FuniBlogs - FUNIBER\"},\"image\":{\"@id\":\"https:\/\/blogs.funiber.org\/pt\/#\/schema\/logo\/image\/\"},\"sameAs\":[\"https:\/\/www.facebook.com\/funiber\",\"https:\/\/twitter.com\/FUNIBER\",\"https:\/\/www.instagram.com\/funiber_becas\",\"https:\/\/www.youtube.com\/user\/funiber\",\"https:\/\/www.linkedin.com\/company\/funiber\"]},{\"@type\":\"Person\",\"@id\":\"https:\/\/blogs.funiber.org\/pt\/#\/schema\/person\/a1eaaa5e57eac866a8c5946946bcf80d\",\"name\":\"Michelle\",\"image\":{\"@type\":\"ImageObject\",\"inLanguage\":\"pt-BR\",\"@id\":\"https:\/\/blogs.funiber.org\/pt\/#\/schema\/person\/image\/\",\"url\":\"https:\/\/secure.gravatar.com\/avatar\/5e87041f7609dc50493cf216754fece1?s=96&d=mm&r=g\",\"contentUrl\":\"https:\/\/secure.gravatar.com\/avatar\/5e87041f7609dc50493cf216754fece1?s=96&d=mm&r=g\",\"caption\":\"Michelle\"},\"url\":\"https:\/\/www.funiber.blog\/pt\/author\/michelle-moreira\"}]}<\/script>\n<!-- \/ Yoast SEO plugin. -->","yoast_head_json":{"title":"Os direitos dos idosos s\u00e3o respeitados?","description":"Segundo a Organiza\u00e7\u00e3o Mundial da Sa\u00fade (OMS), aproximadamente uma de cada 10 idosos sofreu maus entendimentos em seu ambiente familiar ou institucional. Dia Mundial de Conscientiza\u00e7\u00e3o da Viol\u00eancia contra a Pessoa Idosa, aproveitamos para promover um debate que de uma vez gere uma conscientiza\u00e7\u00e3o: quais s\u00e3o os direitos humanos mais vulnerados em torno dos adultos. Participe!","robots":{"index":"index","follow":"follow","max-snippet":"max-snippet:-1","max-image-preview":"max-image-preview:large","max-video-preview":"max-video-preview:-1"},"canonical":"https:\/\/blogs.funiber.org\/pt\/gerontologia\/2018\/06\/15\/funiber-direitos-idosos","og_locale":"pt_BR","og_type":"article","og_title":"Os direitos dos idosos s\u00e3o respeitados?","og_description":"Segundo a Organiza\u00e7\u00e3o Mundial da Sa\u00fade (OMS), aproximadamente uma de cada 10 idosos sofreu maus entendimentos em seu ambiente familiar ou institucional. Dia Mundial de Conscientiza\u00e7\u00e3o da Viol\u00eancia contra a Pessoa Idosa, aproveitamos para promover um debate que de uma vez gere uma conscientiza\u00e7\u00e3o: quais s\u00e3o os direitos humanos mais vulnerados em torno dos adultos. Participe!","og_url":"https:\/\/blogs.funiber.org\/pt\/gerontologia\/2018\/06\/15\/funiber-direitos-idosos","og_site_name":"FuniBlogs - FUNIBER","article_publisher":"https:\/\/www.facebook.com\/funiber","article_published_time":"2018-06-15T12:32:19+00:00","og_image":[{"width":768,"height":576,"url":"https:\/\/blogs.funiber.org\/pt\/wp-content\/uploads\/2018\/06\/funiber-violencia-dia-internacional.jpg","type":"image\/jpeg"}],"author":"Michelle","twitter_card":"summary_large_image","twitter_creator":"@FUNIBER","twitter_site":"@FUNIBER","twitter_misc":{"Escrito por":"Michelle","Est. tempo de leitura":"6 minutos"},"schema":{"@context":"https:\/\/schema.org","@graph":[{"@type":"Article","@id":"https:\/\/blogs.funiber.org\/pt\/gerontologia\/2018\/06\/15\/funiber-direitos-idosos#article","isPartOf":{"@id":"https:\/\/blogs.funiber.org\/pt\/gerontologia\/2018\/06\/15\/funiber-direitos-idosos"},"author":{"name":"Michelle","@id":"https:\/\/blogs.funiber.org\/pt\/#\/schema\/person\/a1eaaa5e57eac866a8c5946946bcf80d"},"headline":"Os direitos dos idosos s\u00e3o respeitados?","datePublished":"2018-06-15T12:32:19+00:00","dateModified":"2018-06-15T12:32:19+00:00","mainEntityOfPage":{"@id":"https:\/\/blogs.funiber.org\/pt\/gerontologia\/2018\/06\/15\/funiber-direitos-idosos"},"wordCount":1251,"publisher":{"@id":"https:\/\/blogs.funiber.org\/pt\/#organization"},"keywords":["Bolsas","Cuidados","Dia Mundial","Direitos","Doutorado","Educa\u00e7\u00e3o","Educa\u00e7\u00e3o a Dist\u00e2ncia","Envelhecimento","Estudos","Funiber","FUNIBER Opini\u00f5es","Idosos","mestrado","Opini\u00e3o FUNIBER","Opini\u00f5es Funiber","Sa\u00fade","Terceira idade","Viol\u00eancia"],"articleSection":["Gerontologia"],"inLanguage":"pt-BR"},{"@type":"WebPage","@id":"https:\/\/blogs.funiber.org\/pt\/gerontologia\/2018\/06\/15\/funiber-direitos-idosos","url":"https:\/\/blogs.funiber.org\/pt\/gerontologia\/2018\/06\/15\/funiber-direitos-idosos","name":"Os direitos dos idosos s\u00e3o respeitados?","isPartOf":{"@id":"https:\/\/blogs.funiber.org\/pt\/#website"},"datePublished":"2018-06-15T12:32:19+00:00","dateModified":"2018-06-15T12:32:19+00:00","description":"Segundo a Organiza\u00e7\u00e3o Mundial da Sa\u00fade (OMS), aproximadamente uma de cada 10 idosos sofreu maus entendimentos em seu ambiente familiar ou institucional. Dia Mundial de Conscientiza\u00e7\u00e3o da Viol\u00eancia contra a Pessoa Idosa, aproveitamos para promover um debate que de uma vez gere uma conscientiza\u00e7\u00e3o: quais s\u00e3o os direitos humanos mais vulnerados em torno dos adultos. Participe!","breadcrumb":{"@id":"https:\/\/blogs.funiber.org\/pt\/gerontologia\/2018\/06\/15\/funiber-direitos-idosos#breadcrumb"},"inLanguage":"pt-BR","potentialAction":[{"@type":"ReadAction","target":["https:\/\/blogs.funiber.org\/pt\/gerontologia\/2018\/06\/15\/funiber-direitos-idosos"]}]},{"@type":"BreadcrumbList","@id":"https:\/\/blogs.funiber.org\/pt\/gerontologia\/2018\/06\/15\/funiber-direitos-idosos#breadcrumb","itemListElement":[{"@type":"ListItem","position":1,"name":"In\u00edcio","item":"https:\/\/blogs.funiber.org\/pt"},{"@type":"ListItem","position":2,"name":"Os direitos dos idosos s\u00e3o respeitados?"}]},{"@type":"WebSite","@id":"https:\/\/blogs.funiber.org\/pt\/#website","url":"https:\/\/blogs.funiber.org\/pt\/","name":"FuniBlogs - FUNIBER","description":"","publisher":{"@id":"https:\/\/blogs.funiber.org\/pt\/#organization"},"potentialAction":[{"@type":"SearchAction","target":{"@type":"EntryPoint","urlTemplate":"https:\/\/blogs.funiber.org\/pt\/?s={search_term_string}"},"query-input":"required name=search_term_string"}],"inLanguage":"pt-BR"},{"@type":"Organization","@id":"https:\/\/blogs.funiber.org\/pt\/#organization","name":"FuniBlogs - FUNIBER","url":"https:\/\/blogs.funiber.org\/pt\/","logo":{"@type":"ImageObject","inLanguage":"pt-BR","@id":"https:\/\/blogs.funiber.org\/pt\/#\/schema\/logo\/image\/","url":"https:\/\/www.funiber.blog\/pt\/wp-content\/uploads\/2022\/02\/logo-funiber-pt-br-v-dos.svg","contentUrl":"https:\/\/www.funiber.blog\/pt\/wp-content\/uploads\/2022\/02\/logo-funiber-pt-br-v-dos.svg","width":1,"height":1,"caption":"FuniBlogs - FUNIBER"},"image":{"@id":"https:\/\/blogs.funiber.org\/pt\/#\/schema\/logo\/image\/"},"sameAs":["https:\/\/www.facebook.com\/funiber","https:\/\/twitter.com\/FUNIBER","https:\/\/www.instagram.com\/funiber_becas","https:\/\/www.youtube.com\/user\/funiber","https:\/\/www.linkedin.com\/company\/funiber"]},{"@type":"Person","@id":"https:\/\/blogs.funiber.org\/pt\/#\/schema\/person\/a1eaaa5e57eac866a8c5946946bcf80d","name":"Michelle","image":{"@type":"ImageObject","inLanguage":"pt-BR","@id":"https:\/\/blogs.funiber.org\/pt\/#\/schema\/person\/image\/","url":"https:\/\/secure.gravatar.com\/avatar\/5e87041f7609dc50493cf216754fece1?s=96&d=mm&r=g","contentUrl":"https:\/\/secure.gravatar.com\/avatar\/5e87041f7609dc50493cf216754fece1?s=96&d=mm&r=g","caption":"Michelle"},"url":"https:\/\/www.funiber.blog\/pt\/author\/michelle-moreira"}]}},"jetpack_featured_media_url":"https:\/\/www.funiber.blog\/pt\/wp-content\/uploads\/2018\/06\/funiber-violencia-dia-internacional.jpg","jetpack_shortlink":"https:\/\/wp.me\/p7ee1t-4e0","jetpack_sharing_enabled":true,"_links":{"self":[{"href":"https:\/\/www.funiber.blog\/pt\/wp-json\/wp\/v2\/posts\/16244"}],"collection":[{"href":"https:\/\/www.funiber.blog\/pt\/wp-json\/wp\/v2\/posts"}],"about":[{"href":"https:\/\/www.funiber.blog\/pt\/wp-json\/wp\/v2\/types\/post"}],"author":[{"embeddable":true,"href":"https:\/\/www.funiber.blog\/pt\/wp-json\/wp\/v2\/users\/10"}],"replies":[{"embeddable":true,"href":"https:\/\/www.funiber.blog\/pt\/wp-json\/wp\/v2\/comments?post=16244"}],"version-history":[{"count":2,"href":"https:\/\/www.funiber.blog\/pt\/wp-json\/wp\/v2\/posts\/16244\/revisions"}],"predecessor-version":[{"id":16247,"href":"https:\/\/www.funiber.blog\/pt\/wp-json\/wp\/v2\/posts\/16244\/revisions\/16247"}],"wp:featuredmedia":[{"embeddable":true,"href":"https:\/\/www.funiber.blog\/pt\/wp-json\/wp\/v2\/media\/16245"}],"wp:attachment":[{"href":"https:\/\/www.funiber.blog\/pt\/wp-json\/wp\/v2\/media?parent=16244"}],"wp:term":[{"taxonomy":"category","embeddable":true,"href":"https:\/\/www.funiber.blog\/pt\/wp-json\/wp\/v2\/categories?post=16244"},{"taxonomy":"post_tag","embeddable":true,"href":"https:\/\/www.funiber.blog\/pt\/wp-json\/wp\/v2\/tags?post=16244"}],"curies":[{"name":"wp","href":"https:\/\/api.w.org\/{rel}","templated":true}]}}