{"id":16300,"date":"2018-06-24T11:39:20","date_gmt":"2018-06-24T11:39:20","guid":{"rendered":"https:\/\/blogs.funiber.org\/pt\/?p=16300"},"modified":"2018-06-22T11:43:51","modified_gmt":"2018-06-22T11:43:51","slug":"funiber-cultura-envelhecimento","status":"publish","type":"post","link":"https:\/\/www.funiber.blog\/pt\/gerontologia\/2018\/06\/24\/funiber-cultura-envelhecimento","title":{"rendered":"Gerar uma cultura de envelhecimento"},"content":{"rendered":"<h2>O crescimento populacional de idosos est\u00e1 aumentando em n\u00edvel mundial segundo a <a href=\"http:\/\/www.who.int\/ageing\/about\/facts\/es\/\" target=\"_blank\" rel=\"noopener\">Organiza\u00e7\u00e3o Mundial da Sa\u00fade<\/a>\u00a0(OMS), portanto, as sociedades devem estar preparadas para enfrentar esse fen\u00f4meno, de acordo com pesquisa<\/h2>\n<p>O estudo\u00a0<a href=\"https:\/\/www.blsa.nih.gov\/\" target=\"_blank\" rel=\"noopener\">Baltimore Longitudinal Study of Aging<\/a>, (BLSA), observou e documentou as caracter\u00edsticas f\u00edsicas, mentais e emocionais do envelhecimento em pessoas saud\u00e1veis e ativas. Os cientistas associam alguns estere\u00f3tipos dos idosos com o grau de sa\u00fade e bem-estar no envelhecimento.<!--more--><\/p>\n<p>Os pesquisadores da BLSA descobriram que a personalidade de um adulto, em geral, n\u00e3o muda muito depois dos 30 anos. No entanto, o resultado indica que as mudan\u00e7as de personalidade n\u00e3o s\u00e3o devidas ao envelhecimento normal, mas podem estar relacionadas \u00e0 falta de aten\u00e7\u00e3o e cuidado em rela\u00e7\u00e3o ao idoso e afeto em rela\u00e7\u00e3o a ele.<\/p>\n<p>Por isso, o\u00a0<a href=\"https:\/\/www.nia.nih.gov\/\" target=\"_blank\" rel=\"noopener\">National Institute on Aging<\/a>\u00a0(NIA) foi criado para melhorar a sa\u00fade e o bem-estar dos idosos nos Estados Unidos por meio de pesquisas. Seu objetivo principal \u00e9 aumentar a expectativa de vida e a promo\u00e7\u00e3o da longevidade ativa.<\/p>\n<p>A qualidade de vida em idosos de acordo com a NIA, pode ser definida como: \u201caquilo que \u00e9 baseado no gozo tranquilo e seguro da sa\u00fade, da educa\u00e7\u00e3o, de alimenta\u00e7\u00e3o suficiente e moradia decente, de um ambiente est\u00e1vel e saud\u00e1vel, da justi\u00e7a, da igualdade entre os sexos, da responsabilidade da vida cotidiana, da dignidade e da seguran\u00e7a\u201d.<\/p>\n<p><strong>O caso do M\u00e9xico<\/strong><\/p>\n<p>De acordo com um\u00a0<a href=\"http:\/\/www.medigraphic.com\/pdfs\/medfam\/amf-2017\/amf172a.pdf\">relat\u00f3rio<\/a>\u00a0do m\u00e9dico Mart\u00edn Eduardo Monta\u00f1o Portillo e do professor\u00a0<a href=\"https:\/\/www.linkedin.com\/in\/arnulfo-irigoyen-coria-30522974\/\">Arnulfo Irigoyen Coria<\/a>, da Universidade Nacional Aut\u00f4noma do M\u00e9xico, \u00e9 necess\u00e1rio criar alternativas vi\u00e1veis que reconhe\u00e7am o valor dos adultos maiores de 60 anos nas sociedades atuais.<\/p>\n<p>Por exemplo, a realidade social do idoso mexicano tem, ainda, muitas falhas e, com isso, os profissionais interessados nesta faixa et\u00e1ria t\u00eam desafios como:<\/p>\n<ul>\n<li>Criar pol\u00edticas p\u00fablicas mais efetivas.<\/li>\n<li>Planejar a\u00e7\u00f5es que previnam riscos aos idosos.<\/li>\n<li>Evitar a exclus\u00e3o social e o abuso.<\/li>\n<\/ul>\n<p>Nesse sentido, o apoio social para os idosos \u00e9 muito importante. De acordo com as tend\u00eancias sociodemogr\u00e1ficas no M\u00e9xico, indica-se um aumento consider\u00e1vel dos idosos e estima-se que em 2050 haver\u00e1 aproximadamente 41,4 milh\u00f5es de habitantes com mais de 60 anos.<\/p>\n<p>Muitos idosos perder\u00e3o sua capacidade de viver independentemente devido \u00e0 sua mobilidade limitada, debilidade ou qualquer outra redu\u00e7\u00e3o da capacidade f\u00edsica ou cognitiva. Muitos exigir\u00e3o, a longo prazo, cuidados e mudan\u00e7as na cultura, concluem os professores da UNAM.<\/p>\n<p>Para os interessados nos temas de cuidado dos idosos, o\u00a0<a href=\"https:\/\/www.funiber.org\/maestria-en-gerontologia\">Mestrado em Gerontologia<\/a><u>,<\/u>\u00a0patrocinado pela\u00a0<a href=\"http:\/\/www.funiber.org.br\/\" target=\"_blank\" rel=\"noopener\">FUNIBER<\/a><u>,<\/u>\u00a0oferece uma forma\u00e7\u00e3o de professionais competentes, capazes de responder positivamente \u00e0s necessidades de cuidado e de aten\u00e7\u00e3o exigidas pelos idosos.<\/p>\n<p>Fonte:\u00a0<a href=\"http:\/\/www.medigraphic.com\/pdfs\/medfam\/amf-2017\/amf172a.pdf\" target=\"_blank\" rel=\"noopener\">Reflexiones sobre el anciano y la cultura del envejecimiento<\/a><\/p>\n<p>Foto: Todos os direitos reservados.<\/p>\n","protected":false},"excerpt":{"rendered":"<p>O crescimento populacional de idosos est\u00e1 aumentando em n\u00edvel mundial segundo a Organiza\u00e7\u00e3o Mundial da Sa\u00fade\u00a0(OMS), portanto, as sociedades devem estar preparadas para enfrentar esse fen\u00f4meno, de acordo com pesquisa O estudo\u00a0Baltimore Longitudinal Study of Aging, (BLSA), observou e documentou as caracter\u00edsticas f\u00edsicas, mentais e emocionais do envelhecimento em pessoas saud\u00e1veis e ativas. Os cientistas [&hellip;]<\/p>\n","protected":false},"author":10,"featured_media":16301,"comment_status":"closed","ping_status":"closed","sticky":false,"template":"","format":"standard","meta":{"jetpack_post_was_ever_published":false,"_jetpack_newsletter_access":"","_jetpack_newsletter_tier_id":0,"footnotes":"","jetpack_publicize_message":"","jetpack_is_tweetstorm":false,"jetpack_publicize_feature_enabled":true,"jetpack_social_post_already_shared":true,"jetpack_social_options":{"image_generator_settings":{"template":"highway","enabled":false}}},"categories":[1],"tags":[1242,620,144,855,285,408,100,119,248,911,739,505,267,671,641,255,113,217],"jetpack_publicize_connections":[],"yoast_head":"<!-- This site is optimized with the Yoast SEO plugin v21.7 - https:\/\/yoast.com\/wordpress\/plugins\/seo\/ -->\n<title>Gerar uma cultura de envelhecimento<\/title>\n<meta name=\"description\" content=\"O crescimento populacional de idosos est\u00e1 aumentando em n\u00edvel mundial segundo a Organiza\u00e7\u00e3o Mundial da Sa\u00fade\u00a0(OMS), portanto, as sociedades devem estar preparadas para enfrentar esse fen\u00f4meno, de acordo com pesquisa\" \/>\n<meta name=\"robots\" content=\"noindex, nofollow\" \/>\n<meta property=\"og:locale\" content=\"pt_BR\" \/>\n<meta property=\"og:type\" content=\"article\" \/>\n<meta property=\"og:title\" content=\"Gerar uma cultura de envelhecimento\" \/>\n<meta property=\"og:description\" content=\"O crescimento populacional de idosos est\u00e1 aumentando em n\u00edvel mundial segundo a Organiza\u00e7\u00e3o Mundial da Sa\u00fade\u00a0(OMS), portanto, as sociedades devem estar preparadas para enfrentar esse fen\u00f4meno, de acordo com pesquisa\" \/>\n<meta property=\"og:url\" content=\"https:\/\/blogs.funiber.org\/pt\/gerontologia\/2018\/06\/24\/funiber-cultura-envelhecimento\" \/>\n<meta property=\"og:site_name\" content=\"FuniBlogs - FUNIBER\" \/>\n<meta property=\"article:publisher\" content=\"https:\/\/www.facebook.com\/funiber\" \/>\n<meta property=\"article:published_time\" content=\"2018-06-24T11:39:20+00:00\" \/>\n<meta property=\"article:modified_time\" content=\"2018-06-22T11:43:51+00:00\" \/>\n<meta property=\"og:image\" content=\"https:\/\/blogs.funiber.org\/pt\/wp-content\/uploads\/2018\/06\/funiber-cultura-envelhecimento.jpg\" \/>\n\t<meta property=\"og:image:width\" content=\"768\" \/>\n\t<meta property=\"og:image:height\" content=\"576\" \/>\n\t<meta property=\"og:image:type\" content=\"image\/jpeg\" \/>\n<meta name=\"author\" content=\"Michelle\" \/>\n<meta name=\"twitter:card\" content=\"summary_large_image\" \/>\n<meta name=\"twitter:creator\" content=\"@FUNIBER\" \/>\n<meta name=\"twitter:site\" content=\"@FUNIBER\" \/>\n<meta name=\"twitter:label1\" content=\"Escrito por\" \/>\n\t<meta name=\"twitter:data1\" content=\"Michelle\" \/>\n\t<meta name=\"twitter:label2\" content=\"Est. tempo de leitura\" \/>\n\t<meta name=\"twitter:data2\" content=\"2 minutos\" \/>\n<script type=\"application\/ld+json\" class=\"yoast-schema-graph\">{\"@context\":\"https:\/\/schema.org\",\"@graph\":[{\"@type\":\"Article\",\"@id\":\"https:\/\/blogs.funiber.org\/pt\/gerontologia\/2018\/06\/24\/funiber-cultura-envelhecimento#article\",\"isPartOf\":{\"@id\":\"https:\/\/blogs.funiber.org\/pt\/gerontologia\/2018\/06\/24\/funiber-cultura-envelhecimento\"},\"author\":{\"name\":\"Michelle\",\"@id\":\"https:\/\/blogs.funiber.org\/pt\/#\/schema\/person\/a1eaaa5e57eac866a8c5946946bcf80d\"},\"headline\":\"Gerar uma cultura de envelhecimento\",\"datePublished\":\"2018-06-24T11:39:20+00:00\",\"dateModified\":\"2018-06-22T11:43:51+00:00\",\"mainEntityOfPage\":{\"@id\":\"https:\/\/blogs.funiber.org\/pt\/gerontologia\/2018\/06\/24\/funiber-cultura-envelhecimento\"},\"wordCount\":490,\"publisher\":{\"@id\":\"https:\/\/blogs.funiber.org\/pt\/#organization\"},\"keywords\":[\"Bolsas\",\"Cultura\",\"Dieta\",\"Doutorado\",\"Educa\u00e7\u00e3o\",\"Educa\u00e7\u00e3o a Dist\u00e2ncia\",\"Envelhecimento\",\"Estudos\",\"Funiber\",\"FUNIBER Opini\u00f5es\",\"gerontologia\",\"Idade\",\"Idosos\",\"mestrado\",\"Opini\u00e3o FUNIBER\",\"Opini\u00f5es Funiber\",\"Sa\u00fade\",\"Terceira idade\"],\"articleSection\":[\"Gerontologia\"],\"inLanguage\":\"pt-BR\"},{\"@type\":\"WebPage\",\"@id\":\"https:\/\/blogs.funiber.org\/pt\/gerontologia\/2018\/06\/24\/funiber-cultura-envelhecimento\",\"url\":\"https:\/\/blogs.funiber.org\/pt\/gerontologia\/2018\/06\/24\/funiber-cultura-envelhecimento\",\"name\":\"Gerar uma cultura de envelhecimento\",\"isPartOf\":{\"@id\":\"https:\/\/blogs.funiber.org\/pt\/#website\"},\"datePublished\":\"2018-06-24T11:39:20+00:00\",\"dateModified\":\"2018-06-22T11:43:51+00:00\",\"description\":\"O crescimento populacional de idosos est\u00e1 aumentando em n\u00edvel mundial segundo a Organiza\u00e7\u00e3o Mundial da Sa\u00fade\u00a0(OMS), portanto, as sociedades devem estar preparadas para enfrentar esse fen\u00f4meno, de acordo com pesquisa\",\"breadcrumb\":{\"@id\":\"https:\/\/blogs.funiber.org\/pt\/gerontologia\/2018\/06\/24\/funiber-cultura-envelhecimento#breadcrumb\"},\"inLanguage\":\"pt-BR\",\"potentialAction\":[{\"@type\":\"ReadAction\",\"target\":[\"https:\/\/blogs.funiber.org\/pt\/gerontologia\/2018\/06\/24\/funiber-cultura-envelhecimento\"]}]},{\"@type\":\"BreadcrumbList\",\"@id\":\"https:\/\/blogs.funiber.org\/pt\/gerontologia\/2018\/06\/24\/funiber-cultura-envelhecimento#breadcrumb\",\"itemListElement\":[{\"@type\":\"ListItem\",\"position\":1,\"name\":\"In\u00edcio\",\"item\":\"https:\/\/blogs.funiber.org\/pt\"},{\"@type\":\"ListItem\",\"position\":2,\"name\":\"Gerar uma cultura de envelhecimento\"}]},{\"@type\":\"WebSite\",\"@id\":\"https:\/\/blogs.funiber.org\/pt\/#website\",\"url\":\"https:\/\/blogs.funiber.org\/pt\/\",\"name\":\"FuniBlogs - FUNIBER\",\"description\":\"\",\"publisher\":{\"@id\":\"https:\/\/blogs.funiber.org\/pt\/#organization\"},\"potentialAction\":[{\"@type\":\"SearchAction\",\"target\":{\"@type\":\"EntryPoint\",\"urlTemplate\":\"https:\/\/blogs.funiber.org\/pt\/?s={search_term_string}\"},\"query-input\":\"required name=search_term_string\"}],\"inLanguage\":\"pt-BR\"},{\"@type\":\"Organization\",\"@id\":\"https:\/\/blogs.funiber.org\/pt\/#organization\",\"name\":\"FuniBlogs - FUNIBER\",\"url\":\"https:\/\/blogs.funiber.org\/pt\/\",\"logo\":{\"@type\":\"ImageObject\",\"inLanguage\":\"pt-BR\",\"@id\":\"https:\/\/blogs.funiber.org\/pt\/#\/schema\/logo\/image\/\",\"url\":\"https:\/\/www.funiber.blog\/pt\/wp-content\/uploads\/2022\/02\/logo-funiber-pt-br-v-dos.svg\",\"contentUrl\":\"https:\/\/www.funiber.blog\/pt\/wp-content\/uploads\/2022\/02\/logo-funiber-pt-br-v-dos.svg\",\"width\":1,\"height\":1,\"caption\":\"FuniBlogs - FUNIBER\"},\"image\":{\"@id\":\"https:\/\/blogs.funiber.org\/pt\/#\/schema\/logo\/image\/\"},\"sameAs\":[\"https:\/\/www.facebook.com\/funiber\",\"https:\/\/twitter.com\/FUNIBER\",\"https:\/\/www.instagram.com\/funiber_becas\",\"https:\/\/www.youtube.com\/user\/funiber\",\"https:\/\/www.linkedin.com\/company\/funiber\"]},{\"@type\":\"Person\",\"@id\":\"https:\/\/blogs.funiber.org\/pt\/#\/schema\/person\/a1eaaa5e57eac866a8c5946946bcf80d\",\"name\":\"Michelle\",\"image\":{\"@type\":\"ImageObject\",\"inLanguage\":\"pt-BR\",\"@id\":\"https:\/\/blogs.funiber.org\/pt\/#\/schema\/person\/image\/\",\"url\":\"https:\/\/secure.gravatar.com\/avatar\/5e87041f7609dc50493cf216754fece1?s=96&d=mm&r=g\",\"contentUrl\":\"https:\/\/secure.gravatar.com\/avatar\/5e87041f7609dc50493cf216754fece1?s=96&d=mm&r=g\",\"caption\":\"Michelle\"},\"url\":\"https:\/\/www.funiber.blog\/pt\/author\/michelle-moreira\"}]}<\/script>\n<!-- \/ Yoast SEO plugin. -->","yoast_head_json":{"title":"Gerar uma cultura de envelhecimento","description":"O crescimento populacional de idosos est\u00e1 aumentando em n\u00edvel mundial segundo a Organiza\u00e7\u00e3o Mundial da Sa\u00fade\u00a0(OMS), portanto, as sociedades devem estar preparadas para enfrentar esse fen\u00f4meno, de acordo com pesquisa","robots":{"index":"noindex","follow":"nofollow"},"og_locale":"pt_BR","og_type":"article","og_title":"Gerar uma cultura de envelhecimento","og_description":"O crescimento populacional de idosos est\u00e1 aumentando em n\u00edvel mundial segundo a Organiza\u00e7\u00e3o Mundial da Sa\u00fade\u00a0(OMS), portanto, as sociedades devem estar preparadas para enfrentar esse fen\u00f4meno, de acordo com pesquisa","og_url":"https:\/\/blogs.funiber.org\/pt\/gerontologia\/2018\/06\/24\/funiber-cultura-envelhecimento","og_site_name":"FuniBlogs - FUNIBER","article_publisher":"https:\/\/www.facebook.com\/funiber","article_published_time":"2018-06-24T11:39:20+00:00","article_modified_time":"2018-06-22T11:43:51+00:00","og_image":[{"width":768,"height":576,"url":"https:\/\/blogs.funiber.org\/pt\/wp-content\/uploads\/2018\/06\/funiber-cultura-envelhecimento.jpg","type":"image\/jpeg"}],"author":"Michelle","twitter_card":"summary_large_image","twitter_creator":"@FUNIBER","twitter_site":"@FUNIBER","twitter_misc":{"Escrito por":"Michelle","Est. tempo de leitura":"2 minutos"},"schema":{"@context":"https:\/\/schema.org","@graph":[{"@type":"Article","@id":"https:\/\/blogs.funiber.org\/pt\/gerontologia\/2018\/06\/24\/funiber-cultura-envelhecimento#article","isPartOf":{"@id":"https:\/\/blogs.funiber.org\/pt\/gerontologia\/2018\/06\/24\/funiber-cultura-envelhecimento"},"author":{"name":"Michelle","@id":"https:\/\/blogs.funiber.org\/pt\/#\/schema\/person\/a1eaaa5e57eac866a8c5946946bcf80d"},"headline":"Gerar uma cultura de envelhecimento","datePublished":"2018-06-24T11:39:20+00:00","dateModified":"2018-06-22T11:43:51+00:00","mainEntityOfPage":{"@id":"https:\/\/blogs.funiber.org\/pt\/gerontologia\/2018\/06\/24\/funiber-cultura-envelhecimento"},"wordCount":490,"publisher":{"@id":"https:\/\/blogs.funiber.org\/pt\/#organization"},"keywords":["Bolsas","Cultura","Dieta","Doutorado","Educa\u00e7\u00e3o","Educa\u00e7\u00e3o a Dist\u00e2ncia","Envelhecimento","Estudos","Funiber","FUNIBER Opini\u00f5es","gerontologia","Idade","Idosos","mestrado","Opini\u00e3o FUNIBER","Opini\u00f5es Funiber","Sa\u00fade","Terceira idade"],"articleSection":["Gerontologia"],"inLanguage":"pt-BR"},{"@type":"WebPage","@id":"https:\/\/blogs.funiber.org\/pt\/gerontologia\/2018\/06\/24\/funiber-cultura-envelhecimento","url":"https:\/\/blogs.funiber.org\/pt\/gerontologia\/2018\/06\/24\/funiber-cultura-envelhecimento","name":"Gerar uma cultura de envelhecimento","isPartOf":{"@id":"https:\/\/blogs.funiber.org\/pt\/#website"},"datePublished":"2018-06-24T11:39:20+00:00","dateModified":"2018-06-22T11:43:51+00:00","description":"O crescimento populacional de idosos est\u00e1 aumentando em n\u00edvel mundial segundo a Organiza\u00e7\u00e3o Mundial da Sa\u00fade\u00a0(OMS), portanto, as sociedades devem estar preparadas para enfrentar esse fen\u00f4meno, de acordo com pesquisa","breadcrumb":{"@id":"https:\/\/blogs.funiber.org\/pt\/gerontologia\/2018\/06\/24\/funiber-cultura-envelhecimento#breadcrumb"},"inLanguage":"pt-BR","potentialAction":[{"@type":"ReadAction","target":["https:\/\/blogs.funiber.org\/pt\/gerontologia\/2018\/06\/24\/funiber-cultura-envelhecimento"]}]},{"@type":"BreadcrumbList","@id":"https:\/\/blogs.funiber.org\/pt\/gerontologia\/2018\/06\/24\/funiber-cultura-envelhecimento#breadcrumb","itemListElement":[{"@type":"ListItem","position":1,"name":"In\u00edcio","item":"https:\/\/blogs.funiber.org\/pt"},{"@type":"ListItem","position":2,"name":"Gerar uma cultura de envelhecimento"}]},{"@type":"WebSite","@id":"https:\/\/blogs.funiber.org\/pt\/#website","url":"https:\/\/blogs.funiber.org\/pt\/","name":"FuniBlogs - FUNIBER","description":"","publisher":{"@id":"https:\/\/blogs.funiber.org\/pt\/#organization"},"potentialAction":[{"@type":"SearchAction","target":{"@type":"EntryPoint","urlTemplate":"https:\/\/blogs.funiber.org\/pt\/?s={search_term_string}"},"query-input":"required name=search_term_string"}],"inLanguage":"pt-BR"},{"@type":"Organization","@id":"https:\/\/blogs.funiber.org\/pt\/#organization","name":"FuniBlogs - FUNIBER","url":"https:\/\/blogs.funiber.org\/pt\/","logo":{"@type":"ImageObject","inLanguage":"pt-BR","@id":"https:\/\/blogs.funiber.org\/pt\/#\/schema\/logo\/image\/","url":"https:\/\/www.funiber.blog\/pt\/wp-content\/uploads\/2022\/02\/logo-funiber-pt-br-v-dos.svg","contentUrl":"https:\/\/www.funiber.blog\/pt\/wp-content\/uploads\/2022\/02\/logo-funiber-pt-br-v-dos.svg","width":1,"height":1,"caption":"FuniBlogs - FUNIBER"},"image":{"@id":"https:\/\/blogs.funiber.org\/pt\/#\/schema\/logo\/image\/"},"sameAs":["https:\/\/www.facebook.com\/funiber","https:\/\/twitter.com\/FUNIBER","https:\/\/www.instagram.com\/funiber_becas","https:\/\/www.youtube.com\/user\/funiber","https:\/\/www.linkedin.com\/company\/funiber"]},{"@type":"Person","@id":"https:\/\/blogs.funiber.org\/pt\/#\/schema\/person\/a1eaaa5e57eac866a8c5946946bcf80d","name":"Michelle","image":{"@type":"ImageObject","inLanguage":"pt-BR","@id":"https:\/\/blogs.funiber.org\/pt\/#\/schema\/person\/image\/","url":"https:\/\/secure.gravatar.com\/avatar\/5e87041f7609dc50493cf216754fece1?s=96&d=mm&r=g","contentUrl":"https:\/\/secure.gravatar.com\/avatar\/5e87041f7609dc50493cf216754fece1?s=96&d=mm&r=g","caption":"Michelle"},"url":"https:\/\/www.funiber.blog\/pt\/author\/michelle-moreira"}]}},"jetpack_featured_media_url":"https:\/\/www.funiber.blog\/pt\/wp-content\/uploads\/2018\/06\/funiber-cultura-envelhecimento.jpg","jetpack_shortlink":"https:\/\/wp.me\/p7ee1t-4eU","jetpack_sharing_enabled":true,"_links":{"self":[{"href":"https:\/\/www.funiber.blog\/pt\/wp-json\/wp\/v2\/posts\/16300"}],"collection":[{"href":"https:\/\/www.funiber.blog\/pt\/wp-json\/wp\/v2\/posts"}],"about":[{"href":"https:\/\/www.funiber.blog\/pt\/wp-json\/wp\/v2\/types\/post"}],"author":[{"embeddable":true,"href":"https:\/\/www.funiber.blog\/pt\/wp-json\/wp\/v2\/users\/10"}],"replies":[{"embeddable":true,"href":"https:\/\/www.funiber.blog\/pt\/wp-json\/wp\/v2\/comments?post=16300"}],"version-history":[{"count":1,"href":"https:\/\/www.funiber.blog\/pt\/wp-json\/wp\/v2\/posts\/16300\/revisions"}],"predecessor-version":[{"id":16302,"href":"https:\/\/www.funiber.blog\/pt\/wp-json\/wp\/v2\/posts\/16300\/revisions\/16302"}],"wp:featuredmedia":[{"embeddable":true,"href":"https:\/\/www.funiber.blog\/pt\/wp-json\/wp\/v2\/media\/16301"}],"wp:attachment":[{"href":"https:\/\/www.funiber.blog\/pt\/wp-json\/wp\/v2\/media?parent=16300"}],"wp:term":[{"taxonomy":"category","embeddable":true,"href":"https:\/\/www.funiber.blog\/pt\/wp-json\/wp\/v2\/categories?post=16300"},{"taxonomy":"post_tag","embeddable":true,"href":"https:\/\/www.funiber.blog\/pt\/wp-json\/wp\/v2\/tags?post=16300"}],"curies":[{"name":"wp","href":"https:\/\/api.w.org\/{rel}","templated":true}]}}