{"id":16348,"date":"2018-06-28T14:23:05","date_gmt":"2018-06-28T14:23:05","guid":{"rendered":"https:\/\/blogs.funiber.org\/pt\/?p=16348"},"modified":"2018-06-27T14:28:18","modified_gmt":"2018-06-27T14:28:18","slug":"funiber-rv-demencia","status":"publish","type":"post","link":"https:\/\/www.funiber.blog\/pt\/gerontologia\/2018\/06\/28\/funiber-rv-demencia","title":{"rendered":"Realidade Virtual ajuda pacientes com dem\u00eancia"},"content":{"rendered":"<h2>A dem\u00eancia afeta aproximadamente 47 milh\u00f5es de pessoas em todo o mundo e o n\u00famero de casos deve aumentar para 75 milh\u00f5es at\u00e9 2030, de acordo com a Organiza\u00e7\u00e3o Mundial da Sa\u00fade (OMS)<\/h2>\n<p>O <a href=\"http:\/\/www.dementiacarematters.com\/davidsheard.html\" target=\"_blank\" rel=\"noopener\">Dr. David Sheard<\/a>, especialista em dem\u00eancia e CEO do Centro <a href=\"http:\/\/www.dementiacarematters.com\/\" target=\"_blank\" rel=\"noopener\">Demencia Care Matters<\/a>, diz que pacientes com dem\u00eancia s\u00e3o seres sens\u00edveis, al\u00e9m de seres pensantes e, por isso, podem ser beneficiados de iniciativas que ajudam a lembrar de momentos j\u00e1 viveram e que permanecem em suas mem\u00f3rias. \u00c9 por isso que a realidade virtual \u00e9 um mecanismo que est\u00e1 sendo usado para o tratamento de dist\u00farbios psicol\u00f3gicos desde 1994.<!--more--><\/p>\n<p>Um <a href=\"https:\/\/www.neurologia.com\/articulo\/2017438\" target=\"_blank\" rel=\"noopener\">estudo<\/a>, publicado na <a href=\"https:\/\/www.neurologia.com\/articulo\/2017438\" target=\"_blank\" rel=\"noopener\">Revista Cient\u00edfica de Neurologia,<\/a> trabalhou pesquisas dos \u00faltimos dez anos (2007-2017) em diferentes bases de dados sobre as vantagens da realidade virtual em pacientes com dem\u00eancia. A pesquisa encontrada \u00e9 pouca e, devido aos resultados obtidos, n\u00e3o se pode dizer que sejam conclusivos, mas fornecem evid\u00eancias que sugerem que a realidade virtual \u00e9 um campo promissor para interven\u00e7\u00e3o em pessoas com dem\u00eancia.<\/p>\n<p>De acordo com os resultados, a realidade virtual parece ser uma interven\u00e7\u00e3o segura, vi\u00e1vel e eficaz para pessoas com dem\u00eancia, embora em outros casos tenham sido apresentados tontura, confus\u00e3o ou aborrecimento. No entanto, a preval\u00eancia de aparecer <em>&#8216;cibermareos&#8217;<\/em> parece ser baixa, e para a preven\u00e7\u00e3o de certas pr\u00e1ticas preventivas podem ser aplicados, por exemplo, o uso de plataformas de movimento que permitem que as pessoas a alcan\u00e7ar tanto vestibular como visual.<\/p>\n<p>Al\u00e9m disso, a realidade virtual permite examinar a atividade cerebral durante situa\u00e7\u00f5es din\u00e2micas, complexas e realistas por meio de interfaces c\u00e9rebro-computador, como o eletroencefalograma ou a espectroscopia funcional do infravermelho pr\u00f3ximo.<\/p>\n<p>Nesse sentido, por meio da experi\u00eancia de voltar ao passado revivendo experi\u00eancias ou momentos gra\u00e7as \u00e0 tecnologia de realidade virtual, as pessoas com dem\u00eancia est\u00e3o novamente em um ponto em que se sentem valorizadas. Al\u00e9m disso, eles s\u00e3o capazes de estabelecer alguma conex\u00e3o com aqueles que os rodeiam.<\/p>\n<p>A modo de exemplo, a iniciativa <a href=\"http:\/\/www.thewaybackvr.com\/\" target=\"_blank\" rel=\"noopener\">The Wayback<\/a>, \u00e9 um projeto que recria feitos importantes do passado atrav\u00e9s de decorados e atores na Inglaterra. Por exemplo, pode-se recrear por meio de \u00f3culos de realidade virtual, a coroa\u00e7\u00e3o da Rainha da Inglaterra de 2 de junho de 1953.<\/p>\n<p>Para os interessados nos temas do cuidado dos idosos, o <a href=\"http:\/\/www.funiber.org.br\/mestrado-em-gerontologia\" target=\"_blank\" rel=\"noopener\">Mestrado em Gerontologia<\/a> patrocinado pela <a href=\"http:\/\/www.funiber.org.br\/\" target=\"_blank\" rel=\"noopener\">FUNIBER<\/a> preconiza pela forma\u00e7\u00e3o de profissionais competentes capazes de dar uma resposta positiva \u00e0s necessidades de cuidado e aten\u00e7\u00e3o que necessitam os idosos.<\/p>\n<p>Fonte:\u00a0<a href=\"https:\/\/www.neurologia.com\/noticia\/6751\/realidad-virtual-y-demencia\" target=\"_blank\" rel=\"noopener\">Realidad virtual y demencia<\/a><\/p>\n<p><a href=\"http:\/\/www.ticbeat.com\/salud\/como-la-realidad-virtual-podria-ayudar-a-los-enfermos-de-demencia\/\" target=\"_blank\" rel=\"noopener\">C\u00f3mo la realidad virtual podr\u00eda ayudar a los enfermos de demencia<\/a><\/p>\n<p>Foto: Todos os direitos reservados.<\/p>\n","protected":false},"excerpt":{"rendered":"<p>A dem\u00eancia afeta aproximadamente 47 milh\u00f5es de pessoas em todo o mundo e o n\u00famero de casos deve aumentar para 75 milh\u00f5es at\u00e9 2030, de acordo com a Organiza\u00e7\u00e3o Mundial da Sa\u00fade (OMS) O Dr. David Sheard, especialista em dem\u00eancia e CEO do Centro Demencia Care Matters, diz que pacientes com dem\u00eancia s\u00e3o seres sens\u00edveis, [&hellip;]<\/p>\n","protected":false},"author":10,"featured_media":16349,"comment_status":"closed","ping_status":"closed","sticky":false,"template":"","format":"standard","meta":{"jetpack_post_was_ever_published":false,"_jetpack_newsletter_access":"","_jetpack_newsletter_tier_id":0,"footnotes":"","jetpack_publicize_message":"","jetpack_is_tweetstorm":false,"jetpack_publicize_feature_enabled":true,"jetpack_social_post_already_shared":true,"jetpack_social_options":{"image_generator_settings":{"template":"highway","enabled":false}}},"categories":[1],"tags":[1242,733,855,285,408,119,248,911,739,267,3959,671,2240,641,255,1072,1786,113,217],"jetpack_publicize_connections":[],"yoast_head":"<!-- This site is optimized with the Yoast SEO plugin v21.7 - https:\/\/yoast.com\/wordpress\/plugins\/seo\/ -->\n<title>Realidade Virtual ajuda pacientes com dem\u00eancia<\/title>\n<meta name=\"description\" content=\"A dem\u00eancia afeta aproximadamente 47 milh\u00f5es de pessoas em todo o mundo e o n\u00famero de casos deve aumentar para 75 milh\u00f5es at\u00e9 2030, de acordo com a Organiza\u00e7\u00e3o Mundial da Sa\u00fade (OMS)\" \/>\n<meta name=\"robots\" content=\"noindex, nofollow\" \/>\n<meta property=\"og:locale\" content=\"pt_BR\" \/>\n<meta property=\"og:type\" content=\"article\" \/>\n<meta property=\"og:title\" content=\"Realidade Virtual ajuda pacientes com dem\u00eancia\" \/>\n<meta property=\"og:description\" content=\"A dem\u00eancia afeta aproximadamente 47 milh\u00f5es de pessoas em todo o mundo e o n\u00famero de casos deve aumentar para 75 milh\u00f5es at\u00e9 2030, de acordo com a Organiza\u00e7\u00e3o Mundial da Sa\u00fade (OMS)\" \/>\n<meta property=\"og:url\" content=\"https:\/\/blogs.funiber.org\/pt\/gerontologia\/2018\/06\/28\/funiber-rv-demencia\" \/>\n<meta property=\"og:site_name\" content=\"FuniBlogs - FUNIBER\" \/>\n<meta property=\"article:publisher\" content=\"https:\/\/www.facebook.com\/funiber\" \/>\n<meta property=\"article:published_time\" content=\"2018-06-28T14:23:05+00:00\" \/>\n<meta property=\"article:modified_time\" content=\"2018-06-27T14:28:18+00:00\" \/>\n<meta property=\"og:image\" content=\"https:\/\/blogs.funiber.org\/pt\/wp-content\/uploads\/2018\/06\/funiber-rv-demencia.jpg\" \/>\n\t<meta property=\"og:image:width\" content=\"768\" \/>\n\t<meta property=\"og:image:height\" content=\"576\" \/>\n\t<meta property=\"og:image:type\" content=\"image\/jpeg\" \/>\n<meta name=\"author\" content=\"Michelle\" \/>\n<meta name=\"twitter:card\" content=\"summary_large_image\" \/>\n<meta name=\"twitter:creator\" content=\"@FUNIBER\" \/>\n<meta name=\"twitter:site\" content=\"@FUNIBER\" \/>\n<meta name=\"twitter:label1\" content=\"Escrito por\" \/>\n\t<meta name=\"twitter:data1\" content=\"Michelle\" \/>\n\t<meta name=\"twitter:label2\" content=\"Est. tempo de leitura\" \/>\n\t<meta name=\"twitter:data2\" content=\"2 minutos\" \/>\n<script type=\"application\/ld+json\" class=\"yoast-schema-graph\">{\"@context\":\"https:\/\/schema.org\",\"@graph\":[{\"@type\":\"Article\",\"@id\":\"https:\/\/blogs.funiber.org\/pt\/gerontologia\/2018\/06\/28\/funiber-rv-demencia#article\",\"isPartOf\":{\"@id\":\"https:\/\/blogs.funiber.org\/pt\/gerontologia\/2018\/06\/28\/funiber-rv-demencia\"},\"author\":{\"name\":\"Michelle\",\"@id\":\"https:\/\/blogs.funiber.org\/pt\/#\/schema\/person\/a1eaaa5e57eac866a8c5946946bcf80d\"},\"headline\":\"Realidade Virtual ajuda pacientes com dem\u00eancia\",\"datePublished\":\"2018-06-28T14:23:05+00:00\",\"dateModified\":\"2018-06-27T14:28:18+00:00\",\"mainEntityOfPage\":{\"@id\":\"https:\/\/blogs.funiber.org\/pt\/gerontologia\/2018\/06\/28\/funiber-rv-demencia\"},\"wordCount\":467,\"publisher\":{\"@id\":\"https:\/\/blogs.funiber.org\/pt\/#organization\"},\"keywords\":[\"Bolsas\",\"Dem\u00eancia\",\"Doutorado\",\"Educa\u00e7\u00e3o\",\"Educa\u00e7\u00e3o a Dist\u00e2ncia\",\"Estudos\",\"Funiber\",\"FUNIBER Opini\u00f5es\",\"gerontologia\",\"Idosos\",\"interven\u00e7\u00e3o\",\"mestrado\",\"Neurologia\",\"Opini\u00e3o FUNIBER\",\"Opini\u00f5es Funiber\",\"Realidade virtual\",\"RV\",\"Sa\u00fade\",\"Terceira idade\"],\"articleSection\":[\"Gerontologia\"],\"inLanguage\":\"pt-BR\"},{\"@type\":\"WebPage\",\"@id\":\"https:\/\/blogs.funiber.org\/pt\/gerontologia\/2018\/06\/28\/funiber-rv-demencia\",\"url\":\"https:\/\/blogs.funiber.org\/pt\/gerontologia\/2018\/06\/28\/funiber-rv-demencia\",\"name\":\"Realidade Virtual ajuda pacientes com dem\u00eancia\",\"isPartOf\":{\"@id\":\"https:\/\/blogs.funiber.org\/pt\/#website\"},\"datePublished\":\"2018-06-28T14:23:05+00:00\",\"dateModified\":\"2018-06-27T14:28:18+00:00\",\"description\":\"A dem\u00eancia afeta aproximadamente 47 milh\u00f5es de pessoas em todo o mundo e o n\u00famero de casos deve aumentar para 75 milh\u00f5es at\u00e9 2030, de acordo com a Organiza\u00e7\u00e3o Mundial da Sa\u00fade (OMS)\",\"breadcrumb\":{\"@id\":\"https:\/\/blogs.funiber.org\/pt\/gerontologia\/2018\/06\/28\/funiber-rv-demencia#breadcrumb\"},\"inLanguage\":\"pt-BR\",\"potentialAction\":[{\"@type\":\"ReadAction\",\"target\":[\"https:\/\/blogs.funiber.org\/pt\/gerontologia\/2018\/06\/28\/funiber-rv-demencia\"]}]},{\"@type\":\"BreadcrumbList\",\"@id\":\"https:\/\/blogs.funiber.org\/pt\/gerontologia\/2018\/06\/28\/funiber-rv-demencia#breadcrumb\",\"itemListElement\":[{\"@type\":\"ListItem\",\"position\":1,\"name\":\"In\u00edcio\",\"item\":\"https:\/\/blogs.funiber.org\/pt\"},{\"@type\":\"ListItem\",\"position\":2,\"name\":\"Realidade Virtual ajuda pacientes com dem\u00eancia\"}]},{\"@type\":\"WebSite\",\"@id\":\"https:\/\/blogs.funiber.org\/pt\/#website\",\"url\":\"https:\/\/blogs.funiber.org\/pt\/\",\"name\":\"FuniBlogs - FUNIBER\",\"description\":\"\",\"publisher\":{\"@id\":\"https:\/\/blogs.funiber.org\/pt\/#organization\"},\"potentialAction\":[{\"@type\":\"SearchAction\",\"target\":{\"@type\":\"EntryPoint\",\"urlTemplate\":\"https:\/\/blogs.funiber.org\/pt\/?s={search_term_string}\"},\"query-input\":\"required name=search_term_string\"}],\"inLanguage\":\"pt-BR\"},{\"@type\":\"Organization\",\"@id\":\"https:\/\/blogs.funiber.org\/pt\/#organization\",\"name\":\"FuniBlogs - FUNIBER\",\"url\":\"https:\/\/blogs.funiber.org\/pt\/\",\"logo\":{\"@type\":\"ImageObject\",\"inLanguage\":\"pt-BR\",\"@id\":\"https:\/\/blogs.funiber.org\/pt\/#\/schema\/logo\/image\/\",\"url\":\"https:\/\/www.funiber.blog\/pt\/wp-content\/uploads\/2022\/02\/logo-funiber-pt-br-v-dos.svg\",\"contentUrl\":\"https:\/\/www.funiber.blog\/pt\/wp-content\/uploads\/2022\/02\/logo-funiber-pt-br-v-dos.svg\",\"width\":1,\"height\":1,\"caption\":\"FuniBlogs - FUNIBER\"},\"image\":{\"@id\":\"https:\/\/blogs.funiber.org\/pt\/#\/schema\/logo\/image\/\"},\"sameAs\":[\"https:\/\/www.facebook.com\/funiber\",\"https:\/\/twitter.com\/FUNIBER\",\"https:\/\/www.instagram.com\/funiber_becas\",\"https:\/\/www.youtube.com\/user\/funiber\",\"https:\/\/www.linkedin.com\/company\/funiber\"]},{\"@type\":\"Person\",\"@id\":\"https:\/\/blogs.funiber.org\/pt\/#\/schema\/person\/a1eaaa5e57eac866a8c5946946bcf80d\",\"name\":\"Michelle\",\"image\":{\"@type\":\"ImageObject\",\"inLanguage\":\"pt-BR\",\"@id\":\"https:\/\/blogs.funiber.org\/pt\/#\/schema\/person\/image\/\",\"url\":\"https:\/\/secure.gravatar.com\/avatar\/5e87041f7609dc50493cf216754fece1?s=96&d=mm&r=g\",\"contentUrl\":\"https:\/\/secure.gravatar.com\/avatar\/5e87041f7609dc50493cf216754fece1?s=96&d=mm&r=g\",\"caption\":\"Michelle\"},\"url\":\"https:\/\/www.funiber.blog\/pt\/author\/michelle-moreira\"}]}<\/script>\n<!-- \/ Yoast SEO plugin. -->","yoast_head_json":{"title":"Realidade Virtual ajuda pacientes com dem\u00eancia","description":"A dem\u00eancia afeta aproximadamente 47 milh\u00f5es de pessoas em todo o mundo e o n\u00famero de casos deve aumentar para 75 milh\u00f5es at\u00e9 2030, de acordo com a Organiza\u00e7\u00e3o Mundial da Sa\u00fade (OMS)","robots":{"index":"noindex","follow":"nofollow"},"og_locale":"pt_BR","og_type":"article","og_title":"Realidade Virtual ajuda pacientes com dem\u00eancia","og_description":"A dem\u00eancia afeta aproximadamente 47 milh\u00f5es de pessoas em todo o mundo e o n\u00famero de casos deve aumentar para 75 milh\u00f5es at\u00e9 2030, de acordo com a Organiza\u00e7\u00e3o Mundial da Sa\u00fade (OMS)","og_url":"https:\/\/blogs.funiber.org\/pt\/gerontologia\/2018\/06\/28\/funiber-rv-demencia","og_site_name":"FuniBlogs - FUNIBER","article_publisher":"https:\/\/www.facebook.com\/funiber","article_published_time":"2018-06-28T14:23:05+00:00","article_modified_time":"2018-06-27T14:28:18+00:00","og_image":[{"width":768,"height":576,"url":"https:\/\/blogs.funiber.org\/pt\/wp-content\/uploads\/2018\/06\/funiber-rv-demencia.jpg","type":"image\/jpeg"}],"author":"Michelle","twitter_card":"summary_large_image","twitter_creator":"@FUNIBER","twitter_site":"@FUNIBER","twitter_misc":{"Escrito por":"Michelle","Est. tempo de leitura":"2 minutos"},"schema":{"@context":"https:\/\/schema.org","@graph":[{"@type":"Article","@id":"https:\/\/blogs.funiber.org\/pt\/gerontologia\/2018\/06\/28\/funiber-rv-demencia#article","isPartOf":{"@id":"https:\/\/blogs.funiber.org\/pt\/gerontologia\/2018\/06\/28\/funiber-rv-demencia"},"author":{"name":"Michelle","@id":"https:\/\/blogs.funiber.org\/pt\/#\/schema\/person\/a1eaaa5e57eac866a8c5946946bcf80d"},"headline":"Realidade Virtual ajuda pacientes com dem\u00eancia","datePublished":"2018-06-28T14:23:05+00:00","dateModified":"2018-06-27T14:28:18+00:00","mainEntityOfPage":{"@id":"https:\/\/blogs.funiber.org\/pt\/gerontologia\/2018\/06\/28\/funiber-rv-demencia"},"wordCount":467,"publisher":{"@id":"https:\/\/blogs.funiber.org\/pt\/#organization"},"keywords":["Bolsas","Dem\u00eancia","Doutorado","Educa\u00e7\u00e3o","Educa\u00e7\u00e3o a Dist\u00e2ncia","Estudos","Funiber","FUNIBER Opini\u00f5es","gerontologia","Idosos","interven\u00e7\u00e3o","mestrado","Neurologia","Opini\u00e3o FUNIBER","Opini\u00f5es Funiber","Realidade virtual","RV","Sa\u00fade","Terceira idade"],"articleSection":["Gerontologia"],"inLanguage":"pt-BR"},{"@type":"WebPage","@id":"https:\/\/blogs.funiber.org\/pt\/gerontologia\/2018\/06\/28\/funiber-rv-demencia","url":"https:\/\/blogs.funiber.org\/pt\/gerontologia\/2018\/06\/28\/funiber-rv-demencia","name":"Realidade Virtual ajuda pacientes com dem\u00eancia","isPartOf":{"@id":"https:\/\/blogs.funiber.org\/pt\/#website"},"datePublished":"2018-06-28T14:23:05+00:00","dateModified":"2018-06-27T14:28:18+00:00","description":"A dem\u00eancia afeta aproximadamente 47 milh\u00f5es de pessoas em todo o mundo e o n\u00famero de casos deve aumentar para 75 milh\u00f5es at\u00e9 2030, de acordo com a Organiza\u00e7\u00e3o Mundial da Sa\u00fade (OMS)","breadcrumb":{"@id":"https:\/\/blogs.funiber.org\/pt\/gerontologia\/2018\/06\/28\/funiber-rv-demencia#breadcrumb"},"inLanguage":"pt-BR","potentialAction":[{"@type":"ReadAction","target":["https:\/\/blogs.funiber.org\/pt\/gerontologia\/2018\/06\/28\/funiber-rv-demencia"]}]},{"@type":"BreadcrumbList","@id":"https:\/\/blogs.funiber.org\/pt\/gerontologia\/2018\/06\/28\/funiber-rv-demencia#breadcrumb","itemListElement":[{"@type":"ListItem","position":1,"name":"In\u00edcio","item":"https:\/\/blogs.funiber.org\/pt"},{"@type":"ListItem","position":2,"name":"Realidade Virtual ajuda pacientes com dem\u00eancia"}]},{"@type":"WebSite","@id":"https:\/\/blogs.funiber.org\/pt\/#website","url":"https:\/\/blogs.funiber.org\/pt\/","name":"FuniBlogs - FUNIBER","description":"","publisher":{"@id":"https:\/\/blogs.funiber.org\/pt\/#organization"},"potentialAction":[{"@type":"SearchAction","target":{"@type":"EntryPoint","urlTemplate":"https:\/\/blogs.funiber.org\/pt\/?s={search_term_string}"},"query-input":"required name=search_term_string"}],"inLanguage":"pt-BR"},{"@type":"Organization","@id":"https:\/\/blogs.funiber.org\/pt\/#organization","name":"FuniBlogs - FUNIBER","url":"https:\/\/blogs.funiber.org\/pt\/","logo":{"@type":"ImageObject","inLanguage":"pt-BR","@id":"https:\/\/blogs.funiber.org\/pt\/#\/schema\/logo\/image\/","url":"https:\/\/www.funiber.blog\/pt\/wp-content\/uploads\/2022\/02\/logo-funiber-pt-br-v-dos.svg","contentUrl":"https:\/\/www.funiber.blog\/pt\/wp-content\/uploads\/2022\/02\/logo-funiber-pt-br-v-dos.svg","width":1,"height":1,"caption":"FuniBlogs - FUNIBER"},"image":{"@id":"https:\/\/blogs.funiber.org\/pt\/#\/schema\/logo\/image\/"},"sameAs":["https:\/\/www.facebook.com\/funiber","https:\/\/twitter.com\/FUNIBER","https:\/\/www.instagram.com\/funiber_becas","https:\/\/www.youtube.com\/user\/funiber","https:\/\/www.linkedin.com\/company\/funiber"]},{"@type":"Person","@id":"https:\/\/blogs.funiber.org\/pt\/#\/schema\/person\/a1eaaa5e57eac866a8c5946946bcf80d","name":"Michelle","image":{"@type":"ImageObject","inLanguage":"pt-BR","@id":"https:\/\/blogs.funiber.org\/pt\/#\/schema\/person\/image\/","url":"https:\/\/secure.gravatar.com\/avatar\/5e87041f7609dc50493cf216754fece1?s=96&d=mm&r=g","contentUrl":"https:\/\/secure.gravatar.com\/avatar\/5e87041f7609dc50493cf216754fece1?s=96&d=mm&r=g","caption":"Michelle"},"url":"https:\/\/www.funiber.blog\/pt\/author\/michelle-moreira"}]}},"jetpack_featured_media_url":"https:\/\/www.funiber.blog\/pt\/wp-content\/uploads\/2018\/06\/funiber-rv-demencia.jpg","jetpack_shortlink":"https:\/\/wp.me\/p7ee1t-4fG","jetpack_sharing_enabled":true,"_links":{"self":[{"href":"https:\/\/www.funiber.blog\/pt\/wp-json\/wp\/v2\/posts\/16348"}],"collection":[{"href":"https:\/\/www.funiber.blog\/pt\/wp-json\/wp\/v2\/posts"}],"about":[{"href":"https:\/\/www.funiber.blog\/pt\/wp-json\/wp\/v2\/types\/post"}],"author":[{"embeddable":true,"href":"https:\/\/www.funiber.blog\/pt\/wp-json\/wp\/v2\/users\/10"}],"replies":[{"embeddable":true,"href":"https:\/\/www.funiber.blog\/pt\/wp-json\/wp\/v2\/comments?post=16348"}],"version-history":[{"count":1,"href":"https:\/\/www.funiber.blog\/pt\/wp-json\/wp\/v2\/posts\/16348\/revisions"}],"predecessor-version":[{"id":16350,"href":"https:\/\/www.funiber.blog\/pt\/wp-json\/wp\/v2\/posts\/16348\/revisions\/16350"}],"wp:featuredmedia":[{"embeddable":true,"href":"https:\/\/www.funiber.blog\/pt\/wp-json\/wp\/v2\/media\/16349"}],"wp:attachment":[{"href":"https:\/\/www.funiber.blog\/pt\/wp-json\/wp\/v2\/media?parent=16348"}],"wp:term":[{"taxonomy":"category","embeddable":true,"href":"https:\/\/www.funiber.blog\/pt\/wp-json\/wp\/v2\/categories?post=16348"},{"taxonomy":"post_tag","embeddable":true,"href":"https:\/\/www.funiber.blog\/pt\/wp-json\/wp\/v2\/tags?post=16348"}],"curies":[{"name":"wp","href":"https:\/\/api.w.org\/{rel}","templated":true}]}}