{"id":16441,"date":"2018-07-09T12:09:15","date_gmt":"2018-07-09T12:09:15","guid":{"rendered":"https:\/\/blogs.funiber.org\/pt\/?p=16441"},"modified":"2018-07-10T08:57:28","modified_gmt":"2018-07-10T08:57:28","slug":"funiber-rio-bita","status":"publish","type":"post","link":"https:\/\/www.funiber.blog\/pt\/meio-ambiente\/2018\/07\/09\/funiber-rio-bita","title":{"rendered":"Rio Bita, na Col\u00f4mbia, \u00e9 designado zona h\u00famida de import\u00e2ncia internacional"},"content":{"rendered":"<h2>Com a inclus\u00e3o do Rio Bita na lista, Col\u00f4mbia passa a ter 11 lugares designados como zona Ramsar<\/h2>\n<p>O rio Bita, localizado na regi\u00e3o de Vichada, na Col\u00f4mbia, recebeu no m\u00eas passado o reconhecimento de sua import\u00e2ncia ambiental. O rio foi inclu\u00eddo na lista da <strong>Conven\u00e7\u00e3o sobre as Zonas H\u00famidas de Import\u00e2ncia Internacional Especialmente Enquanto Habitat de Aves Aqu\u00e1ticas<\/strong>, tamb\u00e9m conhecida como\u00a0<strong><a href=\"https:\/\/www.ramsar.org\/\" target=\"_blank\" rel=\"noopener\">Conven\u00e7\u00e3o de Ramsar<\/a>.<\/strong><!--more--><\/p>\n<p>Como um lugar Ramsar, o governo se compromete ao uso sustent\u00e1vel desta zona, desenvolvendo pol\u00edticas p\u00fablicas espec\u00edficas para uma gest\u00e3o adequada dos recursos e a educa\u00e7\u00e3o ambiental da popula\u00e7\u00e3o local.<\/p>\n<p>Atualmente h\u00e1 2.200 lugares Ramsar no mundo todo, que envolvem mais de 2,1 milh\u00f5es de quil\u00f4metros quadrados. Com a inclus\u00e3o do Rio Bita na lista, Col\u00f4mbia passa a ter 11 lugares Ramsar.<\/p>\n<p>A diretora da<a href=\"http:\/\/www.wwf.org.co\/about_us\/programa_colombia_\/\" target=\"_blank\" rel=\"noopener\"> WWF na Col\u00f4mbia<\/a>, <a href=\"http:\/\/www.eltiempo.com\/archivo\/documento\/CMS-15475317\" target=\"_blank\" rel=\"noopener\">Mary Lou Higgins<\/a>, afirmou que o Rio Bita se convierte no lugar Ramsar com maior extens\u00e3o da Col\u00f4mbia, \u201ce \u00e9 o primeiro que protege uma bacia inteira\u201d.<\/p>\n<p>O rio supera os 600 quil\u00f4metros desde a nascente at\u00e9 a desembocadura no rio Orinoco. Do rio, dependem ao menos 1.474 esp\u00e9cies de plantas, 254 de peixes, 30 de anf\u00edbios, 59 de r\u00e9pteis, 201 de aves e 63 de mam\u00edferos. Por\u00e9m esta biodiversidade est\u00e1 amea\u00e7ada com projetos agroindustriais que esperam se desenvolver na regi\u00e3o.<\/p>\n<p>Sem d\u00favida, estar na lista Ramsar representa uma conquista para a prote\u00e7\u00e3o do ecossistema da Col\u00f4mbia.<\/p>\n<p>A <a href=\"http:\/\/www.funiber.org.br\/\" target=\"_blank\" rel=\"noopener\">FUNIBER<\/a> patrocina o <a href=\"https:\/\/www.funiber.org.br\/mestrado-em-gestao-e-auditorias-ambientais\" hreflang=\"pt-br\">Mestrado em Gest\u00e3o e Auditorias Ambientais \u00a0<\/a>para\u00a0 os profissionais interessados em compreender estrat\u00e9gias, sistemas, processos, ferramentas e m\u00e9todos que permitam gerenciar a proje\u00e7\u00e3o das organiza\u00e7\u00f5es no que se refere ao meio ambiente, a partir da \u00f3ptica do desenvolvimento sustent\u00e1vel.<\/p>\n<p>Fontes:<\/p>\n<p><a href=\"http:\/\/www.elcolombiano.com\/medio-ambiente\/el-rio-bita-recibe-reconocimiento-internacional-para-su-proteccion-y-conservacion-EN8906413\">R\u00edo Bita fue designado como sitio de importancia internacional Ramsar<\/a><\/p>\n<p><a href=\"https:\/\/www.elespectador.com\/noticias\/medio-ambiente\/rio-bita-en-vichada-ser%C3%A1-declarado-el-nuevo-sitio-ramsar-del-pais-articulo-796214\">R\u00edo Bita, en Vichada, ser\u00e1 declarado el sitio Ramsar n\u00famero 11 del pa\u00eds<\/a><\/p>\n<p><a href=\"http:\/\/www.eltiempo.com\/vida\/medio-ambiente\/rio-bita-el-nuevo-humedal-ramsar-de-colombia-227782\">7 datos sobre el r\u00edo Bita, el nuevo humedal Ramsar de Colombia<\/a><\/p>\n<p>Foto: Todos os direitos reservados<\/p>\n<p>&nbsp;<\/p>\n","protected":false},"excerpt":{"rendered":"<p>Com a inclus\u00e3o do Rio Bita na lista, Col\u00f4mbia passa a ter 11 lugares designados como zona Ramsar O rio Bita, localizado na regi\u00e3o de Vichada, na Col\u00f4mbia, recebeu no m\u00eas passado o reconhecimento de sua import\u00e2ncia ambiental. O rio foi inclu\u00eddo na lista da Conven\u00e7\u00e3o sobre as Zonas H\u00famidas de Import\u00e2ncia Internacional Especialmente Enquanto [&hellip;]<\/p>\n","protected":false},"author":10,"featured_media":16442,"comment_status":"closed","ping_status":"closed","sticky":false,"template":"","format":"standard","meta":{"jetpack_post_was_ever_published":false,"_jetpack_newsletter_access":"","_jetpack_newsletter_tier_id":0,"footnotes":"","jetpack_publicize_message":"","jetpack_is_tweetstorm":false,"jetpack_publicize_feature_enabled":true,"jetpack_social_post_already_shared":true,"jetpack_social_options":{"image_generator_settings":{"template":"highway","enabled":false}}},"categories":[2],"tags":[105,1242,3255,213,855,330,285,408,119,248,911,2405,835,671,641,255,327,4010,4009,84,4011],"jetpack_publicize_connections":[],"yoast_head":"<!-- This site is optimized with the Yoast SEO plugin v21.7 - https:\/\/yoast.com\/wordpress\/plugins\/seo\/ -->\n<title>Rio Bita, na Col\u00f4mbia, \u00e9 designado zona h\u00famida de import\u00e2ncia internacional<\/title>\n<meta name=\"description\" content=\"Com a inclus\u00e3o do Rio Bita na lista, Col\u00f4mbia passar a ter 11 lugares designados como zona Ramsar\" \/>\n<meta name=\"robots\" content=\"index, follow, max-snippet:-1, max-image-preview:large, max-video-preview:-1\" \/>\n<link rel=\"canonical\" href=\"https:\/\/blogs.funiber.org\/pt\/meio-ambiente\/2018\/07\/09\/funiber-rio-bita\" \/>\n<meta property=\"og:locale\" content=\"pt_BR\" \/>\n<meta property=\"og:type\" content=\"article\" \/>\n<meta property=\"og:title\" content=\"Rio Bita, na Col\u00f4mbia, \u00e9 designado zona h\u00famida de import\u00e2ncia internacional\" \/>\n<meta property=\"og:description\" content=\"Com a inclus\u00e3o do Rio Bita na lista, Col\u00f4mbia passar a ter 11 lugares designados como zona Ramsar\" \/>\n<meta property=\"og:url\" content=\"https:\/\/blogs.funiber.org\/pt\/meio-ambiente\/2018\/07\/09\/funiber-rio-bita\" \/>\n<meta property=\"og:site_name\" content=\"FuniBlogs - FUNIBER\" \/>\n<meta property=\"article:publisher\" content=\"https:\/\/www.facebook.com\/funiber\" \/>\n<meta property=\"article:published_time\" content=\"2018-07-09T12:09:15+00:00\" \/>\n<meta property=\"article:modified_time\" content=\"2018-07-10T08:57:28+00:00\" \/>\n<meta property=\"og:image\" content=\"https:\/\/blogs.funiber.org\/pt\/wp-content\/uploads\/2018\/07\/funiber-rio-bita.jpg\" \/>\n\t<meta property=\"og:image:width\" content=\"800\" \/>\n\t<meta property=\"og:image:height\" content=\"599\" \/>\n\t<meta property=\"og:image:type\" content=\"image\/jpeg\" \/>\n<meta name=\"author\" content=\"Michelle\" \/>\n<meta name=\"twitter:card\" content=\"summary_large_image\" \/>\n<meta name=\"twitter:creator\" content=\"@FUNIBER\" \/>\n<meta name=\"twitter:site\" content=\"@FUNIBER\" \/>\n<meta name=\"twitter:label1\" content=\"Escrito por\" \/>\n\t<meta name=\"twitter:data1\" content=\"Michelle\" \/>\n\t<meta name=\"twitter:label2\" content=\"Est. tempo de leitura\" \/>\n\t<meta name=\"twitter:data2\" content=\"2 minutos\" \/>\n<script type=\"application\/ld+json\" class=\"yoast-schema-graph\">{\"@context\":\"https:\/\/schema.org\",\"@graph\":[{\"@type\":\"Article\",\"@id\":\"https:\/\/blogs.funiber.org\/pt\/meio-ambiente\/2018\/07\/09\/funiber-rio-bita#article\",\"isPartOf\":{\"@id\":\"https:\/\/blogs.funiber.org\/pt\/meio-ambiente\/2018\/07\/09\/funiber-rio-bita\"},\"author\":{\"name\":\"Michelle\",\"@id\":\"https:\/\/blogs.funiber.org\/pt\/#\/schema\/person\/a1eaaa5e57eac866a8c5946946bcf80d\"},\"headline\":\"Rio Bita, na Col\u00f4mbia, \u00e9 designado zona h\u00famida de import\u00e2ncia internacional\",\"datePublished\":\"2018-07-09T12:09:15+00:00\",\"dateModified\":\"2018-07-10T08:57:28+00:00\",\"mainEntityOfPage\":{\"@id\":\"https:\/\/blogs.funiber.org\/pt\/meio-ambiente\/2018\/07\/09\/funiber-rio-bita\"},\"wordCount\":363,\"publisher\":{\"@id\":\"https:\/\/blogs.funiber.org\/pt\/#organization\"},\"keywords\":[\"Aquecimento Global\",\"Bolsas\",\"Col\u00f4mbia\",\"Conserva\u00e7\u00e3o\",\"Doutorado\",\"Ecossistema\",\"Educa\u00e7\u00e3o\",\"Educa\u00e7\u00e3o a Dist\u00e2ncia\",\"Estudos\",\"Funiber\",\"FUNIBER Opini\u00f5es\",\"Gest\u00e3o ambiental\",\"Meio Ambiente\",\"mestrado\",\"Opini\u00e3o FUNIBER\",\"Opini\u00f5es Funiber\",\"Prote\u00e7\u00e3o\",\"Ramsar\",\"Rio Bita\",\"Sustentabilidade\",\"zona h\u00fameda\"],\"articleSection\":[\"Meio Ambiente\"],\"inLanguage\":\"pt-BR\"},{\"@type\":\"WebPage\",\"@id\":\"https:\/\/blogs.funiber.org\/pt\/meio-ambiente\/2018\/07\/09\/funiber-rio-bita\",\"url\":\"https:\/\/blogs.funiber.org\/pt\/meio-ambiente\/2018\/07\/09\/funiber-rio-bita\",\"name\":\"Rio Bita, na Col\u00f4mbia, \u00e9 designado zona h\u00famida de import\u00e2ncia internacional\",\"isPartOf\":{\"@id\":\"https:\/\/blogs.funiber.org\/pt\/#website\"},\"datePublished\":\"2018-07-09T12:09:15+00:00\",\"dateModified\":\"2018-07-10T08:57:28+00:00\",\"description\":\"Com a inclus\u00e3o do Rio Bita na lista, Col\u00f4mbia passar a ter 11 lugares designados como zona Ramsar\",\"breadcrumb\":{\"@id\":\"https:\/\/blogs.funiber.org\/pt\/meio-ambiente\/2018\/07\/09\/funiber-rio-bita#breadcrumb\"},\"inLanguage\":\"pt-BR\",\"potentialAction\":[{\"@type\":\"ReadAction\",\"target\":[\"https:\/\/blogs.funiber.org\/pt\/meio-ambiente\/2018\/07\/09\/funiber-rio-bita\"]}]},{\"@type\":\"BreadcrumbList\",\"@id\":\"https:\/\/blogs.funiber.org\/pt\/meio-ambiente\/2018\/07\/09\/funiber-rio-bita#breadcrumb\",\"itemListElement\":[{\"@type\":\"ListItem\",\"position\":1,\"name\":\"In\u00edcio\",\"item\":\"https:\/\/blogs.funiber.org\/pt\"},{\"@type\":\"ListItem\",\"position\":2,\"name\":\"Rio Bita, na Col\u00f4mbia, \u00e9 designado zona h\u00famida de import\u00e2ncia internacional\"}]},{\"@type\":\"WebSite\",\"@id\":\"https:\/\/blogs.funiber.org\/pt\/#website\",\"url\":\"https:\/\/blogs.funiber.org\/pt\/\",\"name\":\"FuniBlogs - FUNIBER\",\"description\":\"\",\"publisher\":{\"@id\":\"https:\/\/blogs.funiber.org\/pt\/#organization\"},\"potentialAction\":[{\"@type\":\"SearchAction\",\"target\":{\"@type\":\"EntryPoint\",\"urlTemplate\":\"https:\/\/blogs.funiber.org\/pt\/?s={search_term_string}\"},\"query-input\":\"required name=search_term_string\"}],\"inLanguage\":\"pt-BR\"},{\"@type\":\"Organization\",\"@id\":\"https:\/\/blogs.funiber.org\/pt\/#organization\",\"name\":\"FuniBlogs - FUNIBER\",\"url\":\"https:\/\/blogs.funiber.org\/pt\/\",\"logo\":{\"@type\":\"ImageObject\",\"inLanguage\":\"pt-BR\",\"@id\":\"https:\/\/blogs.funiber.org\/pt\/#\/schema\/logo\/image\/\",\"url\":\"https:\/\/www.funiber.blog\/pt\/wp-content\/uploads\/2022\/02\/logo-funiber-pt-br-v-dos.svg\",\"contentUrl\":\"https:\/\/www.funiber.blog\/pt\/wp-content\/uploads\/2022\/02\/logo-funiber-pt-br-v-dos.svg\",\"width\":1,\"height\":1,\"caption\":\"FuniBlogs - FUNIBER\"},\"image\":{\"@id\":\"https:\/\/blogs.funiber.org\/pt\/#\/schema\/logo\/image\/\"},\"sameAs\":[\"https:\/\/www.facebook.com\/funiber\",\"https:\/\/twitter.com\/FUNIBER\",\"https:\/\/www.instagram.com\/funiber_becas\",\"https:\/\/www.youtube.com\/user\/funiber\",\"https:\/\/www.linkedin.com\/company\/funiber\"]},{\"@type\":\"Person\",\"@id\":\"https:\/\/blogs.funiber.org\/pt\/#\/schema\/person\/a1eaaa5e57eac866a8c5946946bcf80d\",\"name\":\"Michelle\",\"image\":{\"@type\":\"ImageObject\",\"inLanguage\":\"pt-BR\",\"@id\":\"https:\/\/blogs.funiber.org\/pt\/#\/schema\/person\/image\/\",\"url\":\"https:\/\/secure.gravatar.com\/avatar\/5e87041f7609dc50493cf216754fece1?s=96&d=mm&r=g\",\"contentUrl\":\"https:\/\/secure.gravatar.com\/avatar\/5e87041f7609dc50493cf216754fece1?s=96&d=mm&r=g\",\"caption\":\"Michelle\"},\"url\":\"https:\/\/www.funiber.blog\/pt\/author\/michelle-moreira\"}]}<\/script>\n<!-- \/ Yoast SEO plugin. -->","yoast_head_json":{"title":"Rio Bita, na Col\u00f4mbia, \u00e9 designado zona h\u00famida de import\u00e2ncia internacional","description":"Com a inclus\u00e3o do Rio Bita na lista, Col\u00f4mbia passar a ter 11 lugares designados como zona Ramsar","robots":{"index":"index","follow":"follow","max-snippet":"max-snippet:-1","max-image-preview":"max-image-preview:large","max-video-preview":"max-video-preview:-1"},"canonical":"https:\/\/blogs.funiber.org\/pt\/meio-ambiente\/2018\/07\/09\/funiber-rio-bita","og_locale":"pt_BR","og_type":"article","og_title":"Rio Bita, na Col\u00f4mbia, \u00e9 designado zona h\u00famida de import\u00e2ncia internacional","og_description":"Com a inclus\u00e3o do Rio Bita na lista, Col\u00f4mbia passar a ter 11 lugares designados como zona Ramsar","og_url":"https:\/\/blogs.funiber.org\/pt\/meio-ambiente\/2018\/07\/09\/funiber-rio-bita","og_site_name":"FuniBlogs - FUNIBER","article_publisher":"https:\/\/www.facebook.com\/funiber","article_published_time":"2018-07-09T12:09:15+00:00","article_modified_time":"2018-07-10T08:57:28+00:00","og_image":[{"width":800,"height":599,"url":"https:\/\/blogs.funiber.org\/pt\/wp-content\/uploads\/2018\/07\/funiber-rio-bita.jpg","type":"image\/jpeg"}],"author":"Michelle","twitter_card":"summary_large_image","twitter_creator":"@FUNIBER","twitter_site":"@FUNIBER","twitter_misc":{"Escrito por":"Michelle","Est. tempo de leitura":"2 minutos"},"schema":{"@context":"https:\/\/schema.org","@graph":[{"@type":"Article","@id":"https:\/\/blogs.funiber.org\/pt\/meio-ambiente\/2018\/07\/09\/funiber-rio-bita#article","isPartOf":{"@id":"https:\/\/blogs.funiber.org\/pt\/meio-ambiente\/2018\/07\/09\/funiber-rio-bita"},"author":{"name":"Michelle","@id":"https:\/\/blogs.funiber.org\/pt\/#\/schema\/person\/a1eaaa5e57eac866a8c5946946bcf80d"},"headline":"Rio Bita, na Col\u00f4mbia, \u00e9 designado zona h\u00famida de import\u00e2ncia internacional","datePublished":"2018-07-09T12:09:15+00:00","dateModified":"2018-07-10T08:57:28+00:00","mainEntityOfPage":{"@id":"https:\/\/blogs.funiber.org\/pt\/meio-ambiente\/2018\/07\/09\/funiber-rio-bita"},"wordCount":363,"publisher":{"@id":"https:\/\/blogs.funiber.org\/pt\/#organization"},"keywords":["Aquecimento Global","Bolsas","Col\u00f4mbia","Conserva\u00e7\u00e3o","Doutorado","Ecossistema","Educa\u00e7\u00e3o","Educa\u00e7\u00e3o a Dist\u00e2ncia","Estudos","Funiber","FUNIBER Opini\u00f5es","Gest\u00e3o ambiental","Meio Ambiente","mestrado","Opini\u00e3o FUNIBER","Opini\u00f5es Funiber","Prote\u00e7\u00e3o","Ramsar","Rio Bita","Sustentabilidade","zona h\u00fameda"],"articleSection":["Meio Ambiente"],"inLanguage":"pt-BR"},{"@type":"WebPage","@id":"https:\/\/blogs.funiber.org\/pt\/meio-ambiente\/2018\/07\/09\/funiber-rio-bita","url":"https:\/\/blogs.funiber.org\/pt\/meio-ambiente\/2018\/07\/09\/funiber-rio-bita","name":"Rio Bita, na Col\u00f4mbia, \u00e9 designado zona h\u00famida de import\u00e2ncia internacional","isPartOf":{"@id":"https:\/\/blogs.funiber.org\/pt\/#website"},"datePublished":"2018-07-09T12:09:15+00:00","dateModified":"2018-07-10T08:57:28+00:00","description":"Com a inclus\u00e3o do Rio Bita na lista, Col\u00f4mbia passar a ter 11 lugares designados como zona Ramsar","breadcrumb":{"@id":"https:\/\/blogs.funiber.org\/pt\/meio-ambiente\/2018\/07\/09\/funiber-rio-bita#breadcrumb"},"inLanguage":"pt-BR","potentialAction":[{"@type":"ReadAction","target":["https:\/\/blogs.funiber.org\/pt\/meio-ambiente\/2018\/07\/09\/funiber-rio-bita"]}]},{"@type":"BreadcrumbList","@id":"https:\/\/blogs.funiber.org\/pt\/meio-ambiente\/2018\/07\/09\/funiber-rio-bita#breadcrumb","itemListElement":[{"@type":"ListItem","position":1,"name":"In\u00edcio","item":"https:\/\/blogs.funiber.org\/pt"},{"@type":"ListItem","position":2,"name":"Rio Bita, na Col\u00f4mbia, \u00e9 designado zona h\u00famida de import\u00e2ncia internacional"}]},{"@type":"WebSite","@id":"https:\/\/blogs.funiber.org\/pt\/#website","url":"https:\/\/blogs.funiber.org\/pt\/","name":"FuniBlogs - FUNIBER","description":"","publisher":{"@id":"https:\/\/blogs.funiber.org\/pt\/#organization"},"potentialAction":[{"@type":"SearchAction","target":{"@type":"EntryPoint","urlTemplate":"https:\/\/blogs.funiber.org\/pt\/?s={search_term_string}"},"query-input":"required name=search_term_string"}],"inLanguage":"pt-BR"},{"@type":"Organization","@id":"https:\/\/blogs.funiber.org\/pt\/#organization","name":"FuniBlogs - FUNIBER","url":"https:\/\/blogs.funiber.org\/pt\/","logo":{"@type":"ImageObject","inLanguage":"pt-BR","@id":"https:\/\/blogs.funiber.org\/pt\/#\/schema\/logo\/image\/","url":"https:\/\/www.funiber.blog\/pt\/wp-content\/uploads\/2022\/02\/logo-funiber-pt-br-v-dos.svg","contentUrl":"https:\/\/www.funiber.blog\/pt\/wp-content\/uploads\/2022\/02\/logo-funiber-pt-br-v-dos.svg","width":1,"height":1,"caption":"FuniBlogs - FUNIBER"},"image":{"@id":"https:\/\/blogs.funiber.org\/pt\/#\/schema\/logo\/image\/"},"sameAs":["https:\/\/www.facebook.com\/funiber","https:\/\/twitter.com\/FUNIBER","https:\/\/www.instagram.com\/funiber_becas","https:\/\/www.youtube.com\/user\/funiber","https:\/\/www.linkedin.com\/company\/funiber"]},{"@type":"Person","@id":"https:\/\/blogs.funiber.org\/pt\/#\/schema\/person\/a1eaaa5e57eac866a8c5946946bcf80d","name":"Michelle","image":{"@type":"ImageObject","inLanguage":"pt-BR","@id":"https:\/\/blogs.funiber.org\/pt\/#\/schema\/person\/image\/","url":"https:\/\/secure.gravatar.com\/avatar\/5e87041f7609dc50493cf216754fece1?s=96&d=mm&r=g","contentUrl":"https:\/\/secure.gravatar.com\/avatar\/5e87041f7609dc50493cf216754fece1?s=96&d=mm&r=g","caption":"Michelle"},"url":"https:\/\/www.funiber.blog\/pt\/author\/michelle-moreira"}]}},"jetpack_featured_media_url":"https:\/\/www.funiber.blog\/pt\/wp-content\/uploads\/2018\/07\/funiber-rio-bita.jpg","jetpack_shortlink":"https:\/\/wp.me\/p7ee1t-4hb","jetpack_sharing_enabled":true,"_links":{"self":[{"href":"https:\/\/www.funiber.blog\/pt\/wp-json\/wp\/v2\/posts\/16441"}],"collection":[{"href":"https:\/\/www.funiber.blog\/pt\/wp-json\/wp\/v2\/posts"}],"about":[{"href":"https:\/\/www.funiber.blog\/pt\/wp-json\/wp\/v2\/types\/post"}],"author":[{"embeddable":true,"href":"https:\/\/www.funiber.blog\/pt\/wp-json\/wp\/v2\/users\/10"}],"replies":[{"embeddable":true,"href":"https:\/\/www.funiber.blog\/pt\/wp-json\/wp\/v2\/comments?post=16441"}],"version-history":[{"count":2,"href":"https:\/\/www.funiber.blog\/pt\/wp-json\/wp\/v2\/posts\/16441\/revisions"}],"predecessor-version":[{"id":16444,"href":"https:\/\/www.funiber.blog\/pt\/wp-json\/wp\/v2\/posts\/16441\/revisions\/16444"}],"wp:featuredmedia":[{"embeddable":true,"href":"https:\/\/www.funiber.blog\/pt\/wp-json\/wp\/v2\/media\/16442"}],"wp:attachment":[{"href":"https:\/\/www.funiber.blog\/pt\/wp-json\/wp\/v2\/media?parent=16441"}],"wp:term":[{"taxonomy":"category","embeddable":true,"href":"https:\/\/www.funiber.blog\/pt\/wp-json\/wp\/v2\/categories?post=16441"},{"taxonomy":"post_tag","embeddable":true,"href":"https:\/\/www.funiber.blog\/pt\/wp-json\/wp\/v2\/tags?post=16441"}],"curies":[{"name":"wp","href":"https:\/\/api.w.org\/{rel}","templated":true}]}}