{"id":16538,"date":"2018-07-20T10:40:33","date_gmt":"2018-07-20T10:40:33","guid":{"rendered":"https:\/\/blogs.funiber.org\/pt\/?p=16538"},"modified":"2018-07-20T10:40:33","modified_gmt":"2018-07-20T10:40:33","slug":"funiber-direitos-idosos-2","status":"publish","type":"post","link":"https:\/\/www.funiber.blog\/pt\/gerontologia\/2018\/07\/20\/funiber-direitos-idosos-2","title":{"rendered":"Semin\u00e1rios para promo\u00e7\u00e3o dos direitos dos idosos"},"content":{"rendered":"<h2>El Salvador \u00e9 hoje um exemplo de pa\u00eds da Am\u00e9rica Central que cuida dos direitos dos idosos. Implementou recentemente, por exemplo, o Semin\u00e1rio de Capacita\u00e7\u00e3o para Educadores sobre os Direitos Humanos dos Idosos<\/h2>\n<p>A Declara\u00e7\u00e3o Universal dos Direitos Humanos (artigo 25, par\u00e1grafo 1) declara que: \u201cTodo ser humano tem direito a um padr\u00e3o de vida capaz de assegurar a si e \u00e0 sua fam\u00edlia sa\u00fade, bem-estar, inclusive alimenta\u00e7\u00e3o, vestu\u00e1rio, habita\u00e7\u00e3o, cuidados m\u00e9dicos e os servi\u00e7os sociais indispens\u00e1veis e direito \u00e0 seguran\u00e7a em caso de desemprego, doen\u00e7a invalidez, viuvez, velhice ou outros casos de perda dos meios de subsist\u00eancia em circunst\u00e2ncias fora de seu controle\u201d.<!--more--><\/p>\n<p><a href=\"https:\/\/www.linkedin.com\/in\/patricia-alzate-monroy-1872797b\/\" target=\"_blank\" rel=\"noopener\">Patricia Alzate Monroy<\/a>, advogada e doutora, sustenta em um\u00a0<a href=\"https:\/\/www.am-abogados.com\/blog\/los-derechos-de-las-personas-mayores-o-de-la-tercera-edad\/3712\/\" target=\"_blank\" rel=\"noopener\">artigo<\/a> que os direitos de prote\u00e7\u00e3o, participa\u00e7\u00e3o e imagem do idoso devem ser uma prioridade das autoridades para atender sua particular vulnerabilidade, o que n\u00e3o deve ser confundido com um futuro de poucas possibilidades.<\/p>\n<p>Nesse sentido, a subsecret\u00e1ria de inclus\u00e3o social Guadalupe de Espinoza e a diretora da pessoa idosa da Secretaria de Inclus\u00e3o Social de El Salvador Jennifer Sound ofereceram o <a href=\"http:\/\/www.inclusionsocial.gob.sv\/discurso-de-la-subsecretaria-guadalupe-de-espinoza-en-inauguracion-de-taller-de-formacion-en-ddhh-para-adultos-mayores\/\" target=\"_blank\" rel=\"noopener\">Semin\u00e1rio de Capacita\u00e7\u00e3o para Educadores sobre os Direitos Humanos dos Idosos<\/a>, voltado para funcion\u00e1rios de institui\u00e7\u00f5es que fazem parte do Conselho Nacional de Aten\u00e7\u00e3o Integral a Programas para Idosos (CONAIPAM) e membros de organiza\u00e7\u00f5es da sociedade civil registradas no referido conselho.<\/p>\n<p>O objetivo do semin\u00e1rio, que foi realizado no \u00e2mbito do <a href=\"https:\/\/blogs.funiber.org\/gerontologia\/2018\/06\/15\/funiber-respetan-derechos-adultos-mayores\" target=\"_blank\" rel=\"noopener\">Dia Internacional de Conscientiza\u00e7\u00e3o sobre Abuso e Maus-tratos na Terceira Idade<\/a>, foi fornecer os conhecimentos e ferramentas necess\u00e1rios que contribuem para a promo\u00e7\u00e3o e dissemina\u00e7\u00e3o dos direitos estabelecidos nos regulamentos nacionais e internacionais de direitos humanos em benef\u00edcio dos idosos.<\/p>\n<p>Guadalupe de Espinoza destacou em seu discurso que \u201cuma parte importante da estrat\u00e9gia de dissemina\u00e7\u00e3o \u00e9 o empoderamento dos pr\u00f3prios idosos, especialmente daqueles que, atrav\u00e9s de diversas organiza\u00e7\u00f5es n\u00e3o governamentais, promovem os direitos humanos desse grupo e denunciam as viola\u00e7\u00f5es cometidas\u201d.<\/p>\n<p>Ela tamb\u00e9m afirmou que El Salvador fez grandes avan\u00e7os nos \u00faltimos nove anos na constru\u00e7\u00e3o de melhores condi\u00e7\u00f5es para as pessoas que vivem em exclus\u00e3o social e marginalidade. Um exemplo disso \u00e9 a aprova\u00e7\u00e3o de tr\u00eas novos corpos normativos: uma conven\u00e7\u00e3o internacional sobre os direitos do idoso, uma nova pol\u00edtica nacional e uma nova lei para o idoso, destacou a funcion\u00e1ria em seu discurso.<\/p>\n<p>\u00c9 essencial que cada pa\u00eds garanta direitos a esse setor da popula\u00e7\u00e3o. Portanto, o <a href=\"http:\/\/www.funiber.org.br\/mestrado-em-gerontologia\" target=\"_blank\" rel=\"noopener\">mestrado em Gerontologia<\/a>\u00a0oferecido pela <a href=\"http:\/\/www.funiber.org.br\/\" target=\"_blank\" rel=\"noopener\">FUNIBER<\/a>\u00a0\u00e9 uma op\u00e7\u00e3o de forma\u00e7\u00e3o ideal para aqueles que desejam ampliar seus conhecimentos no campo da assist\u00eancia social, cultural e legal dos idosos.<\/p>\n<p>Fonte:\u00a0<a href=\"http:\/\/www.inclusionsocial.gob.sv\/sis-inaugura-proceso-formativo-para-promover-el-respeto-a-derechos-de-las-personas-mayores\/\">SIS inaugura processo de forma\u00e7\u00e3o para promover o respeito aos direitos dos idosos<\/a><\/p>\n<p>Foto: todos os direitos reservados<\/p>\n","protected":false},"excerpt":{"rendered":"<p>El Salvador \u00e9 hoje um exemplo de pa\u00eds da Am\u00e9rica Central que cuida dos direitos dos idosos. Implementou recentemente, por exemplo, o Semin\u00e1rio de Capacita\u00e7\u00e3o para Educadores sobre os Direitos Humanos dos Idosos A Declara\u00e7\u00e3o Universal dos Direitos Humanos (artigo 25, par\u00e1grafo 1) declara que: \u201cTodo ser humano tem direito a um padr\u00e3o de vida [&hellip;]<\/p>\n","protected":false},"author":10,"featured_media":16539,"comment_status":"closed","ping_status":"closed","sticky":false,"template":"","format":"standard","meta":{"jetpack_post_was_ever_published":false,"_jetpack_newsletter_access":"","_jetpack_newsletter_tier_id":0,"footnotes":"","jetpack_publicize_message":"","jetpack_is_tweetstorm":false,"jetpack_publicize_feature_enabled":true,"jetpack_social_post_already_shared":true,"jetpack_social_options":{"image_generator_settings":{"template":"highway","enabled":false}}},"categories":[1],"tags":[305,1242,371,408,100,119,504,248,911,739,267,4056,641,255,1586],"jetpack_publicize_connections":[],"yoast_head":"<!-- This site is optimized with the Yoast SEO plugin v21.7 - https:\/\/yoast.com\/wordpress\/plugins\/seo\/ -->\n<title>Semin\u00e1rios para promo\u00e7\u00e3o dos direitos dos idosos<\/title>\n<meta name=\"description\" content=\"El Salvador \u00e9 hoje um exemplo de pa\u00eds da Am\u00e9rica Central que cuida dos direitos dos idosos. Implementou recentemente, por exemplo, o Semin\u00e1rio de Capacita\u00e7\u00e3o para Educadores sobre os Direitos Humanos dos Idosos\" \/>\n<meta name=\"robots\" content=\"noindex, nofollow\" \/>\n<meta property=\"og:locale\" content=\"pt_BR\" \/>\n<meta property=\"og:type\" content=\"article\" \/>\n<meta property=\"og:title\" content=\"Semin\u00e1rios para promo\u00e7\u00e3o dos direitos dos idosos\" \/>\n<meta property=\"og:description\" content=\"El Salvador \u00e9 hoje um exemplo de pa\u00eds da Am\u00e9rica Central que cuida dos direitos dos idosos. Implementou recentemente, por exemplo, o Semin\u00e1rio de Capacita\u00e7\u00e3o para Educadores sobre os Direitos Humanos dos Idosos\" \/>\n<meta property=\"og:url\" content=\"https:\/\/blogs.funiber.org\/pt\/gerontologia\/2018\/07\/20\/funiber-direitos-idosos-2\" \/>\n<meta property=\"og:site_name\" content=\"FuniBlogs - FUNIBER\" \/>\n<meta property=\"article:publisher\" content=\"https:\/\/www.facebook.com\/funiber\" \/>\n<meta property=\"article:published_time\" content=\"2018-07-20T10:40:33+00:00\" \/>\n<meta property=\"og:image\" content=\"https:\/\/blogs.funiber.org\/pt\/wp-content\/uploads\/2018\/07\/funiber-direitos-idosos.jpg\" \/>\n\t<meta property=\"og:image:width\" content=\"768\" \/>\n\t<meta property=\"og:image:height\" content=\"576\" \/>\n\t<meta property=\"og:image:type\" content=\"image\/jpeg\" \/>\n<meta name=\"author\" content=\"Michelle\" \/>\n<meta name=\"twitter:card\" content=\"summary_large_image\" \/>\n<meta name=\"twitter:creator\" content=\"@FUNIBER\" \/>\n<meta name=\"twitter:site\" content=\"@FUNIBER\" \/>\n<meta name=\"twitter:label1\" content=\"Escrito por\" \/>\n\t<meta name=\"twitter:data1\" content=\"Michelle\" \/>\n\t<meta name=\"twitter:label2\" content=\"Est. tempo de leitura\" \/>\n\t<meta name=\"twitter:data2\" content=\"2 minutos\" \/>\n<script type=\"application\/ld+json\" class=\"yoast-schema-graph\">{\"@context\":\"https:\/\/schema.org\",\"@graph\":[{\"@type\":\"Article\",\"@id\":\"https:\/\/blogs.funiber.org\/pt\/gerontologia\/2018\/07\/20\/funiber-direitos-idosos-2#article\",\"isPartOf\":{\"@id\":\"https:\/\/blogs.funiber.org\/pt\/gerontologia\/2018\/07\/20\/funiber-direitos-idosos-2\"},\"author\":{\"name\":\"Michelle\",\"@id\":\"https:\/\/blogs.funiber.org\/pt\/#\/schema\/person\/a1eaaa5e57eac866a8c5946946bcf80d\"},\"headline\":\"Semin\u00e1rios para promo\u00e7\u00e3o dos direitos dos idosos\",\"datePublished\":\"2018-07-20T10:40:33+00:00\",\"dateModified\":\"2018-07-20T10:40:33+00:00\",\"mainEntityOfPage\":{\"@id\":\"https:\/\/blogs.funiber.org\/pt\/gerontologia\/2018\/07\/20\/funiber-direitos-idosos-2\"},\"wordCount\":493,\"publisher\":{\"@id\":\"https:\/\/blogs.funiber.org\/pt\/#organization\"},\"keywords\":[\"Atendimento\",\"Bolsas\",\"Direitos\",\"Educa\u00e7\u00e3o a Dist\u00e2ncia\",\"Envelhecimento\",\"Estudos\",\"Forma\u00e7\u00e3o\",\"Funiber\",\"FUNIBER Opini\u00f5es\",\"gerontologia\",\"Idosos\",\"oficinas\",\"Opini\u00e3o FUNIBER\",\"Opini\u00f5es Funiber\",\"semin\u00e1rios\"],\"articleSection\":[\"Gerontologia\"],\"inLanguage\":\"pt-BR\"},{\"@type\":\"WebPage\",\"@id\":\"https:\/\/blogs.funiber.org\/pt\/gerontologia\/2018\/07\/20\/funiber-direitos-idosos-2\",\"url\":\"https:\/\/blogs.funiber.org\/pt\/gerontologia\/2018\/07\/20\/funiber-direitos-idosos-2\",\"name\":\"Semin\u00e1rios para promo\u00e7\u00e3o dos direitos dos idosos\",\"isPartOf\":{\"@id\":\"https:\/\/blogs.funiber.org\/pt\/#website\"},\"datePublished\":\"2018-07-20T10:40:33+00:00\",\"dateModified\":\"2018-07-20T10:40:33+00:00\",\"description\":\"El Salvador \u00e9 hoje um exemplo de pa\u00eds da Am\u00e9rica Central que cuida dos direitos dos idosos. Implementou recentemente, por exemplo, o Semin\u00e1rio de Capacita\u00e7\u00e3o para Educadores sobre os Direitos Humanos dos Idosos\",\"breadcrumb\":{\"@id\":\"https:\/\/blogs.funiber.org\/pt\/gerontologia\/2018\/07\/20\/funiber-direitos-idosos-2#breadcrumb\"},\"inLanguage\":\"pt-BR\",\"potentialAction\":[{\"@type\":\"ReadAction\",\"target\":[\"https:\/\/blogs.funiber.org\/pt\/gerontologia\/2018\/07\/20\/funiber-direitos-idosos-2\"]}]},{\"@type\":\"BreadcrumbList\",\"@id\":\"https:\/\/blogs.funiber.org\/pt\/gerontologia\/2018\/07\/20\/funiber-direitos-idosos-2#breadcrumb\",\"itemListElement\":[{\"@type\":\"ListItem\",\"position\":1,\"name\":\"In\u00edcio\",\"item\":\"https:\/\/blogs.funiber.org\/pt\"},{\"@type\":\"ListItem\",\"position\":2,\"name\":\"Semin\u00e1rios para promo\u00e7\u00e3o dos direitos dos idosos\"}]},{\"@type\":\"WebSite\",\"@id\":\"https:\/\/blogs.funiber.org\/pt\/#website\",\"url\":\"https:\/\/blogs.funiber.org\/pt\/\",\"name\":\"FuniBlogs - FUNIBER\",\"description\":\"\",\"publisher\":{\"@id\":\"https:\/\/blogs.funiber.org\/pt\/#organization\"},\"potentialAction\":[{\"@type\":\"SearchAction\",\"target\":{\"@type\":\"EntryPoint\",\"urlTemplate\":\"https:\/\/blogs.funiber.org\/pt\/?s={search_term_string}\"},\"query-input\":\"required name=search_term_string\"}],\"inLanguage\":\"pt-BR\"},{\"@type\":\"Organization\",\"@id\":\"https:\/\/blogs.funiber.org\/pt\/#organization\",\"name\":\"FuniBlogs - FUNIBER\",\"url\":\"https:\/\/blogs.funiber.org\/pt\/\",\"logo\":{\"@type\":\"ImageObject\",\"inLanguage\":\"pt-BR\",\"@id\":\"https:\/\/blogs.funiber.org\/pt\/#\/schema\/logo\/image\/\",\"url\":\"https:\/\/www.funiber.blog\/pt\/wp-content\/uploads\/2022\/02\/logo-funiber-pt-br-v-dos.svg\",\"contentUrl\":\"https:\/\/www.funiber.blog\/pt\/wp-content\/uploads\/2022\/02\/logo-funiber-pt-br-v-dos.svg\",\"width\":1,\"height\":1,\"caption\":\"FuniBlogs - FUNIBER\"},\"image\":{\"@id\":\"https:\/\/blogs.funiber.org\/pt\/#\/schema\/logo\/image\/\"},\"sameAs\":[\"https:\/\/www.facebook.com\/funiber\",\"https:\/\/twitter.com\/FUNIBER\",\"https:\/\/www.instagram.com\/funiber_becas\",\"https:\/\/www.youtube.com\/user\/funiber\",\"https:\/\/www.linkedin.com\/company\/funiber\"]},{\"@type\":\"Person\",\"@id\":\"https:\/\/blogs.funiber.org\/pt\/#\/schema\/person\/a1eaaa5e57eac866a8c5946946bcf80d\",\"name\":\"Michelle\",\"image\":{\"@type\":\"ImageObject\",\"inLanguage\":\"pt-BR\",\"@id\":\"https:\/\/blogs.funiber.org\/pt\/#\/schema\/person\/image\/\",\"url\":\"https:\/\/secure.gravatar.com\/avatar\/5e87041f7609dc50493cf216754fece1?s=96&d=mm&r=g\",\"contentUrl\":\"https:\/\/secure.gravatar.com\/avatar\/5e87041f7609dc50493cf216754fece1?s=96&d=mm&r=g\",\"caption\":\"Michelle\"},\"url\":\"https:\/\/www.funiber.blog\/pt\/author\/michelle-moreira\"}]}<\/script>\n<!-- \/ Yoast SEO plugin. -->","yoast_head_json":{"title":"Semin\u00e1rios para promo\u00e7\u00e3o dos direitos dos idosos","description":"El Salvador \u00e9 hoje um exemplo de pa\u00eds da Am\u00e9rica Central que cuida dos direitos dos idosos. Implementou recentemente, por exemplo, o Semin\u00e1rio de Capacita\u00e7\u00e3o para Educadores sobre os Direitos Humanos dos Idosos","robots":{"index":"noindex","follow":"nofollow"},"og_locale":"pt_BR","og_type":"article","og_title":"Semin\u00e1rios para promo\u00e7\u00e3o dos direitos dos idosos","og_description":"El Salvador \u00e9 hoje um exemplo de pa\u00eds da Am\u00e9rica Central que cuida dos direitos dos idosos. Implementou recentemente, por exemplo, o Semin\u00e1rio de Capacita\u00e7\u00e3o para Educadores sobre os Direitos Humanos dos Idosos","og_url":"https:\/\/blogs.funiber.org\/pt\/gerontologia\/2018\/07\/20\/funiber-direitos-idosos-2","og_site_name":"FuniBlogs - FUNIBER","article_publisher":"https:\/\/www.facebook.com\/funiber","article_published_time":"2018-07-20T10:40:33+00:00","og_image":[{"width":768,"height":576,"url":"https:\/\/blogs.funiber.org\/pt\/wp-content\/uploads\/2018\/07\/funiber-direitos-idosos.jpg","type":"image\/jpeg"}],"author":"Michelle","twitter_card":"summary_large_image","twitter_creator":"@FUNIBER","twitter_site":"@FUNIBER","twitter_misc":{"Escrito por":"Michelle","Est. tempo de leitura":"2 minutos"},"schema":{"@context":"https:\/\/schema.org","@graph":[{"@type":"Article","@id":"https:\/\/blogs.funiber.org\/pt\/gerontologia\/2018\/07\/20\/funiber-direitos-idosos-2#article","isPartOf":{"@id":"https:\/\/blogs.funiber.org\/pt\/gerontologia\/2018\/07\/20\/funiber-direitos-idosos-2"},"author":{"name":"Michelle","@id":"https:\/\/blogs.funiber.org\/pt\/#\/schema\/person\/a1eaaa5e57eac866a8c5946946bcf80d"},"headline":"Semin\u00e1rios para promo\u00e7\u00e3o dos direitos dos idosos","datePublished":"2018-07-20T10:40:33+00:00","dateModified":"2018-07-20T10:40:33+00:00","mainEntityOfPage":{"@id":"https:\/\/blogs.funiber.org\/pt\/gerontologia\/2018\/07\/20\/funiber-direitos-idosos-2"},"wordCount":493,"publisher":{"@id":"https:\/\/blogs.funiber.org\/pt\/#organization"},"keywords":["Atendimento","Bolsas","Direitos","Educa\u00e7\u00e3o a Dist\u00e2ncia","Envelhecimento","Estudos","Forma\u00e7\u00e3o","Funiber","FUNIBER Opini\u00f5es","gerontologia","Idosos","oficinas","Opini\u00e3o FUNIBER","Opini\u00f5es Funiber","semin\u00e1rios"],"articleSection":["Gerontologia"],"inLanguage":"pt-BR"},{"@type":"WebPage","@id":"https:\/\/blogs.funiber.org\/pt\/gerontologia\/2018\/07\/20\/funiber-direitos-idosos-2","url":"https:\/\/blogs.funiber.org\/pt\/gerontologia\/2018\/07\/20\/funiber-direitos-idosos-2","name":"Semin\u00e1rios para promo\u00e7\u00e3o dos direitos dos idosos","isPartOf":{"@id":"https:\/\/blogs.funiber.org\/pt\/#website"},"datePublished":"2018-07-20T10:40:33+00:00","dateModified":"2018-07-20T10:40:33+00:00","description":"El Salvador \u00e9 hoje um exemplo de pa\u00eds da Am\u00e9rica Central que cuida dos direitos dos idosos. Implementou recentemente, por exemplo, o Semin\u00e1rio de Capacita\u00e7\u00e3o para Educadores sobre os Direitos Humanos dos Idosos","breadcrumb":{"@id":"https:\/\/blogs.funiber.org\/pt\/gerontologia\/2018\/07\/20\/funiber-direitos-idosos-2#breadcrumb"},"inLanguage":"pt-BR","potentialAction":[{"@type":"ReadAction","target":["https:\/\/blogs.funiber.org\/pt\/gerontologia\/2018\/07\/20\/funiber-direitos-idosos-2"]}]},{"@type":"BreadcrumbList","@id":"https:\/\/blogs.funiber.org\/pt\/gerontologia\/2018\/07\/20\/funiber-direitos-idosos-2#breadcrumb","itemListElement":[{"@type":"ListItem","position":1,"name":"In\u00edcio","item":"https:\/\/blogs.funiber.org\/pt"},{"@type":"ListItem","position":2,"name":"Semin\u00e1rios para promo\u00e7\u00e3o dos direitos dos idosos"}]},{"@type":"WebSite","@id":"https:\/\/blogs.funiber.org\/pt\/#website","url":"https:\/\/blogs.funiber.org\/pt\/","name":"FuniBlogs - FUNIBER","description":"","publisher":{"@id":"https:\/\/blogs.funiber.org\/pt\/#organization"},"potentialAction":[{"@type":"SearchAction","target":{"@type":"EntryPoint","urlTemplate":"https:\/\/blogs.funiber.org\/pt\/?s={search_term_string}"},"query-input":"required name=search_term_string"}],"inLanguage":"pt-BR"},{"@type":"Organization","@id":"https:\/\/blogs.funiber.org\/pt\/#organization","name":"FuniBlogs - FUNIBER","url":"https:\/\/blogs.funiber.org\/pt\/","logo":{"@type":"ImageObject","inLanguage":"pt-BR","@id":"https:\/\/blogs.funiber.org\/pt\/#\/schema\/logo\/image\/","url":"https:\/\/www.funiber.blog\/pt\/wp-content\/uploads\/2022\/02\/logo-funiber-pt-br-v-dos.svg","contentUrl":"https:\/\/www.funiber.blog\/pt\/wp-content\/uploads\/2022\/02\/logo-funiber-pt-br-v-dos.svg","width":1,"height":1,"caption":"FuniBlogs - FUNIBER"},"image":{"@id":"https:\/\/blogs.funiber.org\/pt\/#\/schema\/logo\/image\/"},"sameAs":["https:\/\/www.facebook.com\/funiber","https:\/\/twitter.com\/FUNIBER","https:\/\/www.instagram.com\/funiber_becas","https:\/\/www.youtube.com\/user\/funiber","https:\/\/www.linkedin.com\/company\/funiber"]},{"@type":"Person","@id":"https:\/\/blogs.funiber.org\/pt\/#\/schema\/person\/a1eaaa5e57eac866a8c5946946bcf80d","name":"Michelle","image":{"@type":"ImageObject","inLanguage":"pt-BR","@id":"https:\/\/blogs.funiber.org\/pt\/#\/schema\/person\/image\/","url":"https:\/\/secure.gravatar.com\/avatar\/5e87041f7609dc50493cf216754fece1?s=96&d=mm&r=g","contentUrl":"https:\/\/secure.gravatar.com\/avatar\/5e87041f7609dc50493cf216754fece1?s=96&d=mm&r=g","caption":"Michelle"},"url":"https:\/\/www.funiber.blog\/pt\/author\/michelle-moreira"}]}},"jetpack_featured_media_url":"https:\/\/www.funiber.blog\/pt\/wp-content\/uploads\/2018\/07\/funiber-direitos-idosos.jpg","jetpack_shortlink":"https:\/\/wp.me\/p7ee1t-4iK","jetpack_sharing_enabled":true,"_links":{"self":[{"href":"https:\/\/www.funiber.blog\/pt\/wp-json\/wp\/v2\/posts\/16538"}],"collection":[{"href":"https:\/\/www.funiber.blog\/pt\/wp-json\/wp\/v2\/posts"}],"about":[{"href":"https:\/\/www.funiber.blog\/pt\/wp-json\/wp\/v2\/types\/post"}],"author":[{"embeddable":true,"href":"https:\/\/www.funiber.blog\/pt\/wp-json\/wp\/v2\/users\/10"}],"replies":[{"embeddable":true,"href":"https:\/\/www.funiber.blog\/pt\/wp-json\/wp\/v2\/comments?post=16538"}],"version-history":[{"count":1,"href":"https:\/\/www.funiber.blog\/pt\/wp-json\/wp\/v2\/posts\/16538\/revisions"}],"predecessor-version":[{"id":16540,"href":"https:\/\/www.funiber.blog\/pt\/wp-json\/wp\/v2\/posts\/16538\/revisions\/16540"}],"wp:featuredmedia":[{"embeddable":true,"href":"https:\/\/www.funiber.blog\/pt\/wp-json\/wp\/v2\/media\/16539"}],"wp:attachment":[{"href":"https:\/\/www.funiber.blog\/pt\/wp-json\/wp\/v2\/media?parent=16538"}],"wp:term":[{"taxonomy":"category","embeddable":true,"href":"https:\/\/www.funiber.blog\/pt\/wp-json\/wp\/v2\/categories?post=16538"},{"taxonomy":"post_tag","embeddable":true,"href":"https:\/\/www.funiber.blog\/pt\/wp-json\/wp\/v2\/tags?post=16538"}],"curies":[{"name":"wp","href":"https:\/\/api.w.org\/{rel}","templated":true}]}}