{"id":16554,"date":"2018-07-22T13:02:51","date_gmt":"2018-07-22T13:02:51","guid":{"rendered":"https:\/\/blogs.funiber.org\/pt\/?p=16554"},"modified":"2018-07-20T13:07:04","modified_gmt":"2018-07-20T13:07:04","slug":"funiber-viuvas","status":"publish","type":"post","link":"https:\/\/www.funiber.blog\/pt\/gerontologia\/2018\/07\/22\/funiber-viuvas","title":{"rendered":"Maior parte das vi\u00favas t\u00eam mais de 60 anos"},"content":{"rendered":"<h2>A ONU\u00a0<a href=\"http:\/\/www.un.org\/es\/events\/widowsday\/\" target=\"_blank\" rel=\"noopener\">declarou o dia 23 de junho<\/a>\u00a0como \u201cDia Internacional das Vi\u00favas\u201d para destacar a aus\u00eancia deste grupo de mulheres em pesquisas, estat\u00edsticas e organiza\u00e7\u00f5es estatais<\/h2>\n<p>Vi\u00fava \u00e9 aquela pessoa cujo c\u00f4njuge morreu e que n\u00e3o voltou a se casar. As vi\u00favas formam um grupo vulner\u00e1vel que sofre com graves abusos em todo o mundo. A Organiza\u00e7\u00e3o das Na\u00e7\u00f5es Unidas (ONU) considera que o abuso das vi\u00favas e de seus filhos constitui uma das viola\u00e7\u00f5es mais graves dos direitos humanos e dificulta o desenvolvimento atual. Milh\u00f5es de vi\u00favas no mundo sofrem com a pobreza extrema, o isolamento, a viol\u00eancia, a falta de moradia, as doen\u00e7as e a discrimina\u00e7\u00e3o em rela\u00e7\u00e3o \u00e0s leis e costumes.<!--more--><\/p>\n<p>No M\u00e9xico, de acordo com dados da\u00a0<a href=\"http:\/\/www.beta.inegi.org.mx\/proyectos\/enchogares\/especiales\/intercensal\/\" target=\"_blank\" rel=\"noopener\">Encuesta Intercensal<\/a>, do INEGI, sete em cada dez mulheres vi\u00favas t\u00eam 60 anos ou mais. A pesquisa revela que 72,7% das vi\u00favas n\u00e3o t\u00eam pens\u00e3o, apenas 27,3% da popula\u00e7\u00e3o feminina vi\u00fava era benefici\u00e1ria.<\/p>\n<p>\u201cEmbora estejam dispon\u00edveis poucas informa\u00e7\u00f5es precisas, estima-se que existam cerca de 258 milh\u00f5es de vi\u00favas no mundo e aproximadamente uma em cada dez vive em pobreza extrema\u201d, afirma o site da ONU.<\/p>\n<p>A condi\u00e7\u00e3o de viuvez \u00e9 uma situa\u00e7\u00e3o conjugal associada ao avan\u00e7o da idade, pois com o t\u00e9rmino do ciclo de vida, ocorre o t\u00e9rmino das rela\u00e7\u00f5es de uni\u00e3o. Esta condi\u00e7\u00e3o ocorre mais comumente entre as mulheres, porque sua expectativa de vida \u00e9 maior que a dos homens.<\/p>\n<p>O estudo \u201c<a href=\"https:\/\/www.sciencedirect.com\/science\/article\/pii\/S0165032713006721\" target=\"_blank\" rel=\"noopener\">Depress\u00e3o relacionada ao luto na popula\u00e7\u00e3o idosa: um transtorno diferente?<\/a>\u201d, publicado na Revista Journal of Affective Disorders, identificou que depress\u00e3o por luto afeta 39% dos idosos, e todos os sintomas de depress\u00e3o se manifestam nesses casos.<\/p>\n<p>Depress\u00e3o por luto persiste, assim como o Transtorno Depressivo Maior, acima de doze meses.<\/p>\n<p>Projetado para aliviar esta situa\u00e7\u00e3o, o Grupo Nacional de Vi\u00favas da Guatemala \u00a0(<a href=\"http:\/\/conavigua.tripod.com\/\" target=\"_blank\" rel=\"noopener\">CONAVIGUA<\/a>) \u00e9 um exemplo de reivindica\u00e7\u00e3o, organizado para lutar pelas necessidades mais imediatas e urgentes de alimenta\u00e7\u00e3o e de moradia para crian\u00e7as e fam\u00edlias de vi\u00favas. Al\u00e9m disso, exigem que o governo garanta educa\u00e7\u00e3o e apoio econ\u00f4mico para esse grupo social.<\/p>\n<p>Pensando em fomentar mais iniciativas como a CONAVIGUA e a\u00e7\u00f5es que promovem a qualidade de vida das mulheres vi\u00favas, a ONU criou no dia 23 de junho uma data comemorativa para conscientizar a popula\u00e7\u00e3o sobre esse grupo vulner\u00e1vel.<\/p>\n<p>Para os interessados em quest\u00f5es relacionadas aos idosos, o\u00a0<a href=\"http:\/\/www.funiber.org.br\/mestrado-em-gerontologia\" target=\"_blank\" rel=\"noopener\">Mestrado em Gerontologia<\/a>\u00a0patrocinado pela\u00a0<a href=\"http:\/\/www.funiber.org.br\/\" target=\"_blank\" rel=\"noopener\">FUNIBER<\/a>\u00a0preconiza a forma\u00e7\u00e3o de profissionais competentes, capazes de dar uma resposta positiva \u00e0s necessidades de cuidado e aten\u00e7\u00e3o do idoso.<\/p>\n<p>Fonte:\u00a0<a href=\"http:\/\/onu.org.pe\/dias-internacionales\/dia-internacional-de-las-viudas-2\/\" target=\"_blank\" rel=\"noopener\">D\u00eda Internacional de las Viudas<\/a><\/p>\n<p>Foto: Todos os direitos reservados<\/p>\n","protected":false},"excerpt":{"rendered":"<p>A ONU\u00a0declarou o dia 23 de junho\u00a0como \u201cDia Internacional das Vi\u00favas\u201d para destacar a aus\u00eancia deste grupo de mulheres em pesquisas, estat\u00edsticas e organiza\u00e7\u00f5es estatais Vi\u00fava \u00e9 aquela pessoa cujo c\u00f4njuge morreu e que n\u00e3o voltou a se casar. As vi\u00favas formam um grupo vulner\u00e1vel que sofre com graves abusos em todo o mundo. A [&hellip;]<\/p>\n","protected":false},"author":10,"featured_media":16555,"comment_status":"closed","ping_status":"closed","sticky":false,"template":"","format":"standard","meta":{"jetpack_post_was_ever_published":false,"_jetpack_newsletter_access":"","_jetpack_newsletter_tier_id":0,"footnotes":"","jetpack_publicize_message":"","jetpack_is_tweetstorm":false,"jetpack_publicize_feature_enabled":true,"jetpack_social_post_already_shared":true,"jetpack_social_options":{"image_generator_settings":{"template":"highway","enabled":false}}},"categories":[1],"tags":[1242,4062,285,100,119,248,911,739,267,671,641,255,113,217,4061],"jetpack_publicize_connections":[],"yoast_head":"<!-- This site is optimized with the Yoast SEO plugin v21.7 - https:\/\/yoast.com\/wordpress\/plugins\/seo\/ -->\n<title>Maior parte das vi\u00favas t\u00eam mais de 60 anos<\/title>\n<meta name=\"description\" content=\"A ONU\u00a0declarou o dia 23 de junho\u00a0como \u201cDia Internacional das Vi\u00favas\u201d para destacar a aus\u00eancia deste grupo de mulheres em pesquisas, estat\u00edsticas e organiza\u00e7\u00f5es estatais\" \/>\n<meta name=\"robots\" content=\"index, follow, max-snippet:-1, max-image-preview:large, max-video-preview:-1\" \/>\n<link rel=\"canonical\" href=\"https:\/\/blogs.funiber.org\/pt\/gerontologia\/2018\/07\/22\/funiber-viuvas\" \/>\n<meta property=\"og:locale\" content=\"pt_BR\" \/>\n<meta property=\"og:type\" content=\"article\" \/>\n<meta property=\"og:title\" content=\"Maior parte das vi\u00favas t\u00eam mais de 60 anos\" \/>\n<meta property=\"og:description\" content=\"A ONU\u00a0declarou o dia 23 de junho\u00a0como \u201cDia Internacional das Vi\u00favas\u201d para destacar a aus\u00eancia deste grupo de mulheres em pesquisas, estat\u00edsticas e organiza\u00e7\u00f5es estatais\" \/>\n<meta property=\"og:url\" content=\"https:\/\/blogs.funiber.org\/pt\/gerontologia\/2018\/07\/22\/funiber-viuvas\" \/>\n<meta property=\"og:site_name\" content=\"FuniBlogs - FUNIBER\" \/>\n<meta property=\"article:publisher\" content=\"https:\/\/www.facebook.com\/funiber\" \/>\n<meta property=\"article:published_time\" content=\"2018-07-22T13:02:51+00:00\" \/>\n<meta property=\"article:modified_time\" content=\"2018-07-20T13:07:04+00:00\" \/>\n<meta property=\"og:image\" content=\"https:\/\/blogs.funiber.org\/pt\/wp-content\/uploads\/2018\/07\/funiber-viuvas.jpg\" \/>\n\t<meta property=\"og:image:width\" content=\"768\" \/>\n\t<meta property=\"og:image:height\" content=\"576\" \/>\n\t<meta property=\"og:image:type\" content=\"image\/jpeg\" \/>\n<meta name=\"author\" content=\"Michelle\" \/>\n<meta name=\"twitter:card\" content=\"summary_large_image\" \/>\n<meta name=\"twitter:creator\" content=\"@FUNIBER\" \/>\n<meta name=\"twitter:site\" content=\"@FUNIBER\" \/>\n<meta name=\"twitter:label1\" content=\"Escrito por\" \/>\n\t<meta name=\"twitter:data1\" content=\"Michelle\" \/>\n\t<meta name=\"twitter:label2\" content=\"Est. tempo de leitura\" \/>\n\t<meta name=\"twitter:data2\" content=\"2 minutos\" \/>\n<script type=\"application\/ld+json\" class=\"yoast-schema-graph\">{\"@context\":\"https:\/\/schema.org\",\"@graph\":[{\"@type\":\"Article\",\"@id\":\"https:\/\/blogs.funiber.org\/pt\/gerontologia\/2018\/07\/22\/funiber-viuvas#article\",\"isPartOf\":{\"@id\":\"https:\/\/blogs.funiber.org\/pt\/gerontologia\/2018\/07\/22\/funiber-viuvas\"},\"author\":{\"name\":\"Michelle\",\"@id\":\"https:\/\/blogs.funiber.org\/pt\/#\/schema\/person\/a1eaaa5e57eac866a8c5946946bcf80d\"},\"headline\":\"Maior parte das vi\u00favas t\u00eam mais de 60 anos\",\"datePublished\":\"2018-07-22T13:02:51+00:00\",\"dateModified\":\"2018-07-20T13:07:04+00:00\",\"mainEntityOfPage\":{\"@id\":\"https:\/\/blogs.funiber.org\/pt\/gerontologia\/2018\/07\/22\/funiber-viuvas\"},\"wordCount\":486,\"publisher\":{\"@id\":\"https:\/\/blogs.funiber.org\/pt\/#organization\"},\"keywords\":[\"Bolsas\",\"Dia Mundial das Vi\u00favas\",\"Educa\u00e7\u00e3o\",\"Envelhecimento\",\"Estudos\",\"Funiber\",\"FUNIBER Opini\u00f5es\",\"gerontologia\",\"Idosos\",\"mestrado\",\"Opini\u00e3o FUNIBER\",\"Opini\u00f5es Funiber\",\"Sa\u00fade\",\"Terceira idade\",\"vi\u00favas\"],\"articleSection\":[\"Gerontologia\"],\"inLanguage\":\"pt-BR\"},{\"@type\":\"WebPage\",\"@id\":\"https:\/\/blogs.funiber.org\/pt\/gerontologia\/2018\/07\/22\/funiber-viuvas\",\"url\":\"https:\/\/blogs.funiber.org\/pt\/gerontologia\/2018\/07\/22\/funiber-viuvas\",\"name\":\"Maior parte das vi\u00favas t\u00eam mais de 60 anos\",\"isPartOf\":{\"@id\":\"https:\/\/blogs.funiber.org\/pt\/#website\"},\"datePublished\":\"2018-07-22T13:02:51+00:00\",\"dateModified\":\"2018-07-20T13:07:04+00:00\",\"description\":\"A ONU\u00a0declarou o dia 23 de junho\u00a0como \u201cDia Internacional das Vi\u00favas\u201d para destacar a aus\u00eancia deste grupo de mulheres em pesquisas, estat\u00edsticas e organiza\u00e7\u00f5es estatais\",\"breadcrumb\":{\"@id\":\"https:\/\/blogs.funiber.org\/pt\/gerontologia\/2018\/07\/22\/funiber-viuvas#breadcrumb\"},\"inLanguage\":\"pt-BR\",\"potentialAction\":[{\"@type\":\"ReadAction\",\"target\":[\"https:\/\/blogs.funiber.org\/pt\/gerontologia\/2018\/07\/22\/funiber-viuvas\"]}]},{\"@type\":\"BreadcrumbList\",\"@id\":\"https:\/\/blogs.funiber.org\/pt\/gerontologia\/2018\/07\/22\/funiber-viuvas#breadcrumb\",\"itemListElement\":[{\"@type\":\"ListItem\",\"position\":1,\"name\":\"In\u00edcio\",\"item\":\"https:\/\/blogs.funiber.org\/pt\"},{\"@type\":\"ListItem\",\"position\":2,\"name\":\"Maior parte das vi\u00favas t\u00eam mais de 60 anos\"}]},{\"@type\":\"WebSite\",\"@id\":\"https:\/\/blogs.funiber.org\/pt\/#website\",\"url\":\"https:\/\/blogs.funiber.org\/pt\/\",\"name\":\"FuniBlogs - FUNIBER\",\"description\":\"\",\"publisher\":{\"@id\":\"https:\/\/blogs.funiber.org\/pt\/#organization\"},\"potentialAction\":[{\"@type\":\"SearchAction\",\"target\":{\"@type\":\"EntryPoint\",\"urlTemplate\":\"https:\/\/blogs.funiber.org\/pt\/?s={search_term_string}\"},\"query-input\":\"required name=search_term_string\"}],\"inLanguage\":\"pt-BR\"},{\"@type\":\"Organization\",\"@id\":\"https:\/\/blogs.funiber.org\/pt\/#organization\",\"name\":\"FuniBlogs - FUNIBER\",\"url\":\"https:\/\/blogs.funiber.org\/pt\/\",\"logo\":{\"@type\":\"ImageObject\",\"inLanguage\":\"pt-BR\",\"@id\":\"https:\/\/blogs.funiber.org\/pt\/#\/schema\/logo\/image\/\",\"url\":\"https:\/\/www.funiber.blog\/pt\/wp-content\/uploads\/2022\/02\/logo-funiber-pt-br-v-dos.svg\",\"contentUrl\":\"https:\/\/www.funiber.blog\/pt\/wp-content\/uploads\/2022\/02\/logo-funiber-pt-br-v-dos.svg\",\"width\":1,\"height\":1,\"caption\":\"FuniBlogs - FUNIBER\"},\"image\":{\"@id\":\"https:\/\/blogs.funiber.org\/pt\/#\/schema\/logo\/image\/\"},\"sameAs\":[\"https:\/\/www.facebook.com\/funiber\",\"https:\/\/twitter.com\/FUNIBER\",\"https:\/\/www.instagram.com\/funiber_becas\",\"https:\/\/www.youtube.com\/user\/funiber\",\"https:\/\/www.linkedin.com\/company\/funiber\"]},{\"@type\":\"Person\",\"@id\":\"https:\/\/blogs.funiber.org\/pt\/#\/schema\/person\/a1eaaa5e57eac866a8c5946946bcf80d\",\"name\":\"Michelle\",\"image\":{\"@type\":\"ImageObject\",\"inLanguage\":\"pt-BR\",\"@id\":\"https:\/\/blogs.funiber.org\/pt\/#\/schema\/person\/image\/\",\"url\":\"https:\/\/secure.gravatar.com\/avatar\/5e87041f7609dc50493cf216754fece1?s=96&d=mm&r=g\",\"contentUrl\":\"https:\/\/secure.gravatar.com\/avatar\/5e87041f7609dc50493cf216754fece1?s=96&d=mm&r=g\",\"caption\":\"Michelle\"},\"url\":\"https:\/\/www.funiber.blog\/pt\/author\/michelle-moreira\"}]}<\/script>\n<!-- \/ Yoast SEO plugin. -->","yoast_head_json":{"title":"Maior parte das vi\u00favas t\u00eam mais de 60 anos","description":"A ONU\u00a0declarou o dia 23 de junho\u00a0como \u201cDia Internacional das Vi\u00favas\u201d para destacar a aus\u00eancia deste grupo de mulheres em pesquisas, estat\u00edsticas e organiza\u00e7\u00f5es estatais","robots":{"index":"index","follow":"follow","max-snippet":"max-snippet:-1","max-image-preview":"max-image-preview:large","max-video-preview":"max-video-preview:-1"},"canonical":"https:\/\/blogs.funiber.org\/pt\/gerontologia\/2018\/07\/22\/funiber-viuvas","og_locale":"pt_BR","og_type":"article","og_title":"Maior parte das vi\u00favas t\u00eam mais de 60 anos","og_description":"A ONU\u00a0declarou o dia 23 de junho\u00a0como \u201cDia Internacional das Vi\u00favas\u201d para destacar a aus\u00eancia deste grupo de mulheres em pesquisas, estat\u00edsticas e organiza\u00e7\u00f5es estatais","og_url":"https:\/\/blogs.funiber.org\/pt\/gerontologia\/2018\/07\/22\/funiber-viuvas","og_site_name":"FuniBlogs - FUNIBER","article_publisher":"https:\/\/www.facebook.com\/funiber","article_published_time":"2018-07-22T13:02:51+00:00","article_modified_time":"2018-07-20T13:07:04+00:00","og_image":[{"width":768,"height":576,"url":"https:\/\/blogs.funiber.org\/pt\/wp-content\/uploads\/2018\/07\/funiber-viuvas.jpg","type":"image\/jpeg"}],"author":"Michelle","twitter_card":"summary_large_image","twitter_creator":"@FUNIBER","twitter_site":"@FUNIBER","twitter_misc":{"Escrito por":"Michelle","Est. tempo de leitura":"2 minutos"},"schema":{"@context":"https:\/\/schema.org","@graph":[{"@type":"Article","@id":"https:\/\/blogs.funiber.org\/pt\/gerontologia\/2018\/07\/22\/funiber-viuvas#article","isPartOf":{"@id":"https:\/\/blogs.funiber.org\/pt\/gerontologia\/2018\/07\/22\/funiber-viuvas"},"author":{"name":"Michelle","@id":"https:\/\/blogs.funiber.org\/pt\/#\/schema\/person\/a1eaaa5e57eac866a8c5946946bcf80d"},"headline":"Maior parte das vi\u00favas t\u00eam mais de 60 anos","datePublished":"2018-07-22T13:02:51+00:00","dateModified":"2018-07-20T13:07:04+00:00","mainEntityOfPage":{"@id":"https:\/\/blogs.funiber.org\/pt\/gerontologia\/2018\/07\/22\/funiber-viuvas"},"wordCount":486,"publisher":{"@id":"https:\/\/blogs.funiber.org\/pt\/#organization"},"keywords":["Bolsas","Dia Mundial das Vi\u00favas","Educa\u00e7\u00e3o","Envelhecimento","Estudos","Funiber","FUNIBER Opini\u00f5es","gerontologia","Idosos","mestrado","Opini\u00e3o FUNIBER","Opini\u00f5es Funiber","Sa\u00fade","Terceira idade","vi\u00favas"],"articleSection":["Gerontologia"],"inLanguage":"pt-BR"},{"@type":"WebPage","@id":"https:\/\/blogs.funiber.org\/pt\/gerontologia\/2018\/07\/22\/funiber-viuvas","url":"https:\/\/blogs.funiber.org\/pt\/gerontologia\/2018\/07\/22\/funiber-viuvas","name":"Maior parte das vi\u00favas t\u00eam mais de 60 anos","isPartOf":{"@id":"https:\/\/blogs.funiber.org\/pt\/#website"},"datePublished":"2018-07-22T13:02:51+00:00","dateModified":"2018-07-20T13:07:04+00:00","description":"A ONU\u00a0declarou o dia 23 de junho\u00a0como \u201cDia Internacional das Vi\u00favas\u201d para destacar a aus\u00eancia deste grupo de mulheres em pesquisas, estat\u00edsticas e organiza\u00e7\u00f5es estatais","breadcrumb":{"@id":"https:\/\/blogs.funiber.org\/pt\/gerontologia\/2018\/07\/22\/funiber-viuvas#breadcrumb"},"inLanguage":"pt-BR","potentialAction":[{"@type":"ReadAction","target":["https:\/\/blogs.funiber.org\/pt\/gerontologia\/2018\/07\/22\/funiber-viuvas"]}]},{"@type":"BreadcrumbList","@id":"https:\/\/blogs.funiber.org\/pt\/gerontologia\/2018\/07\/22\/funiber-viuvas#breadcrumb","itemListElement":[{"@type":"ListItem","position":1,"name":"In\u00edcio","item":"https:\/\/blogs.funiber.org\/pt"},{"@type":"ListItem","position":2,"name":"Maior parte das vi\u00favas t\u00eam mais de 60 anos"}]},{"@type":"WebSite","@id":"https:\/\/blogs.funiber.org\/pt\/#website","url":"https:\/\/blogs.funiber.org\/pt\/","name":"FuniBlogs - FUNIBER","description":"","publisher":{"@id":"https:\/\/blogs.funiber.org\/pt\/#organization"},"potentialAction":[{"@type":"SearchAction","target":{"@type":"EntryPoint","urlTemplate":"https:\/\/blogs.funiber.org\/pt\/?s={search_term_string}"},"query-input":"required name=search_term_string"}],"inLanguage":"pt-BR"},{"@type":"Organization","@id":"https:\/\/blogs.funiber.org\/pt\/#organization","name":"FuniBlogs - FUNIBER","url":"https:\/\/blogs.funiber.org\/pt\/","logo":{"@type":"ImageObject","inLanguage":"pt-BR","@id":"https:\/\/blogs.funiber.org\/pt\/#\/schema\/logo\/image\/","url":"https:\/\/www.funiber.blog\/pt\/wp-content\/uploads\/2022\/02\/logo-funiber-pt-br-v-dos.svg","contentUrl":"https:\/\/www.funiber.blog\/pt\/wp-content\/uploads\/2022\/02\/logo-funiber-pt-br-v-dos.svg","width":1,"height":1,"caption":"FuniBlogs - FUNIBER"},"image":{"@id":"https:\/\/blogs.funiber.org\/pt\/#\/schema\/logo\/image\/"},"sameAs":["https:\/\/www.facebook.com\/funiber","https:\/\/twitter.com\/FUNIBER","https:\/\/www.instagram.com\/funiber_becas","https:\/\/www.youtube.com\/user\/funiber","https:\/\/www.linkedin.com\/company\/funiber"]},{"@type":"Person","@id":"https:\/\/blogs.funiber.org\/pt\/#\/schema\/person\/a1eaaa5e57eac866a8c5946946bcf80d","name":"Michelle","image":{"@type":"ImageObject","inLanguage":"pt-BR","@id":"https:\/\/blogs.funiber.org\/pt\/#\/schema\/person\/image\/","url":"https:\/\/secure.gravatar.com\/avatar\/5e87041f7609dc50493cf216754fece1?s=96&d=mm&r=g","contentUrl":"https:\/\/secure.gravatar.com\/avatar\/5e87041f7609dc50493cf216754fece1?s=96&d=mm&r=g","caption":"Michelle"},"url":"https:\/\/www.funiber.blog\/pt\/author\/michelle-moreira"}]}},"jetpack_featured_media_url":"https:\/\/www.funiber.blog\/pt\/wp-content\/uploads\/2018\/07\/funiber-viuvas.jpg","jetpack_shortlink":"https:\/\/wp.me\/p7ee1t-4j0","jetpack_sharing_enabled":true,"_links":{"self":[{"href":"https:\/\/www.funiber.blog\/pt\/wp-json\/wp\/v2\/posts\/16554"}],"collection":[{"href":"https:\/\/www.funiber.blog\/pt\/wp-json\/wp\/v2\/posts"}],"about":[{"href":"https:\/\/www.funiber.blog\/pt\/wp-json\/wp\/v2\/types\/post"}],"author":[{"embeddable":true,"href":"https:\/\/www.funiber.blog\/pt\/wp-json\/wp\/v2\/users\/10"}],"replies":[{"embeddable":true,"href":"https:\/\/www.funiber.blog\/pt\/wp-json\/wp\/v2\/comments?post=16554"}],"version-history":[{"count":1,"href":"https:\/\/www.funiber.blog\/pt\/wp-json\/wp\/v2\/posts\/16554\/revisions"}],"predecessor-version":[{"id":16556,"href":"https:\/\/www.funiber.blog\/pt\/wp-json\/wp\/v2\/posts\/16554\/revisions\/16556"}],"wp:featuredmedia":[{"embeddable":true,"href":"https:\/\/www.funiber.blog\/pt\/wp-json\/wp\/v2\/media\/16555"}],"wp:attachment":[{"href":"https:\/\/www.funiber.blog\/pt\/wp-json\/wp\/v2\/media?parent=16554"}],"wp:term":[{"taxonomy":"category","embeddable":true,"href":"https:\/\/www.funiber.blog\/pt\/wp-json\/wp\/v2\/categories?post=16554"},{"taxonomy":"post_tag","embeddable":true,"href":"https:\/\/www.funiber.blog\/pt\/wp-json\/wp\/v2\/tags?post=16554"}],"curies":[{"name":"wp","href":"https:\/\/api.w.org\/{rel}","templated":true}]}}