{"id":16609,"date":"2018-07-28T10:33:22","date_gmt":"2018-07-28T10:33:22","guid":{"rendered":"https:\/\/blogs.funiber.org\/pt\/?p=16609"},"modified":"2018-07-27T10:35:50","modified_gmt":"2018-07-27T10:35:50","slug":"funiber-economia-idade","status":"publish","type":"post","link":"https:\/\/www.funiber.blog\/pt\/gerontologia\/2018\/07\/28\/funiber-economia-idade","title":{"rendered":"A situa\u00e7\u00e3o econ\u00f4mica afeta a idade"},"content":{"rendered":"<h2>Um estudo do Instituto de Sa\u00fade P\u00fablica da Universidade do Porto mostra que os idosos que vivem em locais com maior priva\u00e7\u00e3o socioecon\u00f4mica t\u00eam menor probabilidade de atingir idades mais avan\u00e7adas<\/h2>\n<p>O estudo, publicado na revista cient\u00edfica <a href=\"https:\/\/www.springer.com\/public+health\/journal\/38\" target=\"_blank\" rel=\"noopener\">International Journal of Public Health<\/a>, consistia em avaliar a influ\u00eancia das condi\u00e7\u00f5es socioecon\u00f4micas dos lugares de resid\u00eancia (condi\u00e7\u00f5es do lar, a escolaridade, o desemprego, entre outro) na longevidade das pessoas idosas e na probabilidade destas sobreviverem al\u00e9m dos 85 ano em cinco pa\u00edses europeus.<!--more--><\/p>\n<p>Os resultados mostraram que os idosos que vivem em lugares com maior priva\u00e7\u00e3o socioecon\u00f4mica possuem menos probabilidades de alcan\u00e7ar idades mais avan\u00e7adas.<\/p>\n<p>Segundo a pesquisadora <a href=\"https:\/\/www.linkedin.com\/in\/ana-isabel-ribeiro-54035336\/\" target=\"_blank\" rel=\"noopener\">Ana Isabel Ribeiro<\/a>, \u00e9 importante reduzir as desigualdades socioecon\u00f4micas existentes no territ\u00f3rio europeu para conseguir aumentar a longevidade da popula\u00e7\u00e3o com mais idade. &#8220;A elimina\u00e7\u00e3o das diferen\u00e7as socioecon\u00f4micas entre os locais aumentaria a probabilidade de sobreviv\u00eancia em 7,1%&#8221;. E se s\u00f3 atenu\u00e1ssemos, ter\u00edamos um aumento quase 1,6% na probabilidade de sobreviv\u00eancia, acrescentou.<\/p>\n<p><strong>O caso da Col\u00f4mbia<\/strong><\/p>\n<p>Por outro lado, o estudo &#8220;<a href=\"https:\/\/saldarriagaconcha.org\/mce\/\" target=\"_blank\" rel=\"noopener\">Misi\u00f3n Clombia envejece<\/a>&#8221; realizado pela <a href=\"http:\/\/www.saldarriagaconcha.org\/es\/\" target=\"_blank\" rel=\"noopener\">Fundaci\u00f3n Saldarriaga Concha<\/a> e pela <a href=\"https:\/\/www.fedesarrollo.org.co\/\">FEDESARROLLO<\/a>, mostrou que, na Col\u00f4mbia, a rela\u00e7\u00e3o entre a taxa de pobreza no total nacional e o que corresponde aos maiores de 65 anos \u00e9 o dobro da diferen\u00e7a.\u00a0 Ou seja, a taxa de pobreza nacional \u00e9 de 19,5%, enquanto que a pobreza em pessoas maiores de 65 anos \u00e9 de 44%.<\/p>\n<p>\u00c9 indispens\u00e1vel que, em cada pa\u00eds, seja garantido a melhor qualidade de vida neste setor da popula\u00e7\u00e3o e, por isto, o <a href=\"http:\/\/www.funiber.org.br\/mestrado-em-gerontologia\" target=\"_blank\" rel=\"noopener\">Mestrado em Gerontologia<\/a> patrocinado pela <a href=\"http:\/\/www.funiber.org.br\/\" target=\"_blank\" rel=\"noopener\">FUNIBER<\/a> \u00e9 uma op\u00e7\u00e3o de forma\u00e7\u00e3o ideal para aquelas pessoas que desejam ampliar seus conhecimentos nas \u00e1reas de aten\u00e7\u00e3o social, cultural e jur\u00eddica dos idosos.<\/p>\n<p>Fonte: <a href=\"https:\/\/www.publico.pt\/2018\/04\/12\/sociedade\/noticia\/portugal-com-menor-probabilidade-de-sobrevivencia-de-idosos-para-alem-dos-85-anos-1810076\" target=\"_blank\" rel=\"noopener\">Portugal con menos probabilidades de supervivencia m\u00e1s all\u00e1 de 85 a\u00f1os de edad avanzada<\/a><\/p>\n<p>Foto: Todos os direitos reservados.<\/p>\n","protected":false},"excerpt":{"rendered":"<p>Um estudo do Instituto de Sa\u00fade P\u00fablica da Universidade do Porto mostra que os idosos que vivem em locais com maior priva\u00e7\u00e3o socioecon\u00f4mica t\u00eam menor probabilidade de atingir idades mais avan\u00e7adas O estudo, publicado na revista cient\u00edfica International Journal of Public Health, consistia em avaliar a influ\u00eancia das condi\u00e7\u00f5es socioecon\u00f4micas dos lugares de resid\u00eancia (condi\u00e7\u00f5es [&hellip;]<\/p>\n","protected":false},"author":10,"featured_media":16611,"comment_status":"closed","ping_status":"closed","sticky":false,"template":"","format":"standard","meta":{"jetpack_post_was_ever_published":false,"_jetpack_newsletter_access":"","_jetpack_newsletter_tier_id":0,"footnotes":"","jetpack_publicize_message":"","jetpack_is_tweetstorm":false,"jetpack_publicize_feature_enabled":true,"jetpack_social_post_already_shared":true,"jetpack_social_options":{"image_generator_settings":{"template":"highway","enabled":false}}},"categories":[1],"tags":[1242,855,114,285,408,100,119,248,911,739,505,267,671,255,113,4083,217],"jetpack_publicize_connections":[],"yoast_head":"<!-- This site is optimized with the Yoast SEO plugin v21.7 - https:\/\/yoast.com\/wordpress\/plugins\/seo\/ -->\n<title>A situa\u00e7\u00e3o econ\u00f4mica afeta a idade<\/title>\n<meta name=\"description\" content=\"Um estudo do Instituto de Sa\u00fade P\u00fablica da Universidade do Porto mostra que os idosos que vivem em locais com maior priva\u00e7\u00e3o socioecon\u00f4mica t\u00eam menor probabilidade de atingir idades mais avan\u00e7adas\" \/>\n<meta name=\"robots\" content=\"index, follow, max-snippet:-1, max-image-preview:large, max-video-preview:-1\" \/>\n<link rel=\"canonical\" href=\"https:\/\/blogs.funiber.org\/pt\/gerontologia\/2018\/07\/28\/funiber-economia-idade\" \/>\n<meta property=\"og:locale\" content=\"pt_BR\" \/>\n<meta property=\"og:type\" content=\"article\" \/>\n<meta property=\"og:title\" content=\"A situa\u00e7\u00e3o econ\u00f4mica afeta a idade\" \/>\n<meta property=\"og:description\" content=\"Um estudo do Instituto de Sa\u00fade P\u00fablica da Universidade do Porto mostra que os idosos que vivem em locais com maior priva\u00e7\u00e3o socioecon\u00f4mica t\u00eam menor probabilidade de atingir idades mais avan\u00e7adas\" \/>\n<meta property=\"og:url\" content=\"https:\/\/blogs.funiber.org\/pt\/gerontologia\/2018\/07\/28\/funiber-economia-idade\" \/>\n<meta property=\"og:site_name\" content=\"FuniBlogs - FUNIBER\" \/>\n<meta property=\"article:publisher\" content=\"https:\/\/www.facebook.com\/funiber\" \/>\n<meta property=\"article:published_time\" content=\"2018-07-28T10:33:22+00:00\" \/>\n<meta property=\"article:modified_time\" content=\"2018-07-27T10:35:50+00:00\" \/>\n<meta property=\"og:image\" content=\"https:\/\/blogs.funiber.org\/pt\/wp-content\/uploads\/2018\/07\/funiber-economia-idosos.jpg\" \/>\n\t<meta property=\"og:image:width\" content=\"768\" \/>\n\t<meta property=\"og:image:height\" content=\"576\" \/>\n\t<meta property=\"og:image:type\" content=\"image\/jpeg\" \/>\n<meta name=\"author\" content=\"Michelle\" \/>\n<meta name=\"twitter:card\" content=\"summary_large_image\" \/>\n<meta name=\"twitter:creator\" content=\"@FUNIBER\" \/>\n<meta name=\"twitter:site\" content=\"@FUNIBER\" \/>\n<meta name=\"twitter:label1\" content=\"Escrito por\" \/>\n\t<meta name=\"twitter:data1\" content=\"Michelle\" \/>\n\t<meta name=\"twitter:label2\" content=\"Est. tempo de leitura\" \/>\n\t<meta name=\"twitter:data2\" content=\"2 minutos\" \/>\n<script type=\"application\/ld+json\" class=\"yoast-schema-graph\">{\"@context\":\"https:\/\/schema.org\",\"@graph\":[{\"@type\":\"Article\",\"@id\":\"https:\/\/blogs.funiber.org\/pt\/gerontologia\/2018\/07\/28\/funiber-economia-idade#article\",\"isPartOf\":{\"@id\":\"https:\/\/blogs.funiber.org\/pt\/gerontologia\/2018\/07\/28\/funiber-economia-idade\"},\"author\":{\"name\":\"Michelle\",\"@id\":\"https:\/\/blogs.funiber.org\/pt\/#\/schema\/person\/a1eaaa5e57eac866a8c5946946bcf80d\"},\"headline\":\"A situa\u00e7\u00e3o econ\u00f4mica afeta a idade\",\"datePublished\":\"2018-07-28T10:33:22+00:00\",\"dateModified\":\"2018-07-27T10:35:50+00:00\",\"mainEntityOfPage\":{\"@id\":\"https:\/\/blogs.funiber.org\/pt\/gerontologia\/2018\/07\/28\/funiber-economia-idade\"},\"wordCount\":337,\"publisher\":{\"@id\":\"https:\/\/blogs.funiber.org\/pt\/#organization\"},\"keywords\":[\"Bolsas\",\"Doutorado\",\"Economia\",\"Educa\u00e7\u00e3o\",\"Educa\u00e7\u00e3o a Dist\u00e2ncia\",\"Envelhecimento\",\"Estudos\",\"Funiber\",\"FUNIBER Opini\u00f5es\",\"gerontologia\",\"Idade\",\"Idosos\",\"mestrado\",\"Opini\u00f5es Funiber\",\"Sa\u00fade\",\"situa\u00e7\u00e3o econ\u00f4mica\",\"Terceira idade\"],\"articleSection\":[\"Gerontologia\"],\"inLanguage\":\"pt-BR\"},{\"@type\":\"WebPage\",\"@id\":\"https:\/\/blogs.funiber.org\/pt\/gerontologia\/2018\/07\/28\/funiber-economia-idade\",\"url\":\"https:\/\/blogs.funiber.org\/pt\/gerontologia\/2018\/07\/28\/funiber-economia-idade\",\"name\":\"A situa\u00e7\u00e3o econ\u00f4mica afeta a idade\",\"isPartOf\":{\"@id\":\"https:\/\/blogs.funiber.org\/pt\/#website\"},\"datePublished\":\"2018-07-28T10:33:22+00:00\",\"dateModified\":\"2018-07-27T10:35:50+00:00\",\"description\":\"Um estudo do Instituto de Sa\u00fade P\u00fablica da Universidade do Porto mostra que os idosos que vivem em locais com maior priva\u00e7\u00e3o socioecon\u00f4mica t\u00eam menor probabilidade de atingir idades mais avan\u00e7adas\",\"breadcrumb\":{\"@id\":\"https:\/\/blogs.funiber.org\/pt\/gerontologia\/2018\/07\/28\/funiber-economia-idade#breadcrumb\"},\"inLanguage\":\"pt-BR\",\"potentialAction\":[{\"@type\":\"ReadAction\",\"target\":[\"https:\/\/blogs.funiber.org\/pt\/gerontologia\/2018\/07\/28\/funiber-economia-idade\"]}]},{\"@type\":\"BreadcrumbList\",\"@id\":\"https:\/\/blogs.funiber.org\/pt\/gerontologia\/2018\/07\/28\/funiber-economia-idade#breadcrumb\",\"itemListElement\":[{\"@type\":\"ListItem\",\"position\":1,\"name\":\"In\u00edcio\",\"item\":\"https:\/\/blogs.funiber.org\/pt\"},{\"@type\":\"ListItem\",\"position\":2,\"name\":\"A situa\u00e7\u00e3o econ\u00f4mica afeta a idade\"}]},{\"@type\":\"WebSite\",\"@id\":\"https:\/\/blogs.funiber.org\/pt\/#website\",\"url\":\"https:\/\/blogs.funiber.org\/pt\/\",\"name\":\"FuniBlogs - FUNIBER\",\"description\":\"\",\"publisher\":{\"@id\":\"https:\/\/blogs.funiber.org\/pt\/#organization\"},\"potentialAction\":[{\"@type\":\"SearchAction\",\"target\":{\"@type\":\"EntryPoint\",\"urlTemplate\":\"https:\/\/blogs.funiber.org\/pt\/?s={search_term_string}\"},\"query-input\":\"required name=search_term_string\"}],\"inLanguage\":\"pt-BR\"},{\"@type\":\"Organization\",\"@id\":\"https:\/\/blogs.funiber.org\/pt\/#organization\",\"name\":\"FuniBlogs - FUNIBER\",\"url\":\"https:\/\/blogs.funiber.org\/pt\/\",\"logo\":{\"@type\":\"ImageObject\",\"inLanguage\":\"pt-BR\",\"@id\":\"https:\/\/blogs.funiber.org\/pt\/#\/schema\/logo\/image\/\",\"url\":\"https:\/\/www.funiber.blog\/pt\/wp-content\/uploads\/2022\/02\/logo-funiber-pt-br-v-dos.svg\",\"contentUrl\":\"https:\/\/www.funiber.blog\/pt\/wp-content\/uploads\/2022\/02\/logo-funiber-pt-br-v-dos.svg\",\"width\":1,\"height\":1,\"caption\":\"FuniBlogs - FUNIBER\"},\"image\":{\"@id\":\"https:\/\/blogs.funiber.org\/pt\/#\/schema\/logo\/image\/\"},\"sameAs\":[\"https:\/\/www.facebook.com\/funiber\",\"https:\/\/twitter.com\/FUNIBER\",\"https:\/\/www.instagram.com\/funiber_becas\",\"https:\/\/www.youtube.com\/user\/funiber\",\"https:\/\/www.linkedin.com\/company\/funiber\"]},{\"@type\":\"Person\",\"@id\":\"https:\/\/blogs.funiber.org\/pt\/#\/schema\/person\/a1eaaa5e57eac866a8c5946946bcf80d\",\"name\":\"Michelle\",\"image\":{\"@type\":\"ImageObject\",\"inLanguage\":\"pt-BR\",\"@id\":\"https:\/\/blogs.funiber.org\/pt\/#\/schema\/person\/image\/\",\"url\":\"https:\/\/secure.gravatar.com\/avatar\/5e87041f7609dc50493cf216754fece1?s=96&d=mm&r=g\",\"contentUrl\":\"https:\/\/secure.gravatar.com\/avatar\/5e87041f7609dc50493cf216754fece1?s=96&d=mm&r=g\",\"caption\":\"Michelle\"},\"url\":\"https:\/\/www.funiber.blog\/pt\/author\/michelle-moreira\"}]}<\/script>\n<!-- \/ Yoast SEO plugin. -->","yoast_head_json":{"title":"A situa\u00e7\u00e3o econ\u00f4mica afeta a idade","description":"Um estudo do Instituto de Sa\u00fade P\u00fablica da Universidade do Porto mostra que os idosos que vivem em locais com maior priva\u00e7\u00e3o socioecon\u00f4mica t\u00eam menor probabilidade de atingir idades mais avan\u00e7adas","robots":{"index":"index","follow":"follow","max-snippet":"max-snippet:-1","max-image-preview":"max-image-preview:large","max-video-preview":"max-video-preview:-1"},"canonical":"https:\/\/blogs.funiber.org\/pt\/gerontologia\/2018\/07\/28\/funiber-economia-idade","og_locale":"pt_BR","og_type":"article","og_title":"A situa\u00e7\u00e3o econ\u00f4mica afeta a idade","og_description":"Um estudo do Instituto de Sa\u00fade P\u00fablica da Universidade do Porto mostra que os idosos que vivem em locais com maior priva\u00e7\u00e3o socioecon\u00f4mica t\u00eam menor probabilidade de atingir idades mais avan\u00e7adas","og_url":"https:\/\/blogs.funiber.org\/pt\/gerontologia\/2018\/07\/28\/funiber-economia-idade","og_site_name":"FuniBlogs - FUNIBER","article_publisher":"https:\/\/www.facebook.com\/funiber","article_published_time":"2018-07-28T10:33:22+00:00","article_modified_time":"2018-07-27T10:35:50+00:00","og_image":[{"width":768,"height":576,"url":"https:\/\/blogs.funiber.org\/pt\/wp-content\/uploads\/2018\/07\/funiber-economia-idosos.jpg","type":"image\/jpeg"}],"author":"Michelle","twitter_card":"summary_large_image","twitter_creator":"@FUNIBER","twitter_site":"@FUNIBER","twitter_misc":{"Escrito por":"Michelle","Est. tempo de leitura":"2 minutos"},"schema":{"@context":"https:\/\/schema.org","@graph":[{"@type":"Article","@id":"https:\/\/blogs.funiber.org\/pt\/gerontologia\/2018\/07\/28\/funiber-economia-idade#article","isPartOf":{"@id":"https:\/\/blogs.funiber.org\/pt\/gerontologia\/2018\/07\/28\/funiber-economia-idade"},"author":{"name":"Michelle","@id":"https:\/\/blogs.funiber.org\/pt\/#\/schema\/person\/a1eaaa5e57eac866a8c5946946bcf80d"},"headline":"A situa\u00e7\u00e3o econ\u00f4mica afeta a idade","datePublished":"2018-07-28T10:33:22+00:00","dateModified":"2018-07-27T10:35:50+00:00","mainEntityOfPage":{"@id":"https:\/\/blogs.funiber.org\/pt\/gerontologia\/2018\/07\/28\/funiber-economia-idade"},"wordCount":337,"publisher":{"@id":"https:\/\/blogs.funiber.org\/pt\/#organization"},"keywords":["Bolsas","Doutorado","Economia","Educa\u00e7\u00e3o","Educa\u00e7\u00e3o a Dist\u00e2ncia","Envelhecimento","Estudos","Funiber","FUNIBER Opini\u00f5es","gerontologia","Idade","Idosos","mestrado","Opini\u00f5es Funiber","Sa\u00fade","situa\u00e7\u00e3o econ\u00f4mica","Terceira idade"],"articleSection":["Gerontologia"],"inLanguage":"pt-BR"},{"@type":"WebPage","@id":"https:\/\/blogs.funiber.org\/pt\/gerontologia\/2018\/07\/28\/funiber-economia-idade","url":"https:\/\/blogs.funiber.org\/pt\/gerontologia\/2018\/07\/28\/funiber-economia-idade","name":"A situa\u00e7\u00e3o econ\u00f4mica afeta a idade","isPartOf":{"@id":"https:\/\/blogs.funiber.org\/pt\/#website"},"datePublished":"2018-07-28T10:33:22+00:00","dateModified":"2018-07-27T10:35:50+00:00","description":"Um estudo do Instituto de Sa\u00fade P\u00fablica da Universidade do Porto mostra que os idosos que vivem em locais com maior priva\u00e7\u00e3o socioecon\u00f4mica t\u00eam menor probabilidade de atingir idades mais avan\u00e7adas","breadcrumb":{"@id":"https:\/\/blogs.funiber.org\/pt\/gerontologia\/2018\/07\/28\/funiber-economia-idade#breadcrumb"},"inLanguage":"pt-BR","potentialAction":[{"@type":"ReadAction","target":["https:\/\/blogs.funiber.org\/pt\/gerontologia\/2018\/07\/28\/funiber-economia-idade"]}]},{"@type":"BreadcrumbList","@id":"https:\/\/blogs.funiber.org\/pt\/gerontologia\/2018\/07\/28\/funiber-economia-idade#breadcrumb","itemListElement":[{"@type":"ListItem","position":1,"name":"In\u00edcio","item":"https:\/\/blogs.funiber.org\/pt"},{"@type":"ListItem","position":2,"name":"A situa\u00e7\u00e3o econ\u00f4mica afeta a idade"}]},{"@type":"WebSite","@id":"https:\/\/blogs.funiber.org\/pt\/#website","url":"https:\/\/blogs.funiber.org\/pt\/","name":"FuniBlogs - FUNIBER","description":"","publisher":{"@id":"https:\/\/blogs.funiber.org\/pt\/#organization"},"potentialAction":[{"@type":"SearchAction","target":{"@type":"EntryPoint","urlTemplate":"https:\/\/blogs.funiber.org\/pt\/?s={search_term_string}"},"query-input":"required name=search_term_string"}],"inLanguage":"pt-BR"},{"@type":"Organization","@id":"https:\/\/blogs.funiber.org\/pt\/#organization","name":"FuniBlogs - FUNIBER","url":"https:\/\/blogs.funiber.org\/pt\/","logo":{"@type":"ImageObject","inLanguage":"pt-BR","@id":"https:\/\/blogs.funiber.org\/pt\/#\/schema\/logo\/image\/","url":"https:\/\/www.funiber.blog\/pt\/wp-content\/uploads\/2022\/02\/logo-funiber-pt-br-v-dos.svg","contentUrl":"https:\/\/www.funiber.blog\/pt\/wp-content\/uploads\/2022\/02\/logo-funiber-pt-br-v-dos.svg","width":1,"height":1,"caption":"FuniBlogs - FUNIBER"},"image":{"@id":"https:\/\/blogs.funiber.org\/pt\/#\/schema\/logo\/image\/"},"sameAs":["https:\/\/www.facebook.com\/funiber","https:\/\/twitter.com\/FUNIBER","https:\/\/www.instagram.com\/funiber_becas","https:\/\/www.youtube.com\/user\/funiber","https:\/\/www.linkedin.com\/company\/funiber"]},{"@type":"Person","@id":"https:\/\/blogs.funiber.org\/pt\/#\/schema\/person\/a1eaaa5e57eac866a8c5946946bcf80d","name":"Michelle","image":{"@type":"ImageObject","inLanguage":"pt-BR","@id":"https:\/\/blogs.funiber.org\/pt\/#\/schema\/person\/image\/","url":"https:\/\/secure.gravatar.com\/avatar\/5e87041f7609dc50493cf216754fece1?s=96&d=mm&r=g","contentUrl":"https:\/\/secure.gravatar.com\/avatar\/5e87041f7609dc50493cf216754fece1?s=96&d=mm&r=g","caption":"Michelle"},"url":"https:\/\/www.funiber.blog\/pt\/author\/michelle-moreira"}]}},"jetpack_featured_media_url":"https:\/\/www.funiber.blog\/pt\/wp-content\/uploads\/2018\/07\/funiber-economia-idosos.jpg","jetpack_shortlink":"https:\/\/wp.me\/p7ee1t-4jT","jetpack_sharing_enabled":true,"_links":{"self":[{"href":"https:\/\/www.funiber.blog\/pt\/wp-json\/wp\/v2\/posts\/16609"}],"collection":[{"href":"https:\/\/www.funiber.blog\/pt\/wp-json\/wp\/v2\/posts"}],"about":[{"href":"https:\/\/www.funiber.blog\/pt\/wp-json\/wp\/v2\/types\/post"}],"author":[{"embeddable":true,"href":"https:\/\/www.funiber.blog\/pt\/wp-json\/wp\/v2\/users\/10"}],"replies":[{"embeddable":true,"href":"https:\/\/www.funiber.blog\/pt\/wp-json\/wp\/v2\/comments?post=16609"}],"version-history":[{"count":1,"href":"https:\/\/www.funiber.blog\/pt\/wp-json\/wp\/v2\/posts\/16609\/revisions"}],"predecessor-version":[{"id":16610,"href":"https:\/\/www.funiber.blog\/pt\/wp-json\/wp\/v2\/posts\/16609\/revisions\/16610"}],"wp:featuredmedia":[{"embeddable":true,"href":"https:\/\/www.funiber.blog\/pt\/wp-json\/wp\/v2\/media\/16611"}],"wp:attachment":[{"href":"https:\/\/www.funiber.blog\/pt\/wp-json\/wp\/v2\/media?parent=16609"}],"wp:term":[{"taxonomy":"category","embeddable":true,"href":"https:\/\/www.funiber.blog\/pt\/wp-json\/wp\/v2\/categories?post=16609"},{"taxonomy":"post_tag","embeddable":true,"href":"https:\/\/www.funiber.blog\/pt\/wp-json\/wp\/v2\/tags?post=16609"}],"curies":[{"name":"wp","href":"https:\/\/api.w.org\/{rel}","templated":true}]}}